{"id":49859,"date":"2023-11-02T14:09:14","date_gmt":"2023-11-02T17:09:14","guid":{"rendered":"https:\/\/portalnpm.com\/?p=49859"},"modified":"2023-11-02T14:09:14","modified_gmt":"2023-11-02T17:09:14","slug":"final-da-ii-copa-amvi-acontece-neste-sabado-04-em-jacobina-com-jogo-festivo-e-shows-confira-a-programacao","status":"publish","type":"post","link":"https:\/\/portalnpm.com\/index.php\/2023\/11\/02\/final-da-ii-copa-amvi-acontece-neste-sabado-04-em-jacobina-com-jogo-festivo-e-shows-confira-a-programacao\/","title":{"rendered":"Final da II Copa AMVI acontece neste s\u00e1bado (04) em Jacobina, com jogo festivo e shows; confira a programa\u00e7\u00e3o!"},"content":{"rendered":"<p style=\"text-align: justify;\">No pr\u00f3ximo s\u00e1bado, dia 4 de novembro, a cidade de Jacobina do Piau\u00ed ser\u00e1 o palco da grande final da II Copa AMVI \u2014 Associa\u00e7\u00e3o dos Munic\u00edpios do Vale do Itaim. A maior competi\u00e7\u00e3o regional de futebol amador chega ao seu cl\u00edmax com a disputa do t\u00edtulo entre as sele\u00e7\u00f5es de Caridade do Piau\u00ed, atual campe\u00e3, e Paulistana, a vice-campe\u00e3 da \u00faltima edi\u00e7\u00e3o.<\/p>\n<p style=\"text-align: justify;\">\n<p style=\"text-align: justify;\">O evento promete ser um espet\u00e1culo esportivo e cultural, conforme o presidente da Associa\u00e7\u00e3o de Munic\u00edpios do Vale do Itaim e prefeito de Jacobina do Piau\u00ed, Gederl\u00e2ndio Rodrigues, o GD, como \u00e9 popularmente conhecido.<\/p>\n<p style=\"text-align: justify;\"><img decoding=\"async\" class=\" lazyloaded\" src=\"https:\/\/infonewss.com\/wp-content\/uploads\/2022\/06\/Jacobina-vence-Massape-por-1-%C3%97-0-no-primeiro-jogo-das-quartas-de-finais-IMG_1588.jpg\" alt=\"Jacobina vence Massap\u00ea por 2 \u00d7 1 no primeiro jogo das quartas de finais da  Copa AMVI - Info Newss\" data-src=\"https:\/\/infonewss.com\/wp-content\/uploads\/2022\/06\/Jacobina-vence-Massape-por-1-%C3%97-0-no-primeiro-jogo-das-quartas-de-finais-IMG_1588.jpg\" \/><\/p>\n<p style=\"text-align: justify;\">Segundo GD, a programa\u00e7\u00e3o da grande final est\u00e1 repleta de atividades para os amantes do futebol e da cultura local. As festividades ter\u00e3o in\u00edcio \u00e0s 15h, e 15h15min, com o jogo que definir\u00e1 o terceiro lugar na competi\u00e7\u00e3o, trazendo emo\u00e7\u00f5es adicionais para as sele\u00e7\u00f5es de Marcol\u00e2ndia e Acau\u00e3.<\/p>\n<div id=\"gallery-1\" class=\"gallery galleryid-447113 gallery-columns-2 gallery-size-medium\" style=\"text-align: justify;\">\n<figure class=\"gallery-item\">\n<div class=\"gallery-icon landscape\"><a href=\"https:\/\/infonewss.com\/wp-content\/uploads\/2023\/07\/Marcolandia-%E2%80%94-PI-vence-Caldeirao-Grande-em-emocionante-partida-fora-de-casa-pela-II-Copa-AMVI-IMG_3823.jpg\"><img fetchpriority=\"high\" decoding=\"async\" class=\"attachment-medium size-medium lazyloaded\" src=\"https:\/\/infonewss.com\/wp-content\/uploads\/2023\/07\/Marcolandia-%E2%80%94-PI-vence-Caldeirao-Grande-em-emocionante-partida-fora-de-casa-pela-II-Copa-AMVI-IMG_3823-300x200.jpg\" sizes=\"(max-width: 300px) 100vw, 300px\" srcset=\"https:\/\/infonewss.com\/wp-content\/uploads\/2023\/07\/Marcolandia-\u2014-PI-vence-Caldeirao-Grande-em-emocionante-partida-fora-de-casa-pela-II-Copa-AMVI-IMG_3823-300x200.jpg 300w, https:\/\/infonewss.com\/wp-content\/uploads\/2023\/07\/Marcolandia-\u2014-PI-vence-Caldeirao-Grande-em-emocionante-partida-fora-de-casa-pela-II-Copa-AMVI-IMG_3823-768x512.jpg 768w, https:\/\/infonewss.com\/wp-content\/uploads\/2023\/07\/Marcolandia-\u2014-PI-vence-Caldeirao-Grande-em-emocionante-partida-fora-de-casa-pela-II-Copa-AMVI-IMG_3823-150x100.jpg 150w, https:\/\/infonewss.com\/wp-content\/uploads\/2023\/07\/Marcolandia-\u2014-PI-vence-Caldeirao-Grande-em-emocionante-partida-fora-de-casa-pela-II-Copa-AMVI-IMG_3823-696x464.jpg 696w, https:\/\/infonewss.com\/wp-content\/uploads\/2023\/07\/Marcolandia-\u2014-PI-vence-Caldeirao-Grande-em-emocionante-partida-fora-de-casa-pela-II-Copa-AMVI-IMG_3823.jpg 900w\" alt=\"\" width=\"300\" height=\"200\" data-srcset=\"https:\/\/infonewss.com\/wp-content\/uploads\/2023\/07\/Marcolandia-\u2014-PI-vence-Caldeirao-Grande-em-emocionante-partida-fora-de-casa-pela-II-Copa-AMVI-IMG_3823-300x200.jpg 300w, https:\/\/infonewss.com\/wp-content\/uploads\/2023\/07\/Marcolandia-\u2014-PI-vence-Caldeirao-Grande-em-emocionante-partida-fora-de-casa-pela-II-Copa-AMVI-IMG_3823-768x512.jpg 768w, https:\/\/infonewss.com\/wp-content\/uploads\/2023\/07\/Marcolandia-\u2014-PI-vence-Caldeirao-Grande-em-emocionante-partida-fora-de-casa-pela-II-Copa-AMVI-IMG_3823-150x100.jpg 150w, https:\/\/infonewss.com\/wp-content\/uploads\/2023\/07\/Marcolandia-\u2014-PI-vence-Caldeirao-Grande-em-emocionante-partida-fora-de-casa-pela-II-Copa-AMVI-IMG_3823-696x464.jpg 696w, https:\/\/infonewss.com\/wp-content\/uploads\/2023\/07\/Marcolandia-\u2014-PI-vence-Caldeirao-Grande-em-emocionante-partida-fora-de-casa-pela-II-Copa-AMVI-IMG_3823.jpg 900w\" data-src=\"https:\/\/infonewss.com\/wp-content\/uploads\/2023\/07\/Marcolandia-\u2014-PI-vence-Caldeirao-Grande-em-emocionante-partida-fora-de-casa-pela-II-Copa-AMVI-IMG_3823-300x200.jpg\" data-sizes=\"(max-width: 300px) 100vw, 300px\" \/><\/a><\/div>\n<\/figure>\n<figure class=\"gallery-item\">\n<div class=\"gallery-icon landscape\"><a href=\"https:\/\/infonewss.com\/wp-content\/uploads\/2023\/10\/Padre-Marcos-vence-Acaua-por-3-%C3%97-1-em-segundo-jogo-das-quartas-de-finais-da-II-Copa-AMVI-mas-fica-fora-da-proxima-fase-IMG_4798.jpg\"><img decoding=\"async\" class=\"attachment-medium size-medium lazyloaded\" src=\"https:\/\/infonewss.com\/wp-content\/uploads\/2023\/10\/Padre-Marcos-vence-Acaua-por-3-%C3%97-1-em-segundo-jogo-das-quartas-de-finais-da-II-Copa-AMVI-mas-fica-fora-da-proxima-fase-IMG_4798-300x200.jpg\" sizes=\"(max-width: 300px) 100vw, 300px\" srcset=\"https:\/\/infonewss.com\/wp-content\/uploads\/2023\/10\/Padre-Marcos-vence-Acaua-por-3-\u00d7-1-em-segundo-jogo-das-quartas-de-finais-da-II-Copa-AMVI-mas-fica-fora-da-proxima-fase-IMG_4798-300x200.jpg 300w, https:\/\/infonewss.com\/wp-content\/uploads\/2023\/10\/Padre-Marcos-vence-Acaua-por-3-\u00d7-1-em-segundo-jogo-das-quartas-de-finais-da-II-Copa-AMVI-mas-fica-fora-da-proxima-fase-IMG_4798-768x512.jpg 768w, https:\/\/infonewss.com\/wp-content\/uploads\/2023\/10\/Padre-Marcos-vence-Acaua-por-3-\u00d7-1-em-segundo-jogo-das-quartas-de-finais-da-II-Copa-AMVI-mas-fica-fora-da-proxima-fase-IMG_4798-150x100.jpg 150w, https:\/\/infonewss.com\/wp-content\/uploads\/2023\/10\/Padre-Marcos-vence-Acaua-por-3-\u00d7-1-em-segundo-jogo-das-quartas-de-finais-da-II-Copa-AMVI-mas-fica-fora-da-proxima-fase-IMG_4798-696x464.jpg 696w, https:\/\/infonewss.com\/wp-content\/uploads\/2023\/10\/Padre-Marcos-vence-Acaua-por-3-\u00d7-1-em-segundo-jogo-das-quartas-de-finais-da-II-Copa-AMVI-mas-fica-fora-da-proxima-fase-IMG_4798.jpg 900w\" alt=\"\" width=\"300\" height=\"200\" data-srcset=\"https:\/\/infonewss.com\/wp-content\/uploads\/2023\/10\/Padre-Marcos-vence-Acaua-por-3-\u00d7-1-em-segundo-jogo-das-quartas-de-finais-da-II-Copa-AMVI-mas-fica-fora-da-proxima-fase-IMG_4798-300x200.jpg 300w, https:\/\/infonewss.com\/wp-content\/uploads\/2023\/10\/Padre-Marcos-vence-Acaua-por-3-\u00d7-1-em-segundo-jogo-das-quartas-de-finais-da-II-Copa-AMVI-mas-fica-fora-da-proxima-fase-IMG_4798-768x512.jpg 768w, https:\/\/infonewss.com\/wp-content\/uploads\/2023\/10\/Padre-Marcos-vence-Acaua-por-3-\u00d7-1-em-segundo-jogo-das-quartas-de-finais-da-II-Copa-AMVI-mas-fica-fora-da-proxima-fase-IMG_4798-150x100.jpg 150w, https:\/\/infonewss.com\/wp-content\/uploads\/2023\/10\/Padre-Marcos-vence-Acaua-por-3-\u00d7-1-em-segundo-jogo-das-quartas-de-finais-da-II-Copa-AMVI-mas-fica-fora-da-proxima-fase-IMG_4798-696x464.jpg 696w, https:\/\/infonewss.com\/wp-content\/uploads\/2023\/10\/Padre-Marcos-vence-Acaua-por-3-\u00d7-1-em-segundo-jogo-das-quartas-de-finais-da-II-Copa-AMVI-mas-fica-fora-da-proxima-fase-IMG_4798.jpg 900w\" data-src=\"https:\/\/infonewss.com\/wp-content\/uploads\/2023\/10\/Padre-Marcos-vence-Acaua-por-3-\u00d7-1-em-segundo-jogo-das-quartas-de-finais-da-II-Copa-AMVI-mas-fica-fora-da-proxima-fase-IMG_4798-300x200.jpg\" data-sizes=\"(max-width: 300px) 100vw, 300px\" \/><\/a><\/div>\n<\/figure>\n<\/div>\n<p style=\"text-align: justify;\">Em seguida, \u00e0s 17h, est\u00e1 agendada uma partida de confraterniza\u00e7\u00e3o entre os times das Associa\u00e7\u00f5es do Vale do Itaim e M\u00e9dio Parna\u00edba (AMPAR), proporcionando um momento de uni\u00e3o entre os dois territ\u00f3rios.<\/p>\n<p style=\"text-align: justify;\">\u00c0s 18h30min, a solenidade da grande final tomar\u00e1 o centro da Pra\u00e7a Esportiva, antecedendo a partida decisiva entre as sele\u00e7\u00f5es de Caridade do Piau\u00ed e Paulistana, prometendo um embate de alto n\u00edvel para coroar o novo campe\u00e3o da competi\u00e7\u00e3o.<\/p>\n<div id=\"gallery-2\" class=\"gallery galleryid-447113 gallery-columns-2 gallery-size-medium\" style=\"text-align: justify;\">\n<figure class=\"gallery-item\">\n<div class=\"gallery-icon landscape\"><a href=\"https:\/\/infonewss.com\/wp-content\/uploads\/2023\/11\/Selecao-Marcolandia-Caridade-vence-Marcolandia-e-esta-na-grande-final-da-II-Copa-AMVI-DSC_0069.jpg\"><img decoding=\"async\" class=\"attachment-medium size-medium lazyloaded\" src=\"https:\/\/infonewss.com\/wp-content\/uploads\/2023\/11\/Selecao-Marcolandia-Caridade-vence-Marcolandia-e-esta-na-grande-final-da-II-Copa-AMVI-DSC_0069-300x199.jpg\" sizes=\"(max-width: 300px) 100vw, 300px\" srcset=\"https:\/\/infonewss.com\/wp-content\/uploads\/2023\/11\/Selecao-Marcolandia-Caridade-vence-Marcolandia-e-esta-na-grande-final-da-II-Copa-AMVI-DSC_0069-300x199.jpg 300w, https:\/\/infonewss.com\/wp-content\/uploads\/2023\/11\/Selecao-Marcolandia-Caridade-vence-Marcolandia-e-esta-na-grande-final-da-II-Copa-AMVI-DSC_0069-768x510.jpg 768w, https:\/\/infonewss.com\/wp-content\/uploads\/2023\/11\/Selecao-Marcolandia-Caridade-vence-Marcolandia-e-esta-na-grande-final-da-II-Copa-AMVI-DSC_0069-150x100.jpg 150w, https:\/\/infonewss.com\/wp-content\/uploads\/2023\/11\/Selecao-Marcolandia-Caridade-vence-Marcolandia-e-esta-na-grande-final-da-II-Copa-AMVI-DSC_0069-696x462.jpg 696w, https:\/\/infonewss.com\/wp-content\/uploads\/2023\/11\/Selecao-Marcolandia-Caridade-vence-Marcolandia-e-esta-na-grande-final-da-II-Copa-AMVI-DSC_0069.jpg 900w\" alt=\"\" width=\"300\" height=\"199\" data-srcset=\"https:\/\/infonewss.com\/wp-content\/uploads\/2023\/11\/Selecao-Marcolandia-Caridade-vence-Marcolandia-e-esta-na-grande-final-da-II-Copa-AMVI-DSC_0069-300x199.jpg 300w, https:\/\/infonewss.com\/wp-content\/uploads\/2023\/11\/Selecao-Marcolandia-Caridade-vence-Marcolandia-e-esta-na-grande-final-da-II-Copa-AMVI-DSC_0069-768x510.jpg 768w, https:\/\/infonewss.com\/wp-content\/uploads\/2023\/11\/Selecao-Marcolandia-Caridade-vence-Marcolandia-e-esta-na-grande-final-da-II-Copa-AMVI-DSC_0069-150x100.jpg 150w, https:\/\/infonewss.com\/wp-content\/uploads\/2023\/11\/Selecao-Marcolandia-Caridade-vence-Marcolandia-e-esta-na-grande-final-da-II-Copa-AMVI-DSC_0069-696x462.jpg 696w, https:\/\/infonewss.com\/wp-content\/uploads\/2023\/11\/Selecao-Marcolandia-Caridade-vence-Marcolandia-e-esta-na-grande-final-da-II-Copa-AMVI-DSC_0069.jpg 900w\" data-src=\"https:\/\/infonewss.com\/wp-content\/uploads\/2023\/11\/Selecao-Marcolandia-Caridade-vence-Marcolandia-e-esta-na-grande-final-da-II-Copa-AMVI-DSC_0069-300x199.jpg\" data-sizes=\"(max-width: 300px) 100vw, 300px\" \/><\/a><\/div>\n<\/figure>\n<figure class=\"gallery-item\">\n<div class=\"gallery-icon landscape\"><a href=\"https:\/\/infonewss.com\/wp-content\/uploads\/2023\/10\/Paulistana-brilha-e-avanca-para-as-semifinais-com-vitoria-convincente-sobre-Belem-pela-II-Copa-AMVI-IMG_5187.jpg\"><img loading=\"lazy\" decoding=\"async\" class=\"attachment-medium size-medium lazyloaded\" src=\"https:\/\/infonewss.com\/wp-content\/uploads\/2023\/10\/Paulistana-brilha-e-avanca-para-as-semifinais-com-vitoria-convincente-sobre-Belem-pela-II-Copa-AMVI-IMG_5187-300x200.jpg\" sizes=\"(max-width: 300px) 100vw, 300px\" srcset=\"https:\/\/infonewss.com\/wp-content\/uploads\/2023\/10\/Paulistana-brilha-e-avanca-para-as-semifinais-com-vitoria-convincente-sobre-Belem-pela-II-Copa-AMVI-IMG_5187-300x200.jpg 300w, https:\/\/infonewss.com\/wp-content\/uploads\/2023\/10\/Paulistana-brilha-e-avanca-para-as-semifinais-com-vitoria-convincente-sobre-Belem-pela-II-Copa-AMVI-IMG_5187-768x512.jpg 768w, https:\/\/infonewss.com\/wp-content\/uploads\/2023\/10\/Paulistana-brilha-e-avanca-para-as-semifinais-com-vitoria-convincente-sobre-Belem-pela-II-Copa-AMVI-IMG_5187-150x100.jpg 150w, https:\/\/infonewss.com\/wp-content\/uploads\/2023\/10\/Paulistana-brilha-e-avanca-para-as-semifinais-com-vitoria-convincente-sobre-Belem-pela-II-Copa-AMVI-IMG_5187-696x464.jpg 696w, https:\/\/infonewss.com\/wp-content\/uploads\/2023\/10\/Paulistana-brilha-e-avanca-para-as-semifinais-com-vitoria-convincente-sobre-Belem-pela-II-Copa-AMVI-IMG_5187.jpg 900w\" alt=\"\" width=\"300\" height=\"200\" data-srcset=\"https:\/\/infonewss.com\/wp-content\/uploads\/2023\/10\/Paulistana-brilha-e-avanca-para-as-semifinais-com-vitoria-convincente-sobre-Belem-pela-II-Copa-AMVI-IMG_5187-300x200.jpg 300w, https:\/\/infonewss.com\/wp-content\/uploads\/2023\/10\/Paulistana-brilha-e-avanca-para-as-semifinais-com-vitoria-convincente-sobre-Belem-pela-II-Copa-AMVI-IMG_5187-768x512.jpg 768w, https:\/\/infonewss.com\/wp-content\/uploads\/2023\/10\/Paulistana-brilha-e-avanca-para-as-semifinais-com-vitoria-convincente-sobre-Belem-pela-II-Copa-AMVI-IMG_5187-150x100.jpg 150w, https:\/\/infonewss.com\/wp-content\/uploads\/2023\/10\/Paulistana-brilha-e-avanca-para-as-semifinais-com-vitoria-convincente-sobre-Belem-pela-II-Copa-AMVI-IMG_5187-696x464.jpg 696w, https:\/\/infonewss.com\/wp-content\/uploads\/2023\/10\/Paulistana-brilha-e-avanca-para-as-semifinais-com-vitoria-convincente-sobre-Belem-pela-II-Copa-AMVI-IMG_5187.jpg 900w\" data-src=\"https:\/\/infonewss.com\/wp-content\/uploads\/2023\/10\/Paulistana-brilha-e-avanca-para-as-semifinais-com-vitoria-convincente-sobre-Belem-pela-II-Copa-AMVI-IMG_5187-300x200.jpg\" data-sizes=\"(max-width: 300px) 100vw, 300px\" \/><\/a><\/div>\n<\/figure>\n<\/div>\n<p style=\"text-align: justify;\">Mas as atra\u00e7\u00f5es n\u00e3o se restringem ao campo. O evento contar\u00e1 com apresenta\u00e7\u00f5es culturais e shows festivos, enaltecendo a rica cultura local. \u00c0s 21h, artistas renomados far\u00e3o parte dessa celebra\u00e7\u00e3o, com performances musicais que incluem nomes como Walkyria Santos, Xenhenh\u00e9n e Janny Santos, proporcionando um entretenimento vibrante e diversificado para os espectadores.<\/p>\n<p style=\"text-align: justify;\"><a class=\"td-modal-image\" href=\"data:image\/gif;base64,R0lGODlhAQABAAAAACH5BAEKAAEALAAAAAABAAEAAAICTAEAOw==\"><img loading=\"lazy\" decoding=\"async\" class=\"alignnone size-full wp-image-447142 lazyloaded\" src=\"https:\/\/infonewss.com\/wp-content\/uploads\/2023\/11\/WhatsApp-Image-2023-11-01-at-3.26.39-PM.jpeg\" sizes=\"(max-width: 960px) 100vw, 960px\" srcset=\"https:\/\/infonewss.com\/wp-content\/uploads\/2023\/11\/WhatsApp-Image-2023-11-01-at-3.26.39-PM.jpeg 960w, https:\/\/infonewss.com\/wp-content\/uploads\/2023\/11\/WhatsApp-Image-2023-11-01-at-3.26.39-PM-300x300.jpeg 300w, https:\/\/infonewss.com\/wp-content\/uploads\/2023\/11\/WhatsApp-Image-2023-11-01-at-3.26.39-PM-150x150.jpeg 150w, https:\/\/infonewss.com\/wp-content\/uploads\/2023\/11\/WhatsApp-Image-2023-11-01-at-3.26.39-PM-768x768.jpeg 768w, https:\/\/infonewss.com\/wp-content\/uploads\/2023\/11\/WhatsApp-Image-2023-11-01-at-3.26.39-PM-696x696.jpeg 696w\" alt=\"\" width=\"960\" height=\"960\" data-srcset=\"https:\/\/infonewss.com\/wp-content\/uploads\/2023\/11\/WhatsApp-Image-2023-11-01-at-3.26.39-PM.jpeg 960w, https:\/\/infonewss.com\/wp-content\/uploads\/2023\/11\/WhatsApp-Image-2023-11-01-at-3.26.39-PM-300x300.jpeg 300w, https:\/\/infonewss.com\/wp-content\/uploads\/2023\/11\/WhatsApp-Image-2023-11-01-at-3.26.39-PM-150x150.jpeg 150w, https:\/\/infonewss.com\/wp-content\/uploads\/2023\/11\/WhatsApp-Image-2023-11-01-at-3.26.39-PM-768x768.jpeg 768w, https:\/\/infonewss.com\/wp-content\/uploads\/2023\/11\/WhatsApp-Image-2023-11-01-at-3.26.39-PM-696x696.jpeg 696w\" data-src=\"https:\/\/infonewss.com\/wp-content\/uploads\/2023\/11\/WhatsApp-Image-2023-11-01-at-3.26.39-PM.jpeg\" data-sizes=\"(max-width: 960px) 100vw, 960px\" \/><\/a><\/p>\n<p style=\"text-align: justify;\"><strong>Premia\u00e7\u00e3o<\/strong><\/p>\n<p style=\"text-align: justify;\">A II Copa AMVI oferecer\u00e1 um total de R$ 100.000,00 em premia\u00e7\u00f5es, um aumento de R$ 45.000,00 em rela\u00e7\u00e3o \u00e0 primeira edi\u00e7\u00e3o. O valor ser\u00e1 distribu\u00eddo da seguinte forma: R$ 55.000,00 para a sele\u00e7\u00e3o campe\u00e3, R$ 25.000,00 para a equipe vice-campe\u00e3, R$ 10.000,00 para a sele\u00e7\u00e3o terceira colocada e R$ 4.600,00 para o quarto colocado. Al\u00e9m disso, a Copa tamb\u00e9m ir\u00e1 premiar individualmente os jogadores, com R$ 1.800,00 para o artilheiro, melhor jogador e melhor goleiro, al\u00e9m de trof\u00e9us e medalhas.<\/p>\n<p style=\"text-align: justify;\"><strong>Sele\u00e7\u00f5es Participantes<\/strong><\/p>\n<p style=\"text-align: justify;\">Nesta edi\u00e7\u00e3o, a competi\u00e7\u00e3o contou com a participa\u00e7\u00e3o de 16 equipes, sendo elas, Acau\u00e3, Bel\u00e9m do Piau\u00ed, Bet\u00e2nia do Piau\u00ed, Caldeir\u00e3o Grande, Caridade do Piau\u00ed, Curral Novo do Piau\u00ed, Francisco Macedo, Jaic\u00f3s, Jacobina do Piau\u00ed, Marcol\u00e2ndia, Massap\u00ea do Piau\u00ed, Padre Marcos, Paulistana, Patos do Piau\u00ed, Sim\u00f5es e Queimada Nova.<\/p>\n<p style=\"text-align: justify;\"><b>Atrativo<\/b><\/p>\n<p style=\"text-align: justify;\">A Copa AMVI iniciou-se no m\u00eas de julho, e n\u00e3o s\u00f3 promoveu a integra\u00e7\u00e3o entre as cidades participantes, mas tamb\u00e9m impulsionou o dinamismo econ\u00f4mico local, trazendo vitalidade para essas regi\u00f5es. Al\u00e9m disso, a competi\u00e7\u00e3o trouxe destaque e reconhecimento ao futebol amador na \u00e1rea, ampliando sua visibilidade na regi\u00e3o.<\/p>\n<p style=\"text-align: justify;\"><strong>Supercopa de Futebol Amador APPM<\/strong><\/p>\n<p style=\"text-align: justify;\">Consoante as regras estabelecidas, as sele\u00e7\u00f5es finalistas avan\u00e7am para a pr\u00f3xima etapa, que consistir\u00e1 em confrontos entre Territ\u00f3rios. Nesse cen\u00e1rio, a equipe do Vale do Itaim competir\u00e1 contra os finalistas do Vale do Canind\u00e9<\/p>\n<p style=\"text-align: justify;\">\n<p style=\"text-align: justify;\"><strong>Fonte: Portal Infonewss\u00a0<\/strong><\/p>\n","protected":false},"excerpt":{"rendered":"<p>No pr\u00f3ximo s\u00e1bado, dia 4 de novembro, a cidade de Jacobina do Piau\u00ed ser\u00e1 o palco da grande final da II Copa AMVI \u2014 Associa\u00e7\u00e3o dos Munic\u00edpios do Vale do Itaim. A maior competi\u00e7\u00e3o regional de futebol amador chega ao seu cl\u00edmax com a disputa do t\u00edtulo entre as sele\u00e7\u00f5es de Caridade do Piau\u00ed, atual &hellip;<\/p>\n","protected":false},"author":2,"featured_media":49860,"comment_status":"open","ping_status":"open","sticky":false,"template":"","format":"standard","meta":{"content-type":"","rop_custom_images_group":[],"rop_custom_messages_group":[],"rop_publish_now":"initial","rop_publish_now_accounts":{"facebook_2648258775420054_1618374048415101":""},"rop_publish_now_history":[],"rop_publish_now_status":"pending","footnotes":"","_jetpack_memberships_contains_paid_content":false},"categories":[113],"tags":[14500,3045],"yoast_head":"<!-- This site is optimized with the Yoast SEO plugin v22.3 - https:\/\/yoast.com\/wordpress\/plugins\/seo\/ -->\n<title>Final da II Copa AMVI acontece neste s\u00e1bado (04) em Jacobina, com jogo festivo e shows; confira a programa\u00e7\u00e3o! - Portal NPM<\/title>\n<meta name=\"robots\" content=\"index, follow, max-snippet:-1, max-image-preview:large, max-video-preview:-1\" \/>\n<link rel=\"canonical\" href=\"https:\/\/portalnpm.com\/index.php\/2023\/11\/02\/final-da-ii-copa-amvi-acontece-neste-sabado-04-em-jacobina-com-jogo-festivo-e-shows-confira-a-programacao\/\" \/>\n<meta property=\"og:locale\" content=\"pt_BR\" \/>\n<meta property=\"og:type\" content=\"article\" \/>\n<meta property=\"og:title\" content=\"Final da II Copa AMVI acontece neste s\u00e1bado (04) em Jacobina, com jogo festivo e shows; confira a programa\u00e7\u00e3o! - Portal NPM\" \/>\n<meta property=\"og:description\" content=\"No pr\u00f3ximo s\u00e1bado, dia 4 de novembro, a cidade de Jacobina do Piau\u00ed ser\u00e1 o palco da grande final da II Copa AMVI \u2014 Associa\u00e7\u00e3o dos Munic\u00edpios do Vale do Itaim. A maior competi\u00e7\u00e3o regional de futebol amador chega ao seu cl\u00edmax com a disputa do t\u00edtulo entre as sele\u00e7\u00f5es de Caridade do Piau\u00ed, atual &hellip;\" \/>\n<meta property=\"og:url\" content=\"https:\/\/portalnpm.com\/index.php\/2023\/11\/02\/final-da-ii-copa-amvi-acontece-neste-sabado-04-em-jacobina-com-jogo-festivo-e-shows-confira-a-programacao\/\" \/>\n<meta property=\"og:site_name\" content=\"Portal NPM\" \/>\n<meta property=\"article:published_time\" content=\"2023-11-02T17:09:14+00:00\" \/>\n<meta name=\"author\" content=\"Genival Barbosa\" \/>\n<meta name=\"twitter:card\" content=\"summary_large_image\" \/>\n<meta name=\"twitter:label1\" content=\"Escrito por\" \/>\n\t<meta name=\"twitter:data1\" content=\"Genival Barbosa\" \/>\n\t<meta name=\"twitter:label2\" content=\"Est. tempo de leitura\" \/>\n\t<meta name=\"twitter:data2\" content=\"4 minutos\" \/>\n<script type=\"application\/ld+json\" class=\"yoast-schema-graph\">{\"@context\":\"https:\/\/schema.org\",\"@graph\":[{\"@type\":\"WebPage\",\"@id\":\"https:\/\/portalnpm.com\/index.php\/2023\/11\/02\/final-da-ii-copa-amvi-acontece-neste-sabado-04-em-jacobina-com-jogo-festivo-e-shows-confira-a-programacao\/\",\"url\":\"https:\/\/portalnpm.com\/index.php\/2023\/11\/02\/final-da-ii-copa-amvi-acontece-neste-sabado-04-em-jacobina-com-jogo-festivo-e-shows-confira-a-programacao\/\",\"name\":\"Final da II Copa AMVI acontece neste s\u00e1bado (04) em Jacobina, com jogo festivo e shows; confira a programa\u00e7\u00e3o! - Portal NPM\",\"isPartOf\":{\"@id\":\"https:\/\/portalnpm.com\/#website\"},\"primaryImageOfPage\":{\"@id\":\"https:\/\/portalnpm.com\/index.php\/2023\/11\/02\/final-da-ii-copa-amvi-acontece-neste-sabado-04-em-jacobina-com-jogo-festivo-e-shows-confira-a-programacao\/#primaryimage\"},\"image\":{\"@id\":\"https:\/\/portalnpm.com\/index.php\/2023\/11\/02\/final-da-ii-copa-amvi-acontece-neste-sabado-04-em-jacobina-com-jogo-festivo-e-shows-confira-a-programacao\/#primaryimage\"},\"thumbnailUrl\":\"\",\"datePublished\":\"2023-11-02T17:09:14+00:00\",\"dateModified\":\"2023-11-02T17:09:14+00:00\",\"author\":{\"@id\":\"https:\/\/portalnpm.com\/#\/schema\/person\/49313e563cfdefcc167f1ee4c017c294\"},\"breadcrumb\":{\"@id\":\"https:\/\/portalnpm.com\/index.php\/2023\/11\/02\/final-da-ii-copa-amvi-acontece-neste-sabado-04-em-jacobina-com-jogo-festivo-e-shows-confira-a-programacao\/#breadcrumb\"},\"inLanguage\":\"pt-BR\",\"potentialAction\":[{\"@type\":\"ReadAction\",\"target\":[\"https:\/\/portalnpm.com\/index.php\/2023\/11\/02\/final-da-ii-copa-amvi-acontece-neste-sabado-04-em-jacobina-com-jogo-festivo-e-shows-confira-a-programacao\/\"]}]},{\"@type\":\"ImageObject\",\"inLanguage\":\"pt-BR\",\"@id\":\"https:\/\/portalnpm.com\/index.php\/2023\/11\/02\/final-da-ii-copa-amvi-acontece-neste-sabado-04-em-jacobina-com-jogo-festivo-e-shows-confira-a-programacao\/#primaryimage\",\"url\":\"\",\"contentUrl\":\"\"},{\"@type\":\"BreadcrumbList\",\"@id\":\"https:\/\/portalnpm.com\/index.php\/2023\/11\/02\/final-da-ii-copa-amvi-acontece-neste-sabado-04-em-jacobina-com-jogo-festivo-e-shows-confira-a-programacao\/#breadcrumb\",\"itemListElement\":[{\"@type\":\"ListItem\",\"position\":1,\"name\":\"In\u00edcio\",\"item\":\"https:\/\/portalnpm.com\/\"},{\"@type\":\"ListItem\",\"position\":2,\"name\":\"Final da II Copa AMVI acontece neste s\u00e1bado (04) em Jacobina, com jogo festivo e shows; confira a programa\u00e7\u00e3o!\"}]},{\"@type\":\"WebSite\",\"@id\":\"https:\/\/portalnpm.com\/#website\",\"url\":\"https:\/\/portalnpm.com\/\",\"name\":\"Portal NPM\",\"description\":\"Not\u00edcias em Primeira M\u00e3o\",\"potentialAction\":[{\"@type\":\"SearchAction\",\"target\":{\"@type\":\"EntryPoint\",\"urlTemplate\":\"https:\/\/portalnpm.com\/?s={search_term_string}\"},\"query-input\":\"required name=search_term_string\"}],\"inLanguage\":\"pt-BR\"},{\"@type\":\"Person\",\"@id\":\"https:\/\/portalnpm.com\/#\/schema\/person\/49313e563cfdefcc167f1ee4c017c294\",\"name\":\"Genival Barbosa\",\"image\":{\"@type\":\"ImageObject\",\"inLanguage\":\"pt-BR\",\"@id\":\"https:\/\/portalnpm.com\/#\/schema\/person\/image\/\",\"url\":\"https:\/\/portalnpm.com\/wp-content\/uploads\/2024\/02\/avatar_user_2_1707743258-96x96.jpeg\",\"contentUrl\":\"https:\/\/portalnpm.com\/wp-content\/uploads\/2024\/02\/avatar_user_2_1707743258-96x96.jpeg\",\"caption\":\"Genival Barbosa\"},\"url\":\"https:\/\/portalnpm.com\/index.php\/author\/genival\/\"}]}<\/script>\n<!-- \/ Yoast SEO plugin. -->","yoast_head_json":{"title":"Final da II Copa AMVI acontece neste s\u00e1bado (04) em Jacobina, com jogo festivo e shows; confira a programa\u00e7\u00e3o! - Portal NPM","robots":{"index":"index","follow":"follow","max-snippet":"max-snippet:-1","max-image-preview":"max-image-preview:large","max-video-preview":"max-video-preview:-1"},"canonical":"https:\/\/portalnpm.com\/index.php\/2023\/11\/02\/final-da-ii-copa-amvi-acontece-neste-sabado-04-em-jacobina-com-jogo-festivo-e-shows-confira-a-programacao\/","og_locale":"pt_BR","og_type":"article","og_title":"Final da II Copa AMVI acontece neste s\u00e1bado (04) em Jacobina, com jogo festivo e shows; confira a programa\u00e7\u00e3o! - Portal NPM","og_description":"No pr\u00f3ximo s\u00e1bado, dia 4 de novembro, a cidade de Jacobina do Piau\u00ed ser\u00e1 o palco da grande final da II Copa AMVI \u2014 Associa\u00e7\u00e3o dos Munic\u00edpios do Vale do Itaim. A maior competi\u00e7\u00e3o regional de futebol amador chega ao seu cl\u00edmax com a disputa do t\u00edtulo entre as sele\u00e7\u00f5es de Caridade do Piau\u00ed, atual &hellip;","og_url":"https:\/\/portalnpm.com\/index.php\/2023\/11\/02\/final-da-ii-copa-amvi-acontece-neste-sabado-04-em-jacobina-com-jogo-festivo-e-shows-confira-a-programacao\/","og_site_name":"Portal NPM","article_published_time":"2023-11-02T17:09:14+00:00","author":"Genival Barbosa","twitter_card":"summary_large_image","twitter_misc":{"Escrito por":"Genival Barbosa","Est. tempo de leitura":"4 minutos"},"schema":{"@context":"https:\/\/schema.org","@graph":[{"@type":"WebPage","@id":"https:\/\/portalnpm.com\/index.php\/2023\/11\/02\/final-da-ii-copa-amvi-acontece-neste-sabado-04-em-jacobina-com-jogo-festivo-e-shows-confira-a-programacao\/","url":"https:\/\/portalnpm.com\/index.php\/2023\/11\/02\/final-da-ii-copa-amvi-acontece-neste-sabado-04-em-jacobina-com-jogo-festivo-e-shows-confira-a-programacao\/","name":"Final da II Copa AMVI acontece neste s\u00e1bado (04) em Jacobina, com jogo festivo e shows; confira a programa\u00e7\u00e3o! - Portal NPM","isPartOf":{"@id":"https:\/\/portalnpm.com\/#website"},"primaryImageOfPage":{"@id":"https:\/\/portalnpm.com\/index.php\/2023\/11\/02\/final-da-ii-copa-amvi-acontece-neste-sabado-04-em-jacobina-com-jogo-festivo-e-shows-confira-a-programacao\/#primaryimage"},"image":{"@id":"https:\/\/portalnpm.com\/index.php\/2023\/11\/02\/final-da-ii-copa-amvi-acontece-neste-sabado-04-em-jacobina-com-jogo-festivo-e-shows-confira-a-programacao\/#primaryimage"},"thumbnailUrl":"","datePublished":"2023-11-02T17:09:14+00:00","dateModified":"2023-11-02T17:09:14+00:00","author":{"@id":"https:\/\/portalnpm.com\/#\/schema\/person\/49313e563cfdefcc167f1ee4c017c294"},"breadcrumb":{"@id":"https:\/\/portalnpm.com\/index.php\/2023\/11\/02\/final-da-ii-copa-amvi-acontece-neste-sabado-04-em-jacobina-com-jogo-festivo-e-shows-confira-a-programacao\/#breadcrumb"},"inLanguage":"pt-BR","potentialAction":[{"@type":"ReadAction","target":["https:\/\/portalnpm.com\/index.php\/2023\/11\/02\/final-da-ii-copa-amvi-acontece-neste-sabado-04-em-jacobina-com-jogo-festivo-e-shows-confira-a-programacao\/"]}]},{"@type":"ImageObject","inLanguage":"pt-BR","@id":"https:\/\/portalnpm.com\/index.php\/2023\/11\/02\/final-da-ii-copa-amvi-acontece-neste-sabado-04-em-jacobina-com-jogo-festivo-e-shows-confira-a-programacao\/#primaryimage","url":"","contentUrl":""},{"@type":"BreadcrumbList","@id":"https:\/\/portalnpm.com\/index.php\/2023\/11\/02\/final-da-ii-copa-amvi-acontece-neste-sabado-04-em-jacobina-com-jogo-festivo-e-shows-confira-a-programacao\/#breadcrumb","itemListElement":[{"@type":"ListItem","position":1,"name":"In\u00edcio","item":"https:\/\/portalnpm.com\/"},{"@type":"ListItem","position":2,"name":"Final da II Copa AMVI acontece neste s\u00e1bado (04) em Jacobina, com jogo festivo e shows; confira a programa\u00e7\u00e3o!"}]},{"@type":"WebSite","@id":"https:\/\/portalnpm.com\/#website","url":"https:\/\/portalnpm.com\/","name":"Portal NPM","description":"Not\u00edcias em Primeira M\u00e3o","potentialAction":[{"@type":"SearchAction","target":{"@type":"EntryPoint","urlTemplate":"https:\/\/portalnpm.com\/?s={search_term_string}"},"query-input":"required name=search_term_string"}],"inLanguage":"pt-BR"},{"@type":"Person","@id":"https:\/\/portalnpm.com\/#\/schema\/person\/49313e563cfdefcc167f1ee4c017c294","name":"Genival Barbosa","image":{"@type":"ImageObject","inLanguage":"pt-BR","@id":"https:\/\/portalnpm.com\/#\/schema\/person\/image\/","url":"https:\/\/portalnpm.com\/wp-content\/uploads\/2024\/02\/avatar_user_2_1707743258-96x96.jpeg","contentUrl":"https:\/\/portalnpm.com\/wp-content\/uploads\/2024\/02\/avatar_user_2_1707743258-96x96.jpeg","caption":"Genival Barbosa"},"url":"https:\/\/portalnpm.com\/index.php\/author\/genival\/"}]}},"jetpack_sharing_enabled":true,"jetpack_featured_media_url":"","_links":{"self":[{"href":"https:\/\/portalnpm.com\/index.php\/wp-json\/wp\/v2\/posts\/49859"}],"collection":[{"href":"https:\/\/portalnpm.com\/index.php\/wp-json\/wp\/v2\/posts"}],"about":[{"href":"https:\/\/portalnpm.com\/index.php\/wp-json\/wp\/v2\/types\/post"}],"author":[{"embeddable":true,"href":"https:\/\/portalnpm.com\/index.php\/wp-json\/wp\/v2\/users\/2"}],"replies":[{"embeddable":true,"href":"https:\/\/portalnpm.com\/index.php\/wp-json\/wp\/v2\/comments?post=49859"}],"version-history":[{"count":0,"href":"https:\/\/portalnpm.com\/index.php\/wp-json\/wp\/v2\/posts\/49859\/revisions"}],"wp:featuredmedia":[{"embeddable":true,"href":"https:\/\/portalnpm.com\/index.php\/wp-json\/"}],"wp:attachment":[{"href":"https:\/\/portalnpm.com\/index.php\/wp-json\/wp\/v2\/media?parent=49859"}],"wp:term":[{"taxonomy":"category","embeddable":true,"href":"https:\/\/portalnpm.com\/index.php\/wp-json\/wp\/v2\/categories?post=49859"},{"taxonomy":"post_tag","embeddable":true,"href":"https:\/\/portalnpm.com\/index.php\/wp-json\/wp\/v2\/tags?post=49859"}],"curies":[{"name":"wp","href":"https:\/\/api.w.org\/{rel}","templated":true}]}}