{"id":49865,"date":"2023-11-02T14:16:19","date_gmt":"2023-11-02T17:16:19","guid":{"rendered":"https:\/\/portalnpm.com\/?p=49865"},"modified":"2023-11-02T14:16:19","modified_gmt":"2023-11-02T17:16:19","slug":"prefeito-ademar-anuncia-mais-duas-atracoes-para-o-aniversario-de-28-anos-de-belem-do-piaui","status":"publish","type":"post","link":"https:\/\/portalnpm.com\/index.php\/2023\/11\/02\/prefeito-ademar-anuncia-mais-duas-atracoes-para-o-aniversario-de-28-anos-de-belem-do-piaui\/","title":{"rendered":"Prefeito Ademar anuncia mais duas atra\u00e7\u00f5es para o anivers\u00e1rio de 28 anos de Bel\u00e9m do Piau\u00ed"},"content":{"rendered":"<p style=\"text-align: justify;\">A Prefeitura de Bel\u00e9m do Piau\u00ed, sob a lideran\u00e7a do prefeito Ademar Carvalho, continua a surpreender os moradores e visitantes com as recentes adi\u00e7\u00f5es emocionantes \u00e0 programa\u00e7\u00e3o de anivers\u00e1rio da cidade.<\/p>\n<p style=\"text-align: justify;\">\n<p style=\"text-align: justify;\">Mat\u00e9ria relacionada \u2014\u00a0<strong><a href=\"https:\/\/infonewss.com\/prefeitura-de-belem-do-piaui-anuncia-amado-batista-para-o-aniversario-de-28-anos-de-emancipacao-politica\/\">Prefeitura de Bel\u00e9m do Piau\u00ed anuncia Amado Batista para o anivers\u00e1rio de 28 anos de emancipa\u00e7\u00e3o pol\u00edtica<\/a><\/strong><\/p>\n<p style=\"text-align: justify;\">Na noite de quarta-feira, dia 1 de novembro, o prefeito Ademar anunciou dois novos nomes que se juntar\u00e3o ao j\u00e1 renomado cantor Amado Batista, que j\u00e1 havia sido anunciado.<\/p>\n<p style=\"text-align: justify;\"><img decoding=\"async\" class=\" lazyloaded\" src=\"https:\/\/infonewss.com\/wp-content\/uploads\/2023\/07\/WhatsApp-Image-2023-07-22-at-11.34.52-AM.jpeg\" data-src=\"https:\/\/infonewss.com\/wp-content\/uploads\/2023\/07\/WhatsApp-Image-2023-07-22-at-11.34.52-AM.jpeg\" \/><\/p>\n<p style=\"text-align: justify;\">Conforme o gestor, os cantores Danilo Pernambuco e L\u00e9o Gordim, juntamente com sua banda Forr\u00f3 de Front, ser\u00e3o as outra duas atra\u00e7\u00f5es que animar\u00e3o o p\u00fablico na celebra\u00e7\u00e3o do 28\u00ba anivers\u00e1rio de Bel\u00e9m do Piau\u00ed.<\/p>\n<p style=\"text-align: justify;\"><a class=\"td-modal-image\" href=\"https:\/\/infonewss.com\/wp-content\/uploads\/2023\/11\/WhatsApp-Image-2023-11-01-at-9.52.46-PM.jpeg\"><img fetchpriority=\"high\" decoding=\"async\" class=\"alignnone size-full wp-image-447183 lazyloaded\" src=\"https:\/\/infonewss.com\/wp-content\/uploads\/2023\/11\/WhatsApp-Image-2023-11-01-at-9.52.46-PM.jpeg\" sizes=\"(max-width: 900px) 100vw, 900px\" srcset=\"https:\/\/infonewss.com\/wp-content\/uploads\/2023\/11\/WhatsApp-Image-2023-11-01-at-9.52.46-PM.jpeg 900w, https:\/\/infonewss.com\/wp-content\/uploads\/2023\/11\/WhatsApp-Image-2023-11-01-at-9.52.46-PM-169x300.jpeg 169w, https:\/\/infonewss.com\/wp-content\/uploads\/2023\/11\/WhatsApp-Image-2023-11-01-at-9.52.46-PM-576x1024.jpeg 576w, https:\/\/infonewss.com\/wp-content\/uploads\/2023\/11\/WhatsApp-Image-2023-11-01-at-9.52.46-PM-768x1365.jpeg 768w, https:\/\/infonewss.com\/wp-content\/uploads\/2023\/11\/WhatsApp-Image-2023-11-01-at-9.52.46-PM-864x1536.jpeg 864w, https:\/\/infonewss.com\/wp-content\/uploads\/2023\/11\/WhatsApp-Image-2023-11-01-at-9.52.46-PM-150x267.jpeg 150w, https:\/\/infonewss.com\/wp-content\/uploads\/2023\/11\/WhatsApp-Image-2023-11-01-at-9.52.46-PM-300x533.jpeg 300w, https:\/\/infonewss.com\/wp-content\/uploads\/2023\/11\/WhatsApp-Image-2023-11-01-at-9.52.46-PM-696x1237.jpeg 696w\" alt=\"\" width=\"900\" height=\"1600\" data-srcset=\"https:\/\/infonewss.com\/wp-content\/uploads\/2023\/11\/WhatsApp-Image-2023-11-01-at-9.52.46-PM.jpeg 900w, https:\/\/infonewss.com\/wp-content\/uploads\/2023\/11\/WhatsApp-Image-2023-11-01-at-9.52.46-PM-169x300.jpeg 169w, https:\/\/infonewss.com\/wp-content\/uploads\/2023\/11\/WhatsApp-Image-2023-11-01-at-9.52.46-PM-576x1024.jpeg 576w, https:\/\/infonewss.com\/wp-content\/uploads\/2023\/11\/WhatsApp-Image-2023-11-01-at-9.52.46-PM-768x1365.jpeg 768w, https:\/\/infonewss.com\/wp-content\/uploads\/2023\/11\/WhatsApp-Image-2023-11-01-at-9.52.46-PM-864x1536.jpeg 864w, https:\/\/infonewss.com\/wp-content\/uploads\/2023\/11\/WhatsApp-Image-2023-11-01-at-9.52.46-PM-150x267.jpeg 150w, https:\/\/infonewss.com\/wp-content\/uploads\/2023\/11\/WhatsApp-Image-2023-11-01-at-9.52.46-PM-300x533.jpeg 300w, https:\/\/infonewss.com\/wp-content\/uploads\/2023\/11\/WhatsApp-Image-2023-11-01-at-9.52.46-PM-696x1237.jpeg 696w\" data-src=\"https:\/\/infonewss.com\/wp-content\/uploads\/2023\/11\/WhatsApp-Image-2023-11-01-at-9.52.46-PM.jpeg\" data-sizes=\"(max-width: 900px) 100vw, 900px\" \/><\/a><\/p>\n<p style=\"text-align: justify;\">O evento, marcado para o dia 13 de dezembro, promete ser um espet\u00e1culo inesquec\u00edvel para todos que comparecerem. Embora os detalhes da programa\u00e7\u00e3o completa ainda estejam por vir, o prefeito Ademar enfatizou que a festividade ser\u00e1 repleta de atra\u00e7\u00f5es emocionantes e diversificadas para atender a todos os gostos.<\/p>\n<p style=\"text-align: justify;\">Fonte: Portal Infonewss<\/p>\n","protected":false},"excerpt":{"rendered":"<p>A Prefeitura de Bel\u00e9m do Piau\u00ed, sob a lideran\u00e7a do prefeito Ademar Carvalho, continua a surpreender os moradores e visitantes com as recentes adi\u00e7\u00f5es emocionantes \u00e0 programa\u00e7\u00e3o de anivers\u00e1rio da cidade. Mat\u00e9ria relacionada \u2014\u00a0Prefeitura de Bel\u00e9m do Piau\u00ed anuncia Amado Batista para o anivers\u00e1rio de 28 anos de emancipa\u00e7\u00e3o pol\u00edtica Na noite de quarta-feira, dia &hellip;<\/p>\n","protected":false},"author":2,"featured_media":49867,"comment_status":"open","ping_status":"open","sticky":false,"template":"","format":"standard","meta":{"content-type":"","rop_custom_images_group":[],"rop_custom_messages_group":[],"rop_publish_now":"initial","rop_publish_now_accounts":{"facebook_2648258775420054_1618374048415101":""},"rop_publish_now_history":[],"rop_publish_now_status":"pending","footnotes":"","_jetpack_memberships_contains_paid_content":false},"categories":[106,147,109],"tags":[116,14209],"yoast_head":"<!-- This site is optimized with the Yoast SEO plugin v22.3 - https:\/\/yoast.com\/wordpress\/plugins\/seo\/ -->\n<title>Prefeito Ademar anuncia mais duas atra\u00e7\u00f5es para o anivers\u00e1rio de 28 anos de Bel\u00e9m do Piau\u00ed - Portal NPM<\/title>\n<meta name=\"robots\" content=\"index, follow, max-snippet:-1, max-image-preview:large, max-video-preview:-1\" \/>\n<link rel=\"canonical\" href=\"https:\/\/portalnpm.com\/index.php\/2023\/11\/02\/prefeito-ademar-anuncia-mais-duas-atracoes-para-o-aniversario-de-28-anos-de-belem-do-piaui\/\" \/>\n<meta property=\"og:locale\" content=\"pt_BR\" \/>\n<meta property=\"og:type\" content=\"article\" \/>\n<meta property=\"og:title\" content=\"Prefeito Ademar anuncia mais duas atra\u00e7\u00f5es para o anivers\u00e1rio de 28 anos de Bel\u00e9m do Piau\u00ed - Portal NPM\" \/>\n<meta property=\"og:description\" content=\"A Prefeitura de Bel\u00e9m do Piau\u00ed, sob a lideran\u00e7a do prefeito Ademar Carvalho, continua a surpreender os moradores e visitantes com as recentes adi\u00e7\u00f5es emocionantes \u00e0 programa\u00e7\u00e3o de anivers\u00e1rio da cidade. Mat\u00e9ria relacionada \u2014\u00a0Prefeitura de Bel\u00e9m do Piau\u00ed anuncia Amado Batista para o anivers\u00e1rio de 28 anos de emancipa\u00e7\u00e3o pol\u00edtica Na noite de quarta-feira, dia &hellip;\" \/>\n<meta property=\"og:url\" content=\"https:\/\/portalnpm.com\/index.php\/2023\/11\/02\/prefeito-ademar-anuncia-mais-duas-atracoes-para-o-aniversario-de-28-anos-de-belem-do-piaui\/\" \/>\n<meta property=\"og:site_name\" content=\"Portal NPM\" \/>\n<meta property=\"article:published_time\" content=\"2023-11-02T17:16:19+00:00\" \/>\n<meta name=\"author\" content=\"Genival Barbosa\" \/>\n<meta name=\"twitter:card\" content=\"summary_large_image\" \/>\n<meta name=\"twitter:label1\" content=\"Escrito por\" \/>\n\t<meta name=\"twitter:data1\" content=\"Genival Barbosa\" \/>\n\t<meta name=\"twitter:label2\" content=\"Est. tempo de leitura\" \/>\n\t<meta name=\"twitter:data2\" content=\"2 minutos\" \/>\n<script type=\"application\/ld+json\" class=\"yoast-schema-graph\">{\"@context\":\"https:\/\/schema.org\",\"@graph\":[{\"@type\":\"WebPage\",\"@id\":\"https:\/\/portalnpm.com\/index.php\/2023\/11\/02\/prefeito-ademar-anuncia-mais-duas-atracoes-para-o-aniversario-de-28-anos-de-belem-do-piaui\/\",\"url\":\"https:\/\/portalnpm.com\/index.php\/2023\/11\/02\/prefeito-ademar-anuncia-mais-duas-atracoes-para-o-aniversario-de-28-anos-de-belem-do-piaui\/\",\"name\":\"Prefeito Ademar anuncia mais duas atra\u00e7\u00f5es para o anivers\u00e1rio de 28 anos de Bel\u00e9m do Piau\u00ed - Portal NPM\",\"isPartOf\":{\"@id\":\"https:\/\/portalnpm.com\/#website\"},\"primaryImageOfPage\":{\"@id\":\"https:\/\/portalnpm.com\/index.php\/2023\/11\/02\/prefeito-ademar-anuncia-mais-duas-atracoes-para-o-aniversario-de-28-anos-de-belem-do-piaui\/#primaryimage\"},\"image\":{\"@id\":\"https:\/\/portalnpm.com\/index.php\/2023\/11\/02\/prefeito-ademar-anuncia-mais-duas-atracoes-para-o-aniversario-de-28-anos-de-belem-do-piaui\/#primaryimage\"},\"thumbnailUrl\":\"\",\"datePublished\":\"2023-11-02T17:16:19+00:00\",\"dateModified\":\"2023-11-02T17:16:19+00:00\",\"author\":{\"@id\":\"https:\/\/portalnpm.com\/#\/schema\/person\/49313e563cfdefcc167f1ee4c017c294\"},\"breadcrumb\":{\"@id\":\"https:\/\/portalnpm.com\/index.php\/2023\/11\/02\/prefeito-ademar-anuncia-mais-duas-atracoes-para-o-aniversario-de-28-anos-de-belem-do-piaui\/#breadcrumb\"},\"inLanguage\":\"pt-BR\",\"potentialAction\":[{\"@type\":\"ReadAction\",\"target\":[\"https:\/\/portalnpm.com\/index.php\/2023\/11\/02\/prefeito-ademar-anuncia-mais-duas-atracoes-para-o-aniversario-de-28-anos-de-belem-do-piaui\/\"]}]},{\"@type\":\"ImageObject\",\"inLanguage\":\"pt-BR\",\"@id\":\"https:\/\/portalnpm.com\/index.php\/2023\/11\/02\/prefeito-ademar-anuncia-mais-duas-atracoes-para-o-aniversario-de-28-anos-de-belem-do-piaui\/#primaryimage\",\"url\":\"\",\"contentUrl\":\"\"},{\"@type\":\"BreadcrumbList\",\"@id\":\"https:\/\/portalnpm.com\/index.php\/2023\/11\/02\/prefeito-ademar-anuncia-mais-duas-atracoes-para-o-aniversario-de-28-anos-de-belem-do-piaui\/#breadcrumb\",\"itemListElement\":[{\"@type\":\"ListItem\",\"position\":1,\"name\":\"In\u00edcio\",\"item\":\"https:\/\/portalnpm.com\/\"},{\"@type\":\"ListItem\",\"position\":2,\"name\":\"Prefeito Ademar anuncia mais duas atra\u00e7\u00f5es para o anivers\u00e1rio de 28 anos de Bel\u00e9m do Piau\u00ed\"}]},{\"@type\":\"WebSite\",\"@id\":\"https:\/\/portalnpm.com\/#website\",\"url\":\"https:\/\/portalnpm.com\/\",\"name\":\"Portal NPM\",\"description\":\"Not\u00edcias em Primeira M\u00e3o\",\"potentialAction\":[{\"@type\":\"SearchAction\",\"target\":{\"@type\":\"EntryPoint\",\"urlTemplate\":\"https:\/\/portalnpm.com\/?s={search_term_string}\"},\"query-input\":\"required name=search_term_string\"}],\"inLanguage\":\"pt-BR\"},{\"@type\":\"Person\",\"@id\":\"https:\/\/portalnpm.com\/#\/schema\/person\/49313e563cfdefcc167f1ee4c017c294\",\"name\":\"Genival Barbosa\",\"image\":{\"@type\":\"ImageObject\",\"inLanguage\":\"pt-BR\",\"@id\":\"https:\/\/portalnpm.com\/#\/schema\/person\/image\/\",\"url\":\"https:\/\/portalnpm.com\/wp-content\/uploads\/2024\/02\/avatar_user_2_1707743258-96x96.jpeg\",\"contentUrl\":\"https:\/\/portalnpm.com\/wp-content\/uploads\/2024\/02\/avatar_user_2_1707743258-96x96.jpeg\",\"caption\":\"Genival Barbosa\"},\"url\":\"https:\/\/portalnpm.com\/index.php\/author\/genival\/\"}]}<\/script>\n<!-- \/ Yoast SEO plugin. -->","yoast_head_json":{"title":"Prefeito Ademar anuncia mais duas atra\u00e7\u00f5es para o anivers\u00e1rio de 28 anos de Bel\u00e9m do Piau\u00ed - Portal NPM","robots":{"index":"index","follow":"follow","max-snippet":"max-snippet:-1","max-image-preview":"max-image-preview:large","max-video-preview":"max-video-preview:-1"},"canonical":"https:\/\/portalnpm.com\/index.php\/2023\/11\/02\/prefeito-ademar-anuncia-mais-duas-atracoes-para-o-aniversario-de-28-anos-de-belem-do-piaui\/","og_locale":"pt_BR","og_type":"article","og_title":"Prefeito Ademar anuncia mais duas atra\u00e7\u00f5es para o anivers\u00e1rio de 28 anos de Bel\u00e9m do Piau\u00ed - Portal NPM","og_description":"A Prefeitura de Bel\u00e9m do Piau\u00ed, sob a lideran\u00e7a do prefeito Ademar Carvalho, continua a surpreender os moradores e visitantes com as recentes adi\u00e7\u00f5es emocionantes \u00e0 programa\u00e7\u00e3o de anivers\u00e1rio da cidade. Mat\u00e9ria relacionada \u2014\u00a0Prefeitura de Bel\u00e9m do Piau\u00ed anuncia Amado Batista para o anivers\u00e1rio de 28 anos de emancipa\u00e7\u00e3o pol\u00edtica Na noite de quarta-feira, dia &hellip;","og_url":"https:\/\/portalnpm.com\/index.php\/2023\/11\/02\/prefeito-ademar-anuncia-mais-duas-atracoes-para-o-aniversario-de-28-anos-de-belem-do-piaui\/","og_site_name":"Portal NPM","article_published_time":"2023-11-02T17:16:19+00:00","author":"Genival Barbosa","twitter_card":"summary_large_image","twitter_misc":{"Escrito por":"Genival Barbosa","Est. tempo de leitura":"2 minutos"},"schema":{"@context":"https:\/\/schema.org","@graph":[{"@type":"WebPage","@id":"https:\/\/portalnpm.com\/index.php\/2023\/11\/02\/prefeito-ademar-anuncia-mais-duas-atracoes-para-o-aniversario-de-28-anos-de-belem-do-piaui\/","url":"https:\/\/portalnpm.com\/index.php\/2023\/11\/02\/prefeito-ademar-anuncia-mais-duas-atracoes-para-o-aniversario-de-28-anos-de-belem-do-piaui\/","name":"Prefeito Ademar anuncia mais duas atra\u00e7\u00f5es para o anivers\u00e1rio de 28 anos de Bel\u00e9m do Piau\u00ed - Portal NPM","isPartOf":{"@id":"https:\/\/portalnpm.com\/#website"},"primaryImageOfPage":{"@id":"https:\/\/portalnpm.com\/index.php\/2023\/11\/02\/prefeito-ademar-anuncia-mais-duas-atracoes-para-o-aniversario-de-28-anos-de-belem-do-piaui\/#primaryimage"},"image":{"@id":"https:\/\/portalnpm.com\/index.php\/2023\/11\/02\/prefeito-ademar-anuncia-mais-duas-atracoes-para-o-aniversario-de-28-anos-de-belem-do-piaui\/#primaryimage"},"thumbnailUrl":"","datePublished":"2023-11-02T17:16:19+00:00","dateModified":"2023-11-02T17:16:19+00:00","author":{"@id":"https:\/\/portalnpm.com\/#\/schema\/person\/49313e563cfdefcc167f1ee4c017c294"},"breadcrumb":{"@id":"https:\/\/portalnpm.com\/index.php\/2023\/11\/02\/prefeito-ademar-anuncia-mais-duas-atracoes-para-o-aniversario-de-28-anos-de-belem-do-piaui\/#breadcrumb"},"inLanguage":"pt-BR","potentialAction":[{"@type":"ReadAction","target":["https:\/\/portalnpm.com\/index.php\/2023\/11\/02\/prefeito-ademar-anuncia-mais-duas-atracoes-para-o-aniversario-de-28-anos-de-belem-do-piaui\/"]}]},{"@type":"ImageObject","inLanguage":"pt-BR","@id":"https:\/\/portalnpm.com\/index.php\/2023\/11\/02\/prefeito-ademar-anuncia-mais-duas-atracoes-para-o-aniversario-de-28-anos-de-belem-do-piaui\/#primaryimage","url":"","contentUrl":""},{"@type":"BreadcrumbList","@id":"https:\/\/portalnpm.com\/index.php\/2023\/11\/02\/prefeito-ademar-anuncia-mais-duas-atracoes-para-o-aniversario-de-28-anos-de-belem-do-piaui\/#breadcrumb","itemListElement":[{"@type":"ListItem","position":1,"name":"In\u00edcio","item":"https:\/\/portalnpm.com\/"},{"@type":"ListItem","position":2,"name":"Prefeito Ademar anuncia mais duas atra\u00e7\u00f5es para o anivers\u00e1rio de 28 anos de Bel\u00e9m do Piau\u00ed"}]},{"@type":"WebSite","@id":"https:\/\/portalnpm.com\/#website","url":"https:\/\/portalnpm.com\/","name":"Portal NPM","description":"Not\u00edcias em Primeira M\u00e3o","potentialAction":[{"@type":"SearchAction","target":{"@type":"EntryPoint","urlTemplate":"https:\/\/portalnpm.com\/?s={search_term_string}"},"query-input":"required name=search_term_string"}],"inLanguage":"pt-BR"},{"@type":"Person","@id":"https:\/\/portalnpm.com\/#\/schema\/person\/49313e563cfdefcc167f1ee4c017c294","name":"Genival Barbosa","image":{"@type":"ImageObject","inLanguage":"pt-BR","@id":"https:\/\/portalnpm.com\/#\/schema\/person\/image\/","url":"https:\/\/portalnpm.com\/wp-content\/uploads\/2024\/02\/avatar_user_2_1707743258-96x96.jpeg","contentUrl":"https:\/\/portalnpm.com\/wp-content\/uploads\/2024\/02\/avatar_user_2_1707743258-96x96.jpeg","caption":"Genival Barbosa"},"url":"https:\/\/portalnpm.com\/index.php\/author\/genival\/"}]}},"jetpack_sharing_enabled":true,"jetpack_featured_media_url":"","_links":{"self":[{"href":"https:\/\/portalnpm.com\/index.php\/wp-json\/wp\/v2\/posts\/49865"}],"collection":[{"href":"https:\/\/portalnpm.com\/index.php\/wp-json\/wp\/v2\/posts"}],"about":[{"href":"https:\/\/portalnpm.com\/index.php\/wp-json\/wp\/v2\/types\/post"}],"author":[{"embeddable":true,"href":"https:\/\/portalnpm.com\/index.php\/wp-json\/wp\/v2\/users\/2"}],"replies":[{"embeddable":true,"href":"https:\/\/portalnpm.com\/index.php\/wp-json\/wp\/v2\/comments?post=49865"}],"version-history":[{"count":0,"href":"https:\/\/portalnpm.com\/index.php\/wp-json\/wp\/v2\/posts\/49865\/revisions"}],"wp:featuredmedia":[{"embeddable":true,"href":"https:\/\/portalnpm.com\/index.php\/wp-json\/"}],"wp:attachment":[{"href":"https:\/\/portalnpm.com\/index.php\/wp-json\/wp\/v2\/media?parent=49865"}],"wp:term":[{"taxonomy":"category","embeddable":true,"href":"https:\/\/portalnpm.com\/index.php\/wp-json\/wp\/v2\/categories?post=49865"},{"taxonomy":"post_tag","embeddable":true,"href":"https:\/\/portalnpm.com\/index.php\/wp-json\/wp\/v2\/tags?post=49865"}],"curies":[{"name":"wp","href":"https:\/\/api.w.org\/{rel}","templated":true}]}}