{"id":49895,"date":"2023-11-06T14:46:39","date_gmt":"2023-11-06T17:46:39","guid":{"rendered":"https:\/\/portalnpm.com\/?p=49895"},"modified":"2023-11-06T14:46:39","modified_gmt":"2023-11-06T17:46:39","slug":"diniz-convoca-endrick-para-jogos-da-selecao-nas-eliminatorias-veja-lista-completa","status":"publish","type":"post","link":"https:\/\/portalnpm.com\/index.php\/2023\/11\/06\/diniz-convoca-endrick-para-jogos-da-selecao-nas-eliminatorias-veja-lista-completa\/","title":{"rendered":"Diniz convoca Endrick para jogos da Sele\u00e7\u00e3o nas Eliminat\u00f3rias; veja lista completa"},"content":{"rendered":"<div class=\"imageContainer\">\n<div class=\"imageContainer__element\"><\/div>\n<\/div>\n<div class=\"fsNewsArticle__content\" style=\"text-align: justify;\">\n<blockquote><p>O t\u00e9cnico Fernando Diniz anunciou nesta segunda-feira (6) os convocados da Sele\u00e7\u00e3o para os jogos de novembro nas Eliminat\u00f3rias da Copa do Mundo. A grande novidade da lista \u00e9 o atacante Endrick, do Palmeiras, que estrear\u00e1 com a amarelinha aos 17 anos.<\/p><\/blockquote>\n<p>Diniz trouxe outras surpresas na lista, sobretudo no ataque. Entre elas est\u00e3o\u00a0<a href=\"https:\/\/www.flashscore.com.br\/jogador\/paulinho\/GExeArGJ\/\">Paulinho<\/a>, do Atl\u00e9tico-MG,\u00a0<a href=\"https:\/\/www.flashscore.com.br\/jogador\/pep\/6RPxL1Z4\/\">Pep\u00ea<\/a>, do Porto, e\u00a0<a href=\"https:\/\/www.flashscore.com.br\/jogador\/joao-pedro\/CAmJERl2\/\">Jo\u00e3o Pedro<\/a>, do Brighton. No meio-campo, o treinador promoveu os retornos de\u00a0<a href=\"https:\/\/www.flashscore.com.br\/jogador\/douglas-luiz\/IZxlmmuF\/\">Douglas Luiz<\/a>, do Aston Villa, e\u00a0<a href=\"https:\/\/www.flashscore.com.br\/jogador\/joelinton\/EBZ36WE4\/\">Joelinton<\/a>, do Newcastle.<\/p>\n<div class=\"adsenvelopeCont\">\n<div id=\"lsadvert-zid-6085\" class=\"adsenvelope adstextpad banx-fsnews_article\">\n<div class=\"ads__text ads__text--h\"><\/div>\n<\/div>\n<\/div>\n<p>A\u00a0<a href=\"https:\/\/www.flashscore.com.br\/equipe\/brasil\/I9l9aqLq\/\">Sele\u00e7\u00e3o<\/a>\u00a0volta a campo em\u00a0<b>16 de novembro<\/b>,\u00a0<a href=\"https:\/\/www.flashscore.com.br\/jogo\/b9Z6RymI\/#\/resumo-de-jogo\/\">contra a Col\u00f4mbia<\/a>, em Barranquilla, \u00e0s 21h, pela 5\u00aa rodada das\u00a0<a href=\"https:\/\/www.flashscore.com.br\/futebol\/mundo\/copa-do-mundo\/\">Eliminat\u00f3rias<\/a>. No dia 21, o Brasil faz\u00a0<a href=\"https:\/\/www.flashscore.com.br\/jogo\/vTjxsHn5\/#\/resumo-de-jogo\/\">cl\u00e1ssico com a Argentina<\/a>\u00a0no Maracan\u00e3, \u00e0s 21h30.<\/p>\n<div class=\"imageContainer\">\n<div class=\"imageContainer__element\">\n<figure class=\"ui-media ui-media--article ui-media--preview\"><picture class=\"ui-media__placeholder\"><source srcset=\"https:\/\/livesport-ott-images.ssl.cdn.cra.cz\/r120xfq60\/8b13dd11-ed12-46ce-a51d-b6e794203cd3.avif 120w, https:\/\/livesport-ott-images.ssl.cdn.cra.cz\/r300xfq60\/8b13dd11-ed12-46ce-a51d-b6e794203cd3.avif 300w, https:\/\/livesport-ott-images.ssl.cdn.cra.cz\/r600xfq60\/8b13dd11-ed12-46ce-a51d-b6e794203cd3.avif 600w, https:\/\/livesport-ott-images.ssl.cdn.cra.cz\/r900xfq60\/8b13dd11-ed12-46ce-a51d-b6e794203cd3.avif 900w, https:\/\/livesport-ott-images.ssl.cdn.cra.cz\/r1200xfq60\/8b13dd11-ed12-46ce-a51d-b6e794203cd3.avif 1200w\" type=\"image\/avif\" sizes=\"(max-width: 1047px) 100vw, 614px\" \/><source srcset=\"https:\/\/livesport-ott-images.ssl.cdn.cra.cz\/r120xfq60\/8b13dd11-ed12-46ce-a51d-b6e794203cd3.webp 120w, https:\/\/livesport-ott-images.ssl.cdn.cra.cz\/r300xfq60\/8b13dd11-ed12-46ce-a51d-b6e794203cd3.webp 300w, https:\/\/livesport-ott-images.ssl.cdn.cra.cz\/r600xfq60\/8b13dd11-ed12-46ce-a51d-b6e794203cd3.webp 600w, https:\/\/livesport-ott-images.ssl.cdn.cra.cz\/r900xfq60\/8b13dd11-ed12-46ce-a51d-b6e794203cd3.webp 900w, https:\/\/livesport-ott-images.ssl.cdn.cra.cz\/r1200xfq60\/8b13dd11-ed12-46ce-a51d-b6e794203cd3.webp 1200w\" type=\"image\/webp\" sizes=\"(max-width: 1047px) 100vw, 614px\" \/><source srcset=\"https:\/\/livesport-ott-images.ssl.cdn.cra.cz\/r120xfq60\/8b13dd11-ed12-46ce-a51d-b6e794203cd3.jpg 120w, https:\/\/livesport-ott-images.ssl.cdn.cra.cz\/r300xfq60\/8b13dd11-ed12-46ce-a51d-b6e794203cd3.jpg 300w, https:\/\/livesport-ott-images.ssl.cdn.cra.cz\/r600xfq60\/8b13dd11-ed12-46ce-a51d-b6e794203cd3.jpg 600w, https:\/\/livesport-ott-images.ssl.cdn.cra.cz\/r900xfq60\/8b13dd11-ed12-46ce-a51d-b6e794203cd3.jpg 900w, https:\/\/livesport-ott-images.ssl.cdn.cra.cz\/r1200xfq60\/8b13dd11-ed12-46ce-a51d-b6e794203cd3.jpg 1200w\" type=\"image\/jpeg\" sizes=\"(max-width: 1047px) 100vw, 614px\" \/><img decoding=\"async\" class=\"ui-media__image ui-media__image--loaded\" title=\"Endrick \u00e9 a grande surpresa na lista de Diniz\" src=\"https:\/\/livesport-ott-images.ssl.cdn.cra.cz\/r900xfq60\/8b13dd11-ed12-46ce-a51d-b6e794203cd3.jpg\" alt=\"Endrick \u00e9 a grande surpresa na lista de Diniz\" \/><\/picture><figcaption class=\"ui-media__caption fsNewsArticle__provider\">\n<div class=\"fsNewsArticle__label\">Endrick \u00e9 a grande surpresa na lista de Diniz<\/div>\n<p>AFP<\/figcaption><\/figure>\n<\/div>\n<\/div>\n<h2>Confira a convoca\u00e7\u00e3o completa da Sele\u00e7\u00e3o Brasileira:<\/h2>\n<p><b>Goleiros:<\/b><\/p>\n<p>Alisson (Liverpool)<br \/>\nEderson (Manchester City)<br \/>\nLucas Perri (Botafogo)<\/p>\n<p><b>Laterais:<\/b><\/p>\n<p>Emerson Royal (Tottenham)<br \/>\nCarlos Augusto (Inter de Mil\u00e3o)<br \/>\nRenan Lodi (Olympique de Marselha)<\/p>\n<p><b>Zagueiros:<\/b><\/p>\n<p>Bremer (Juventus)<br \/>\nGabriel Magalh\u00e3es (Arsenal)<br \/>\nMarquinhos (PSG)<br \/>\nNino (Fluminense)<\/p>\n<p><b>Meias:<\/b><\/p>\n<p>Andr\u00e9 (Fluminense)<br \/>\nBruno Guimar\u00e3es (Newcastle)<br \/>\nDouglas Luiz (Aston Villa)<br \/>\nJoelinton (Newcastle)<br \/>\nRaphael Veiga (Palmeiras)<\/p>\n<p><b>Atacantes:<\/b><\/p>\n<p>Rodrygo (Real Madrid)<br \/>\nEndrick (Palmeiras)<br \/>\nGabriel Jesus (Arsenal)<br \/>\nGabriel Martinelli (Arsenal)<br \/>\nJo\u00e3o Pedro (Brighton)<br \/>\nPaulinho (Atl\u00e9tico-MG)<br \/>\nPep\u00ea (Porto)<br \/>\nRaphinha (Barcelona)<br \/>\nVin\u00edcius J\u00fanior (Real Madrid.<\/p>\n<\/div>\n<p style=\"text-align: justify;\">Por Flashcore<\/p>\n","protected":false},"excerpt":{"rendered":"<p>O t\u00e9cnico Fernando Diniz anunciou nesta segunda-feira (6) os convocados da Sele\u00e7\u00e3o para os jogos de novembro nas Eliminat\u00f3rias da Copa do Mundo. A grande novidade da lista \u00e9 o atacante Endrick, do Palmeiras, que estrear\u00e1 com a amarelinha aos 17 anos. Diniz trouxe outras surpresas na lista, sobretudo no ataque. Entre elas est\u00e3o\u00a0Paulinho, do &hellip;<\/p>\n","protected":false},"author":2,"featured_media":49896,"comment_status":"open","ping_status":"open","sticky":false,"template":"","format":"standard","meta":{"content-type":"","rop_custom_images_group":[],"rop_custom_messages_group":[],"rop_publish_now":"initial","rop_publish_now_accounts":{"facebook_2648258775420054_1618374048415101":""},"rop_publish_now_history":[],"rop_publish_now_status":"pending","footnotes":"","_jetpack_memberships_contains_paid_content":false},"categories":[108],"tags":[4830,1160],"yoast_head":"<!-- This site is optimized with the Yoast SEO plugin v22.3 - https:\/\/yoast.com\/wordpress\/plugins\/seo\/ -->\n<title>Diniz convoca Endrick para jogos da Sele\u00e7\u00e3o nas Eliminat\u00f3rias; veja lista completa - Portal NPM<\/title>\n<meta name=\"robots\" content=\"index, follow, max-snippet:-1, max-image-preview:large, max-video-preview:-1\" \/>\n<link rel=\"canonical\" href=\"https:\/\/portalnpm.com\/index.php\/2023\/11\/06\/diniz-convoca-endrick-para-jogos-da-selecao-nas-eliminatorias-veja-lista-completa\/\" \/>\n<meta property=\"og:locale\" content=\"pt_BR\" \/>\n<meta property=\"og:type\" content=\"article\" \/>\n<meta property=\"og:title\" content=\"Diniz convoca Endrick para jogos da Sele\u00e7\u00e3o nas Eliminat\u00f3rias; veja lista completa - Portal NPM\" \/>\n<meta property=\"og:description\" content=\"O t\u00e9cnico Fernando Diniz anunciou nesta segunda-feira (6) os convocados da Sele\u00e7\u00e3o para os jogos de novembro nas Eliminat\u00f3rias da Copa do Mundo. A grande novidade da lista \u00e9 o atacante Endrick, do Palmeiras, que estrear\u00e1 com a amarelinha aos 17 anos. Diniz trouxe outras surpresas na lista, sobretudo no ataque. Entre elas est\u00e3o\u00a0Paulinho, do &hellip;\" \/>\n<meta property=\"og:url\" content=\"https:\/\/portalnpm.com\/index.php\/2023\/11\/06\/diniz-convoca-endrick-para-jogos-da-selecao-nas-eliminatorias-veja-lista-completa\/\" \/>\n<meta property=\"og:site_name\" content=\"Portal NPM\" \/>\n<meta property=\"article:published_time\" content=\"2023-11-06T17:46:39+00:00\" \/>\n<meta name=\"author\" content=\"Genival Barbosa\" \/>\n<meta name=\"twitter:card\" content=\"summary_large_image\" \/>\n<meta name=\"twitter:label1\" content=\"Escrito por\" \/>\n\t<meta name=\"twitter:data1\" content=\"Genival Barbosa\" \/>\n\t<meta name=\"twitter:label2\" content=\"Est. tempo de leitura\" \/>\n\t<meta name=\"twitter:data2\" content=\"2 minutos\" \/>\n<script type=\"application\/ld+json\" class=\"yoast-schema-graph\">{\"@context\":\"https:\/\/schema.org\",\"@graph\":[{\"@type\":\"WebPage\",\"@id\":\"https:\/\/portalnpm.com\/index.php\/2023\/11\/06\/diniz-convoca-endrick-para-jogos-da-selecao-nas-eliminatorias-veja-lista-completa\/\",\"url\":\"https:\/\/portalnpm.com\/index.php\/2023\/11\/06\/diniz-convoca-endrick-para-jogos-da-selecao-nas-eliminatorias-veja-lista-completa\/\",\"name\":\"Diniz convoca Endrick para jogos da Sele\u00e7\u00e3o nas Eliminat\u00f3rias; veja lista completa - Portal NPM\",\"isPartOf\":{\"@id\":\"https:\/\/portalnpm.com\/#website\"},\"primaryImageOfPage\":{\"@id\":\"https:\/\/portalnpm.com\/index.php\/2023\/11\/06\/diniz-convoca-endrick-para-jogos-da-selecao-nas-eliminatorias-veja-lista-completa\/#primaryimage\"},\"image\":{\"@id\":\"https:\/\/portalnpm.com\/index.php\/2023\/11\/06\/diniz-convoca-endrick-para-jogos-da-selecao-nas-eliminatorias-veja-lista-completa\/#primaryimage\"},\"thumbnailUrl\":\"\",\"datePublished\":\"2023-11-06T17:46:39+00:00\",\"dateModified\":\"2023-11-06T17:46:39+00:00\",\"author\":{\"@id\":\"https:\/\/portalnpm.com\/#\/schema\/person\/49313e563cfdefcc167f1ee4c017c294\"},\"breadcrumb\":{\"@id\":\"https:\/\/portalnpm.com\/index.php\/2023\/11\/06\/diniz-convoca-endrick-para-jogos-da-selecao-nas-eliminatorias-veja-lista-completa\/#breadcrumb\"},\"inLanguage\":\"pt-BR\",\"potentialAction\":[{\"@type\":\"ReadAction\",\"target\":[\"https:\/\/portalnpm.com\/index.php\/2023\/11\/06\/diniz-convoca-endrick-para-jogos-da-selecao-nas-eliminatorias-veja-lista-completa\/\"]}]},{\"@type\":\"ImageObject\",\"inLanguage\":\"pt-BR\",\"@id\":\"https:\/\/portalnpm.com\/index.php\/2023\/11\/06\/diniz-convoca-endrick-para-jogos-da-selecao-nas-eliminatorias-veja-lista-completa\/#primaryimage\",\"url\":\"\",\"contentUrl\":\"\"},{\"@type\":\"BreadcrumbList\",\"@id\":\"https:\/\/portalnpm.com\/index.php\/2023\/11\/06\/diniz-convoca-endrick-para-jogos-da-selecao-nas-eliminatorias-veja-lista-completa\/#breadcrumb\",\"itemListElement\":[{\"@type\":\"ListItem\",\"position\":1,\"name\":\"In\u00edcio\",\"item\":\"https:\/\/portalnpm.com\/\"},{\"@type\":\"ListItem\",\"position\":2,\"name\":\"Diniz convoca Endrick para jogos da Sele\u00e7\u00e3o nas Eliminat\u00f3rias; veja lista completa\"}]},{\"@type\":\"WebSite\",\"@id\":\"https:\/\/portalnpm.com\/#website\",\"url\":\"https:\/\/portalnpm.com\/\",\"name\":\"Portal NPM\",\"description\":\"Not\u00edcias em Primeira M\u00e3o\",\"potentialAction\":[{\"@type\":\"SearchAction\",\"target\":{\"@type\":\"EntryPoint\",\"urlTemplate\":\"https:\/\/portalnpm.com\/?s={search_term_string}\"},\"query-input\":\"required name=search_term_string\"}],\"inLanguage\":\"pt-BR\"},{\"@type\":\"Person\",\"@id\":\"https:\/\/portalnpm.com\/#\/schema\/person\/49313e563cfdefcc167f1ee4c017c294\",\"name\":\"Genival Barbosa\",\"image\":{\"@type\":\"ImageObject\",\"inLanguage\":\"pt-BR\",\"@id\":\"https:\/\/portalnpm.com\/#\/schema\/person\/image\/\",\"url\":\"https:\/\/portalnpm.com\/wp-content\/uploads\/2024\/02\/avatar_user_2_1707743258-96x96.jpeg\",\"contentUrl\":\"https:\/\/portalnpm.com\/wp-content\/uploads\/2024\/02\/avatar_user_2_1707743258-96x96.jpeg\",\"caption\":\"Genival Barbosa\"},\"url\":\"https:\/\/portalnpm.com\/index.php\/author\/genival\/\"}]}<\/script>\n<!-- \/ Yoast SEO plugin. -->","yoast_head_json":{"title":"Diniz convoca Endrick para jogos da Sele\u00e7\u00e3o nas Eliminat\u00f3rias; veja lista completa - Portal NPM","robots":{"index":"index","follow":"follow","max-snippet":"max-snippet:-1","max-image-preview":"max-image-preview:large","max-video-preview":"max-video-preview:-1"},"canonical":"https:\/\/portalnpm.com\/index.php\/2023\/11\/06\/diniz-convoca-endrick-para-jogos-da-selecao-nas-eliminatorias-veja-lista-completa\/","og_locale":"pt_BR","og_type":"article","og_title":"Diniz convoca Endrick para jogos da Sele\u00e7\u00e3o nas Eliminat\u00f3rias; veja lista completa - Portal NPM","og_description":"O t\u00e9cnico Fernando Diniz anunciou nesta segunda-feira (6) os convocados da Sele\u00e7\u00e3o para os jogos de novembro nas Eliminat\u00f3rias da Copa do Mundo. A grande novidade da lista \u00e9 o atacante Endrick, do Palmeiras, que estrear\u00e1 com a amarelinha aos 17 anos. Diniz trouxe outras surpresas na lista, sobretudo no ataque. Entre elas est\u00e3o\u00a0Paulinho, do &hellip;","og_url":"https:\/\/portalnpm.com\/index.php\/2023\/11\/06\/diniz-convoca-endrick-para-jogos-da-selecao-nas-eliminatorias-veja-lista-completa\/","og_site_name":"Portal NPM","article_published_time":"2023-11-06T17:46:39+00:00","author":"Genival Barbosa","twitter_card":"summary_large_image","twitter_misc":{"Escrito por":"Genival Barbosa","Est. tempo de leitura":"2 minutos"},"schema":{"@context":"https:\/\/schema.org","@graph":[{"@type":"WebPage","@id":"https:\/\/portalnpm.com\/index.php\/2023\/11\/06\/diniz-convoca-endrick-para-jogos-da-selecao-nas-eliminatorias-veja-lista-completa\/","url":"https:\/\/portalnpm.com\/index.php\/2023\/11\/06\/diniz-convoca-endrick-para-jogos-da-selecao-nas-eliminatorias-veja-lista-completa\/","name":"Diniz convoca Endrick para jogos da Sele\u00e7\u00e3o nas Eliminat\u00f3rias; veja lista completa - Portal NPM","isPartOf":{"@id":"https:\/\/portalnpm.com\/#website"},"primaryImageOfPage":{"@id":"https:\/\/portalnpm.com\/index.php\/2023\/11\/06\/diniz-convoca-endrick-para-jogos-da-selecao-nas-eliminatorias-veja-lista-completa\/#primaryimage"},"image":{"@id":"https:\/\/portalnpm.com\/index.php\/2023\/11\/06\/diniz-convoca-endrick-para-jogos-da-selecao-nas-eliminatorias-veja-lista-completa\/#primaryimage"},"thumbnailUrl":"","datePublished":"2023-11-06T17:46:39+00:00","dateModified":"2023-11-06T17:46:39+00:00","author":{"@id":"https:\/\/portalnpm.com\/#\/schema\/person\/49313e563cfdefcc167f1ee4c017c294"},"breadcrumb":{"@id":"https:\/\/portalnpm.com\/index.php\/2023\/11\/06\/diniz-convoca-endrick-para-jogos-da-selecao-nas-eliminatorias-veja-lista-completa\/#breadcrumb"},"inLanguage":"pt-BR","potentialAction":[{"@type":"ReadAction","target":["https:\/\/portalnpm.com\/index.php\/2023\/11\/06\/diniz-convoca-endrick-para-jogos-da-selecao-nas-eliminatorias-veja-lista-completa\/"]}]},{"@type":"ImageObject","inLanguage":"pt-BR","@id":"https:\/\/portalnpm.com\/index.php\/2023\/11\/06\/diniz-convoca-endrick-para-jogos-da-selecao-nas-eliminatorias-veja-lista-completa\/#primaryimage","url":"","contentUrl":""},{"@type":"BreadcrumbList","@id":"https:\/\/portalnpm.com\/index.php\/2023\/11\/06\/diniz-convoca-endrick-para-jogos-da-selecao-nas-eliminatorias-veja-lista-completa\/#breadcrumb","itemListElement":[{"@type":"ListItem","position":1,"name":"In\u00edcio","item":"https:\/\/portalnpm.com\/"},{"@type":"ListItem","position":2,"name":"Diniz convoca Endrick para jogos da Sele\u00e7\u00e3o nas Eliminat\u00f3rias; veja lista completa"}]},{"@type":"WebSite","@id":"https:\/\/portalnpm.com\/#website","url":"https:\/\/portalnpm.com\/","name":"Portal NPM","description":"Not\u00edcias em Primeira M\u00e3o","potentialAction":[{"@type":"SearchAction","target":{"@type":"EntryPoint","urlTemplate":"https:\/\/portalnpm.com\/?s={search_term_string}"},"query-input":"required name=search_term_string"}],"inLanguage":"pt-BR"},{"@type":"Person","@id":"https:\/\/portalnpm.com\/#\/schema\/person\/49313e563cfdefcc167f1ee4c017c294","name":"Genival Barbosa","image":{"@type":"ImageObject","inLanguage":"pt-BR","@id":"https:\/\/portalnpm.com\/#\/schema\/person\/image\/","url":"https:\/\/portalnpm.com\/wp-content\/uploads\/2024\/02\/avatar_user_2_1707743258-96x96.jpeg","contentUrl":"https:\/\/portalnpm.com\/wp-content\/uploads\/2024\/02\/avatar_user_2_1707743258-96x96.jpeg","caption":"Genival Barbosa"},"url":"https:\/\/portalnpm.com\/index.php\/author\/genival\/"}]}},"jetpack_sharing_enabled":true,"jetpack_featured_media_url":"","_links":{"self":[{"href":"https:\/\/portalnpm.com\/index.php\/wp-json\/wp\/v2\/posts\/49895"}],"collection":[{"href":"https:\/\/portalnpm.com\/index.php\/wp-json\/wp\/v2\/posts"}],"about":[{"href":"https:\/\/portalnpm.com\/index.php\/wp-json\/wp\/v2\/types\/post"}],"author":[{"embeddable":true,"href":"https:\/\/portalnpm.com\/index.php\/wp-json\/wp\/v2\/users\/2"}],"replies":[{"embeddable":true,"href":"https:\/\/portalnpm.com\/index.php\/wp-json\/wp\/v2\/comments?post=49895"}],"version-history":[{"count":0,"href":"https:\/\/portalnpm.com\/index.php\/wp-json\/wp\/v2\/posts\/49895\/revisions"}],"wp:featuredmedia":[{"embeddable":true,"href":"https:\/\/portalnpm.com\/index.php\/wp-json\/"}],"wp:attachment":[{"href":"https:\/\/portalnpm.com\/index.php\/wp-json\/wp\/v2\/media?parent=49895"}],"wp:term":[{"taxonomy":"category","embeddable":true,"href":"https:\/\/portalnpm.com\/index.php\/wp-json\/wp\/v2\/categories?post=49895"},{"taxonomy":"post_tag","embeddable":true,"href":"https:\/\/portalnpm.com\/index.php\/wp-json\/wp\/v2\/tags?post=49895"}],"curies":[{"name":"wp","href":"https:\/\/api.w.org\/{rel}","templated":true}]}}