{"id":50083,"date":"2023-11-20T11:11:13","date_gmt":"2023-11-20T14:11:13","guid":{"rendered":"https:\/\/portalnpm.com\/?p=50083"},"modified":"2023-11-20T11:11:13","modified_gmt":"2023-11-20T14:11:13","slug":"cantor-e-baleado-em-briga-de-transito-na-avenida-joao-xxiii-em-teresina","status":"publish","type":"post","link":"https:\/\/portalnpm.com\/index.php\/2023\/11\/20\/cantor-e-baleado-em-briga-de-transito-na-avenida-joao-xxiii-em-teresina\/","title":{"rendered":"Cantor \u00e9 baleado em briga de tr\u00e2nsito na Avenida Jo\u00e3o XXIII em Teresina"},"content":{"rendered":"<p style=\"text-align: justify;\">\n<p style=\"text-align: justify;\"><iframe id=\"instagram-embed-0\" class=\"instagram-media instagram-media-rendered\" src=\"https:\/\/www.instagram.com\/p\/CuVfZcctLr7\/embed\/captioned\/?cr=1&amp;v=14&amp;wp=990&amp;rd=https%3A%2F%2Fcidadeverde.com&amp;rp=%2Fnoticias%2F403038%2Fcantor-e-baleado-em-briga-de-transito-na-avenida-joao-xxiii-em-teresina#%7B%22ci%22%3A0%2C%22os%22%3A665.8999998569489%2C%22ls%22%3A228.59999990463257%2C%22le%22%3A280.2999999523163%7D\" height=\"771\" frameborder=\"0\" scrolling=\"no\" allowfullscreen=\"allowfullscreen\" data-instgrm-payload-id=\"instagram-media-payload-0\" data-mce-fragment=\"1\"><\/iframe><\/p>\n<p style=\"text-align: justify;\">\n<p style=\"text-align: justify;\"><strong>Por B\u00e1rbara Rodrigues do Cidade Verde\u00a0<\/strong><\/p>\n<p style=\"text-align: justify;\">O cantor Eduardo Falc\u00e3o foi baleado na perna durante uma briga de tr\u00e2nsito na Avenida Jo\u00e3o XXIII, na zona leste de Teresina, na noite de s\u00e1bado (18). Pelas redes sociais o cantor explicou como aconteceu a ocorr\u00eancia.<\/p>\n<p style=\"text-align: justify;\">Segundo o cantor, o caso ocorreu quando trafegava de motocicleta pela Avenida Jo\u00e3o XXIII, e o motorista de um carro realizou uma manobra, que quase causou uma colis\u00e3o. Ele disse que ao buzinar para o motorista, ocorreu o disparo de arma de fogo.<\/p>\n<blockquote><p>\u201cEu estava vindo na Avenida e entrou um carro do nada na avenida, e eu desvie para outro lado, e quase ia batendo. Eu buzinei, e quando fui para o acostamento em frente a Havan, esse cara baixou o vidro do lado dele, e de onde ele estava, ele atirou. Na hora eu n\u00e3o estava acreditando que isso estava acontecendo comigo, n\u00e3o sou bandido, fichado, n\u00e3o fa\u00e7o mal para ningu\u00e9m, n\u00e3o sou uma pessoa ruim, n\u00e3o sei porque teve esse acontecimento, mas que bom que nada aconteceu\u201d, afirmou.<\/p><\/blockquote>\n<p style=\"text-align: justify;\">Eduardo Falc\u00e3o foi baleado na perna esquerda. Ele foi socorrido e encaminhado para o Hospital de Urg\u00eancia de Teresina (HUT), onde foi atendido e j\u00e1 foi liberado.<\/p>\n<p style=\"text-align: justify;\">\n<p style=\"text-align: justify;\"><iframe id=\"instagram-embed-1\" class=\"instagram-media instagram-media-rendered\" src=\"https:\/\/www.instagram.com\/reel\/Cz1GffcLmoD\/embed\/?cr=1&amp;v=14&amp;wp=990&amp;rd=https%3A%2F%2Fcidadeverde.com&amp;rp=%2Fnoticias%2F403038%2Fcantor-e-baleado-em-briga-de-transito-na-avenida-joao-xxiii-em-teresina#%7B%22ci%22%3A1%2C%22os%22%3A672.5999999046326%2C%22ls%22%3A228.59999990463257%2C%22le%22%3A280.2999999523163%7D\" height=\"647\" frameborder=\"0\" scrolling=\"no\" allowfullscreen=\"allowfullscreen\" data-instgrm-payload-id=\"instagram-media-payload-1\" data-mce-fragment=\"1\"><\/iframe><\/p>\n<p style=\"text-align: justify;\">\n<p style=\"text-align: justify;\">Ele afirmou que agora est\u00e1 bem e que vai ter que ficar tr\u00eas semanas sem trabalhar devido ao ferimento.<\/p>\n<p style=\"text-align: justify;\">\u201cApesar do susto, eu estou bem, j\u00e1 estou em casa. Eu levei um tiro na perna, atravessou, Gra\u00e7as a Deus n\u00e3o ficou alojada na perna, n\u00e3o pegou nem osso e art\u00e9ria. S\u00e3o tr\u00eas semanas sem trabalhar, s\u00f3 de repouso, sem ganhar nada. Vai me atrasar um pouco, mas o importante \u00e9 que eu estou bem. Foi um livramento, eu estou bem, gra\u00e7as a deus, n\u00e3o foi nada de grave\u201d, declarou.<\/p>\n<p style=\"text-align: justify;\">Fonte: Cidade Verde<\/p>\n","protected":false},"excerpt":{"rendered":"<p>Por B\u00e1rbara Rodrigues do Cidade Verde\u00a0 O cantor Eduardo Falc\u00e3o foi baleado na perna durante uma briga de tr\u00e2nsito na Avenida Jo\u00e3o XXIII, na zona leste de Teresina, na noite de s\u00e1bado (18). Pelas redes sociais o cantor explicou como aconteceu a ocorr\u00eancia. Segundo o cantor, o caso ocorreu quando trafegava de motocicleta pela Avenida &hellip;<\/p>\n","protected":false},"author":2,"featured_media":0,"comment_status":"open","ping_status":"open","sticky":false,"template":"","format":"standard","meta":{"content-type":"","rop_custom_images_group":[],"rop_custom_messages_group":[],"rop_publish_now":"initial","rop_publish_now_accounts":{"facebook_2648258775420054_1618374048415101":""},"rop_publish_now_history":[],"rop_publish_now_status":"pending","footnotes":"","_jetpack_memberships_contains_paid_content":false},"categories":[145],"tags":[2909,766],"yoast_head":"<!-- This site is optimized with the Yoast SEO plugin v22.3 - https:\/\/yoast.com\/wordpress\/plugins\/seo\/ -->\n<title>Cantor \u00e9 baleado em briga de tr\u00e2nsito na Avenida Jo\u00e3o XXIII em Teresina - Portal NPM<\/title>\n<meta name=\"robots\" content=\"index, follow, max-snippet:-1, max-image-preview:large, max-video-preview:-1\" \/>\n<link rel=\"canonical\" href=\"https:\/\/portalnpm.com\/index.php\/2023\/11\/20\/cantor-e-baleado-em-briga-de-transito-na-avenida-joao-xxiii-em-teresina\/\" \/>\n<meta property=\"og:locale\" content=\"pt_BR\" \/>\n<meta property=\"og:type\" content=\"article\" \/>\n<meta property=\"og:title\" content=\"Cantor \u00e9 baleado em briga de tr\u00e2nsito na Avenida Jo\u00e3o XXIII em Teresina - Portal NPM\" \/>\n<meta property=\"og:description\" content=\"Por B\u00e1rbara Rodrigues do Cidade Verde\u00a0 O cantor Eduardo Falc\u00e3o foi baleado na perna durante uma briga de tr\u00e2nsito na Avenida Jo\u00e3o XXIII, na zona leste de Teresina, na noite de s\u00e1bado (18). Pelas redes sociais o cantor explicou como aconteceu a ocorr\u00eancia. Segundo o cantor, o caso ocorreu quando trafegava de motocicleta pela Avenida &hellip;\" \/>\n<meta property=\"og:url\" content=\"https:\/\/portalnpm.com\/index.php\/2023\/11\/20\/cantor-e-baleado-em-briga-de-transito-na-avenida-joao-xxiii-em-teresina\/\" \/>\n<meta property=\"og:site_name\" content=\"Portal NPM\" \/>\n<meta property=\"article:published_time\" content=\"2023-11-20T14:11:13+00:00\" \/>\n<meta name=\"author\" content=\"Genival Barbosa\" \/>\n<meta name=\"twitter:card\" content=\"summary_large_image\" \/>\n<meta name=\"twitter:label1\" content=\"Escrito por\" \/>\n\t<meta name=\"twitter:data1\" content=\"Genival Barbosa\" \/>\n\t<meta name=\"twitter:label2\" content=\"Est. tempo de leitura\" \/>\n\t<meta name=\"twitter:data2\" content=\"2 minutos\" \/>\n<script type=\"application\/ld+json\" class=\"yoast-schema-graph\">{\"@context\":\"https:\/\/schema.org\",\"@graph\":[{\"@type\":\"WebPage\",\"@id\":\"https:\/\/portalnpm.com\/index.php\/2023\/11\/20\/cantor-e-baleado-em-briga-de-transito-na-avenida-joao-xxiii-em-teresina\/\",\"url\":\"https:\/\/portalnpm.com\/index.php\/2023\/11\/20\/cantor-e-baleado-em-briga-de-transito-na-avenida-joao-xxiii-em-teresina\/\",\"name\":\"Cantor \u00e9 baleado em briga de tr\u00e2nsito na Avenida Jo\u00e3o XXIII em Teresina - Portal NPM\",\"isPartOf\":{\"@id\":\"https:\/\/portalnpm.com\/#website\"},\"datePublished\":\"2023-11-20T14:11:13+00:00\",\"dateModified\":\"2023-11-20T14:11:13+00:00\",\"author\":{\"@id\":\"https:\/\/portalnpm.com\/#\/schema\/person\/49313e563cfdefcc167f1ee4c017c294\"},\"breadcrumb\":{\"@id\":\"https:\/\/portalnpm.com\/index.php\/2023\/11\/20\/cantor-e-baleado-em-briga-de-transito-na-avenida-joao-xxiii-em-teresina\/#breadcrumb\"},\"inLanguage\":\"pt-BR\",\"potentialAction\":[{\"@type\":\"ReadAction\",\"target\":[\"https:\/\/portalnpm.com\/index.php\/2023\/11\/20\/cantor-e-baleado-em-briga-de-transito-na-avenida-joao-xxiii-em-teresina\/\"]}]},{\"@type\":\"BreadcrumbList\",\"@id\":\"https:\/\/portalnpm.com\/index.php\/2023\/11\/20\/cantor-e-baleado-em-briga-de-transito-na-avenida-joao-xxiii-em-teresina\/#breadcrumb\",\"itemListElement\":[{\"@type\":\"ListItem\",\"position\":1,\"name\":\"In\u00edcio\",\"item\":\"https:\/\/portalnpm.com\/\"},{\"@type\":\"ListItem\",\"position\":2,\"name\":\"Cantor \u00e9 baleado em briga de tr\u00e2nsito na Avenida Jo\u00e3o XXIII em Teresina\"}]},{\"@type\":\"WebSite\",\"@id\":\"https:\/\/portalnpm.com\/#website\",\"url\":\"https:\/\/portalnpm.com\/\",\"name\":\"Portal NPM\",\"description\":\"Not\u00edcias em Primeira M\u00e3o\",\"potentialAction\":[{\"@type\":\"SearchAction\",\"target\":{\"@type\":\"EntryPoint\",\"urlTemplate\":\"https:\/\/portalnpm.com\/?s={search_term_string}\"},\"query-input\":\"required name=search_term_string\"}],\"inLanguage\":\"pt-BR\"},{\"@type\":\"Person\",\"@id\":\"https:\/\/portalnpm.com\/#\/schema\/person\/49313e563cfdefcc167f1ee4c017c294\",\"name\":\"Genival Barbosa\",\"image\":{\"@type\":\"ImageObject\",\"inLanguage\":\"pt-BR\",\"@id\":\"https:\/\/portalnpm.com\/#\/schema\/person\/image\/\",\"url\":\"https:\/\/portalnpm.com\/wp-content\/uploads\/2024\/02\/avatar_user_2_1707743258-96x96.jpeg\",\"contentUrl\":\"https:\/\/portalnpm.com\/wp-content\/uploads\/2024\/02\/avatar_user_2_1707743258-96x96.jpeg\",\"caption\":\"Genival Barbosa\"},\"url\":\"https:\/\/portalnpm.com\/index.php\/author\/genival\/\"}]}<\/script>\n<!-- \/ Yoast SEO plugin. -->","yoast_head_json":{"title":"Cantor \u00e9 baleado em briga de tr\u00e2nsito na Avenida Jo\u00e3o XXIII em Teresina - Portal NPM","robots":{"index":"index","follow":"follow","max-snippet":"max-snippet:-1","max-image-preview":"max-image-preview:large","max-video-preview":"max-video-preview:-1"},"canonical":"https:\/\/portalnpm.com\/index.php\/2023\/11\/20\/cantor-e-baleado-em-briga-de-transito-na-avenida-joao-xxiii-em-teresina\/","og_locale":"pt_BR","og_type":"article","og_title":"Cantor \u00e9 baleado em briga de tr\u00e2nsito na Avenida Jo\u00e3o XXIII em Teresina - Portal NPM","og_description":"Por B\u00e1rbara Rodrigues do Cidade Verde\u00a0 O cantor Eduardo Falc\u00e3o foi baleado na perna durante uma briga de tr\u00e2nsito na Avenida Jo\u00e3o XXIII, na zona leste de Teresina, na noite de s\u00e1bado (18). Pelas redes sociais o cantor explicou como aconteceu a ocorr\u00eancia. Segundo o cantor, o caso ocorreu quando trafegava de motocicleta pela Avenida &hellip;","og_url":"https:\/\/portalnpm.com\/index.php\/2023\/11\/20\/cantor-e-baleado-em-briga-de-transito-na-avenida-joao-xxiii-em-teresina\/","og_site_name":"Portal NPM","article_published_time":"2023-11-20T14:11:13+00:00","author":"Genival Barbosa","twitter_card":"summary_large_image","twitter_misc":{"Escrito por":"Genival Barbosa","Est. tempo de leitura":"2 minutos"},"schema":{"@context":"https:\/\/schema.org","@graph":[{"@type":"WebPage","@id":"https:\/\/portalnpm.com\/index.php\/2023\/11\/20\/cantor-e-baleado-em-briga-de-transito-na-avenida-joao-xxiii-em-teresina\/","url":"https:\/\/portalnpm.com\/index.php\/2023\/11\/20\/cantor-e-baleado-em-briga-de-transito-na-avenida-joao-xxiii-em-teresina\/","name":"Cantor \u00e9 baleado em briga de tr\u00e2nsito na Avenida Jo\u00e3o XXIII em Teresina - Portal NPM","isPartOf":{"@id":"https:\/\/portalnpm.com\/#website"},"datePublished":"2023-11-20T14:11:13+00:00","dateModified":"2023-11-20T14:11:13+00:00","author":{"@id":"https:\/\/portalnpm.com\/#\/schema\/person\/49313e563cfdefcc167f1ee4c017c294"},"breadcrumb":{"@id":"https:\/\/portalnpm.com\/index.php\/2023\/11\/20\/cantor-e-baleado-em-briga-de-transito-na-avenida-joao-xxiii-em-teresina\/#breadcrumb"},"inLanguage":"pt-BR","potentialAction":[{"@type":"ReadAction","target":["https:\/\/portalnpm.com\/index.php\/2023\/11\/20\/cantor-e-baleado-em-briga-de-transito-na-avenida-joao-xxiii-em-teresina\/"]}]},{"@type":"BreadcrumbList","@id":"https:\/\/portalnpm.com\/index.php\/2023\/11\/20\/cantor-e-baleado-em-briga-de-transito-na-avenida-joao-xxiii-em-teresina\/#breadcrumb","itemListElement":[{"@type":"ListItem","position":1,"name":"In\u00edcio","item":"https:\/\/portalnpm.com\/"},{"@type":"ListItem","position":2,"name":"Cantor \u00e9 baleado em briga de tr\u00e2nsito na Avenida Jo\u00e3o XXIII em Teresina"}]},{"@type":"WebSite","@id":"https:\/\/portalnpm.com\/#website","url":"https:\/\/portalnpm.com\/","name":"Portal NPM","description":"Not\u00edcias em Primeira M\u00e3o","potentialAction":[{"@type":"SearchAction","target":{"@type":"EntryPoint","urlTemplate":"https:\/\/portalnpm.com\/?s={search_term_string}"},"query-input":"required name=search_term_string"}],"inLanguage":"pt-BR"},{"@type":"Person","@id":"https:\/\/portalnpm.com\/#\/schema\/person\/49313e563cfdefcc167f1ee4c017c294","name":"Genival Barbosa","image":{"@type":"ImageObject","inLanguage":"pt-BR","@id":"https:\/\/portalnpm.com\/#\/schema\/person\/image\/","url":"https:\/\/portalnpm.com\/wp-content\/uploads\/2024\/02\/avatar_user_2_1707743258-96x96.jpeg","contentUrl":"https:\/\/portalnpm.com\/wp-content\/uploads\/2024\/02\/avatar_user_2_1707743258-96x96.jpeg","caption":"Genival Barbosa"},"url":"https:\/\/portalnpm.com\/index.php\/author\/genival\/"}]}},"jetpack_sharing_enabled":true,"jetpack_featured_media_url":"","_links":{"self":[{"href":"https:\/\/portalnpm.com\/index.php\/wp-json\/wp\/v2\/posts\/50083"}],"collection":[{"href":"https:\/\/portalnpm.com\/index.php\/wp-json\/wp\/v2\/posts"}],"about":[{"href":"https:\/\/portalnpm.com\/index.php\/wp-json\/wp\/v2\/types\/post"}],"author":[{"embeddable":true,"href":"https:\/\/portalnpm.com\/index.php\/wp-json\/wp\/v2\/users\/2"}],"replies":[{"embeddable":true,"href":"https:\/\/portalnpm.com\/index.php\/wp-json\/wp\/v2\/comments?post=50083"}],"version-history":[{"count":0,"href":"https:\/\/portalnpm.com\/index.php\/wp-json\/wp\/v2\/posts\/50083\/revisions"}],"wp:attachment":[{"href":"https:\/\/portalnpm.com\/index.php\/wp-json\/wp\/v2\/media?parent=50083"}],"wp:term":[{"taxonomy":"category","embeddable":true,"href":"https:\/\/portalnpm.com\/index.php\/wp-json\/wp\/v2\/categories?post=50083"},{"taxonomy":"post_tag","embeddable":true,"href":"https:\/\/portalnpm.com\/index.php\/wp-json\/wp\/v2\/tags?post=50083"}],"curies":[{"name":"wp","href":"https:\/\/api.w.org\/{rel}","templated":true}]}}