{"id":5009,"date":"2019-01-20T21:57:11","date_gmt":"2019-01-20T23:57:11","guid":{"rendered":"http:\/\/srv.portalnpm.com.br\/?p=5009"},"modified":"2019-01-20T21:57:11","modified_gmt":"2019-01-20T23:57:11","slug":"em-alegrete-do-piaui-lider-politico-manoel-filho-declara-que-oposicao-tem-candidatura-a-prefeito-nas-eleicoes-de-2020","status":"publish","type":"post","link":"https:\/\/portalnpm.com\/index.php\/2019\/01\/20\/em-alegrete-do-piaui-lider-politico-manoel-filho-declara-que-oposicao-tem-candidatura-a-prefeito-nas-eleicoes-de-2020\/","title":{"rendered":"Em Alegrete do Piau\u00ed, l\u00edder pol\u00edtico Manoel Filho declara que oposi\u00e7\u00e3o tem candidatura a prefeito nas elei\u00e7\u00f5es de 2020"},"content":{"rendered":"<p style=\"text-align: justify;\">O l\u00edder pol\u00edtico e ex-vereador <strong>Manoel Filho<\/strong> (PRTB), da cidade de Alegrete do Piau\u00ed declarou que continua firme na oposi\u00e7\u00e3o ao lado do povo, em especial aos mais humildes.<\/p>\n<p style=\"text-align: justify;\">O grupo pol\u00edtico da oposi\u00e7\u00e3o \u00e9 formado ainda pela vice-prefeita Hermilinda Gomes e pelo vereador Seu Manel, ambos deixaram a base do prefeito em novembro de 2017 e seguiram para o campo oposicionista onde se encontram at\u00e9 hoje.<\/p>\n<figure id=\"attachment_5013\" aria-describedby=\"caption-attachment-5013\" style=\"width: 152px\" class=\"wp-caption alignnone\"><img decoding=\"async\" class=\"size-medium wp-image-5013\" src=\"http:\/\/portalnpm.com.br\/wp-content\/uploads\/2019\/01\/IMG-20190120-WA0508-152x300.jpg\" alt=\"\" width=\"152\" height=\"300\" \/><figcaption id=\"caption-attachment-5013\" class=\"wp-caption-text\">Hermilinda Gomes, vice-prefeita de Alegrete do Piau\u00ed<\/figcaption><\/figure>\n<p style=\"text-align: justify;\">Sobre enfrentar uma disputa majorit\u00e1ria. O ex-vereador afirmou que se fosse de entendimento do grupo de oposi\u00e7\u00e3o o qual ele faz parte, arrega\u00e7aria as mangas para atender a solicita\u00e7\u00e3o dos companheiros.<\/p>\n<p style=\"text-align: justify;\">Esta semana o que se tem mais falado em Alegrete do Piau\u00ed s\u00e3o as mudan\u00e7as nos bastidores da pol\u00edtica local, pois o l\u00edder oposicionista Manoel de Z\u00e9 Pedro (PSD) aderiu \u00e0 base do prefeito M\u00e1rcio Alencar (PT), e assim circulou nas redes sociais e tamb\u00e9m nas cal\u00e7adas das ruas de Alegrete uma suposta elei\u00e7\u00e3o \u00fanica nas pr\u00f3ximas elei\u00e7\u00f5es municipais. No entanto, essa suposta elei\u00e7\u00e3o \u00fanica n\u00e3o passa de uma especula\u00e7\u00e3o, quem afirma isso \u00e9 o l\u00edder pol\u00edtico Manoel Filho.<\/p>\n<p style=\"text-align: justify;\"><em>&#8220;Estamos firme e forte no campo da oposi\u00e7\u00e3o ao lado do povo de Alegrete do Piau\u00ed, defendendo sempre aqueles que mais precisam. Nosso grupo ter\u00e1 candidato a prefeito nas elei\u00e7\u00f5es de 2020, onde vamos levar ao povo uma nova forma de fazer pol\u00edtica&#8221;<\/em> disse.<\/p>\n<figure id=\"attachment_5011\" aria-describedby=\"caption-attachment-5011\" style=\"width: 300px\" class=\"wp-caption alignnone\"><img fetchpriority=\"high\" decoding=\"async\" class=\"size-medium wp-image-5011\" src=\"http:\/\/portalnpm.com.br\/wp-content\/uploads\/2019\/01\/IMG-20190120-WA0513-300x296.jpg\" alt=\"\" width=\"300\" height=\"296\" \/><figcaption id=\"caption-attachment-5011\" class=\"wp-caption-text\">L\u00edder pol\u00edtico Manoel Filho<\/figcaption><\/figure>\n<p style=\"text-align: justify;\">Manoel Filho j\u00e1 foi vereador na legislatura 2009-2012, sendo que parte desse per\u00edodo ocupou a presid\u00eancia da C\u00e2mara Municipal. Mais recente, ocupou o cargo de secret\u00e1rio municipal de Agricultura. Hoje, \u00e9 um dos pol\u00edticos de maior influ\u00eancia no cen\u00e1rio pol\u00edtico local.<\/p>\n<p style=\"text-align: justify;\"><strong>Reda\u00e7\u00e3o do Portal NPM\u00a0<\/strong><\/p>\n","protected":false},"excerpt":{"rendered":"<p>O l\u00edder pol\u00edtico e ex-vereador Manoel Filho (PRTB), da cidade de Alegrete do Piau\u00ed declarou que continua firme na oposi\u00e7\u00e3o ao lado do povo, em especial aos mais humildes. O grupo pol\u00edtico da oposi\u00e7\u00e3o \u00e9 formado ainda pela vice-prefeita Hermilinda Gomes e pelo vereador Seu Manel, ambos deixaram a base do prefeito em novembro de &hellip;<\/p>\n","protected":false},"author":4,"featured_media":5012,"comment_status":"open","ping_status":"open","sticky":false,"template":"","format":"standard","meta":{"content-type":"","rop_custom_images_group":[],"rop_custom_messages_group":[],"rop_publish_now":"initial","rop_publish_now_accounts":{"facebook_2648258775420054_1618374048415101":""},"rop_publish_now_history":[],"rop_publish_now_status":"pending","footnotes":"","_jetpack_memberships_contains_paid_content":false},"categories":[110,113,109],"tags":[196,176,134],"yoast_head":"<!-- This site is optimized with the Yoast SEO plugin v22.3 - https:\/\/yoast.com\/wordpress\/plugins\/seo\/ -->\n<title>Em Alegrete do Piau\u00ed, l\u00edder pol\u00edtico Manoel Filho declara que oposi\u00e7\u00e3o tem candidatura a prefeito nas elei\u00e7\u00f5es de 2020 - Portal NPM<\/title>\n<meta name=\"robots\" content=\"index, follow, max-snippet:-1, max-image-preview:large, max-video-preview:-1\" \/>\n<link rel=\"canonical\" href=\"https:\/\/portalnpm.com\/index.php\/2019\/01\/20\/em-alegrete-do-piaui-lider-politico-manoel-filho-declara-que-oposicao-tem-candidatura-a-prefeito-nas-eleicoes-de-2020\/\" \/>\n<meta property=\"og:locale\" content=\"pt_BR\" \/>\n<meta property=\"og:type\" content=\"article\" \/>\n<meta property=\"og:title\" content=\"Em Alegrete do Piau\u00ed, l\u00edder pol\u00edtico Manoel Filho declara que oposi\u00e7\u00e3o tem candidatura a prefeito nas elei\u00e7\u00f5es de 2020 - Portal NPM\" \/>\n<meta property=\"og:description\" content=\"O l\u00edder pol\u00edtico e ex-vereador Manoel Filho (PRTB), da cidade de Alegrete do Piau\u00ed declarou que continua firme na oposi\u00e7\u00e3o ao lado do povo, em especial aos mais humildes. O grupo pol\u00edtico da oposi\u00e7\u00e3o \u00e9 formado ainda pela vice-prefeita Hermilinda Gomes e pelo vereador Seu Manel, ambos deixaram a base do prefeito em novembro de &hellip;\" \/>\n<meta property=\"og:url\" content=\"https:\/\/portalnpm.com\/index.php\/2019\/01\/20\/em-alegrete-do-piaui-lider-politico-manoel-filho-declara-que-oposicao-tem-candidatura-a-prefeito-nas-eleicoes-de-2020\/\" \/>\n<meta property=\"og:site_name\" content=\"Portal NPM\" \/>\n<meta property=\"article:published_time\" content=\"2019-01-20T23:57:11+00:00\" \/>\n<meta name=\"author\" content=\"Reda\u00e7\u00e3o\" \/>\n<meta name=\"twitter:card\" content=\"summary_large_image\" \/>\n<meta name=\"twitter:label1\" content=\"Escrito por\" \/>\n\t<meta name=\"twitter:data1\" content=\"Reda\u00e7\u00e3o\" \/>\n\t<meta name=\"twitter:label2\" content=\"Est. tempo de leitura\" \/>\n\t<meta name=\"twitter:data2\" content=\"2 minutos\" \/>\n<script type=\"application\/ld+json\" class=\"yoast-schema-graph\">{\"@context\":\"https:\/\/schema.org\",\"@graph\":[{\"@type\":\"WebPage\",\"@id\":\"https:\/\/portalnpm.com\/index.php\/2019\/01\/20\/em-alegrete-do-piaui-lider-politico-manoel-filho-declara-que-oposicao-tem-candidatura-a-prefeito-nas-eleicoes-de-2020\/\",\"url\":\"https:\/\/portalnpm.com\/index.php\/2019\/01\/20\/em-alegrete-do-piaui-lider-politico-manoel-filho-declara-que-oposicao-tem-candidatura-a-prefeito-nas-eleicoes-de-2020\/\",\"name\":\"Em Alegrete do Piau\u00ed, l\u00edder pol\u00edtico Manoel Filho declara que oposi\u00e7\u00e3o tem candidatura a prefeito nas elei\u00e7\u00f5es de 2020 - Portal NPM\",\"isPartOf\":{\"@id\":\"https:\/\/portalnpm.com\/#website\"},\"primaryImageOfPage\":{\"@id\":\"https:\/\/portalnpm.com\/index.php\/2019\/01\/20\/em-alegrete-do-piaui-lider-politico-manoel-filho-declara-que-oposicao-tem-candidatura-a-prefeito-nas-eleicoes-de-2020\/#primaryimage\"},\"image\":{\"@id\":\"https:\/\/portalnpm.com\/index.php\/2019\/01\/20\/em-alegrete-do-piaui-lider-politico-manoel-filho-declara-que-oposicao-tem-candidatura-a-prefeito-nas-eleicoes-de-2020\/#primaryimage\"},\"thumbnailUrl\":\"\",\"datePublished\":\"2019-01-20T23:57:11+00:00\",\"dateModified\":\"2019-01-20T23:57:11+00:00\",\"author\":{\"@id\":\"https:\/\/portalnpm.com\/#\/schema\/person\/0b5f230ec96cee25504fa328e7f2b733\"},\"breadcrumb\":{\"@id\":\"https:\/\/portalnpm.com\/index.php\/2019\/01\/20\/em-alegrete-do-piaui-lider-politico-manoel-filho-declara-que-oposicao-tem-candidatura-a-prefeito-nas-eleicoes-de-2020\/#breadcrumb\"},\"inLanguage\":\"pt-BR\",\"potentialAction\":[{\"@type\":\"ReadAction\",\"target\":[\"https:\/\/portalnpm.com\/index.php\/2019\/01\/20\/em-alegrete-do-piaui-lider-politico-manoel-filho-declara-que-oposicao-tem-candidatura-a-prefeito-nas-eleicoes-de-2020\/\"]}]},{\"@type\":\"ImageObject\",\"inLanguage\":\"pt-BR\",\"@id\":\"https:\/\/portalnpm.com\/index.php\/2019\/01\/20\/em-alegrete-do-piaui-lider-politico-manoel-filho-declara-que-oposicao-tem-candidatura-a-prefeito-nas-eleicoes-de-2020\/#primaryimage\",\"url\":\"\",\"contentUrl\":\"\"},{\"@type\":\"BreadcrumbList\",\"@id\":\"https:\/\/portalnpm.com\/index.php\/2019\/01\/20\/em-alegrete-do-piaui-lider-politico-manoel-filho-declara-que-oposicao-tem-candidatura-a-prefeito-nas-eleicoes-de-2020\/#breadcrumb\",\"itemListElement\":[{\"@type\":\"ListItem\",\"position\":1,\"name\":\"In\u00edcio\",\"item\":\"https:\/\/portalnpm.com\/\"},{\"@type\":\"ListItem\",\"position\":2,\"name\":\"Em Alegrete do Piau\u00ed, l\u00edder pol\u00edtico Manoel Filho declara que oposi\u00e7\u00e3o tem candidatura a prefeito nas elei\u00e7\u00f5es de 2020\"}]},{\"@type\":\"WebSite\",\"@id\":\"https:\/\/portalnpm.com\/#website\",\"url\":\"https:\/\/portalnpm.com\/\",\"name\":\"Portal NPM\",\"description\":\"Not\u00edcias em Primeira M\u00e3o\",\"potentialAction\":[{\"@type\":\"SearchAction\",\"target\":{\"@type\":\"EntryPoint\",\"urlTemplate\":\"https:\/\/portalnpm.com\/?s={search_term_string}\"},\"query-input\":\"required name=search_term_string\"}],\"inLanguage\":\"pt-BR\"},{\"@type\":\"Person\",\"@id\":\"https:\/\/portalnpm.com\/#\/schema\/person\/0b5f230ec96cee25504fa328e7f2b733\",\"name\":\"Reda\u00e7\u00e3o\",\"image\":{\"@type\":\"ImageObject\",\"inLanguage\":\"pt-BR\",\"@id\":\"https:\/\/portalnpm.com\/#\/schema\/person\/image\/\",\"url\":\"https:\/\/portalnpm.com\/wp-content\/uploads\/2024\/03\/avatar_user_4_1710097212-96x96.png\",\"contentUrl\":\"https:\/\/portalnpm.com\/wp-content\/uploads\/2024\/03\/avatar_user_4_1710097212-96x96.png\",\"caption\":\"Reda\u00e7\u00e3o\"},\"url\":\"https:\/\/portalnpm.com\/index.php\/author\/redacao\/\"}]}<\/script>\n<!-- \/ Yoast SEO plugin. -->","yoast_head_json":{"title":"Em Alegrete do Piau\u00ed, l\u00edder pol\u00edtico Manoel Filho declara que oposi\u00e7\u00e3o tem candidatura a prefeito nas elei\u00e7\u00f5es de 2020 - Portal NPM","robots":{"index":"index","follow":"follow","max-snippet":"max-snippet:-1","max-image-preview":"max-image-preview:large","max-video-preview":"max-video-preview:-1"},"canonical":"https:\/\/portalnpm.com\/index.php\/2019\/01\/20\/em-alegrete-do-piaui-lider-politico-manoel-filho-declara-que-oposicao-tem-candidatura-a-prefeito-nas-eleicoes-de-2020\/","og_locale":"pt_BR","og_type":"article","og_title":"Em Alegrete do Piau\u00ed, l\u00edder pol\u00edtico Manoel Filho declara que oposi\u00e7\u00e3o tem candidatura a prefeito nas elei\u00e7\u00f5es de 2020 - Portal NPM","og_description":"O l\u00edder pol\u00edtico e ex-vereador Manoel Filho (PRTB), da cidade de Alegrete do Piau\u00ed declarou que continua firme na oposi\u00e7\u00e3o ao lado do povo, em especial aos mais humildes. O grupo pol\u00edtico da oposi\u00e7\u00e3o \u00e9 formado ainda pela vice-prefeita Hermilinda Gomes e pelo vereador Seu Manel, ambos deixaram a base do prefeito em novembro de &hellip;","og_url":"https:\/\/portalnpm.com\/index.php\/2019\/01\/20\/em-alegrete-do-piaui-lider-politico-manoel-filho-declara-que-oposicao-tem-candidatura-a-prefeito-nas-eleicoes-de-2020\/","og_site_name":"Portal NPM","article_published_time":"2019-01-20T23:57:11+00:00","author":"Reda\u00e7\u00e3o","twitter_card":"summary_large_image","twitter_misc":{"Escrito por":"Reda\u00e7\u00e3o","Est. tempo de leitura":"2 minutos"},"schema":{"@context":"https:\/\/schema.org","@graph":[{"@type":"WebPage","@id":"https:\/\/portalnpm.com\/index.php\/2019\/01\/20\/em-alegrete-do-piaui-lider-politico-manoel-filho-declara-que-oposicao-tem-candidatura-a-prefeito-nas-eleicoes-de-2020\/","url":"https:\/\/portalnpm.com\/index.php\/2019\/01\/20\/em-alegrete-do-piaui-lider-politico-manoel-filho-declara-que-oposicao-tem-candidatura-a-prefeito-nas-eleicoes-de-2020\/","name":"Em Alegrete do Piau\u00ed, l\u00edder pol\u00edtico Manoel Filho declara que oposi\u00e7\u00e3o tem candidatura a prefeito nas elei\u00e7\u00f5es de 2020 - Portal NPM","isPartOf":{"@id":"https:\/\/portalnpm.com\/#website"},"primaryImageOfPage":{"@id":"https:\/\/portalnpm.com\/index.php\/2019\/01\/20\/em-alegrete-do-piaui-lider-politico-manoel-filho-declara-que-oposicao-tem-candidatura-a-prefeito-nas-eleicoes-de-2020\/#primaryimage"},"image":{"@id":"https:\/\/portalnpm.com\/index.php\/2019\/01\/20\/em-alegrete-do-piaui-lider-politico-manoel-filho-declara-que-oposicao-tem-candidatura-a-prefeito-nas-eleicoes-de-2020\/#primaryimage"},"thumbnailUrl":"","datePublished":"2019-01-20T23:57:11+00:00","dateModified":"2019-01-20T23:57:11+00:00","author":{"@id":"https:\/\/portalnpm.com\/#\/schema\/person\/0b5f230ec96cee25504fa328e7f2b733"},"breadcrumb":{"@id":"https:\/\/portalnpm.com\/index.php\/2019\/01\/20\/em-alegrete-do-piaui-lider-politico-manoel-filho-declara-que-oposicao-tem-candidatura-a-prefeito-nas-eleicoes-de-2020\/#breadcrumb"},"inLanguage":"pt-BR","potentialAction":[{"@type":"ReadAction","target":["https:\/\/portalnpm.com\/index.php\/2019\/01\/20\/em-alegrete-do-piaui-lider-politico-manoel-filho-declara-que-oposicao-tem-candidatura-a-prefeito-nas-eleicoes-de-2020\/"]}]},{"@type":"ImageObject","inLanguage":"pt-BR","@id":"https:\/\/portalnpm.com\/index.php\/2019\/01\/20\/em-alegrete-do-piaui-lider-politico-manoel-filho-declara-que-oposicao-tem-candidatura-a-prefeito-nas-eleicoes-de-2020\/#primaryimage","url":"","contentUrl":""},{"@type":"BreadcrumbList","@id":"https:\/\/portalnpm.com\/index.php\/2019\/01\/20\/em-alegrete-do-piaui-lider-politico-manoel-filho-declara-que-oposicao-tem-candidatura-a-prefeito-nas-eleicoes-de-2020\/#breadcrumb","itemListElement":[{"@type":"ListItem","position":1,"name":"In\u00edcio","item":"https:\/\/portalnpm.com\/"},{"@type":"ListItem","position":2,"name":"Em Alegrete do Piau\u00ed, l\u00edder pol\u00edtico Manoel Filho declara que oposi\u00e7\u00e3o tem candidatura a prefeito nas elei\u00e7\u00f5es de 2020"}]},{"@type":"WebSite","@id":"https:\/\/portalnpm.com\/#website","url":"https:\/\/portalnpm.com\/","name":"Portal NPM","description":"Not\u00edcias em Primeira M\u00e3o","potentialAction":[{"@type":"SearchAction","target":{"@type":"EntryPoint","urlTemplate":"https:\/\/portalnpm.com\/?s={search_term_string}"},"query-input":"required name=search_term_string"}],"inLanguage":"pt-BR"},{"@type":"Person","@id":"https:\/\/portalnpm.com\/#\/schema\/person\/0b5f230ec96cee25504fa328e7f2b733","name":"Reda\u00e7\u00e3o","image":{"@type":"ImageObject","inLanguage":"pt-BR","@id":"https:\/\/portalnpm.com\/#\/schema\/person\/image\/","url":"https:\/\/portalnpm.com\/wp-content\/uploads\/2024\/03\/avatar_user_4_1710097212-96x96.png","contentUrl":"https:\/\/portalnpm.com\/wp-content\/uploads\/2024\/03\/avatar_user_4_1710097212-96x96.png","caption":"Reda\u00e7\u00e3o"},"url":"https:\/\/portalnpm.com\/index.php\/author\/redacao\/"}]}},"jetpack_sharing_enabled":true,"jetpack_featured_media_url":"","_links":{"self":[{"href":"https:\/\/portalnpm.com\/index.php\/wp-json\/wp\/v2\/posts\/5009"}],"collection":[{"href":"https:\/\/portalnpm.com\/index.php\/wp-json\/wp\/v2\/posts"}],"about":[{"href":"https:\/\/portalnpm.com\/index.php\/wp-json\/wp\/v2\/types\/post"}],"author":[{"embeddable":true,"href":"https:\/\/portalnpm.com\/index.php\/wp-json\/wp\/v2\/users\/4"}],"replies":[{"embeddable":true,"href":"https:\/\/portalnpm.com\/index.php\/wp-json\/wp\/v2\/comments?post=5009"}],"version-history":[{"count":0,"href":"https:\/\/portalnpm.com\/index.php\/wp-json\/wp\/v2\/posts\/5009\/revisions"}],"wp:featuredmedia":[{"embeddable":true,"href":"https:\/\/portalnpm.com\/index.php\/wp-json\/"}],"wp:attachment":[{"href":"https:\/\/portalnpm.com\/index.php\/wp-json\/wp\/v2\/media?parent=5009"}],"wp:term":[{"taxonomy":"category","embeddable":true,"href":"https:\/\/portalnpm.com\/index.php\/wp-json\/wp\/v2\/categories?post=5009"},{"taxonomy":"post_tag","embeddable":true,"href":"https:\/\/portalnpm.com\/index.php\/wp-json\/wp\/v2\/tags?post=5009"}],"curies":[{"name":"wp","href":"https:\/\/api.w.org\/{rel}","templated":true}]}}