{"id":50126,"date":"2023-11-21T19:00:46","date_gmt":"2023-11-21T22:00:46","guid":{"rendered":"https:\/\/portalnpm.com\/?p=50126"},"modified":"2023-11-21T19:00:46","modified_gmt":"2023-11-21T22:00:46","slug":"em-alegrete-do-piaui-enquete-para-eleicoes-de-2024-repercute-nas-midias-sociais-vereador-mateus-vicente-sai-vencedor-veja-os-numeros","status":"publish","type":"post","link":"https:\/\/portalnpm.com\/index.php\/2023\/11\/21\/em-alegrete-do-piaui-enquete-para-eleicoes-de-2024-repercute-nas-midias-sociais-vereador-mateus-vicente-sai-vencedor-veja-os-numeros\/","title":{"rendered":"Em Alegrete do Piau\u00ed, enquete para elei\u00e7\u00f5es de 2024 repercute nas m\u00eddias sociais; vereador Mateus Vicente sai vencedor; Veja os n\u00fameros!"},"content":{"rendered":"<p style=\"text-align: justify;\">De olho nas <strong><em>Elei\u00e7\u00f5es 2024<\/em><\/strong>, o munic\u00edpio de <strong><em>Alegrete do Piau\u00ed<\/em><\/strong>, cidade que fica localizada na regi\u00e3o de Picos e \u00e0s margens da BR-316, apresenta no atual cen\u00e1rio pol\u00edtico local tr\u00eas postulantes na disputa pelo poder executivo.<\/p>\n<p><img fetchpriority=\"high\" decoding=\"async\" class=\"alignnone size-medium wp-image-50130\" src=\"http:\/\/portalnpm.com\/wp-content\/uploads\/2023\/11\/IMG-20231121-WA04631-211x300.jpg\" alt=\"\" width=\"211\" height=\"300\" \/><\/p>\n<p style=\"text-align: justify;\">O <strong><em>Portal NPM<\/em><\/strong> iniciou uma s\u00e9rie de enquetes em v\u00e1rios munic\u00edpios da regi\u00e3o de Picos visando \u00e0s elei\u00e7\u00f5es de 2024. Nesta segunda-feira (20\/11), iniciou-se a enquete no munic\u00edpio de Alegrete do Piau\u00ed, sendo o voto registrado via Instagram, com dura\u00e7\u00e3o de 24 horas, entre os tr\u00eas poss\u00edveis concorrentes ao executivo municipal.<\/p>\n<p style=\"text-align: justify;\">O resultado dessa pr\u00e9via disputa pol\u00edtica, computa-se na seguinte ordem:<\/p>\n<p style=\"text-align: justify;\">O jovem vereador e pr\u00e9-candidato pela oposi\u00e7\u00e3o, <strong><em>Mateus<\/em> <em>Vicente<\/em><\/strong> (Solidariedade), contabilizou <strong><em>45%<\/em><\/strong>, contra <strong><em>36%<\/em><\/strong> do tamb\u00e9m pr\u00e9-candidato pela oposi\u00e7\u00e3o, o ex-vereador <strong><em>Manoel<\/em> <em>Filho<\/em><\/strong> (Progressistas), e<strong><em> 19%<\/em><\/strong> do ex-prefeito <strong><em>M\u00e1rcio Alencar<\/em><\/strong> (PT), pr\u00e9-candidato pelo grupo da situa\u00e7\u00e3o. Ao todo, foram computados <strong><em>641 votos.<\/em><\/strong><\/p>\n<p><img decoding=\"async\" class=\"alignnone size-medium wp-image-50131\" src=\"http:\/\/portalnpm.com\/wp-content\/uploads\/2023\/11\/IMG-20231121-WA0551-300x153.jpg\" alt=\"\" width=\"300\" height=\"153\" \/><\/p>\n<p style=\"text-align: justify;\">Ficou not\u00f3rio, levando em considera\u00e7\u00e3o os n\u00fameros da enquete, a for\u00e7a pol\u00edtica do grupo oposicionista, tendo a lideran\u00e7a do vereador Mateus Vicente, al\u00e9m do desejo de mudan\u00e7a por parte dos mun\u00edcipes de Alegrete do Piau\u00ed.<\/p>\n<p style=\"text-align: justify;\">Vale ressaltar que, enquete n\u00e3o vale como pesquisa eleitoral. Sendo apenas utilizadas para ouvir a opini\u00e3o de internautas, estes muitas vezes, n\u00e3o votam no domic\u00edlio eleitoral do munic\u00edpio, contribuindo somente com sua opini\u00e3o.<\/p>\n<p style=\"text-align: justify;\"><strong><em>Pio IX<\/em> <\/strong>ser\u00e1 a pr\u00f3xima cidade a ser realizada a enquete, sendo um importante munic\u00edpio na produ\u00e7\u00e3o de caj\u00fa, por exemplo.<\/p>\n<p><strong>Ex-prefeito tenta intimidar e pede retirada do seu nome da enquete<\/strong><\/p>\n<p style=\"text-align: justify;\">O ex-prefeito de Alegrete do Piau\u00ed, o Sr. M\u00e1rcio Alencar (PT), que governou o munic\u00edpio por duas vezes, entre 2013-2016 e 2017-2020 e que mant\u00e9m forte influ\u00eancia na atual gest\u00e3o da sua tia, a prefeita Lilian Alencar, tentou nos intimidar via Instagram e WhatsApp deste editor, fazendo amea\u00e7as esdr\u00faxulas e sem nenhum fundamento. O pol\u00edtico usou palavras ditatoriais e que vai contra a <strong>Liberdade de<\/strong> <strong>Express\u00e3o<\/strong> e o <strong>Livre Poder da Imprensa<\/strong>. O ex-prefeito devia saber que ele \u00e9 uma figura p\u00fablica, j\u00e1 que governou o munic\u00edpio e atualmente ocupa o cargo de Secret\u00e1rio de Finan\u00e7as da atual gest\u00e3o.<\/p>\n<p style=\"text-align: justify;\">O <strong>Portal NPM<\/strong> jamais ser\u00e1 intimidado por quem quer que seja e continuaremos realizando nossas enquetes de uma forma imparcial e levando a informa\u00e7\u00e3o at\u00e9 voc\u00ea amigo leitor.<\/p>\n","protected":false},"excerpt":{"rendered":"<p>De olho nas Elei\u00e7\u00f5es 2024, o munic\u00edpio de Alegrete do Piau\u00ed, cidade que fica localizada na regi\u00e3o de Picos e \u00e0s margens da BR-316, apresenta no atual cen\u00e1rio pol\u00edtico local tr\u00eas postulantes na disputa pelo poder executivo. O Portal NPM iniciou uma s\u00e9rie de enquetes em v\u00e1rios munic\u00edpios da regi\u00e3o de Picos visando \u00e0s elei\u00e7\u00f5es &hellip;<\/p>\n","protected":false},"author":3,"featured_media":50133,"comment_status":"open","ping_status":"open","sticky":false,"template":"","format":"standard","meta":{"content-type":"","rop_custom_images_group":[],"rop_custom_messages_group":[],"rop_publish_now":"initial","rop_publish_now_accounts":{"facebook_2648258775420054_1618374048415101":""},"rop_publish_now_history":[],"rop_publish_now_status":"pending","footnotes":"","_jetpack_memberships_contains_paid_content":false},"categories":[110,113,109,130],"tags":[111,133,135,1004],"yoast_head":"<!-- This site is optimized with the Yoast SEO plugin v22.3 - https:\/\/yoast.com\/wordpress\/plugins\/seo\/ -->\n<title>Em Alegrete do Piau\u00ed, enquete para elei\u00e7\u00f5es de 2024 repercute nas m\u00eddias sociais; vereador Mateus Vicente sai vencedor; Veja os n\u00fameros! - Portal NPM<\/title>\n<meta name=\"robots\" content=\"index, follow, max-snippet:-1, max-image-preview:large, max-video-preview:-1\" \/>\n<link rel=\"canonical\" href=\"https:\/\/portalnpm.com\/index.php\/2023\/11\/21\/em-alegrete-do-piaui-enquete-para-eleicoes-de-2024-repercute-nas-midias-sociais-vereador-mateus-vicente-sai-vencedor-veja-os-numeros\/\" \/>\n<meta property=\"og:locale\" content=\"pt_BR\" \/>\n<meta property=\"og:type\" content=\"article\" \/>\n<meta property=\"og:title\" content=\"Em Alegrete do Piau\u00ed, enquete para elei\u00e7\u00f5es de 2024 repercute nas m\u00eddias sociais; vereador Mateus Vicente sai vencedor; Veja os n\u00fameros! - Portal NPM\" \/>\n<meta property=\"og:description\" content=\"De olho nas Elei\u00e7\u00f5es 2024, o munic\u00edpio de Alegrete do Piau\u00ed, cidade que fica localizada na regi\u00e3o de Picos e \u00e0s margens da BR-316, apresenta no atual cen\u00e1rio pol\u00edtico local tr\u00eas postulantes na disputa pelo poder executivo. O Portal NPM iniciou uma s\u00e9rie de enquetes em v\u00e1rios munic\u00edpios da regi\u00e3o de Picos visando \u00e0s elei\u00e7\u00f5es &hellip;\" \/>\n<meta property=\"og:url\" content=\"https:\/\/portalnpm.com\/index.php\/2023\/11\/21\/em-alegrete-do-piaui-enquete-para-eleicoes-de-2024-repercute-nas-midias-sociais-vereador-mateus-vicente-sai-vencedor-veja-os-numeros\/\" \/>\n<meta property=\"og:site_name\" content=\"Portal NPM\" \/>\n<meta property=\"article:published_time\" content=\"2023-11-21T22:00:46+00:00\" \/>\n<meta name=\"author\" content=\"Luis Alberto\" \/>\n<meta name=\"twitter:card\" content=\"summary_large_image\" \/>\n<meta name=\"twitter:label1\" content=\"Escrito por\" \/>\n\t<meta name=\"twitter:data1\" content=\"Luis Alberto\" \/>\n\t<meta name=\"twitter:label2\" content=\"Est. tempo de leitura\" \/>\n\t<meta name=\"twitter:data2\" content=\"3 minutos\" \/>\n<script type=\"application\/ld+json\" class=\"yoast-schema-graph\">{\"@context\":\"https:\/\/schema.org\",\"@graph\":[{\"@type\":\"WebPage\",\"@id\":\"https:\/\/portalnpm.com\/index.php\/2023\/11\/21\/em-alegrete-do-piaui-enquete-para-eleicoes-de-2024-repercute-nas-midias-sociais-vereador-mateus-vicente-sai-vencedor-veja-os-numeros\/\",\"url\":\"https:\/\/portalnpm.com\/index.php\/2023\/11\/21\/em-alegrete-do-piaui-enquete-para-eleicoes-de-2024-repercute-nas-midias-sociais-vereador-mateus-vicente-sai-vencedor-veja-os-numeros\/\",\"name\":\"Em Alegrete do Piau\u00ed, enquete para elei\u00e7\u00f5es de 2024 repercute nas m\u00eddias sociais; vereador Mateus Vicente sai vencedor; Veja os n\u00fameros! - Portal NPM\",\"isPartOf\":{\"@id\":\"https:\/\/portalnpm.com\/#website\"},\"primaryImageOfPage\":{\"@id\":\"https:\/\/portalnpm.com\/index.php\/2023\/11\/21\/em-alegrete-do-piaui-enquete-para-eleicoes-de-2024-repercute-nas-midias-sociais-vereador-mateus-vicente-sai-vencedor-veja-os-numeros\/#primaryimage\"},\"image\":{\"@id\":\"https:\/\/portalnpm.com\/index.php\/2023\/11\/21\/em-alegrete-do-piaui-enquete-para-eleicoes-de-2024-repercute-nas-midias-sociais-vereador-mateus-vicente-sai-vencedor-veja-os-numeros\/#primaryimage\"},\"thumbnailUrl\":\"\",\"datePublished\":\"2023-11-21T22:00:46+00:00\",\"dateModified\":\"2023-11-21T22:00:46+00:00\",\"author\":{\"@id\":\"https:\/\/portalnpm.com\/#\/schema\/person\/5c8006acdf71774cd4e7a5ab98482152\"},\"breadcrumb\":{\"@id\":\"https:\/\/portalnpm.com\/index.php\/2023\/11\/21\/em-alegrete-do-piaui-enquete-para-eleicoes-de-2024-repercute-nas-midias-sociais-vereador-mateus-vicente-sai-vencedor-veja-os-numeros\/#breadcrumb\"},\"inLanguage\":\"pt-BR\",\"potentialAction\":[{\"@type\":\"ReadAction\",\"target\":[\"https:\/\/portalnpm.com\/index.php\/2023\/11\/21\/em-alegrete-do-piaui-enquete-para-eleicoes-de-2024-repercute-nas-midias-sociais-vereador-mateus-vicente-sai-vencedor-veja-os-numeros\/\"]}]},{\"@type\":\"ImageObject\",\"inLanguage\":\"pt-BR\",\"@id\":\"https:\/\/portalnpm.com\/index.php\/2023\/11\/21\/em-alegrete-do-piaui-enquete-para-eleicoes-de-2024-repercute-nas-midias-sociais-vereador-mateus-vicente-sai-vencedor-veja-os-numeros\/#primaryimage\",\"url\":\"\",\"contentUrl\":\"\"},{\"@type\":\"BreadcrumbList\",\"@id\":\"https:\/\/portalnpm.com\/index.php\/2023\/11\/21\/em-alegrete-do-piaui-enquete-para-eleicoes-de-2024-repercute-nas-midias-sociais-vereador-mateus-vicente-sai-vencedor-veja-os-numeros\/#breadcrumb\",\"itemListElement\":[{\"@type\":\"ListItem\",\"position\":1,\"name\":\"In\u00edcio\",\"item\":\"https:\/\/portalnpm.com\/\"},{\"@type\":\"ListItem\",\"position\":2,\"name\":\"Em Alegrete do Piau\u00ed, enquete para elei\u00e7\u00f5es de 2024 repercute nas m\u00eddias sociais; vereador Mateus Vicente sai vencedor; Veja os n\u00fameros!\"}]},{\"@type\":\"WebSite\",\"@id\":\"https:\/\/portalnpm.com\/#website\",\"url\":\"https:\/\/portalnpm.com\/\",\"name\":\"Portal NPM\",\"description\":\"Not\u00edcias em Primeira M\u00e3o\",\"potentialAction\":[{\"@type\":\"SearchAction\",\"target\":{\"@type\":\"EntryPoint\",\"urlTemplate\":\"https:\/\/portalnpm.com\/?s={search_term_string}\"},\"query-input\":\"required name=search_term_string\"}],\"inLanguage\":\"pt-BR\"},{\"@type\":\"Person\",\"@id\":\"https:\/\/portalnpm.com\/#\/schema\/person\/5c8006acdf71774cd4e7a5ab98482152\",\"name\":\"Luis Alberto\",\"image\":{\"@type\":\"ImageObject\",\"inLanguage\":\"pt-BR\",\"@id\":\"https:\/\/portalnpm.com\/#\/schema\/person\/image\/\",\"url\":\"https:\/\/portalnpm.com\/wp-content\/uploads\/2024\/12\/avatar_user_3_1734699769-96x96.jpeg\",\"contentUrl\":\"https:\/\/portalnpm.com\/wp-content\/uploads\/2024\/12\/avatar_user_3_1734699769-96x96.jpeg\",\"caption\":\"Luis Alberto\"},\"description\":\"Editor-geral do Portal NPM, \u00e9 formado como T\u00e9cnico em Seguran\u00e7a do Trabalho pela Escola Metropolitana de Cursos T\u00e9cnicos. Det\u00e9m ainda licenciatura em Educa\u00e7\u00e3o F\u00edsica e bacharelado em Ci\u00eancias Pol\u00edticas, ambos obtidos pela institui\u00e7\u00e3o Anhanguera\/UNOPAR.\",\"url\":\"https:\/\/portalnpm.com\/index.php\/author\/pereira\/\"}]}<\/script>\n<!-- \/ Yoast SEO plugin. -->","yoast_head_json":{"title":"Em Alegrete do Piau\u00ed, enquete para elei\u00e7\u00f5es de 2024 repercute nas m\u00eddias sociais; vereador Mateus Vicente sai vencedor; Veja os n\u00fameros! - Portal NPM","robots":{"index":"index","follow":"follow","max-snippet":"max-snippet:-1","max-image-preview":"max-image-preview:large","max-video-preview":"max-video-preview:-1"},"canonical":"https:\/\/portalnpm.com\/index.php\/2023\/11\/21\/em-alegrete-do-piaui-enquete-para-eleicoes-de-2024-repercute-nas-midias-sociais-vereador-mateus-vicente-sai-vencedor-veja-os-numeros\/","og_locale":"pt_BR","og_type":"article","og_title":"Em Alegrete do Piau\u00ed, enquete para elei\u00e7\u00f5es de 2024 repercute nas m\u00eddias sociais; vereador Mateus Vicente sai vencedor; Veja os n\u00fameros! - Portal NPM","og_description":"De olho nas Elei\u00e7\u00f5es 2024, o munic\u00edpio de Alegrete do Piau\u00ed, cidade que fica localizada na regi\u00e3o de Picos e \u00e0s margens da BR-316, apresenta no atual cen\u00e1rio pol\u00edtico local tr\u00eas postulantes na disputa pelo poder executivo. O Portal NPM iniciou uma s\u00e9rie de enquetes em v\u00e1rios munic\u00edpios da regi\u00e3o de Picos visando \u00e0s elei\u00e7\u00f5es &hellip;","og_url":"https:\/\/portalnpm.com\/index.php\/2023\/11\/21\/em-alegrete-do-piaui-enquete-para-eleicoes-de-2024-repercute-nas-midias-sociais-vereador-mateus-vicente-sai-vencedor-veja-os-numeros\/","og_site_name":"Portal NPM","article_published_time":"2023-11-21T22:00:46+00:00","author":"Luis Alberto","twitter_card":"summary_large_image","twitter_misc":{"Escrito por":"Luis Alberto","Est. tempo de leitura":"3 minutos"},"schema":{"@context":"https:\/\/schema.org","@graph":[{"@type":"WebPage","@id":"https:\/\/portalnpm.com\/index.php\/2023\/11\/21\/em-alegrete-do-piaui-enquete-para-eleicoes-de-2024-repercute-nas-midias-sociais-vereador-mateus-vicente-sai-vencedor-veja-os-numeros\/","url":"https:\/\/portalnpm.com\/index.php\/2023\/11\/21\/em-alegrete-do-piaui-enquete-para-eleicoes-de-2024-repercute-nas-midias-sociais-vereador-mateus-vicente-sai-vencedor-veja-os-numeros\/","name":"Em Alegrete do Piau\u00ed, enquete para elei\u00e7\u00f5es de 2024 repercute nas m\u00eddias sociais; vereador Mateus Vicente sai vencedor; Veja os n\u00fameros! - Portal NPM","isPartOf":{"@id":"https:\/\/portalnpm.com\/#website"},"primaryImageOfPage":{"@id":"https:\/\/portalnpm.com\/index.php\/2023\/11\/21\/em-alegrete-do-piaui-enquete-para-eleicoes-de-2024-repercute-nas-midias-sociais-vereador-mateus-vicente-sai-vencedor-veja-os-numeros\/#primaryimage"},"image":{"@id":"https:\/\/portalnpm.com\/index.php\/2023\/11\/21\/em-alegrete-do-piaui-enquete-para-eleicoes-de-2024-repercute-nas-midias-sociais-vereador-mateus-vicente-sai-vencedor-veja-os-numeros\/#primaryimage"},"thumbnailUrl":"","datePublished":"2023-11-21T22:00:46+00:00","dateModified":"2023-11-21T22:00:46+00:00","author":{"@id":"https:\/\/portalnpm.com\/#\/schema\/person\/5c8006acdf71774cd4e7a5ab98482152"},"breadcrumb":{"@id":"https:\/\/portalnpm.com\/index.php\/2023\/11\/21\/em-alegrete-do-piaui-enquete-para-eleicoes-de-2024-repercute-nas-midias-sociais-vereador-mateus-vicente-sai-vencedor-veja-os-numeros\/#breadcrumb"},"inLanguage":"pt-BR","potentialAction":[{"@type":"ReadAction","target":["https:\/\/portalnpm.com\/index.php\/2023\/11\/21\/em-alegrete-do-piaui-enquete-para-eleicoes-de-2024-repercute-nas-midias-sociais-vereador-mateus-vicente-sai-vencedor-veja-os-numeros\/"]}]},{"@type":"ImageObject","inLanguage":"pt-BR","@id":"https:\/\/portalnpm.com\/index.php\/2023\/11\/21\/em-alegrete-do-piaui-enquete-para-eleicoes-de-2024-repercute-nas-midias-sociais-vereador-mateus-vicente-sai-vencedor-veja-os-numeros\/#primaryimage","url":"","contentUrl":""},{"@type":"BreadcrumbList","@id":"https:\/\/portalnpm.com\/index.php\/2023\/11\/21\/em-alegrete-do-piaui-enquete-para-eleicoes-de-2024-repercute-nas-midias-sociais-vereador-mateus-vicente-sai-vencedor-veja-os-numeros\/#breadcrumb","itemListElement":[{"@type":"ListItem","position":1,"name":"In\u00edcio","item":"https:\/\/portalnpm.com\/"},{"@type":"ListItem","position":2,"name":"Em Alegrete do Piau\u00ed, enquete para elei\u00e7\u00f5es de 2024 repercute nas m\u00eddias sociais; vereador Mateus Vicente sai vencedor; Veja os n\u00fameros!"}]},{"@type":"WebSite","@id":"https:\/\/portalnpm.com\/#website","url":"https:\/\/portalnpm.com\/","name":"Portal NPM","description":"Not\u00edcias em Primeira M\u00e3o","potentialAction":[{"@type":"SearchAction","target":{"@type":"EntryPoint","urlTemplate":"https:\/\/portalnpm.com\/?s={search_term_string}"},"query-input":"required name=search_term_string"}],"inLanguage":"pt-BR"},{"@type":"Person","@id":"https:\/\/portalnpm.com\/#\/schema\/person\/5c8006acdf71774cd4e7a5ab98482152","name":"Luis Alberto","image":{"@type":"ImageObject","inLanguage":"pt-BR","@id":"https:\/\/portalnpm.com\/#\/schema\/person\/image\/","url":"https:\/\/portalnpm.com\/wp-content\/uploads\/2024\/12\/avatar_user_3_1734699769-96x96.jpeg","contentUrl":"https:\/\/portalnpm.com\/wp-content\/uploads\/2024\/12\/avatar_user_3_1734699769-96x96.jpeg","caption":"Luis Alberto"},"description":"Editor-geral do Portal NPM, \u00e9 formado como T\u00e9cnico em Seguran\u00e7a do Trabalho pela Escola Metropolitana de Cursos T\u00e9cnicos. Det\u00e9m ainda licenciatura em Educa\u00e7\u00e3o F\u00edsica e bacharelado em Ci\u00eancias Pol\u00edticas, ambos obtidos pela institui\u00e7\u00e3o Anhanguera\/UNOPAR.","url":"https:\/\/portalnpm.com\/index.php\/author\/pereira\/"}]}},"jetpack_sharing_enabled":true,"jetpack_featured_media_url":"","_links":{"self":[{"href":"https:\/\/portalnpm.com\/index.php\/wp-json\/wp\/v2\/posts\/50126"}],"collection":[{"href":"https:\/\/portalnpm.com\/index.php\/wp-json\/wp\/v2\/posts"}],"about":[{"href":"https:\/\/portalnpm.com\/index.php\/wp-json\/wp\/v2\/types\/post"}],"author":[{"embeddable":true,"href":"https:\/\/portalnpm.com\/index.php\/wp-json\/wp\/v2\/users\/3"}],"replies":[{"embeddable":true,"href":"https:\/\/portalnpm.com\/index.php\/wp-json\/wp\/v2\/comments?post=50126"}],"version-history":[{"count":0,"href":"https:\/\/portalnpm.com\/index.php\/wp-json\/wp\/v2\/posts\/50126\/revisions"}],"wp:featuredmedia":[{"embeddable":true,"href":"https:\/\/portalnpm.com\/index.php\/wp-json\/"}],"wp:attachment":[{"href":"https:\/\/portalnpm.com\/index.php\/wp-json\/wp\/v2\/media?parent=50126"}],"wp:term":[{"taxonomy":"category","embeddable":true,"href":"https:\/\/portalnpm.com\/index.php\/wp-json\/wp\/v2\/categories?post=50126"},{"taxonomy":"post_tag","embeddable":true,"href":"https:\/\/portalnpm.com\/index.php\/wp-json\/wp\/v2\/tags?post=50126"}],"curies":[{"name":"wp","href":"https:\/\/api.w.org\/{rel}","templated":true}]}}