{"id":50140,"date":"2023-11-22T16:44:31","date_gmt":"2023-11-22T19:44:31","guid":{"rendered":"https:\/\/portalnpm.com\/?p=50140"},"modified":"2023-11-22T16:44:31","modified_gmt":"2023-11-22T19:44:31","slug":"musico-piauiense-e-morto-com-tiros-na-cabeca-no-ceara","status":"publish","type":"post","link":"https:\/\/portalnpm.com\/index.php\/2023\/11\/22\/musico-piauiense-e-morto-com-tiros-na-cabeca-no-ceara\/","title":{"rendered":"M\u00fasico piauiense \u00e9 morto com tiros na cabe\u00e7a no Cear\u00e1"},"content":{"rendered":"<p style=\"text-align: justify;\">O m\u00fasico piauiense Luan Arag\u00e3o, de 25 anos, foi morto com tiros na cabe\u00e7a\u00a0na noite desta ter\u00e7a-feira (21), em\u00a0uma estrada vicinal na zona rural do munic\u00edpio de Meruoca, no Cear\u00e1.<\/p>\n<p style=\"text-align: justify;\">\n<p style=\"text-align: justify;\">Conforme informa\u00e7\u00f5es da Pol\u00edcia Militar do Cear\u00e1, o\u00a0jovem \u00e9 natural da cidade de Campo Maior, no Piau\u00ed, e atualmente morava em Sobral-CE,\u00a0onde trabalhava como radiologista.<\/p>\n<p style=\"text-align: justify;\">A pol\u00edcia informou ainda que a investiga\u00e7\u00e3o foi aberta para apurar as causas do homic\u00eddio, que at\u00e9 o momento s\u00e3o desconhecidas.\u00a0A principal hip\u00f3tese \u00e9 que o piauiense tenha sido morto em um local e o corpo deixado em\u00a0Meruoca.<\/p>\n<p style=\"text-align: justify;\">A \u00e1rea do crime foi isolada at\u00e9 a realiza\u00e7\u00e3o da per\u00edcia da Pol\u00edcia Cient\u00edfica.\u00a0O Instituto de Medicina Legal\u00a0(IML) foi acionado para fazer a remo\u00e7\u00e3o do corpo.<\/p>\n<p style=\"text-align: justify;\">A\u00a0Pol\u00edcia Civil do Cear\u00e1\u00a0tem um prazo de 30 dias para concluir o inqu\u00e9rito policial e desvendar o crime.\u00a0Os suspeitos seguem foragidos.<\/p>\n<div class=\"mvp-post-ad-wrap\" style=\"text-align: justify;\">\n<div class=\"mvp-post-ad\"><ins class=\"adsbygoogle\" data-ad-layout=\"in-article\" data-ad-format=\"fluid\" data-ad-client=\"ca-pub-9648650505602833\" data-ad-slot=\"4059929970\" data-adsbygoogle-status=\"done\" data-ad-status=\"filled\"><\/p>\n<div id=\"aswift_2_host\" tabindex=\"0\" title=\"Advertisement\" aria-label=\"Advertisement\"><\/div>\n<p><\/ins><\/div>\n<\/div>\n<p style=\"text-align: justify;\">\n<p style=\"text-align: justify;\">Fonte: Meio Norte<\/p>\n","protected":false},"excerpt":{"rendered":"<p>O m\u00fasico piauiense Luan Arag\u00e3o, de 25 anos, foi morto com tiros na cabe\u00e7a\u00a0na noite desta ter\u00e7a-feira (21), em\u00a0uma estrada vicinal na zona rural do munic\u00edpio de Meruoca, no Cear\u00e1. Conforme informa\u00e7\u00f5es da Pol\u00edcia Militar do Cear\u00e1, o\u00a0jovem \u00e9 natural da cidade de Campo Maior, no Piau\u00ed, e atualmente morava em Sobral-CE,\u00a0onde trabalhava como radiologista. &hellip;<\/p>\n","protected":false},"author":2,"featured_media":50141,"comment_status":"open","ping_status":"open","sticky":false,"template":"","format":"standard","meta":{"content-type":"","rop_custom_images_group":[],"rop_custom_messages_group":[],"rop_publish_now":"initial","rop_publish_now_accounts":{"facebook_2648258775420054_1618374048415101":""},"rop_publish_now_history":[],"rop_publish_now_status":"pending","footnotes":"","_jetpack_memberships_contains_paid_content":false},"categories":[118],"tags":[460,3360,608],"yoast_head":"<!-- This site is optimized with the Yoast SEO plugin v22.3 - https:\/\/yoast.com\/wordpress\/plugins\/seo\/ -->\n<title>M\u00fasico piauiense \u00e9 morto com tiros na cabe\u00e7a no Cear\u00e1 - Portal NPM<\/title>\n<meta name=\"robots\" content=\"index, follow, max-snippet:-1, max-image-preview:large, max-video-preview:-1\" \/>\n<link rel=\"canonical\" href=\"https:\/\/portalnpm.com\/index.php\/2023\/11\/22\/musico-piauiense-e-morto-com-tiros-na-cabeca-no-ceara\/\" \/>\n<meta property=\"og:locale\" content=\"pt_BR\" \/>\n<meta property=\"og:type\" content=\"article\" \/>\n<meta property=\"og:title\" content=\"M\u00fasico piauiense \u00e9 morto com tiros na cabe\u00e7a no Cear\u00e1 - Portal NPM\" \/>\n<meta property=\"og:description\" content=\"O m\u00fasico piauiense Luan Arag\u00e3o, de 25 anos, foi morto com tiros na cabe\u00e7a\u00a0na noite desta ter\u00e7a-feira (21), em\u00a0uma estrada vicinal na zona rural do munic\u00edpio de Meruoca, no Cear\u00e1. Conforme informa\u00e7\u00f5es da Pol\u00edcia Militar do Cear\u00e1, o\u00a0jovem \u00e9 natural da cidade de Campo Maior, no Piau\u00ed, e atualmente morava em Sobral-CE,\u00a0onde trabalhava como radiologista. &hellip;\" \/>\n<meta property=\"og:url\" content=\"https:\/\/portalnpm.com\/index.php\/2023\/11\/22\/musico-piauiense-e-morto-com-tiros-na-cabeca-no-ceara\/\" \/>\n<meta property=\"og:site_name\" content=\"Portal NPM\" \/>\n<meta property=\"article:published_time\" content=\"2023-11-22T19:44:31+00:00\" \/>\n<meta name=\"author\" content=\"Genival Barbosa\" \/>\n<meta name=\"twitter:card\" content=\"summary_large_image\" \/>\n<meta name=\"twitter:label1\" content=\"Escrito por\" \/>\n\t<meta name=\"twitter:data1\" content=\"Genival Barbosa\" \/>\n\t<meta name=\"twitter:label2\" content=\"Est. tempo de leitura\" \/>\n\t<meta name=\"twitter:data2\" content=\"1 minuto\" \/>\n<script type=\"application\/ld+json\" class=\"yoast-schema-graph\">{\"@context\":\"https:\/\/schema.org\",\"@graph\":[{\"@type\":\"WebPage\",\"@id\":\"https:\/\/portalnpm.com\/index.php\/2023\/11\/22\/musico-piauiense-e-morto-com-tiros-na-cabeca-no-ceara\/\",\"url\":\"https:\/\/portalnpm.com\/index.php\/2023\/11\/22\/musico-piauiense-e-morto-com-tiros-na-cabeca-no-ceara\/\",\"name\":\"M\u00fasico piauiense \u00e9 morto com tiros na cabe\u00e7a no Cear\u00e1 - Portal NPM\",\"isPartOf\":{\"@id\":\"https:\/\/portalnpm.com\/#website\"},\"primaryImageOfPage\":{\"@id\":\"https:\/\/portalnpm.com\/index.php\/2023\/11\/22\/musico-piauiense-e-morto-com-tiros-na-cabeca-no-ceara\/#primaryimage\"},\"image\":{\"@id\":\"https:\/\/portalnpm.com\/index.php\/2023\/11\/22\/musico-piauiense-e-morto-com-tiros-na-cabeca-no-ceara\/#primaryimage\"},\"thumbnailUrl\":\"\",\"datePublished\":\"2023-11-22T19:44:31+00:00\",\"dateModified\":\"2023-11-22T19:44:31+00:00\",\"author\":{\"@id\":\"https:\/\/portalnpm.com\/#\/schema\/person\/49313e563cfdefcc167f1ee4c017c294\"},\"breadcrumb\":{\"@id\":\"https:\/\/portalnpm.com\/index.php\/2023\/11\/22\/musico-piauiense-e-morto-com-tiros-na-cabeca-no-ceara\/#breadcrumb\"},\"inLanguage\":\"pt-BR\",\"potentialAction\":[{\"@type\":\"ReadAction\",\"target\":[\"https:\/\/portalnpm.com\/index.php\/2023\/11\/22\/musico-piauiense-e-morto-com-tiros-na-cabeca-no-ceara\/\"]}]},{\"@type\":\"ImageObject\",\"inLanguage\":\"pt-BR\",\"@id\":\"https:\/\/portalnpm.com\/index.php\/2023\/11\/22\/musico-piauiense-e-morto-com-tiros-na-cabeca-no-ceara\/#primaryimage\",\"url\":\"\",\"contentUrl\":\"\"},{\"@type\":\"BreadcrumbList\",\"@id\":\"https:\/\/portalnpm.com\/index.php\/2023\/11\/22\/musico-piauiense-e-morto-com-tiros-na-cabeca-no-ceara\/#breadcrumb\",\"itemListElement\":[{\"@type\":\"ListItem\",\"position\":1,\"name\":\"In\u00edcio\",\"item\":\"https:\/\/portalnpm.com\/\"},{\"@type\":\"ListItem\",\"position\":2,\"name\":\"M\u00fasico piauiense \u00e9 morto com tiros na cabe\u00e7a no Cear\u00e1\"}]},{\"@type\":\"WebSite\",\"@id\":\"https:\/\/portalnpm.com\/#website\",\"url\":\"https:\/\/portalnpm.com\/\",\"name\":\"Portal NPM\",\"description\":\"Not\u00edcias em Primeira M\u00e3o\",\"potentialAction\":[{\"@type\":\"SearchAction\",\"target\":{\"@type\":\"EntryPoint\",\"urlTemplate\":\"https:\/\/portalnpm.com\/?s={search_term_string}\"},\"query-input\":\"required name=search_term_string\"}],\"inLanguage\":\"pt-BR\"},{\"@type\":\"Person\",\"@id\":\"https:\/\/portalnpm.com\/#\/schema\/person\/49313e563cfdefcc167f1ee4c017c294\",\"name\":\"Genival Barbosa\",\"image\":{\"@type\":\"ImageObject\",\"inLanguage\":\"pt-BR\",\"@id\":\"https:\/\/portalnpm.com\/#\/schema\/person\/image\/\",\"url\":\"https:\/\/portalnpm.com\/wp-content\/uploads\/2024\/02\/avatar_user_2_1707743258-96x96.jpeg\",\"contentUrl\":\"https:\/\/portalnpm.com\/wp-content\/uploads\/2024\/02\/avatar_user_2_1707743258-96x96.jpeg\",\"caption\":\"Genival Barbosa\"},\"url\":\"https:\/\/portalnpm.com\/index.php\/author\/genival\/\"}]}<\/script>\n<!-- \/ Yoast SEO plugin. -->","yoast_head_json":{"title":"M\u00fasico piauiense \u00e9 morto com tiros na cabe\u00e7a no Cear\u00e1 - Portal NPM","robots":{"index":"index","follow":"follow","max-snippet":"max-snippet:-1","max-image-preview":"max-image-preview:large","max-video-preview":"max-video-preview:-1"},"canonical":"https:\/\/portalnpm.com\/index.php\/2023\/11\/22\/musico-piauiense-e-morto-com-tiros-na-cabeca-no-ceara\/","og_locale":"pt_BR","og_type":"article","og_title":"M\u00fasico piauiense \u00e9 morto com tiros na cabe\u00e7a no Cear\u00e1 - Portal NPM","og_description":"O m\u00fasico piauiense Luan Arag\u00e3o, de 25 anos, foi morto com tiros na cabe\u00e7a\u00a0na noite desta ter\u00e7a-feira (21), em\u00a0uma estrada vicinal na zona rural do munic\u00edpio de Meruoca, no Cear\u00e1. Conforme informa\u00e7\u00f5es da Pol\u00edcia Militar do Cear\u00e1, o\u00a0jovem \u00e9 natural da cidade de Campo Maior, no Piau\u00ed, e atualmente morava em Sobral-CE,\u00a0onde trabalhava como radiologista. &hellip;","og_url":"https:\/\/portalnpm.com\/index.php\/2023\/11\/22\/musico-piauiense-e-morto-com-tiros-na-cabeca-no-ceara\/","og_site_name":"Portal NPM","article_published_time":"2023-11-22T19:44:31+00:00","author":"Genival Barbosa","twitter_card":"summary_large_image","twitter_misc":{"Escrito por":"Genival Barbosa","Est. tempo de leitura":"1 minuto"},"schema":{"@context":"https:\/\/schema.org","@graph":[{"@type":"WebPage","@id":"https:\/\/portalnpm.com\/index.php\/2023\/11\/22\/musico-piauiense-e-morto-com-tiros-na-cabeca-no-ceara\/","url":"https:\/\/portalnpm.com\/index.php\/2023\/11\/22\/musico-piauiense-e-morto-com-tiros-na-cabeca-no-ceara\/","name":"M\u00fasico piauiense \u00e9 morto com tiros na cabe\u00e7a no Cear\u00e1 - Portal NPM","isPartOf":{"@id":"https:\/\/portalnpm.com\/#website"},"primaryImageOfPage":{"@id":"https:\/\/portalnpm.com\/index.php\/2023\/11\/22\/musico-piauiense-e-morto-com-tiros-na-cabeca-no-ceara\/#primaryimage"},"image":{"@id":"https:\/\/portalnpm.com\/index.php\/2023\/11\/22\/musico-piauiense-e-morto-com-tiros-na-cabeca-no-ceara\/#primaryimage"},"thumbnailUrl":"","datePublished":"2023-11-22T19:44:31+00:00","dateModified":"2023-11-22T19:44:31+00:00","author":{"@id":"https:\/\/portalnpm.com\/#\/schema\/person\/49313e563cfdefcc167f1ee4c017c294"},"breadcrumb":{"@id":"https:\/\/portalnpm.com\/index.php\/2023\/11\/22\/musico-piauiense-e-morto-com-tiros-na-cabeca-no-ceara\/#breadcrumb"},"inLanguage":"pt-BR","potentialAction":[{"@type":"ReadAction","target":["https:\/\/portalnpm.com\/index.php\/2023\/11\/22\/musico-piauiense-e-morto-com-tiros-na-cabeca-no-ceara\/"]}]},{"@type":"ImageObject","inLanguage":"pt-BR","@id":"https:\/\/portalnpm.com\/index.php\/2023\/11\/22\/musico-piauiense-e-morto-com-tiros-na-cabeca-no-ceara\/#primaryimage","url":"","contentUrl":""},{"@type":"BreadcrumbList","@id":"https:\/\/portalnpm.com\/index.php\/2023\/11\/22\/musico-piauiense-e-morto-com-tiros-na-cabeca-no-ceara\/#breadcrumb","itemListElement":[{"@type":"ListItem","position":1,"name":"In\u00edcio","item":"https:\/\/portalnpm.com\/"},{"@type":"ListItem","position":2,"name":"M\u00fasico piauiense \u00e9 morto com tiros na cabe\u00e7a no Cear\u00e1"}]},{"@type":"WebSite","@id":"https:\/\/portalnpm.com\/#website","url":"https:\/\/portalnpm.com\/","name":"Portal NPM","description":"Not\u00edcias em Primeira M\u00e3o","potentialAction":[{"@type":"SearchAction","target":{"@type":"EntryPoint","urlTemplate":"https:\/\/portalnpm.com\/?s={search_term_string}"},"query-input":"required name=search_term_string"}],"inLanguage":"pt-BR"},{"@type":"Person","@id":"https:\/\/portalnpm.com\/#\/schema\/person\/49313e563cfdefcc167f1ee4c017c294","name":"Genival Barbosa","image":{"@type":"ImageObject","inLanguage":"pt-BR","@id":"https:\/\/portalnpm.com\/#\/schema\/person\/image\/","url":"https:\/\/portalnpm.com\/wp-content\/uploads\/2024\/02\/avatar_user_2_1707743258-96x96.jpeg","contentUrl":"https:\/\/portalnpm.com\/wp-content\/uploads\/2024\/02\/avatar_user_2_1707743258-96x96.jpeg","caption":"Genival Barbosa"},"url":"https:\/\/portalnpm.com\/index.php\/author\/genival\/"}]}},"jetpack_sharing_enabled":true,"jetpack_featured_media_url":"","_links":{"self":[{"href":"https:\/\/portalnpm.com\/index.php\/wp-json\/wp\/v2\/posts\/50140"}],"collection":[{"href":"https:\/\/portalnpm.com\/index.php\/wp-json\/wp\/v2\/posts"}],"about":[{"href":"https:\/\/portalnpm.com\/index.php\/wp-json\/wp\/v2\/types\/post"}],"author":[{"embeddable":true,"href":"https:\/\/portalnpm.com\/index.php\/wp-json\/wp\/v2\/users\/2"}],"replies":[{"embeddable":true,"href":"https:\/\/portalnpm.com\/index.php\/wp-json\/wp\/v2\/comments?post=50140"}],"version-history":[{"count":0,"href":"https:\/\/portalnpm.com\/index.php\/wp-json\/wp\/v2\/posts\/50140\/revisions"}],"wp:featuredmedia":[{"embeddable":true,"href":"https:\/\/portalnpm.com\/index.php\/wp-json\/"}],"wp:attachment":[{"href":"https:\/\/portalnpm.com\/index.php\/wp-json\/wp\/v2\/media?parent=50140"}],"wp:term":[{"taxonomy":"category","embeddable":true,"href":"https:\/\/portalnpm.com\/index.php\/wp-json\/wp\/v2\/categories?post=50140"},{"taxonomy":"post_tag","embeddable":true,"href":"https:\/\/portalnpm.com\/index.php\/wp-json\/wp\/v2\/tags?post=50140"}],"curies":[{"name":"wp","href":"https:\/\/api.w.org\/{rel}","templated":true}]}}