{"id":50167,"date":"2023-11-23T23:32:01","date_gmt":"2023-11-24T02:32:01","guid":{"rendered":"https:\/\/portalnpm.com\/?p=50167"},"modified":"2023-11-23T23:32:01","modified_gmt":"2023-11-24T02:32:01","slug":"reviravolta-politica-julio-da-barra-pre-candidato-a-vereador-do-pt-abandona-a-situacao-e-junta-se-a-oposicao","status":"publish","type":"post","link":"https:\/\/portalnpm.com\/index.php\/2023\/11\/23\/reviravolta-politica-julio-da-barra-pre-candidato-a-vereador-do-pt-abandona-a-situacao-e-junta-se-a-oposicao\/","title":{"rendered":"Reviravolta Pol\u00edtica em Alagoinha: J\u00falio da Barra, pr\u00e9-candidato a vereador do PT, abandona a situa\u00e7\u00e3o e junta-se \u00e0 Oposi\u00e7\u00e3o"},"content":{"rendered":"<p style=\"text-align: justify;\">Na noite desta quinta-feira, 23 de novembro, o cen\u00e1rio pol\u00edtico municipal experimentou uma significativa reviravolta com a surpreendente mudan\u00e7a de alian\u00e7a do pr\u00e9-candidato a vereador do PT, J\u00falio da Barra. Rompendo com o grupo da situa\u00e7\u00e3o, J\u00falio uniu for\u00e7as com a oposi\u00e7\u00e3o e se colocou como pr\u00e9-candidato a vereador pela localidade Barra do Olho d&#8217;\u00c1gua. Sua filha, que ocupava um emprego, optou por deix\u00e1-lo, movida pela mudan\u00e7a para Alagoinha que a oposi\u00e7\u00e3o representa.<\/p>\n<p style=\"text-align: justify;\">D\u00e9cim Brito, um dos coordenadores da campanha pol\u00edtica da oposi\u00e7\u00e3o, expressou otimismo com a ades\u00e3o de J\u00falio da Barra, destacando que a uni\u00e3o fortalece consideravelmente a chapa de vereadores da oposi\u00e7\u00e3o.<\/p>\n<p style=\"text-align: justify;\">A oposi\u00e7\u00e3o em Alagoinha continua a consolidar sua presen\u00e7a e ganhar for\u00e7a, com a chapa liderada pelo m\u00e9dico e ex-prefeito Dr. Pedro Ot\u00e1cilio, em conjunto com o empres\u00e1rio Cicinho dos Colch\u00f5es. No \u00faltimo final de semana, o grupo recebeu um impulso significativo com a ades\u00e3o de nove fam\u00edlias, destacando o crescente apoio \u00e0 proposta pol\u00edtica apresentada pela oposi\u00e7\u00e3o.<\/p>\n<p style=\"text-align: justify;\">A oposi\u00e7\u00e3o recebeu mais uma significativa ades\u00e3o. O evento ocorreu na resid\u00eancia do pr\u00e9-candidato a prefeito, Dr. Pedro Ot\u00e1cilio. Estavam presentes a ex-primeira dama Hortalina Bezerra e seus filhos, Dr. Patr\u00edcio e Pedro J\u00fanior, bem como v\u00e1rias lideran\u00e7as, incluindo o pr\u00e9-candidato a vice, Cicinho dos Colch\u00f5es, o atual vice-prefeito C\u00edcero Alberto, os vereadores Janilson Neto e George Rocha, o ex-vereador Josivaldo da Castanha, Alberto S\u00e1, Jo\u00e3o Deolino, Nivaldo e Marivaldo.<\/p>\n<p style=\"text-align: justify;\"><img fetchpriority=\"high\" decoding=\"async\" class=\"size-medium wp-image-50169 aligncenter\" src=\"http:\/\/portalnpm.com\/wp-content\/uploads\/2023\/11\/WhatsApp-Image-2023-11-23-at-21.57.16-300x169.jpeg\" alt=\"\" width=\"300\" height=\"169\" \/><\/p>\n<p style=\"text-align: justify;\"><img decoding=\"async\" class=\"size-medium wp-image-50173 aligncenter\" src=\"http:\/\/portalnpm.com\/wp-content\/uploads\/2023\/11\/WhatsApp-Image-2023-11-23-at-23.57.10-300x225.jpeg\" alt=\"\" width=\"300\" height=\"225\" \/> <img decoding=\"async\" class=\"size-medium wp-image-50174 aligncenter\" src=\"http:\/\/portalnpm.com\/wp-content\/uploads\/2023\/11\/WhatsApp-Image-2023-11-23-at-23.57.09-300x225.jpeg\" alt=\"\" width=\"300\" height=\"225\" \/><\/p>\n","protected":false},"excerpt":{"rendered":"<p>Na noite desta quinta-feira, 23 de novembro, o cen\u00e1rio pol\u00edtico municipal experimentou uma significativa reviravolta com a surpreendente mudan\u00e7a de alian\u00e7a do pr\u00e9-candidato a vereador do PT, J\u00falio da Barra. Rompendo com o grupo da situa\u00e7\u00e3o, J\u00falio uniu for\u00e7as com a oposi\u00e7\u00e3o e se colocou como pr\u00e9-candidato a vereador pela localidade Barra do Olho d&#8217;\u00c1gua. &hellip;<\/p>\n","protected":false},"author":3,"featured_media":50168,"comment_status":"open","ping_status":"open","sticky":false,"template":"","format":"standard","meta":{"content-type":"","rop_custom_images_group":[],"rop_custom_messages_group":[],"rop_publish_now":"initial","rop_publish_now_accounts":{"facebook_2648258775420054_1618374048415101":""},"rop_publish_now_history":[],"rop_publish_now_status":"pending","footnotes":"","_jetpack_memberships_contains_paid_content":false},"categories":[144,113,125,109,130],"tags":[2397,1216,176],"yoast_head":"<!-- This site is optimized with the Yoast SEO plugin v22.3 - https:\/\/yoast.com\/wordpress\/plugins\/seo\/ -->\n<title>Reviravolta Pol\u00edtica em Alagoinha: J\u00falio da Barra, pr\u00e9-candidato a vereador do PT, abandona a situa\u00e7\u00e3o e junta-se \u00e0 Oposi\u00e7\u00e3o - Portal NPM<\/title>\n<meta name=\"robots\" content=\"index, follow, max-snippet:-1, max-image-preview:large, max-video-preview:-1\" \/>\n<link rel=\"canonical\" href=\"https:\/\/portalnpm.com\/index.php\/2023\/11\/23\/reviravolta-politica-julio-da-barra-pre-candidato-a-vereador-do-pt-abandona-a-situacao-e-junta-se-a-oposicao\/\" \/>\n<meta property=\"og:locale\" content=\"pt_BR\" \/>\n<meta property=\"og:type\" content=\"article\" \/>\n<meta property=\"og:title\" content=\"Reviravolta Pol\u00edtica em Alagoinha: J\u00falio da Barra, pr\u00e9-candidato a vereador do PT, abandona a situa\u00e7\u00e3o e junta-se \u00e0 Oposi\u00e7\u00e3o - Portal NPM\" \/>\n<meta property=\"og:description\" content=\"Na noite desta quinta-feira, 23 de novembro, o cen\u00e1rio pol\u00edtico municipal experimentou uma significativa reviravolta com a surpreendente mudan\u00e7a de alian\u00e7a do pr\u00e9-candidato a vereador do PT, J\u00falio da Barra. Rompendo com o grupo da situa\u00e7\u00e3o, J\u00falio uniu for\u00e7as com a oposi\u00e7\u00e3o e se colocou como pr\u00e9-candidato a vereador pela localidade Barra do Olho d&#8217;\u00c1gua. &hellip;\" \/>\n<meta property=\"og:url\" content=\"https:\/\/portalnpm.com\/index.php\/2023\/11\/23\/reviravolta-politica-julio-da-barra-pre-candidato-a-vereador-do-pt-abandona-a-situacao-e-junta-se-a-oposicao\/\" \/>\n<meta property=\"og:site_name\" content=\"Portal NPM\" \/>\n<meta property=\"article:published_time\" content=\"2023-11-24T02:32:01+00:00\" \/>\n<meta name=\"author\" content=\"Luis Alberto\" \/>\n<meta name=\"twitter:card\" content=\"summary_large_image\" \/>\n<meta name=\"twitter:label1\" content=\"Escrito por\" \/>\n\t<meta name=\"twitter:data1\" content=\"Luis Alberto\" \/>\n\t<meta name=\"twitter:label2\" content=\"Est. tempo de leitura\" \/>\n\t<meta name=\"twitter:data2\" content=\"2 minutos\" \/>\n<script type=\"application\/ld+json\" class=\"yoast-schema-graph\">{\"@context\":\"https:\/\/schema.org\",\"@graph\":[{\"@type\":\"WebPage\",\"@id\":\"https:\/\/portalnpm.com\/index.php\/2023\/11\/23\/reviravolta-politica-julio-da-barra-pre-candidato-a-vereador-do-pt-abandona-a-situacao-e-junta-se-a-oposicao\/\",\"url\":\"https:\/\/portalnpm.com\/index.php\/2023\/11\/23\/reviravolta-politica-julio-da-barra-pre-candidato-a-vereador-do-pt-abandona-a-situacao-e-junta-se-a-oposicao\/\",\"name\":\"Reviravolta Pol\u00edtica em Alagoinha: J\u00falio da Barra, pr\u00e9-candidato a vereador do PT, abandona a situa\u00e7\u00e3o e junta-se \u00e0 Oposi\u00e7\u00e3o - Portal NPM\",\"isPartOf\":{\"@id\":\"https:\/\/portalnpm.com\/#website\"},\"primaryImageOfPage\":{\"@id\":\"https:\/\/portalnpm.com\/index.php\/2023\/11\/23\/reviravolta-politica-julio-da-barra-pre-candidato-a-vereador-do-pt-abandona-a-situacao-e-junta-se-a-oposicao\/#primaryimage\"},\"image\":{\"@id\":\"https:\/\/portalnpm.com\/index.php\/2023\/11\/23\/reviravolta-politica-julio-da-barra-pre-candidato-a-vereador-do-pt-abandona-a-situacao-e-junta-se-a-oposicao\/#primaryimage\"},\"thumbnailUrl\":\"\",\"datePublished\":\"2023-11-24T02:32:01+00:00\",\"dateModified\":\"2023-11-24T02:32:01+00:00\",\"author\":{\"@id\":\"https:\/\/portalnpm.com\/#\/schema\/person\/5c8006acdf71774cd4e7a5ab98482152\"},\"breadcrumb\":{\"@id\":\"https:\/\/portalnpm.com\/index.php\/2023\/11\/23\/reviravolta-politica-julio-da-barra-pre-candidato-a-vereador-do-pt-abandona-a-situacao-e-junta-se-a-oposicao\/#breadcrumb\"},\"inLanguage\":\"pt-BR\",\"potentialAction\":[{\"@type\":\"ReadAction\",\"target\":[\"https:\/\/portalnpm.com\/index.php\/2023\/11\/23\/reviravolta-politica-julio-da-barra-pre-candidato-a-vereador-do-pt-abandona-a-situacao-e-junta-se-a-oposicao\/\"]}]},{\"@type\":\"ImageObject\",\"inLanguage\":\"pt-BR\",\"@id\":\"https:\/\/portalnpm.com\/index.php\/2023\/11\/23\/reviravolta-politica-julio-da-barra-pre-candidato-a-vereador-do-pt-abandona-a-situacao-e-junta-se-a-oposicao\/#primaryimage\",\"url\":\"\",\"contentUrl\":\"\"},{\"@type\":\"BreadcrumbList\",\"@id\":\"https:\/\/portalnpm.com\/index.php\/2023\/11\/23\/reviravolta-politica-julio-da-barra-pre-candidato-a-vereador-do-pt-abandona-a-situacao-e-junta-se-a-oposicao\/#breadcrumb\",\"itemListElement\":[{\"@type\":\"ListItem\",\"position\":1,\"name\":\"In\u00edcio\",\"item\":\"https:\/\/portalnpm.com\/\"},{\"@type\":\"ListItem\",\"position\":2,\"name\":\"Reviravolta Pol\u00edtica em Alagoinha: J\u00falio da Barra, pr\u00e9-candidato a vereador do PT, abandona a situa\u00e7\u00e3o e junta-se \u00e0 Oposi\u00e7\u00e3o\"}]},{\"@type\":\"WebSite\",\"@id\":\"https:\/\/portalnpm.com\/#website\",\"url\":\"https:\/\/portalnpm.com\/\",\"name\":\"Portal NPM\",\"description\":\"Not\u00edcias em Primeira M\u00e3o\",\"potentialAction\":[{\"@type\":\"SearchAction\",\"target\":{\"@type\":\"EntryPoint\",\"urlTemplate\":\"https:\/\/portalnpm.com\/?s={search_term_string}\"},\"query-input\":\"required name=search_term_string\"}],\"inLanguage\":\"pt-BR\"},{\"@type\":\"Person\",\"@id\":\"https:\/\/portalnpm.com\/#\/schema\/person\/5c8006acdf71774cd4e7a5ab98482152\",\"name\":\"Luis Alberto\",\"image\":{\"@type\":\"ImageObject\",\"inLanguage\":\"pt-BR\",\"@id\":\"https:\/\/portalnpm.com\/#\/schema\/person\/image\/\",\"url\":\"https:\/\/portalnpm.com\/wp-content\/uploads\/2024\/12\/avatar_user_3_1734699769-96x96.jpeg\",\"contentUrl\":\"https:\/\/portalnpm.com\/wp-content\/uploads\/2024\/12\/avatar_user_3_1734699769-96x96.jpeg\",\"caption\":\"Luis Alberto\"},\"description\":\"Editor-geral do Portal NPM, \u00e9 formado como T\u00e9cnico em Seguran\u00e7a do Trabalho pela Escola Metropolitana de Cursos T\u00e9cnicos. Det\u00e9m ainda licenciatura em Educa\u00e7\u00e3o F\u00edsica e bacharelado em Ci\u00eancias Pol\u00edticas, ambos obtidos pela institui\u00e7\u00e3o Anhanguera\/UNOPAR.\",\"url\":\"https:\/\/portalnpm.com\/index.php\/author\/pereira\/\"}]}<\/script>\n<!-- \/ Yoast SEO plugin. -->","yoast_head_json":{"title":"Reviravolta Pol\u00edtica em Alagoinha: J\u00falio da Barra, pr\u00e9-candidato a vereador do PT, abandona a situa\u00e7\u00e3o e junta-se \u00e0 Oposi\u00e7\u00e3o - Portal NPM","robots":{"index":"index","follow":"follow","max-snippet":"max-snippet:-1","max-image-preview":"max-image-preview:large","max-video-preview":"max-video-preview:-1"},"canonical":"https:\/\/portalnpm.com\/index.php\/2023\/11\/23\/reviravolta-politica-julio-da-barra-pre-candidato-a-vereador-do-pt-abandona-a-situacao-e-junta-se-a-oposicao\/","og_locale":"pt_BR","og_type":"article","og_title":"Reviravolta Pol\u00edtica em Alagoinha: J\u00falio da Barra, pr\u00e9-candidato a vereador do PT, abandona a situa\u00e7\u00e3o e junta-se \u00e0 Oposi\u00e7\u00e3o - Portal NPM","og_description":"Na noite desta quinta-feira, 23 de novembro, o cen\u00e1rio pol\u00edtico municipal experimentou uma significativa reviravolta com a surpreendente mudan\u00e7a de alian\u00e7a do pr\u00e9-candidato a vereador do PT, J\u00falio da Barra. Rompendo com o grupo da situa\u00e7\u00e3o, J\u00falio uniu for\u00e7as com a oposi\u00e7\u00e3o e se colocou como pr\u00e9-candidato a vereador pela localidade Barra do Olho d&#8217;\u00c1gua. &hellip;","og_url":"https:\/\/portalnpm.com\/index.php\/2023\/11\/23\/reviravolta-politica-julio-da-barra-pre-candidato-a-vereador-do-pt-abandona-a-situacao-e-junta-se-a-oposicao\/","og_site_name":"Portal NPM","article_published_time":"2023-11-24T02:32:01+00:00","author":"Luis Alberto","twitter_card":"summary_large_image","twitter_misc":{"Escrito por":"Luis Alberto","Est. tempo de leitura":"2 minutos"},"schema":{"@context":"https:\/\/schema.org","@graph":[{"@type":"WebPage","@id":"https:\/\/portalnpm.com\/index.php\/2023\/11\/23\/reviravolta-politica-julio-da-barra-pre-candidato-a-vereador-do-pt-abandona-a-situacao-e-junta-se-a-oposicao\/","url":"https:\/\/portalnpm.com\/index.php\/2023\/11\/23\/reviravolta-politica-julio-da-barra-pre-candidato-a-vereador-do-pt-abandona-a-situacao-e-junta-se-a-oposicao\/","name":"Reviravolta Pol\u00edtica em Alagoinha: J\u00falio da Barra, pr\u00e9-candidato a vereador do PT, abandona a situa\u00e7\u00e3o e junta-se \u00e0 Oposi\u00e7\u00e3o - Portal NPM","isPartOf":{"@id":"https:\/\/portalnpm.com\/#website"},"primaryImageOfPage":{"@id":"https:\/\/portalnpm.com\/index.php\/2023\/11\/23\/reviravolta-politica-julio-da-barra-pre-candidato-a-vereador-do-pt-abandona-a-situacao-e-junta-se-a-oposicao\/#primaryimage"},"image":{"@id":"https:\/\/portalnpm.com\/index.php\/2023\/11\/23\/reviravolta-politica-julio-da-barra-pre-candidato-a-vereador-do-pt-abandona-a-situacao-e-junta-se-a-oposicao\/#primaryimage"},"thumbnailUrl":"","datePublished":"2023-11-24T02:32:01+00:00","dateModified":"2023-11-24T02:32:01+00:00","author":{"@id":"https:\/\/portalnpm.com\/#\/schema\/person\/5c8006acdf71774cd4e7a5ab98482152"},"breadcrumb":{"@id":"https:\/\/portalnpm.com\/index.php\/2023\/11\/23\/reviravolta-politica-julio-da-barra-pre-candidato-a-vereador-do-pt-abandona-a-situacao-e-junta-se-a-oposicao\/#breadcrumb"},"inLanguage":"pt-BR","potentialAction":[{"@type":"ReadAction","target":["https:\/\/portalnpm.com\/index.php\/2023\/11\/23\/reviravolta-politica-julio-da-barra-pre-candidato-a-vereador-do-pt-abandona-a-situacao-e-junta-se-a-oposicao\/"]}]},{"@type":"ImageObject","inLanguage":"pt-BR","@id":"https:\/\/portalnpm.com\/index.php\/2023\/11\/23\/reviravolta-politica-julio-da-barra-pre-candidato-a-vereador-do-pt-abandona-a-situacao-e-junta-se-a-oposicao\/#primaryimage","url":"","contentUrl":""},{"@type":"BreadcrumbList","@id":"https:\/\/portalnpm.com\/index.php\/2023\/11\/23\/reviravolta-politica-julio-da-barra-pre-candidato-a-vereador-do-pt-abandona-a-situacao-e-junta-se-a-oposicao\/#breadcrumb","itemListElement":[{"@type":"ListItem","position":1,"name":"In\u00edcio","item":"https:\/\/portalnpm.com\/"},{"@type":"ListItem","position":2,"name":"Reviravolta Pol\u00edtica em Alagoinha: J\u00falio da Barra, pr\u00e9-candidato a vereador do PT, abandona a situa\u00e7\u00e3o e junta-se \u00e0 Oposi\u00e7\u00e3o"}]},{"@type":"WebSite","@id":"https:\/\/portalnpm.com\/#website","url":"https:\/\/portalnpm.com\/","name":"Portal NPM","description":"Not\u00edcias em Primeira M\u00e3o","potentialAction":[{"@type":"SearchAction","target":{"@type":"EntryPoint","urlTemplate":"https:\/\/portalnpm.com\/?s={search_term_string}"},"query-input":"required name=search_term_string"}],"inLanguage":"pt-BR"},{"@type":"Person","@id":"https:\/\/portalnpm.com\/#\/schema\/person\/5c8006acdf71774cd4e7a5ab98482152","name":"Luis Alberto","image":{"@type":"ImageObject","inLanguage":"pt-BR","@id":"https:\/\/portalnpm.com\/#\/schema\/person\/image\/","url":"https:\/\/portalnpm.com\/wp-content\/uploads\/2024\/12\/avatar_user_3_1734699769-96x96.jpeg","contentUrl":"https:\/\/portalnpm.com\/wp-content\/uploads\/2024\/12\/avatar_user_3_1734699769-96x96.jpeg","caption":"Luis Alberto"},"description":"Editor-geral do Portal NPM, \u00e9 formado como T\u00e9cnico em Seguran\u00e7a do Trabalho pela Escola Metropolitana de Cursos T\u00e9cnicos. Det\u00e9m ainda licenciatura em Educa\u00e7\u00e3o F\u00edsica e bacharelado em Ci\u00eancias Pol\u00edticas, ambos obtidos pela institui\u00e7\u00e3o Anhanguera\/UNOPAR.","url":"https:\/\/portalnpm.com\/index.php\/author\/pereira\/"}]}},"jetpack_sharing_enabled":true,"jetpack_featured_media_url":"","_links":{"self":[{"href":"https:\/\/portalnpm.com\/index.php\/wp-json\/wp\/v2\/posts\/50167"}],"collection":[{"href":"https:\/\/portalnpm.com\/index.php\/wp-json\/wp\/v2\/posts"}],"about":[{"href":"https:\/\/portalnpm.com\/index.php\/wp-json\/wp\/v2\/types\/post"}],"author":[{"embeddable":true,"href":"https:\/\/portalnpm.com\/index.php\/wp-json\/wp\/v2\/users\/3"}],"replies":[{"embeddable":true,"href":"https:\/\/portalnpm.com\/index.php\/wp-json\/wp\/v2\/comments?post=50167"}],"version-history":[{"count":0,"href":"https:\/\/portalnpm.com\/index.php\/wp-json\/wp\/v2\/posts\/50167\/revisions"}],"wp:featuredmedia":[{"embeddable":true,"href":"https:\/\/portalnpm.com\/index.php\/wp-json\/"}],"wp:attachment":[{"href":"https:\/\/portalnpm.com\/index.php\/wp-json\/wp\/v2\/media?parent=50167"}],"wp:term":[{"taxonomy":"category","embeddable":true,"href":"https:\/\/portalnpm.com\/index.php\/wp-json\/wp\/v2\/categories?post=50167"},{"taxonomy":"post_tag","embeddable":true,"href":"https:\/\/portalnpm.com\/index.php\/wp-json\/wp\/v2\/tags?post=50167"}],"curies":[{"name":"wp","href":"https:\/\/api.w.org\/{rel}","templated":true}]}}