{"id":5039,"date":"2019-01-21T19:52:01","date_gmt":"2019-01-21T21:52:01","guid":{"rendered":"http:\/\/srv.portalnpm.com.br\/?p=5039"},"modified":"2019-01-21T19:52:01","modified_gmt":"2019-01-21T21:52:01","slug":"strans-comeca-a-parcelar-multas-de-transito-no-cartao","status":"publish","type":"post","link":"https:\/\/portalnpm.com\/index.php\/2019\/01\/21\/strans-comeca-a-parcelar-multas-de-transito-no-cartao\/","title":{"rendered":"Strans come\u00e7a a parcelar multas de tr\u00e2nsito no cart\u00e3o"},"content":{"rendered":"<div class=\"texto\">\n<div>\n<p style=\"text-align: justify;\">A Superintend\u00eancia Municipal de Transportes e Tr\u00e2nsito (Strans) informa que come\u00e7a, na pr\u00f3xima ter\u00e7a (22), a realizar o parcelamento de multas de tr\u00e2nsito atrav\u00e9s de cart\u00f5es de cr\u00e9dito. A medida atende a resolu\u00e7\u00e3o de n\u00ba 736, de 5 de julho de 2018 e, com a autoriza\u00e7\u00e3o do Departamento Nacional de Tr\u00e2nsito (Denatran), a superintend\u00eancia realizou a habilita\u00e7\u00e3o de empresa cart\u00e3o de cr\u00e9dito para realizar parcelamento de multas de tr\u00e2nsito.<b><\/b><\/p>\n<p style=\"text-align: justify;\">Os propriet\u00e1rios ou condutores poder\u00e3o fazer o parcelamento nos postos de atendimento da empresa Vamos Parcelar, localizados na sede da superintend\u00eancia, localizada na Avenida Pedro Freitas, n\u00ba 1227, no hor\u00e1rio das 7h30 \u00e0s 13h. O parcelamento tamb\u00e9m na sede do Detran, das 7h30 \u00e0s 13h, e ainda no Shopping Rio Poty (Espa\u00e7o Cidad\u00e3o) e Shopping do Autom\u00f3vel, at\u00e9 \u00e0s 19h.<\/p>\n<p style=\"text-align: justify;\">A Unidade de Atendimento ao P\u00fablico (UAP), localizada na Rua \u00c1lvaro Mendes 884, no hor\u00e1rio das 7h30 \u00e0s 13h, come\u00e7a a fazer o parcelamento a partir da pr\u00f3xima sexta (25). De acordo com a Gerente de Gest\u00e3o de Tr\u00e2nsito da Strans, Alyne Costa, essa medida tem como objetivo aperfei\u00e7oar a forma de pagamento das multas de tr\u00e2nsito relativas ao ve\u00edculo, adequando-a aos m\u00e9todos de pagamento mais modernos utilizados pela sociedade.<\/p>\n<p style=\"text-align: justify;\">\u201cInicialmente o parcelamento ser\u00e1 realizando nos cart\u00f5es e cr\u00e9dito das bandeiras Visa e Mastercard, mas a expectativa \u00e9 que, em breve, outras bandeiras de cart\u00f5es tamb\u00e9m poder\u00e3o fazer a negocia\u00e7\u00e3o. Informamos ainda que o parcelamento poder\u00e1 ser feito em at\u00e9 12 meses\u201d, finalizou Alyne.<\/p>\n<\/div>\n<\/div>\n<div class=\"env\">\n<p class=\"autor-pub\" style=\"text-align: justify;\"><b>Fonte:<\/b>\u00a0PMT<\/p>\n<\/div>\n","protected":false},"excerpt":{"rendered":"<p>A Superintend\u00eancia Municipal de Transportes e Tr\u00e2nsito (Strans) informa que come\u00e7a, na pr\u00f3xima ter\u00e7a (22), a realizar o parcelamento de multas de tr\u00e2nsito atrav\u00e9s de cart\u00f5es de cr\u00e9dito. A medida atende a resolu\u00e7\u00e3o de n\u00ba 736, de 5 de julho de 2018 e, com a autoriza\u00e7\u00e3o do Departamento Nacional de Tr\u00e2nsito (Denatran), a superintend\u00eancia realizou &hellip;<\/p>\n","protected":false},"author":8,"featured_media":5040,"comment_status":"open","ping_status":"open","sticky":false,"template":"","format":"standard","meta":{"content-type":"","rop_custom_images_group":[],"rop_custom_messages_group":[],"rop_publish_now":"initial","rop_publish_now_accounts":{"facebook_2648258775420054_1618374048415101":""},"rop_publish_now_history":[],"rop_publish_now_status":"pending","footnotes":"","_jetpack_memberships_contains_paid_content":false},"categories":[113,125],"tags":[2028,2029,2030],"yoast_head":"<!-- This site is optimized with the Yoast SEO plugin v22.3 - https:\/\/yoast.com\/wordpress\/plugins\/seo\/ -->\n<title>Strans come\u00e7a a parcelar multas de tr\u00e2nsito no cart\u00e3o - Portal NPM<\/title>\n<meta name=\"robots\" content=\"index, follow, max-snippet:-1, max-image-preview:large, max-video-preview:-1\" \/>\n<link rel=\"canonical\" href=\"https:\/\/portalnpm.com\/index.php\/2019\/01\/21\/strans-comeca-a-parcelar-multas-de-transito-no-cartao\/\" \/>\n<meta property=\"og:locale\" content=\"pt_BR\" \/>\n<meta property=\"og:type\" content=\"article\" \/>\n<meta property=\"og:title\" content=\"Strans come\u00e7a a parcelar multas de tr\u00e2nsito no cart\u00e3o - Portal NPM\" \/>\n<meta property=\"og:description\" content=\"A Superintend\u00eancia Municipal de Transportes e Tr\u00e2nsito (Strans) informa que come\u00e7a, na pr\u00f3xima ter\u00e7a (22), a realizar o parcelamento de multas de tr\u00e2nsito atrav\u00e9s de cart\u00f5es de cr\u00e9dito. A medida atende a resolu\u00e7\u00e3o de n\u00ba 736, de 5 de julho de 2018 e, com a autoriza\u00e7\u00e3o do Departamento Nacional de Tr\u00e2nsito (Denatran), a superintend\u00eancia realizou &hellip;\" \/>\n<meta property=\"og:url\" content=\"https:\/\/portalnpm.com\/index.php\/2019\/01\/21\/strans-comeca-a-parcelar-multas-de-transito-no-cartao\/\" \/>\n<meta property=\"og:site_name\" content=\"Portal NPM\" \/>\n<meta property=\"article:published_time\" content=\"2019-01-21T21:52:01+00:00\" \/>\n<meta name=\"author\" content=\"Zenilton Lima\" \/>\n<meta name=\"twitter:card\" content=\"summary_large_image\" \/>\n<meta name=\"twitter:label1\" content=\"Escrito por\" \/>\n\t<meta name=\"twitter:data1\" content=\"Zenilton Lima\" \/>\n\t<meta name=\"twitter:label2\" content=\"Est. tempo de leitura\" \/>\n\t<meta name=\"twitter:data2\" content=\"1 minuto\" \/>\n<script type=\"application\/ld+json\" class=\"yoast-schema-graph\">{\"@context\":\"https:\/\/schema.org\",\"@graph\":[{\"@type\":\"WebPage\",\"@id\":\"https:\/\/portalnpm.com\/index.php\/2019\/01\/21\/strans-comeca-a-parcelar-multas-de-transito-no-cartao\/\",\"url\":\"https:\/\/portalnpm.com\/index.php\/2019\/01\/21\/strans-comeca-a-parcelar-multas-de-transito-no-cartao\/\",\"name\":\"Strans come\u00e7a a parcelar multas de tr\u00e2nsito no cart\u00e3o - Portal NPM\",\"isPartOf\":{\"@id\":\"https:\/\/portalnpm.com\/#website\"},\"primaryImageOfPage\":{\"@id\":\"https:\/\/portalnpm.com\/index.php\/2019\/01\/21\/strans-comeca-a-parcelar-multas-de-transito-no-cartao\/#primaryimage\"},\"image\":{\"@id\":\"https:\/\/portalnpm.com\/index.php\/2019\/01\/21\/strans-comeca-a-parcelar-multas-de-transito-no-cartao\/#primaryimage\"},\"thumbnailUrl\":\"\",\"datePublished\":\"2019-01-21T21:52:01+00:00\",\"dateModified\":\"2019-01-21T21:52:01+00:00\",\"author\":{\"@id\":\"https:\/\/portalnpm.com\/#\/schema\/person\/35cb55186eae3f074b6783da6d35591e\"},\"breadcrumb\":{\"@id\":\"https:\/\/portalnpm.com\/index.php\/2019\/01\/21\/strans-comeca-a-parcelar-multas-de-transito-no-cartao\/#breadcrumb\"},\"inLanguage\":\"pt-BR\",\"potentialAction\":[{\"@type\":\"ReadAction\",\"target\":[\"https:\/\/portalnpm.com\/index.php\/2019\/01\/21\/strans-comeca-a-parcelar-multas-de-transito-no-cartao\/\"]}]},{\"@type\":\"ImageObject\",\"inLanguage\":\"pt-BR\",\"@id\":\"https:\/\/portalnpm.com\/index.php\/2019\/01\/21\/strans-comeca-a-parcelar-multas-de-transito-no-cartao\/#primaryimage\",\"url\":\"\",\"contentUrl\":\"\"},{\"@type\":\"BreadcrumbList\",\"@id\":\"https:\/\/portalnpm.com\/index.php\/2019\/01\/21\/strans-comeca-a-parcelar-multas-de-transito-no-cartao\/#breadcrumb\",\"itemListElement\":[{\"@type\":\"ListItem\",\"position\":1,\"name\":\"In\u00edcio\",\"item\":\"https:\/\/portalnpm.com\/\"},{\"@type\":\"ListItem\",\"position\":2,\"name\":\"Strans come\u00e7a a parcelar multas de tr\u00e2nsito no cart\u00e3o\"}]},{\"@type\":\"WebSite\",\"@id\":\"https:\/\/portalnpm.com\/#website\",\"url\":\"https:\/\/portalnpm.com\/\",\"name\":\"Portal NPM\",\"description\":\"Not\u00edcias em Primeira M\u00e3o\",\"potentialAction\":[{\"@type\":\"SearchAction\",\"target\":{\"@type\":\"EntryPoint\",\"urlTemplate\":\"https:\/\/portalnpm.com\/?s={search_term_string}\"},\"query-input\":\"required name=search_term_string\"}],\"inLanguage\":\"pt-BR\"},{\"@type\":\"Person\",\"@id\":\"https:\/\/portalnpm.com\/#\/schema\/person\/35cb55186eae3f074b6783da6d35591e\",\"name\":\"Zenilton Lima\",\"image\":{\"@type\":\"ImageObject\",\"inLanguage\":\"pt-BR\",\"@id\":\"https:\/\/portalnpm.com\/#\/schema\/person\/image\/\",\"url\":\"https:\/\/portalnpm.com\/wp-content\/uploads\/2024\/12\/avatar_user_8_1733658137-96x96.jpeg\",\"contentUrl\":\"https:\/\/portalnpm.com\/wp-content\/uploads\/2024\/12\/avatar_user_8_1733658137-96x96.jpeg\",\"caption\":\"Zenilton Lima\"},\"url\":\"https:\/\/portalnpm.com\/index.php\/author\/zenilton\/\"}]}<\/script>\n<!-- \/ Yoast SEO plugin. -->","yoast_head_json":{"title":"Strans come\u00e7a a parcelar multas de tr\u00e2nsito no cart\u00e3o - Portal NPM","robots":{"index":"index","follow":"follow","max-snippet":"max-snippet:-1","max-image-preview":"max-image-preview:large","max-video-preview":"max-video-preview:-1"},"canonical":"https:\/\/portalnpm.com\/index.php\/2019\/01\/21\/strans-comeca-a-parcelar-multas-de-transito-no-cartao\/","og_locale":"pt_BR","og_type":"article","og_title":"Strans come\u00e7a a parcelar multas de tr\u00e2nsito no cart\u00e3o - Portal NPM","og_description":"A Superintend\u00eancia Municipal de Transportes e Tr\u00e2nsito (Strans) informa que come\u00e7a, na pr\u00f3xima ter\u00e7a (22), a realizar o parcelamento de multas de tr\u00e2nsito atrav\u00e9s de cart\u00f5es de cr\u00e9dito. A medida atende a resolu\u00e7\u00e3o de n\u00ba 736, de 5 de julho de 2018 e, com a autoriza\u00e7\u00e3o do Departamento Nacional de Tr\u00e2nsito (Denatran), a superintend\u00eancia realizou &hellip;","og_url":"https:\/\/portalnpm.com\/index.php\/2019\/01\/21\/strans-comeca-a-parcelar-multas-de-transito-no-cartao\/","og_site_name":"Portal NPM","article_published_time":"2019-01-21T21:52:01+00:00","author":"Zenilton Lima","twitter_card":"summary_large_image","twitter_misc":{"Escrito por":"Zenilton Lima","Est. tempo de leitura":"1 minuto"},"schema":{"@context":"https:\/\/schema.org","@graph":[{"@type":"WebPage","@id":"https:\/\/portalnpm.com\/index.php\/2019\/01\/21\/strans-comeca-a-parcelar-multas-de-transito-no-cartao\/","url":"https:\/\/portalnpm.com\/index.php\/2019\/01\/21\/strans-comeca-a-parcelar-multas-de-transito-no-cartao\/","name":"Strans come\u00e7a a parcelar multas de tr\u00e2nsito no cart\u00e3o - Portal NPM","isPartOf":{"@id":"https:\/\/portalnpm.com\/#website"},"primaryImageOfPage":{"@id":"https:\/\/portalnpm.com\/index.php\/2019\/01\/21\/strans-comeca-a-parcelar-multas-de-transito-no-cartao\/#primaryimage"},"image":{"@id":"https:\/\/portalnpm.com\/index.php\/2019\/01\/21\/strans-comeca-a-parcelar-multas-de-transito-no-cartao\/#primaryimage"},"thumbnailUrl":"","datePublished":"2019-01-21T21:52:01+00:00","dateModified":"2019-01-21T21:52:01+00:00","author":{"@id":"https:\/\/portalnpm.com\/#\/schema\/person\/35cb55186eae3f074b6783da6d35591e"},"breadcrumb":{"@id":"https:\/\/portalnpm.com\/index.php\/2019\/01\/21\/strans-comeca-a-parcelar-multas-de-transito-no-cartao\/#breadcrumb"},"inLanguage":"pt-BR","potentialAction":[{"@type":"ReadAction","target":["https:\/\/portalnpm.com\/index.php\/2019\/01\/21\/strans-comeca-a-parcelar-multas-de-transito-no-cartao\/"]}]},{"@type":"ImageObject","inLanguage":"pt-BR","@id":"https:\/\/portalnpm.com\/index.php\/2019\/01\/21\/strans-comeca-a-parcelar-multas-de-transito-no-cartao\/#primaryimage","url":"","contentUrl":""},{"@type":"BreadcrumbList","@id":"https:\/\/portalnpm.com\/index.php\/2019\/01\/21\/strans-comeca-a-parcelar-multas-de-transito-no-cartao\/#breadcrumb","itemListElement":[{"@type":"ListItem","position":1,"name":"In\u00edcio","item":"https:\/\/portalnpm.com\/"},{"@type":"ListItem","position":2,"name":"Strans come\u00e7a a parcelar multas de tr\u00e2nsito no cart\u00e3o"}]},{"@type":"WebSite","@id":"https:\/\/portalnpm.com\/#website","url":"https:\/\/portalnpm.com\/","name":"Portal NPM","description":"Not\u00edcias em Primeira M\u00e3o","potentialAction":[{"@type":"SearchAction","target":{"@type":"EntryPoint","urlTemplate":"https:\/\/portalnpm.com\/?s={search_term_string}"},"query-input":"required name=search_term_string"}],"inLanguage":"pt-BR"},{"@type":"Person","@id":"https:\/\/portalnpm.com\/#\/schema\/person\/35cb55186eae3f074b6783da6d35591e","name":"Zenilton Lima","image":{"@type":"ImageObject","inLanguage":"pt-BR","@id":"https:\/\/portalnpm.com\/#\/schema\/person\/image\/","url":"https:\/\/portalnpm.com\/wp-content\/uploads\/2024\/12\/avatar_user_8_1733658137-96x96.jpeg","contentUrl":"https:\/\/portalnpm.com\/wp-content\/uploads\/2024\/12\/avatar_user_8_1733658137-96x96.jpeg","caption":"Zenilton Lima"},"url":"https:\/\/portalnpm.com\/index.php\/author\/zenilton\/"}]}},"jetpack_sharing_enabled":true,"jetpack_featured_media_url":"","_links":{"self":[{"href":"https:\/\/portalnpm.com\/index.php\/wp-json\/wp\/v2\/posts\/5039"}],"collection":[{"href":"https:\/\/portalnpm.com\/index.php\/wp-json\/wp\/v2\/posts"}],"about":[{"href":"https:\/\/portalnpm.com\/index.php\/wp-json\/wp\/v2\/types\/post"}],"author":[{"embeddable":true,"href":"https:\/\/portalnpm.com\/index.php\/wp-json\/wp\/v2\/users\/8"}],"replies":[{"embeddable":true,"href":"https:\/\/portalnpm.com\/index.php\/wp-json\/wp\/v2\/comments?post=5039"}],"version-history":[{"count":0,"href":"https:\/\/portalnpm.com\/index.php\/wp-json\/wp\/v2\/posts\/5039\/revisions"}],"wp:featuredmedia":[{"embeddable":true,"href":"https:\/\/portalnpm.com\/index.php\/wp-json\/"}],"wp:attachment":[{"href":"https:\/\/portalnpm.com\/index.php\/wp-json\/wp\/v2\/media?parent=5039"}],"wp:term":[{"taxonomy":"category","embeddable":true,"href":"https:\/\/portalnpm.com\/index.php\/wp-json\/wp\/v2\/categories?post=5039"},{"taxonomy":"post_tag","embeddable":true,"href":"https:\/\/portalnpm.com\/index.php\/wp-json\/wp\/v2\/tags?post=5039"}],"curies":[{"name":"wp","href":"https:\/\/api.w.org\/{rel}","templated":true}]}}