{"id":5074,"date":"2019-01-22T12:03:21","date_gmt":"2019-01-22T14:03:21","guid":{"rendered":"http:\/\/srv.portalnpm.com.br\/?p=5074"},"modified":"2019-01-22T12:03:21","modified_gmt":"2019-01-22T14:03:21","slug":"governo-aumenta-desconto-do-ipva-para-quem-pagar-ate-dia-31","status":"publish","type":"post","link":"https:\/\/portalnpm.com\/index.php\/2019\/01\/22\/governo-aumenta-desconto-do-ipva-para-quem-pagar-ate-dia-31\/","title":{"rendered":"Governo aumenta desconto do IPVA para quem pagar at\u00e9 dia 31"},"content":{"rendered":"<p style=\"text-align: justify;\">O governo do Piau\u00ed publicou decreto regulamentando novas faixas de desconto para quem antecipar o pagamento da cota \u00fanica do Imposto sobre a Propriedade de Ve\u00edculos Automotores (IPVA), referente ao exerc\u00edcio de 2019. A medida vale apenas para ve\u00edculos usados (n\u00e3o vale para o primeiro emplacamento do ve\u00edculo). Os descontos chegam a 24% para carros com placa final 0, por exemplo.<\/p>\n<p style=\"text-align: justify;\">Os novos descontos s\u00f3 estar\u00e3o em vigor para quem pagar a cota \u00fanica em janeiro ou fevereiro. A partir de mar\u00e7o, o percentual volta a ser de 15% para todos os ve\u00edculos.<\/p>\n<p style=\"text-align: justify;\">Segundo a tabela divulgada pela Secretaria de Fazenda do Piau\u00ed, os propriet\u00e1rios de carros com placas final 2, 3, 4, 5, 6, 7, 8, 9 e 0 que optarem por antecipar o pagamento da cota \u00fanica em janeiro, ter\u00e3o desconto variando de 16% a 24%. Quem deixar para fevereiro, os descontos v\u00e3o de 16% a 23% para ve\u00edculos com placas de final 3 a 0.<\/p>\n<p style=\"text-align: justify;\">A Sefaz ressalta que o desconto de 15% na cota \u00fanica permanece para carros com placas de vencimento no m\u00eas atual, como janeiro, por exemplo. No Piau\u00ed, quem opta por pagar o IPVA parcelado e sem desconto, pode dividir o imposto em 3 parcelas.<\/p>\n<p style=\"text-align: justify;\">Segundo a Sefaz, com a medida, o Piau\u00ed passa a conceder, sem restri\u00e7\u00f5es ao usu\u00e1rio, o maior desconto na cota \u00fanica do IPVA no pa\u00eds. Em estados como Amazonas\u00a0 e Rio Grande do Sul, os descontos variam de 25% a 30%, mas o motorista precisa se enquadrar numa s\u00e9rie de exig\u00eancias, como por exemplo n\u00e3o ter sido multado nos \u00faltimos tr\u00eas anos.<\/p>\n<p style=\"text-align: justify;\"><strong>Veja a tabela de descontos do IPVA 2019<\/strong><\/p>\n<p><img fetchpriority=\"high\" decoding=\"async\" class=\"alignnone size-medium wp-image-5075\" src=\"http:\/\/portalnpm.com.br\/wp-content\/uploads\/2019\/01\/tabela-ipva-economia-300x226.gif\" alt=\"\" width=\"300\" height=\"226\" \/><\/p>\n<p><strong>Fonte<\/strong>: Cidade Verde<\/p>\n","protected":false},"excerpt":{"rendered":"<p>O governo do Piau\u00ed publicou decreto regulamentando novas faixas de desconto para quem antecipar o pagamento da cota \u00fanica do Imposto sobre a Propriedade de Ve\u00edculos Automotores (IPVA), referente ao exerc\u00edcio de 2019. A medida vale apenas para ve\u00edculos usados (n\u00e3o vale para o primeiro emplacamento do ve\u00edculo). Os descontos chegam a 24% para carros &hellip;<\/p>\n","protected":false},"author":8,"featured_media":5077,"comment_status":"open","ping_status":"open","sticky":false,"template":"","format":"standard","meta":{"content-type":"","rop_custom_images_group":[],"rop_custom_messages_group":[],"rop_publish_now":"initial","rop_publish_now_accounts":{"facebook_2648258775420054_1618374048415101":""},"rop_publish_now_history":[],"rop_publish_now_status":"pending","footnotes":"","_jetpack_memberships_contains_paid_content":false},"categories":[113,118],"tags":[1881,2038,524,1309],"yoast_head":"<!-- This site is optimized with the Yoast SEO plugin v22.3 - https:\/\/yoast.com\/wordpress\/plugins\/seo\/ -->\n<title>Governo aumenta desconto do IPVA para quem pagar at\u00e9 dia 31 - Portal NPM<\/title>\n<meta name=\"robots\" content=\"index, follow, max-snippet:-1, max-image-preview:large, max-video-preview:-1\" \/>\n<link rel=\"canonical\" href=\"https:\/\/portalnpm.com\/index.php\/2019\/01\/22\/governo-aumenta-desconto-do-ipva-para-quem-pagar-ate-dia-31\/\" \/>\n<meta property=\"og:locale\" content=\"pt_BR\" \/>\n<meta property=\"og:type\" content=\"article\" \/>\n<meta property=\"og:title\" content=\"Governo aumenta desconto do IPVA para quem pagar at\u00e9 dia 31 - Portal NPM\" \/>\n<meta property=\"og:description\" content=\"O governo do Piau\u00ed publicou decreto regulamentando novas faixas de desconto para quem antecipar o pagamento da cota \u00fanica do Imposto sobre a Propriedade de Ve\u00edculos Automotores (IPVA), referente ao exerc\u00edcio de 2019. A medida vale apenas para ve\u00edculos usados (n\u00e3o vale para o primeiro emplacamento do ve\u00edculo). Os descontos chegam a 24% para carros &hellip;\" \/>\n<meta property=\"og:url\" content=\"https:\/\/portalnpm.com\/index.php\/2019\/01\/22\/governo-aumenta-desconto-do-ipva-para-quem-pagar-ate-dia-31\/\" \/>\n<meta property=\"og:site_name\" content=\"Portal NPM\" \/>\n<meta property=\"article:published_time\" content=\"2019-01-22T14:03:21+00:00\" \/>\n<meta name=\"author\" content=\"Zenilton Lima\" \/>\n<meta name=\"twitter:card\" content=\"summary_large_image\" \/>\n<meta name=\"twitter:label1\" content=\"Escrito por\" \/>\n\t<meta name=\"twitter:data1\" content=\"Zenilton Lima\" \/>\n\t<meta name=\"twitter:label2\" content=\"Est. tempo de leitura\" \/>\n\t<meta name=\"twitter:data2\" content=\"1 minuto\" \/>\n<script type=\"application\/ld+json\" class=\"yoast-schema-graph\">{\"@context\":\"https:\/\/schema.org\",\"@graph\":[{\"@type\":\"WebPage\",\"@id\":\"https:\/\/portalnpm.com\/index.php\/2019\/01\/22\/governo-aumenta-desconto-do-ipva-para-quem-pagar-ate-dia-31\/\",\"url\":\"https:\/\/portalnpm.com\/index.php\/2019\/01\/22\/governo-aumenta-desconto-do-ipva-para-quem-pagar-ate-dia-31\/\",\"name\":\"Governo aumenta desconto do IPVA para quem pagar at\u00e9 dia 31 - Portal NPM\",\"isPartOf\":{\"@id\":\"https:\/\/portalnpm.com\/#website\"},\"primaryImageOfPage\":{\"@id\":\"https:\/\/portalnpm.com\/index.php\/2019\/01\/22\/governo-aumenta-desconto-do-ipva-para-quem-pagar-ate-dia-31\/#primaryimage\"},\"image\":{\"@id\":\"https:\/\/portalnpm.com\/index.php\/2019\/01\/22\/governo-aumenta-desconto-do-ipva-para-quem-pagar-ate-dia-31\/#primaryimage\"},\"thumbnailUrl\":\"\",\"datePublished\":\"2019-01-22T14:03:21+00:00\",\"dateModified\":\"2019-01-22T14:03:21+00:00\",\"author\":{\"@id\":\"https:\/\/portalnpm.com\/#\/schema\/person\/35cb55186eae3f074b6783da6d35591e\"},\"breadcrumb\":{\"@id\":\"https:\/\/portalnpm.com\/index.php\/2019\/01\/22\/governo-aumenta-desconto-do-ipva-para-quem-pagar-ate-dia-31\/#breadcrumb\"},\"inLanguage\":\"pt-BR\",\"potentialAction\":[{\"@type\":\"ReadAction\",\"target\":[\"https:\/\/portalnpm.com\/index.php\/2019\/01\/22\/governo-aumenta-desconto-do-ipva-para-quem-pagar-ate-dia-31\/\"]}]},{\"@type\":\"ImageObject\",\"inLanguage\":\"pt-BR\",\"@id\":\"https:\/\/portalnpm.com\/index.php\/2019\/01\/22\/governo-aumenta-desconto-do-ipva-para-quem-pagar-ate-dia-31\/#primaryimage\",\"url\":\"\",\"contentUrl\":\"\"},{\"@type\":\"BreadcrumbList\",\"@id\":\"https:\/\/portalnpm.com\/index.php\/2019\/01\/22\/governo-aumenta-desconto-do-ipva-para-quem-pagar-ate-dia-31\/#breadcrumb\",\"itemListElement\":[{\"@type\":\"ListItem\",\"position\":1,\"name\":\"In\u00edcio\",\"item\":\"https:\/\/portalnpm.com\/\"},{\"@type\":\"ListItem\",\"position\":2,\"name\":\"Governo aumenta desconto do IPVA para quem pagar at\u00e9 dia 31\"}]},{\"@type\":\"WebSite\",\"@id\":\"https:\/\/portalnpm.com\/#website\",\"url\":\"https:\/\/portalnpm.com\/\",\"name\":\"Portal NPM\",\"description\":\"Not\u00edcias em Primeira M\u00e3o\",\"potentialAction\":[{\"@type\":\"SearchAction\",\"target\":{\"@type\":\"EntryPoint\",\"urlTemplate\":\"https:\/\/portalnpm.com\/?s={search_term_string}\"},\"query-input\":\"required name=search_term_string\"}],\"inLanguage\":\"pt-BR\"},{\"@type\":\"Person\",\"@id\":\"https:\/\/portalnpm.com\/#\/schema\/person\/35cb55186eae3f074b6783da6d35591e\",\"name\":\"Zenilton Lima\",\"image\":{\"@type\":\"ImageObject\",\"inLanguage\":\"pt-BR\",\"@id\":\"https:\/\/portalnpm.com\/#\/schema\/person\/image\/\",\"url\":\"https:\/\/portalnpm.com\/wp-content\/uploads\/2024\/12\/avatar_user_8_1733658137-96x96.jpeg\",\"contentUrl\":\"https:\/\/portalnpm.com\/wp-content\/uploads\/2024\/12\/avatar_user_8_1733658137-96x96.jpeg\",\"caption\":\"Zenilton Lima\"},\"url\":\"https:\/\/portalnpm.com\/index.php\/author\/zenilton\/\"}]}<\/script>\n<!-- \/ Yoast SEO plugin. -->","yoast_head_json":{"title":"Governo aumenta desconto do IPVA para quem pagar at\u00e9 dia 31 - Portal NPM","robots":{"index":"index","follow":"follow","max-snippet":"max-snippet:-1","max-image-preview":"max-image-preview:large","max-video-preview":"max-video-preview:-1"},"canonical":"https:\/\/portalnpm.com\/index.php\/2019\/01\/22\/governo-aumenta-desconto-do-ipva-para-quem-pagar-ate-dia-31\/","og_locale":"pt_BR","og_type":"article","og_title":"Governo aumenta desconto do IPVA para quem pagar at\u00e9 dia 31 - Portal NPM","og_description":"O governo do Piau\u00ed publicou decreto regulamentando novas faixas de desconto para quem antecipar o pagamento da cota \u00fanica do Imposto sobre a Propriedade de Ve\u00edculos Automotores (IPVA), referente ao exerc\u00edcio de 2019. A medida vale apenas para ve\u00edculos usados (n\u00e3o vale para o primeiro emplacamento do ve\u00edculo). Os descontos chegam a 24% para carros &hellip;","og_url":"https:\/\/portalnpm.com\/index.php\/2019\/01\/22\/governo-aumenta-desconto-do-ipva-para-quem-pagar-ate-dia-31\/","og_site_name":"Portal NPM","article_published_time":"2019-01-22T14:03:21+00:00","author":"Zenilton Lima","twitter_card":"summary_large_image","twitter_misc":{"Escrito por":"Zenilton Lima","Est. tempo de leitura":"1 minuto"},"schema":{"@context":"https:\/\/schema.org","@graph":[{"@type":"WebPage","@id":"https:\/\/portalnpm.com\/index.php\/2019\/01\/22\/governo-aumenta-desconto-do-ipva-para-quem-pagar-ate-dia-31\/","url":"https:\/\/portalnpm.com\/index.php\/2019\/01\/22\/governo-aumenta-desconto-do-ipva-para-quem-pagar-ate-dia-31\/","name":"Governo aumenta desconto do IPVA para quem pagar at\u00e9 dia 31 - Portal NPM","isPartOf":{"@id":"https:\/\/portalnpm.com\/#website"},"primaryImageOfPage":{"@id":"https:\/\/portalnpm.com\/index.php\/2019\/01\/22\/governo-aumenta-desconto-do-ipva-para-quem-pagar-ate-dia-31\/#primaryimage"},"image":{"@id":"https:\/\/portalnpm.com\/index.php\/2019\/01\/22\/governo-aumenta-desconto-do-ipva-para-quem-pagar-ate-dia-31\/#primaryimage"},"thumbnailUrl":"","datePublished":"2019-01-22T14:03:21+00:00","dateModified":"2019-01-22T14:03:21+00:00","author":{"@id":"https:\/\/portalnpm.com\/#\/schema\/person\/35cb55186eae3f074b6783da6d35591e"},"breadcrumb":{"@id":"https:\/\/portalnpm.com\/index.php\/2019\/01\/22\/governo-aumenta-desconto-do-ipva-para-quem-pagar-ate-dia-31\/#breadcrumb"},"inLanguage":"pt-BR","potentialAction":[{"@type":"ReadAction","target":["https:\/\/portalnpm.com\/index.php\/2019\/01\/22\/governo-aumenta-desconto-do-ipva-para-quem-pagar-ate-dia-31\/"]}]},{"@type":"ImageObject","inLanguage":"pt-BR","@id":"https:\/\/portalnpm.com\/index.php\/2019\/01\/22\/governo-aumenta-desconto-do-ipva-para-quem-pagar-ate-dia-31\/#primaryimage","url":"","contentUrl":""},{"@type":"BreadcrumbList","@id":"https:\/\/portalnpm.com\/index.php\/2019\/01\/22\/governo-aumenta-desconto-do-ipva-para-quem-pagar-ate-dia-31\/#breadcrumb","itemListElement":[{"@type":"ListItem","position":1,"name":"In\u00edcio","item":"https:\/\/portalnpm.com\/"},{"@type":"ListItem","position":2,"name":"Governo aumenta desconto do IPVA para quem pagar at\u00e9 dia 31"}]},{"@type":"WebSite","@id":"https:\/\/portalnpm.com\/#website","url":"https:\/\/portalnpm.com\/","name":"Portal NPM","description":"Not\u00edcias em Primeira M\u00e3o","potentialAction":[{"@type":"SearchAction","target":{"@type":"EntryPoint","urlTemplate":"https:\/\/portalnpm.com\/?s={search_term_string}"},"query-input":"required name=search_term_string"}],"inLanguage":"pt-BR"},{"@type":"Person","@id":"https:\/\/portalnpm.com\/#\/schema\/person\/35cb55186eae3f074b6783da6d35591e","name":"Zenilton Lima","image":{"@type":"ImageObject","inLanguage":"pt-BR","@id":"https:\/\/portalnpm.com\/#\/schema\/person\/image\/","url":"https:\/\/portalnpm.com\/wp-content\/uploads\/2024\/12\/avatar_user_8_1733658137-96x96.jpeg","contentUrl":"https:\/\/portalnpm.com\/wp-content\/uploads\/2024\/12\/avatar_user_8_1733658137-96x96.jpeg","caption":"Zenilton Lima"},"url":"https:\/\/portalnpm.com\/index.php\/author\/zenilton\/"}]}},"jetpack_sharing_enabled":true,"jetpack_featured_media_url":"","_links":{"self":[{"href":"https:\/\/portalnpm.com\/index.php\/wp-json\/wp\/v2\/posts\/5074"}],"collection":[{"href":"https:\/\/portalnpm.com\/index.php\/wp-json\/wp\/v2\/posts"}],"about":[{"href":"https:\/\/portalnpm.com\/index.php\/wp-json\/wp\/v2\/types\/post"}],"author":[{"embeddable":true,"href":"https:\/\/portalnpm.com\/index.php\/wp-json\/wp\/v2\/users\/8"}],"replies":[{"embeddable":true,"href":"https:\/\/portalnpm.com\/index.php\/wp-json\/wp\/v2\/comments?post=5074"}],"version-history":[{"count":0,"href":"https:\/\/portalnpm.com\/index.php\/wp-json\/wp\/v2\/posts\/5074\/revisions"}],"wp:featuredmedia":[{"embeddable":true,"href":"https:\/\/portalnpm.com\/index.php\/wp-json\/"}],"wp:attachment":[{"href":"https:\/\/portalnpm.com\/index.php\/wp-json\/wp\/v2\/media?parent=5074"}],"wp:term":[{"taxonomy":"category","embeddable":true,"href":"https:\/\/portalnpm.com\/index.php\/wp-json\/wp\/v2\/categories?post=5074"},{"taxonomy":"post_tag","embeddable":true,"href":"https:\/\/portalnpm.com\/index.php\/wp-json\/wp\/v2\/tags?post=5074"}],"curies":[{"name":"wp","href":"https:\/\/api.w.org\/{rel}","templated":true}]}}