{"id":5170,"date":"2019-01-24T14:36:11","date_gmt":"2019-01-24T16:36:11","guid":{"rendered":"http:\/\/srv.portalnpm.com.br\/?p=5170"},"modified":"2019-01-24T14:36:11","modified_gmt":"2019-01-24T16:36:11","slug":"ministerio-cancela-registro-de-73-medicos-estrangeiros","status":"publish","type":"post","link":"https:\/\/portalnpm.com\/index.php\/2019\/01\/24\/ministerio-cancela-registro-de-73-medicos-estrangeiros\/","title":{"rendered":"Minist\u00e9rio cancela registro de 73 m\u00e9dicos estrangeiros"},"content":{"rendered":"<div class=\"article-html\">\n<p style=\"text-align: justify;\">O Minist\u00e9rio da Sa\u00fade cancelou o registro para exerc\u00edcio da medicina de 73 m\u00e9dicos participantes do programa Mais M\u00e9dicos. As portarias com as decis\u00f5es foram publicadas no Di\u00e1rio Oficial da Uni\u00e3o desta quinta (24) e assinadas pelo secret\u00e1rio substituto de gest\u00e3o do trabalho e da educa\u00e7\u00e3o na sa\u00fade, respons\u00e1vel pelo programa dentro da pasta.<\/p>\n<p style=\"text-align: justify;\">At\u00e9 a publica\u00e7\u00e3o desta reportagem, o Minist\u00e9rio da Sa\u00fade n\u00e3o havia confirmado se todos os m\u00e9dicos com registro cancelado eram cubanos. O pa\u00eds caribenho decidiu retirar seus profissionais do pa\u00eds no dia 14 de novembro, citando \u201crefer\u00eancias diretas, depreciativas e amea\u00e7adoras\u201d do ent\u00e3o presidente eleito Jair Bolsonaro, agora no cargo.<\/p>\n<p style=\"text-align: justify;\"><strong>Substitui\u00e7\u00e3o<\/strong><\/p>\n<p style=\"text-align: justify;\">Nesta segunda (21), o minist\u00e9rio alterou em cerca de duas semanas as datas para que brasileiros e estrangeiros formados no exterior escolham munic\u00edpios de atua\u00e7\u00e3o pelo Mais M\u00e9dicos. Os profissionais com diploma de fora do pa\u00eds poder\u00e3o optar por vagas entre 1.460 postos de trabalho dispon\u00edveis.<\/p>\n<p style=\"text-align: justify;\">O edital foi aberto para ocupar as 8.517 vagas deixadas pelos cubanos no programa \u2014 7.057 das quais j\u00e1 foram preenchidas. Nas duas primeiras etapas de sele\u00e7\u00e3o, puderam se inscrever apenas brasileiros com diploma registrado no pa\u00eds. As vagas remanescentes foram, ent\u00e3o, oferecidas a m\u00e9dicos formados no exterior.<\/p>\n<p style=\"text-align: justify;\">Criado em 2013, durante o governo Dilma Rousseff, para atrair m\u00e9dicos para as regi\u00f5es mais afastadas do pa\u00eds, o programa atende cerca de 63 milh\u00f5es de pessoas, segundo o Minist\u00e9rio da Sa\u00fade.<\/p>\n<\/div>\n<p style=\"text-align: justify;\">\n<p style=\"text-align: justify;\"><strong>Fonte: G1 Piau\u00ed<\/strong><\/p>\n","protected":false},"excerpt":{"rendered":"<p>O Minist\u00e9rio da Sa\u00fade cancelou o registro para exerc\u00edcio da medicina de 73 m\u00e9dicos participantes do programa Mais M\u00e9dicos. As portarias com as decis\u00f5es foram publicadas no Di\u00e1rio Oficial da Uni\u00e3o desta quinta (24) e assinadas pelo secret\u00e1rio substituto de gest\u00e3o do trabalho e da educa\u00e7\u00e3o na sa\u00fade, respons\u00e1vel pelo programa dentro da pasta. At\u00e9 &hellip;<\/p>\n","protected":false},"author":4,"featured_media":5171,"comment_status":"open","ping_status":"open","sticky":false,"template":"","format":"standard","meta":{"content-type":"","rop_custom_images_group":[],"rop_custom_messages_group":[],"rop_publish_now":"initial","rop_publish_now_accounts":{"facebook_2648258775420054_1618374048415101":""},"rop_publish_now_history":[],"rop_publish_now_status":"pending","footnotes":"","_jetpack_memberships_contains_paid_content":false},"categories":[113,118],"tags":[2064,2065,1424,542,672],"yoast_head":"<!-- This site is optimized with the Yoast SEO plugin v22.3 - https:\/\/yoast.com\/wordpress\/plugins\/seo\/ -->\n<title>Minist\u00e9rio cancela registro de 73 m\u00e9dicos estrangeiros - Portal NPM<\/title>\n<meta name=\"robots\" content=\"index, follow, max-snippet:-1, max-image-preview:large, max-video-preview:-1\" \/>\n<link rel=\"canonical\" href=\"https:\/\/portalnpm.com\/index.php\/2019\/01\/24\/ministerio-cancela-registro-de-73-medicos-estrangeiros\/\" \/>\n<meta property=\"og:locale\" content=\"pt_BR\" \/>\n<meta property=\"og:type\" content=\"article\" \/>\n<meta property=\"og:title\" content=\"Minist\u00e9rio cancela registro de 73 m\u00e9dicos estrangeiros - Portal NPM\" \/>\n<meta property=\"og:description\" content=\"O Minist\u00e9rio da Sa\u00fade cancelou o registro para exerc\u00edcio da medicina de 73 m\u00e9dicos participantes do programa Mais M\u00e9dicos. As portarias com as decis\u00f5es foram publicadas no Di\u00e1rio Oficial da Uni\u00e3o desta quinta (24) e assinadas pelo secret\u00e1rio substituto de gest\u00e3o do trabalho e da educa\u00e7\u00e3o na sa\u00fade, respons\u00e1vel pelo programa dentro da pasta. At\u00e9 &hellip;\" \/>\n<meta property=\"og:url\" content=\"https:\/\/portalnpm.com\/index.php\/2019\/01\/24\/ministerio-cancela-registro-de-73-medicos-estrangeiros\/\" \/>\n<meta property=\"og:site_name\" content=\"Portal NPM\" \/>\n<meta property=\"article:published_time\" content=\"2019-01-24T16:36:11+00:00\" \/>\n<meta name=\"author\" content=\"Reda\u00e7\u00e3o\" \/>\n<meta name=\"twitter:card\" content=\"summary_large_image\" \/>\n<meta name=\"twitter:label1\" content=\"Escrito por\" \/>\n\t<meta name=\"twitter:data1\" content=\"Reda\u00e7\u00e3o\" \/>\n\t<meta name=\"twitter:label2\" content=\"Est. tempo de leitura\" \/>\n\t<meta name=\"twitter:data2\" content=\"1 minuto\" \/>\n<script type=\"application\/ld+json\" class=\"yoast-schema-graph\">{\"@context\":\"https:\/\/schema.org\",\"@graph\":[{\"@type\":\"WebPage\",\"@id\":\"https:\/\/portalnpm.com\/index.php\/2019\/01\/24\/ministerio-cancela-registro-de-73-medicos-estrangeiros\/\",\"url\":\"https:\/\/portalnpm.com\/index.php\/2019\/01\/24\/ministerio-cancela-registro-de-73-medicos-estrangeiros\/\",\"name\":\"Minist\u00e9rio cancela registro de 73 m\u00e9dicos estrangeiros - Portal NPM\",\"isPartOf\":{\"@id\":\"https:\/\/portalnpm.com\/#website\"},\"primaryImageOfPage\":{\"@id\":\"https:\/\/portalnpm.com\/index.php\/2019\/01\/24\/ministerio-cancela-registro-de-73-medicos-estrangeiros\/#primaryimage\"},\"image\":{\"@id\":\"https:\/\/portalnpm.com\/index.php\/2019\/01\/24\/ministerio-cancela-registro-de-73-medicos-estrangeiros\/#primaryimage\"},\"thumbnailUrl\":\"\",\"datePublished\":\"2019-01-24T16:36:11+00:00\",\"dateModified\":\"2019-01-24T16:36:11+00:00\",\"author\":{\"@id\":\"https:\/\/portalnpm.com\/#\/schema\/person\/0b5f230ec96cee25504fa328e7f2b733\"},\"breadcrumb\":{\"@id\":\"https:\/\/portalnpm.com\/index.php\/2019\/01\/24\/ministerio-cancela-registro-de-73-medicos-estrangeiros\/#breadcrumb\"},\"inLanguage\":\"pt-BR\",\"potentialAction\":[{\"@type\":\"ReadAction\",\"target\":[\"https:\/\/portalnpm.com\/index.php\/2019\/01\/24\/ministerio-cancela-registro-de-73-medicos-estrangeiros\/\"]}]},{\"@type\":\"ImageObject\",\"inLanguage\":\"pt-BR\",\"@id\":\"https:\/\/portalnpm.com\/index.php\/2019\/01\/24\/ministerio-cancela-registro-de-73-medicos-estrangeiros\/#primaryimage\",\"url\":\"\",\"contentUrl\":\"\"},{\"@type\":\"BreadcrumbList\",\"@id\":\"https:\/\/portalnpm.com\/index.php\/2019\/01\/24\/ministerio-cancela-registro-de-73-medicos-estrangeiros\/#breadcrumb\",\"itemListElement\":[{\"@type\":\"ListItem\",\"position\":1,\"name\":\"In\u00edcio\",\"item\":\"https:\/\/portalnpm.com\/\"},{\"@type\":\"ListItem\",\"position\":2,\"name\":\"Minist\u00e9rio cancela registro de 73 m\u00e9dicos estrangeiros\"}]},{\"@type\":\"WebSite\",\"@id\":\"https:\/\/portalnpm.com\/#website\",\"url\":\"https:\/\/portalnpm.com\/\",\"name\":\"Portal NPM\",\"description\":\"Not\u00edcias em Primeira M\u00e3o\",\"potentialAction\":[{\"@type\":\"SearchAction\",\"target\":{\"@type\":\"EntryPoint\",\"urlTemplate\":\"https:\/\/portalnpm.com\/?s={search_term_string}\"},\"query-input\":\"required name=search_term_string\"}],\"inLanguage\":\"pt-BR\"},{\"@type\":\"Person\",\"@id\":\"https:\/\/portalnpm.com\/#\/schema\/person\/0b5f230ec96cee25504fa328e7f2b733\",\"name\":\"Reda\u00e7\u00e3o\",\"image\":{\"@type\":\"ImageObject\",\"inLanguage\":\"pt-BR\",\"@id\":\"https:\/\/portalnpm.com\/#\/schema\/person\/image\/\",\"url\":\"https:\/\/portalnpm.com\/wp-content\/uploads\/2024\/03\/avatar_user_4_1710097212-96x96.png\",\"contentUrl\":\"https:\/\/portalnpm.com\/wp-content\/uploads\/2024\/03\/avatar_user_4_1710097212-96x96.png\",\"caption\":\"Reda\u00e7\u00e3o\"},\"url\":\"https:\/\/portalnpm.com\/index.php\/author\/redacao\/\"}]}<\/script>\n<!-- \/ Yoast SEO plugin. -->","yoast_head_json":{"title":"Minist\u00e9rio cancela registro de 73 m\u00e9dicos estrangeiros - Portal NPM","robots":{"index":"index","follow":"follow","max-snippet":"max-snippet:-1","max-image-preview":"max-image-preview:large","max-video-preview":"max-video-preview:-1"},"canonical":"https:\/\/portalnpm.com\/index.php\/2019\/01\/24\/ministerio-cancela-registro-de-73-medicos-estrangeiros\/","og_locale":"pt_BR","og_type":"article","og_title":"Minist\u00e9rio cancela registro de 73 m\u00e9dicos estrangeiros - Portal NPM","og_description":"O Minist\u00e9rio da Sa\u00fade cancelou o registro para exerc\u00edcio da medicina de 73 m\u00e9dicos participantes do programa Mais M\u00e9dicos. As portarias com as decis\u00f5es foram publicadas no Di\u00e1rio Oficial da Uni\u00e3o desta quinta (24) e assinadas pelo secret\u00e1rio substituto de gest\u00e3o do trabalho e da educa\u00e7\u00e3o na sa\u00fade, respons\u00e1vel pelo programa dentro da pasta. At\u00e9 &hellip;","og_url":"https:\/\/portalnpm.com\/index.php\/2019\/01\/24\/ministerio-cancela-registro-de-73-medicos-estrangeiros\/","og_site_name":"Portal NPM","article_published_time":"2019-01-24T16:36:11+00:00","author":"Reda\u00e7\u00e3o","twitter_card":"summary_large_image","twitter_misc":{"Escrito por":"Reda\u00e7\u00e3o","Est. tempo de leitura":"1 minuto"},"schema":{"@context":"https:\/\/schema.org","@graph":[{"@type":"WebPage","@id":"https:\/\/portalnpm.com\/index.php\/2019\/01\/24\/ministerio-cancela-registro-de-73-medicos-estrangeiros\/","url":"https:\/\/portalnpm.com\/index.php\/2019\/01\/24\/ministerio-cancela-registro-de-73-medicos-estrangeiros\/","name":"Minist\u00e9rio cancela registro de 73 m\u00e9dicos estrangeiros - Portal NPM","isPartOf":{"@id":"https:\/\/portalnpm.com\/#website"},"primaryImageOfPage":{"@id":"https:\/\/portalnpm.com\/index.php\/2019\/01\/24\/ministerio-cancela-registro-de-73-medicos-estrangeiros\/#primaryimage"},"image":{"@id":"https:\/\/portalnpm.com\/index.php\/2019\/01\/24\/ministerio-cancela-registro-de-73-medicos-estrangeiros\/#primaryimage"},"thumbnailUrl":"","datePublished":"2019-01-24T16:36:11+00:00","dateModified":"2019-01-24T16:36:11+00:00","author":{"@id":"https:\/\/portalnpm.com\/#\/schema\/person\/0b5f230ec96cee25504fa328e7f2b733"},"breadcrumb":{"@id":"https:\/\/portalnpm.com\/index.php\/2019\/01\/24\/ministerio-cancela-registro-de-73-medicos-estrangeiros\/#breadcrumb"},"inLanguage":"pt-BR","potentialAction":[{"@type":"ReadAction","target":["https:\/\/portalnpm.com\/index.php\/2019\/01\/24\/ministerio-cancela-registro-de-73-medicos-estrangeiros\/"]}]},{"@type":"ImageObject","inLanguage":"pt-BR","@id":"https:\/\/portalnpm.com\/index.php\/2019\/01\/24\/ministerio-cancela-registro-de-73-medicos-estrangeiros\/#primaryimage","url":"","contentUrl":""},{"@type":"BreadcrumbList","@id":"https:\/\/portalnpm.com\/index.php\/2019\/01\/24\/ministerio-cancela-registro-de-73-medicos-estrangeiros\/#breadcrumb","itemListElement":[{"@type":"ListItem","position":1,"name":"In\u00edcio","item":"https:\/\/portalnpm.com\/"},{"@type":"ListItem","position":2,"name":"Minist\u00e9rio cancela registro de 73 m\u00e9dicos estrangeiros"}]},{"@type":"WebSite","@id":"https:\/\/portalnpm.com\/#website","url":"https:\/\/portalnpm.com\/","name":"Portal NPM","description":"Not\u00edcias em Primeira M\u00e3o","potentialAction":[{"@type":"SearchAction","target":{"@type":"EntryPoint","urlTemplate":"https:\/\/portalnpm.com\/?s={search_term_string}"},"query-input":"required name=search_term_string"}],"inLanguage":"pt-BR"},{"@type":"Person","@id":"https:\/\/portalnpm.com\/#\/schema\/person\/0b5f230ec96cee25504fa328e7f2b733","name":"Reda\u00e7\u00e3o","image":{"@type":"ImageObject","inLanguage":"pt-BR","@id":"https:\/\/portalnpm.com\/#\/schema\/person\/image\/","url":"https:\/\/portalnpm.com\/wp-content\/uploads\/2024\/03\/avatar_user_4_1710097212-96x96.png","contentUrl":"https:\/\/portalnpm.com\/wp-content\/uploads\/2024\/03\/avatar_user_4_1710097212-96x96.png","caption":"Reda\u00e7\u00e3o"},"url":"https:\/\/portalnpm.com\/index.php\/author\/redacao\/"}]}},"jetpack_sharing_enabled":true,"jetpack_featured_media_url":"","_links":{"self":[{"href":"https:\/\/portalnpm.com\/index.php\/wp-json\/wp\/v2\/posts\/5170"}],"collection":[{"href":"https:\/\/portalnpm.com\/index.php\/wp-json\/wp\/v2\/posts"}],"about":[{"href":"https:\/\/portalnpm.com\/index.php\/wp-json\/wp\/v2\/types\/post"}],"author":[{"embeddable":true,"href":"https:\/\/portalnpm.com\/index.php\/wp-json\/wp\/v2\/users\/4"}],"replies":[{"embeddable":true,"href":"https:\/\/portalnpm.com\/index.php\/wp-json\/wp\/v2\/comments?post=5170"}],"version-history":[{"count":0,"href":"https:\/\/portalnpm.com\/index.php\/wp-json\/wp\/v2\/posts\/5170\/revisions"}],"wp:featuredmedia":[{"embeddable":true,"href":"https:\/\/portalnpm.com\/index.php\/wp-json\/"}],"wp:attachment":[{"href":"https:\/\/portalnpm.com\/index.php\/wp-json\/wp\/v2\/media?parent=5170"}],"wp:term":[{"taxonomy":"category","embeddable":true,"href":"https:\/\/portalnpm.com\/index.php\/wp-json\/wp\/v2\/categories?post=5170"},{"taxonomy":"post_tag","embeddable":true,"href":"https:\/\/portalnpm.com\/index.php\/wp-json\/wp\/v2\/tags?post=5170"}],"curies":[{"name":"wp","href":"https:\/\/api.w.org\/{rel}","templated":true}]}}