{"id":5173,"date":"2019-01-24T14:46:05","date_gmt":"2019-01-24T16:46:05","guid":{"rendered":"http:\/\/srv.portalnpm.com.br\/?p=5173"},"modified":"2019-01-24T14:46:05","modified_gmt":"2019-01-24T16:46:05","slug":"presidente-do-inep-diz-que-revisara-questoes-do-enem-para-evitar-postura-ideologica","status":"publish","type":"post","link":"https:\/\/portalnpm.com\/index.php\/2019\/01\/24\/presidente-do-inep-diz-que-revisara-questoes-do-enem-para-evitar-postura-ideologica\/","title":{"rendered":"Presidente do Inep diz que revisar\u00e1 quest\u00f5es do Enem para evitar &#8220;postura ideol\u00f3gica&#8221;"},"content":{"rendered":"<p style=\"text-align: justify;\">O novo presidente do Inep, Marcus Vin\u00edcius Carvalho Rodrigues, disse nesta quinta-feira (24) que planeja um novo modelo para o Enem (Exame Nacional do Ensino M\u00e9dio), sem &#8220;quest\u00f5es ideol\u00f3gicas&#8221;, e que discutir\u00e1 a possibilidade da gest\u00e3o do presidente Jair Bolsonaro (PSL) ter acesso pr\u00e9vio \u00e0 prova.<\/p>\n<p style=\"text-align: justify;\">&#8220;Vamos analisar o banco de quest\u00f5es e fazer com que tenha postura n\u00e3o ideol\u00f3gica e que priorize o que realmente \u00e9 necess\u00e1rio, que \u00e9 respeitar nossas crian\u00e7as e nossos adolescentes&#8221;, disse.<\/p>\n<p style=\"text-align: justify;\">Rodrigues disse ainda que o pedido de Bolsonaro para ter acesso pr\u00e9vio \u00e0 prova ser\u00e1 analisado e que a demanda \u00e9 &#8220;leg\u00edtima&#8221;.<br \/>\n&#8220;Eu, como presidente do Inep, posso ter acesso legal \u00e0 prova. Isso ser\u00e1 conversado e dentro dos aspectos legais ser\u00e1 discutido&#8221;, afirmou.<br \/>\nA sinaliza\u00e7\u00e3o de um poss\u00edvel acesso \u00e0 prova, no entanto, contraria posicionamento da ex-presidente do instituto, Maria In\u00eas Fini, para quem a medida poderia ferir o sigilo do exame.<\/p>\n<p style=\"text-align: justify;\">Questionado sobre o sigilo, Rodrigues rebateu a cr\u00edtica e disse que a declara\u00e7\u00e3o de Bolsonaro representa uma &#8220;preocupa\u00e7\u00e3o com o Brasil&#8221;.<br \/>\n&#8220;Temos um presidente que representa os anseios de uma mudan\u00e7a. E eu estou aqui dentro desse princ\u00edpio&#8221;, disse. &#8220;Uma coisa \u00e9 n\u00e3o ser de praxe [ter acesso \u00e0 prova], outra coisa \u00e9 o acesso legal.&#8221;<\/p>\n<p style=\"text-align: justify;\">As declara\u00e7\u00f5es sobre o exame ocorreram logo ap\u00f3s cerim\u00f4nia de posse de Rodrigues no cargo.<\/p>\n<p style=\"text-align: justify;\">Ex-professor adjunto da FGV, Rodrigues foi nomeado na ter\u00e7a-feira (22), ap\u00f3s uma s\u00e9rie de sinais de hesita\u00e7\u00e3o do novo governo em torno da escolha dos cargos do instituto, que \u00e9 respons\u00e1vel pelo Enem e por avalia\u00e7\u00f5es da qualidade do ensino.<\/p>\n<p style=\"text-align: justify;\">Ligado aos militares que atuam no governo Bolsonaro, Rodrigues fez uma s\u00e9rie de cumprimentos ao grupo no evento e, em discurso, afirmou que o Brasil precisa de uma escola sem ideologia e que \u00e9 preciso &#8220;resgatar valores&#8221;.<\/p>\n<p style=\"text-align: justify;\">&#8220;Hoje precisamos de uma nova escola, com novos paradigmas, que resgate nossos valores, que tenha como diretrizes o respeito \u00e0 fam\u00edlia e \u00e0 p\u00e1tria, e que busque a eficaz forma\u00e7\u00e3o de cidad\u00f5es [sic] \u00edntegros, \u00e9ticos, com conhecimento e trabalhadores&#8221;, afirmou em discurso.<\/p>\n<p style=\"text-align: justify;\">&#8220;Uma nova escola que tenha resist\u00eancia a ideologias e cren\u00e7as inadequadas e inconsequentes, algumas com origem em interpreta\u00e7\u00f5es superficiais de pseudo-intelectuais ou de um oportunismo pol\u00edtico-partid\u00e1rio que levou nosso pa\u00eds a uma situa\u00e7\u00e3o insustent\u00e1vel.&#8221;<\/p>\n<p style=\"text-align: justify;\">Em discurso, Rodrigues disse ainda que sua gest\u00e3o ter\u00e1 32 metas priorit\u00e1rias e que planeja &#8220;reconstruir a educa\u00e7\u00e3o no pa\u00eds&#8221;.<br \/>\nA posi\u00e7\u00e3o foi acompanhada pelo ministro da Educa\u00e7\u00e3o, Ricardo V\u00e9lez Rodriguez.<\/p>\n<p style=\"text-align: justify;\">Em discurso, o ministro retomou aspectos da hist\u00f3ria do Brasil e disse que o pa\u00eds tem vivido alguns momentos de poder centralizador, como o da ditadura militar, que foi &#8220;querido pela sociedade brasileira&#8221;.<\/p>\n<p style=\"text-align: justify;\">&#8220;Os militares n\u00e3o ca\u00edram de Marte. Eles foram chamados pela sociedade brasileira para corrigirem como uma esp\u00e9cie de poder moderador os jugos enviesados pelos que tinham enveredado a Rep\u00fablica&#8221;, afirmou.<\/p>\n<p style=\"text-align: justify;\">Para ele, o Inep tem papel essencial para &#8220;preserva\u00e7\u00e3o da mem\u00f3ria nacional&#8221; e para a &#8220;reconstru\u00e7\u00e3o da democracia&#8221;.<\/p>\n<p style=\"text-align: justify;\">&#8220;Nossas m\u00e1s performances nas avalia\u00e7\u00f5es educacionais indica que n\u00e3o temos refletido suficiente nas avalia\u00e7\u00f5es que se apresentam ao Inep&#8221;, disse.<\/p>\n<p style=\"text-align: justify;\"><strong>Fonte: Folhapress\u00a0<\/strong><\/p>\n","protected":false},"excerpt":{"rendered":"<p>O novo presidente do Inep, Marcus Vin\u00edcius Carvalho Rodrigues, disse nesta quinta-feira (24) que planeja um novo modelo para o Enem (Exame Nacional do Ensino M\u00e9dio), sem &#8220;quest\u00f5es ideol\u00f3gicas&#8221;, e que discutir\u00e1 a possibilidade da gest\u00e3o do presidente Jair Bolsonaro (PSL) ter acesso pr\u00e9vio \u00e0 prova. &#8220;Vamos analisar o banco de quest\u00f5es e fazer com &hellip;<\/p>\n","protected":false},"author":4,"featured_media":5174,"comment_status":"open","ping_status":"open","sticky":false,"template":"","format":"standard","meta":{"content-type":"","rop_custom_images_group":[],"rop_custom_messages_group":[],"rop_publish_now":"initial","rop_publish_now_accounts":{"facebook_2648258775420054_1618374048415101":""},"rop_publish_now_history":[],"rop_publish_now_status":"pending","footnotes":"","_jetpack_memberships_contains_paid_content":false},"categories":[113,118],"tags":[1267,2066,702,2067,2068],"yoast_head":"<!-- This site is optimized with the Yoast SEO plugin v22.3 - https:\/\/yoast.com\/wordpress\/plugins\/seo\/ -->\n<title>Presidente do Inep diz que revisar\u00e1 quest\u00f5es do Enem para evitar &quot;postura ideol\u00f3gica&quot; - Portal NPM<\/title>\n<meta name=\"robots\" content=\"index, follow, max-snippet:-1, max-image-preview:large, max-video-preview:-1\" \/>\n<link rel=\"canonical\" href=\"https:\/\/portalnpm.com\/index.php\/2019\/01\/24\/presidente-do-inep-diz-que-revisara-questoes-do-enem-para-evitar-postura-ideologica\/\" \/>\n<meta property=\"og:locale\" content=\"pt_BR\" \/>\n<meta property=\"og:type\" content=\"article\" \/>\n<meta property=\"og:title\" content=\"Presidente do Inep diz que revisar\u00e1 quest\u00f5es do Enem para evitar &quot;postura ideol\u00f3gica&quot; - Portal NPM\" \/>\n<meta property=\"og:description\" content=\"O novo presidente do Inep, Marcus Vin\u00edcius Carvalho Rodrigues, disse nesta quinta-feira (24) que planeja um novo modelo para o Enem (Exame Nacional do Ensino M\u00e9dio), sem &#8220;quest\u00f5es ideol\u00f3gicas&#8221;, e que discutir\u00e1 a possibilidade da gest\u00e3o do presidente Jair Bolsonaro (PSL) ter acesso pr\u00e9vio \u00e0 prova. &#8220;Vamos analisar o banco de quest\u00f5es e fazer com &hellip;\" \/>\n<meta property=\"og:url\" content=\"https:\/\/portalnpm.com\/index.php\/2019\/01\/24\/presidente-do-inep-diz-que-revisara-questoes-do-enem-para-evitar-postura-ideologica\/\" \/>\n<meta property=\"og:site_name\" content=\"Portal NPM\" \/>\n<meta property=\"article:published_time\" content=\"2019-01-24T16:46:05+00:00\" \/>\n<meta name=\"author\" content=\"Reda\u00e7\u00e3o\" \/>\n<meta name=\"twitter:card\" content=\"summary_large_image\" \/>\n<meta name=\"twitter:label1\" content=\"Escrito por\" \/>\n\t<meta name=\"twitter:data1\" content=\"Reda\u00e7\u00e3o\" \/>\n\t<meta name=\"twitter:label2\" content=\"Est. tempo de leitura\" \/>\n\t<meta name=\"twitter:data2\" content=\"3 minutos\" \/>\n<script type=\"application\/ld+json\" class=\"yoast-schema-graph\">{\"@context\":\"https:\/\/schema.org\",\"@graph\":[{\"@type\":\"WebPage\",\"@id\":\"https:\/\/portalnpm.com\/index.php\/2019\/01\/24\/presidente-do-inep-diz-que-revisara-questoes-do-enem-para-evitar-postura-ideologica\/\",\"url\":\"https:\/\/portalnpm.com\/index.php\/2019\/01\/24\/presidente-do-inep-diz-que-revisara-questoes-do-enem-para-evitar-postura-ideologica\/\",\"name\":\"Presidente do Inep diz que revisar\u00e1 quest\u00f5es do Enem para evitar \\\"postura ideol\u00f3gica\\\" - Portal NPM\",\"isPartOf\":{\"@id\":\"https:\/\/portalnpm.com\/#website\"},\"primaryImageOfPage\":{\"@id\":\"https:\/\/portalnpm.com\/index.php\/2019\/01\/24\/presidente-do-inep-diz-que-revisara-questoes-do-enem-para-evitar-postura-ideologica\/#primaryimage\"},\"image\":{\"@id\":\"https:\/\/portalnpm.com\/index.php\/2019\/01\/24\/presidente-do-inep-diz-que-revisara-questoes-do-enem-para-evitar-postura-ideologica\/#primaryimage\"},\"thumbnailUrl\":\"\",\"datePublished\":\"2019-01-24T16:46:05+00:00\",\"dateModified\":\"2019-01-24T16:46:05+00:00\",\"author\":{\"@id\":\"https:\/\/portalnpm.com\/#\/schema\/person\/0b5f230ec96cee25504fa328e7f2b733\"},\"breadcrumb\":{\"@id\":\"https:\/\/portalnpm.com\/index.php\/2019\/01\/24\/presidente-do-inep-diz-que-revisara-questoes-do-enem-para-evitar-postura-ideologica\/#breadcrumb\"},\"inLanguage\":\"pt-BR\",\"potentialAction\":[{\"@type\":\"ReadAction\",\"target\":[\"https:\/\/portalnpm.com\/index.php\/2019\/01\/24\/presidente-do-inep-diz-que-revisara-questoes-do-enem-para-evitar-postura-ideologica\/\"]}]},{\"@type\":\"ImageObject\",\"inLanguage\":\"pt-BR\",\"@id\":\"https:\/\/portalnpm.com\/index.php\/2019\/01\/24\/presidente-do-inep-diz-que-revisara-questoes-do-enem-para-evitar-postura-ideologica\/#primaryimage\",\"url\":\"\",\"contentUrl\":\"\"},{\"@type\":\"BreadcrumbList\",\"@id\":\"https:\/\/portalnpm.com\/index.php\/2019\/01\/24\/presidente-do-inep-diz-que-revisara-questoes-do-enem-para-evitar-postura-ideologica\/#breadcrumb\",\"itemListElement\":[{\"@type\":\"ListItem\",\"position\":1,\"name\":\"In\u00edcio\",\"item\":\"https:\/\/portalnpm.com\/\"},{\"@type\":\"ListItem\",\"position\":2,\"name\":\"Presidente do Inep diz que revisar\u00e1 quest\u00f5es do Enem para evitar &#8220;postura ideol\u00f3gica&#8221;\"}]},{\"@type\":\"WebSite\",\"@id\":\"https:\/\/portalnpm.com\/#website\",\"url\":\"https:\/\/portalnpm.com\/\",\"name\":\"Portal NPM\",\"description\":\"Not\u00edcias em Primeira M\u00e3o\",\"potentialAction\":[{\"@type\":\"SearchAction\",\"target\":{\"@type\":\"EntryPoint\",\"urlTemplate\":\"https:\/\/portalnpm.com\/?s={search_term_string}\"},\"query-input\":\"required name=search_term_string\"}],\"inLanguage\":\"pt-BR\"},{\"@type\":\"Person\",\"@id\":\"https:\/\/portalnpm.com\/#\/schema\/person\/0b5f230ec96cee25504fa328e7f2b733\",\"name\":\"Reda\u00e7\u00e3o\",\"image\":{\"@type\":\"ImageObject\",\"inLanguage\":\"pt-BR\",\"@id\":\"https:\/\/portalnpm.com\/#\/schema\/person\/image\/\",\"url\":\"https:\/\/portalnpm.com\/wp-content\/uploads\/2024\/03\/avatar_user_4_1710097212-96x96.png\",\"contentUrl\":\"https:\/\/portalnpm.com\/wp-content\/uploads\/2024\/03\/avatar_user_4_1710097212-96x96.png\",\"caption\":\"Reda\u00e7\u00e3o\"},\"url\":\"https:\/\/portalnpm.com\/index.php\/author\/redacao\/\"}]}<\/script>\n<!-- \/ Yoast SEO plugin. -->","yoast_head_json":{"title":"Presidente do Inep diz que revisar\u00e1 quest\u00f5es do Enem para evitar \"postura ideol\u00f3gica\" - Portal NPM","robots":{"index":"index","follow":"follow","max-snippet":"max-snippet:-1","max-image-preview":"max-image-preview:large","max-video-preview":"max-video-preview:-1"},"canonical":"https:\/\/portalnpm.com\/index.php\/2019\/01\/24\/presidente-do-inep-diz-que-revisara-questoes-do-enem-para-evitar-postura-ideologica\/","og_locale":"pt_BR","og_type":"article","og_title":"Presidente do Inep diz que revisar\u00e1 quest\u00f5es do Enem para evitar \"postura ideol\u00f3gica\" - Portal NPM","og_description":"O novo presidente do Inep, Marcus Vin\u00edcius Carvalho Rodrigues, disse nesta quinta-feira (24) que planeja um novo modelo para o Enem (Exame Nacional do Ensino M\u00e9dio), sem &#8220;quest\u00f5es ideol\u00f3gicas&#8221;, e que discutir\u00e1 a possibilidade da gest\u00e3o do presidente Jair Bolsonaro (PSL) ter acesso pr\u00e9vio \u00e0 prova. &#8220;Vamos analisar o banco de quest\u00f5es e fazer com &hellip;","og_url":"https:\/\/portalnpm.com\/index.php\/2019\/01\/24\/presidente-do-inep-diz-que-revisara-questoes-do-enem-para-evitar-postura-ideologica\/","og_site_name":"Portal NPM","article_published_time":"2019-01-24T16:46:05+00:00","author":"Reda\u00e7\u00e3o","twitter_card":"summary_large_image","twitter_misc":{"Escrito por":"Reda\u00e7\u00e3o","Est. tempo de leitura":"3 minutos"},"schema":{"@context":"https:\/\/schema.org","@graph":[{"@type":"WebPage","@id":"https:\/\/portalnpm.com\/index.php\/2019\/01\/24\/presidente-do-inep-diz-que-revisara-questoes-do-enem-para-evitar-postura-ideologica\/","url":"https:\/\/portalnpm.com\/index.php\/2019\/01\/24\/presidente-do-inep-diz-que-revisara-questoes-do-enem-para-evitar-postura-ideologica\/","name":"Presidente do Inep diz que revisar\u00e1 quest\u00f5es do Enem para evitar \"postura ideol\u00f3gica\" - Portal NPM","isPartOf":{"@id":"https:\/\/portalnpm.com\/#website"},"primaryImageOfPage":{"@id":"https:\/\/portalnpm.com\/index.php\/2019\/01\/24\/presidente-do-inep-diz-que-revisara-questoes-do-enem-para-evitar-postura-ideologica\/#primaryimage"},"image":{"@id":"https:\/\/portalnpm.com\/index.php\/2019\/01\/24\/presidente-do-inep-diz-que-revisara-questoes-do-enem-para-evitar-postura-ideologica\/#primaryimage"},"thumbnailUrl":"","datePublished":"2019-01-24T16:46:05+00:00","dateModified":"2019-01-24T16:46:05+00:00","author":{"@id":"https:\/\/portalnpm.com\/#\/schema\/person\/0b5f230ec96cee25504fa328e7f2b733"},"breadcrumb":{"@id":"https:\/\/portalnpm.com\/index.php\/2019\/01\/24\/presidente-do-inep-diz-que-revisara-questoes-do-enem-para-evitar-postura-ideologica\/#breadcrumb"},"inLanguage":"pt-BR","potentialAction":[{"@type":"ReadAction","target":["https:\/\/portalnpm.com\/index.php\/2019\/01\/24\/presidente-do-inep-diz-que-revisara-questoes-do-enem-para-evitar-postura-ideologica\/"]}]},{"@type":"ImageObject","inLanguage":"pt-BR","@id":"https:\/\/portalnpm.com\/index.php\/2019\/01\/24\/presidente-do-inep-diz-que-revisara-questoes-do-enem-para-evitar-postura-ideologica\/#primaryimage","url":"","contentUrl":""},{"@type":"BreadcrumbList","@id":"https:\/\/portalnpm.com\/index.php\/2019\/01\/24\/presidente-do-inep-diz-que-revisara-questoes-do-enem-para-evitar-postura-ideologica\/#breadcrumb","itemListElement":[{"@type":"ListItem","position":1,"name":"In\u00edcio","item":"https:\/\/portalnpm.com\/"},{"@type":"ListItem","position":2,"name":"Presidente do Inep diz que revisar\u00e1 quest\u00f5es do Enem para evitar &#8220;postura ideol\u00f3gica&#8221;"}]},{"@type":"WebSite","@id":"https:\/\/portalnpm.com\/#website","url":"https:\/\/portalnpm.com\/","name":"Portal NPM","description":"Not\u00edcias em Primeira M\u00e3o","potentialAction":[{"@type":"SearchAction","target":{"@type":"EntryPoint","urlTemplate":"https:\/\/portalnpm.com\/?s={search_term_string}"},"query-input":"required name=search_term_string"}],"inLanguage":"pt-BR"},{"@type":"Person","@id":"https:\/\/portalnpm.com\/#\/schema\/person\/0b5f230ec96cee25504fa328e7f2b733","name":"Reda\u00e7\u00e3o","image":{"@type":"ImageObject","inLanguage":"pt-BR","@id":"https:\/\/portalnpm.com\/#\/schema\/person\/image\/","url":"https:\/\/portalnpm.com\/wp-content\/uploads\/2024\/03\/avatar_user_4_1710097212-96x96.png","contentUrl":"https:\/\/portalnpm.com\/wp-content\/uploads\/2024\/03\/avatar_user_4_1710097212-96x96.png","caption":"Reda\u00e7\u00e3o"},"url":"https:\/\/portalnpm.com\/index.php\/author\/redacao\/"}]}},"jetpack_sharing_enabled":true,"jetpack_featured_media_url":"","_links":{"self":[{"href":"https:\/\/portalnpm.com\/index.php\/wp-json\/wp\/v2\/posts\/5173"}],"collection":[{"href":"https:\/\/portalnpm.com\/index.php\/wp-json\/wp\/v2\/posts"}],"about":[{"href":"https:\/\/portalnpm.com\/index.php\/wp-json\/wp\/v2\/types\/post"}],"author":[{"embeddable":true,"href":"https:\/\/portalnpm.com\/index.php\/wp-json\/wp\/v2\/users\/4"}],"replies":[{"embeddable":true,"href":"https:\/\/portalnpm.com\/index.php\/wp-json\/wp\/v2\/comments?post=5173"}],"version-history":[{"count":0,"href":"https:\/\/portalnpm.com\/index.php\/wp-json\/wp\/v2\/posts\/5173\/revisions"}],"wp:featuredmedia":[{"embeddable":true,"href":"https:\/\/portalnpm.com\/index.php\/wp-json\/"}],"wp:attachment":[{"href":"https:\/\/portalnpm.com\/index.php\/wp-json\/wp\/v2\/media?parent=5173"}],"wp:term":[{"taxonomy":"category","embeddable":true,"href":"https:\/\/portalnpm.com\/index.php\/wp-json\/wp\/v2\/categories?post=5173"},{"taxonomy":"post_tag","embeddable":true,"href":"https:\/\/portalnpm.com\/index.php\/wp-json\/wp\/v2\/tags?post=5173"}],"curies":[{"name":"wp","href":"https:\/\/api.w.org\/{rel}","templated":true}]}}