{"id":51940,"date":"2018-11-08T13:33:58","date_gmt":"2018-11-08T15:33:58","guid":{"rendered":"http:\/\/srv.portalnpm.com.br\/?p=2253"},"modified":"2018-11-08T13:33:58","modified_gmt":"2018-11-08T15:33:58","slug":"governo-prepara-pacote-de-retencao-de-gastos-e-anunciara-cortes","status":"publish","type":"post","link":"https:\/\/portalnpm.com\/index.php\/2018\/11\/08\/governo-prepara-pacote-de-retencao-de-gastos-e-anunciara-cortes\/","title":{"rendered":"Governo prepara pacote de reten\u00e7\u00e3o de gastos e anunciar\u00e1 cortes"},"content":{"rendered":"<p style=\"text-align: justify;\">Depois de documento apresentado pelo Progressistas pedindo a redu\u00e7\u00e3o de gastos, o governador Wellington Dias (PT) deve apresentar nos pr\u00f3ximos dias um pacote de medidas de conten\u00e7\u00e3o de gastos.<\/p>\n<p style=\"text-align: justify;\">A expectativa de aliados \u00e9 que o governador anuncie a extin\u00e7\u00e3o das coordenadorias e a fus\u00e3o de algumas coordenadorias. O secret\u00e1rio de Fazenda, Rafael Fonteles, afirma que o momento \u00e9\u00a0 de &#8220;aprofundar as medidas de conten\u00e7\u00e3o de gastos&#8221;.<\/p>\n<p style=\"text-align: justify;\">Rafael afirma que o governo dever\u00e1 cortar na &#8220;pr\u00f3pria\u00a0 carne&#8221;. &#8220;O\u00a0 governo tem consci\u00eancia que \u00e9 preciso cortar despesas. O governo sabe que ser\u00e1 preciso corta na carne. Vamos aprofundar as medidas de conten\u00e7\u00e3o de gastos. Medidas ser\u00e3o anunciadas&#8221;, disse.<\/p>\n<p style=\"text-align: justify;\">Na base do Governo, al\u00e9m dos Progressistas, o MDB tamb\u00e9m m se manifestou sobre a necessidade de corte de gastos. O deputado Jo\u00e3o Madison afirma que os partidos sabem da necessidade de medidas duras.<\/p>\n<p style=\"text-align: justify;\">O secret\u00e1rio j\u00e1 adiantou que o governo n\u00e3o ir\u00e1 extinguir todas as coordenadorias. Segundo ele, isso poderia colocar em risco programas sociais importantes.<\/p>\n<p style=\"text-align: justify;\">Rafael citou o caso da Coordenadoria de Combate as Drogas. &#8220;\u00c9 uma secretaria que n\u00e3o pode deixar de existir. O combate as drogas \u00e9 relevante. N\u00e3o podemos prejudicar programas importantes. O governador far\u00e1 mudan\u00e7as, mas certamente n\u00e3o em todas&#8221;, declarou.<\/p>\n<p style=\"text-align: justify;\">&#8220;O MDB n\u00e3o ser\u00e1 empecilho para o radical de gastos. Queremos ouvir o governador. Ele ter\u00e1 o nosso apoio&#8221;, disse.<\/p>\n<p style=\"text-align: justify;\">Na oposi\u00e7\u00e3o, o deputado Evaldo Gomes ( PTC), que j\u00e1 foi aliado do governo e fez indica\u00e7\u00f5es para comando de coordenadoria, fez cr\u00edticas ao incha\u00e7o da m\u00e1quina p\u00fablica.<\/p>\n<p style=\"text-align: justify;\">&#8220;O governo tem que fazer um readequamento da m\u00e1quina p\u00fablica. Tem muita secretarias fazendo a mesma coisa. Apoio popular o governo tem, agora tem que trabalhar para\u00a0 valorizar o dinheiro do povo&#8221;, afirmou.<\/p>\n<p style=\"text-align: justify;\"><strong>Fonte: Cidade Verde<\/strong><\/p>\n","protected":false},"excerpt":{"rendered":"<p>Depois de documento apresentado pelo Progressistas pedindo a redu\u00e7\u00e3o de gastos, o governador Wellington Dias (PT) deve apresentar nos pr\u00f3ximos dias um pacote de medidas de conten\u00e7\u00e3o de gastos. A expectativa de aliados \u00e9 que o governador anuncie a extin\u00e7\u00e3o das coordenadorias e a fus\u00e3o de algumas coordenadorias. O secret\u00e1rio de Fazenda, Rafael Fonteles, afirma &hellip;<\/p>\n","protected":false},"author":4,"featured_media":2254,"comment_status":"open","ping_status":"open","sticky":false,"template":"","format":"standard","meta":{"content-type":"","rop_custom_images_group":[],"rop_custom_messages_group":[],"rop_publish_now":"initial","rop_publish_now_accounts":{"facebook_2648258775420054_1618374048415101":""},"rop_publish_now_history":[],"rop_publish_now_status":"pending","footnotes":"","_jetpack_memberships_contains_paid_content":false},"categories":[130],"tags":[524,1334,1335],"yoast_head":"<!-- This site is optimized with the Yoast SEO plugin v22.3 - https:\/\/yoast.com\/wordpress\/plugins\/seo\/ -->\n<title>Governo prepara pacote de reten\u00e7\u00e3o de gastos e anunciar\u00e1 cortes - Portal NPM<\/title>\n<meta name=\"robots\" content=\"index, follow, max-snippet:-1, max-image-preview:large, max-video-preview:-1\" \/>\n<link rel=\"canonical\" href=\"https:\/\/portalnpm.com\/index.php\/2018\/11\/08\/governo-prepara-pacote-de-retencao-de-gastos-e-anunciara-cortes\/\" \/>\n<meta property=\"og:locale\" content=\"pt_BR\" \/>\n<meta property=\"og:type\" content=\"article\" \/>\n<meta property=\"og:title\" content=\"Governo prepara pacote de reten\u00e7\u00e3o de gastos e anunciar\u00e1 cortes - Portal NPM\" \/>\n<meta property=\"og:description\" content=\"Depois de documento apresentado pelo Progressistas pedindo a redu\u00e7\u00e3o de gastos, o governador Wellington Dias (PT) deve apresentar nos pr\u00f3ximos dias um pacote de medidas de conten\u00e7\u00e3o de gastos. A expectativa de aliados \u00e9 que o governador anuncie a extin\u00e7\u00e3o das coordenadorias e a fus\u00e3o de algumas coordenadorias. O secret\u00e1rio de Fazenda, Rafael Fonteles, afirma &hellip;\" \/>\n<meta property=\"og:url\" content=\"https:\/\/portalnpm.com\/index.php\/2018\/11\/08\/governo-prepara-pacote-de-retencao-de-gastos-e-anunciara-cortes\/\" \/>\n<meta property=\"og:site_name\" content=\"Portal NPM\" \/>\n<meta property=\"article:published_time\" content=\"2018-11-08T15:33:58+00:00\" \/>\n<meta name=\"author\" content=\"Reda\u00e7\u00e3o\" \/>\n<meta name=\"twitter:card\" content=\"summary_large_image\" \/>\n<meta name=\"twitter:label1\" content=\"Escrito por\" \/>\n\t<meta name=\"twitter:data1\" content=\"Reda\u00e7\u00e3o\" \/>\n\t<meta name=\"twitter:label2\" content=\"Est. tempo de leitura\" \/>\n\t<meta name=\"twitter:data2\" content=\"2 minutos\" \/>\n<script type=\"application\/ld+json\" class=\"yoast-schema-graph\">{\"@context\":\"https:\/\/schema.org\",\"@graph\":[{\"@type\":\"WebPage\",\"@id\":\"https:\/\/portalnpm.com\/index.php\/2018\/11\/08\/governo-prepara-pacote-de-retencao-de-gastos-e-anunciara-cortes\/\",\"url\":\"https:\/\/portalnpm.com\/index.php\/2018\/11\/08\/governo-prepara-pacote-de-retencao-de-gastos-e-anunciara-cortes\/\",\"name\":\"Governo prepara pacote de reten\u00e7\u00e3o de gastos e anunciar\u00e1 cortes - Portal NPM\",\"isPartOf\":{\"@id\":\"https:\/\/portalnpm.com\/#website\"},\"primaryImageOfPage\":{\"@id\":\"https:\/\/portalnpm.com\/index.php\/2018\/11\/08\/governo-prepara-pacote-de-retencao-de-gastos-e-anunciara-cortes\/#primaryimage\"},\"image\":{\"@id\":\"https:\/\/portalnpm.com\/index.php\/2018\/11\/08\/governo-prepara-pacote-de-retencao-de-gastos-e-anunciara-cortes\/#primaryimage\"},\"thumbnailUrl\":\"\",\"datePublished\":\"2018-11-08T15:33:58+00:00\",\"dateModified\":\"2018-11-08T15:33:58+00:00\",\"author\":{\"@id\":\"https:\/\/portalnpm.com\/#\/schema\/person\/0b5f230ec96cee25504fa328e7f2b733\"},\"breadcrumb\":{\"@id\":\"https:\/\/portalnpm.com\/index.php\/2018\/11\/08\/governo-prepara-pacote-de-retencao-de-gastos-e-anunciara-cortes\/#breadcrumb\"},\"inLanguage\":\"pt-BR\",\"potentialAction\":[{\"@type\":\"ReadAction\",\"target\":[\"https:\/\/portalnpm.com\/index.php\/2018\/11\/08\/governo-prepara-pacote-de-retencao-de-gastos-e-anunciara-cortes\/\"]}]},{\"@type\":\"ImageObject\",\"inLanguage\":\"pt-BR\",\"@id\":\"https:\/\/portalnpm.com\/index.php\/2018\/11\/08\/governo-prepara-pacote-de-retencao-de-gastos-e-anunciara-cortes\/#primaryimage\",\"url\":\"\",\"contentUrl\":\"\"},{\"@type\":\"BreadcrumbList\",\"@id\":\"https:\/\/portalnpm.com\/index.php\/2018\/11\/08\/governo-prepara-pacote-de-retencao-de-gastos-e-anunciara-cortes\/#breadcrumb\",\"itemListElement\":[{\"@type\":\"ListItem\",\"position\":1,\"name\":\"In\u00edcio\",\"item\":\"https:\/\/portalnpm.com\/\"},{\"@type\":\"ListItem\",\"position\":2,\"name\":\"Governo prepara pacote de reten\u00e7\u00e3o de gastos e anunciar\u00e1 cortes\"}]},{\"@type\":\"WebSite\",\"@id\":\"https:\/\/portalnpm.com\/#website\",\"url\":\"https:\/\/portalnpm.com\/\",\"name\":\"Portal NPM\",\"description\":\"Not\u00edcias em Primeira M\u00e3o\",\"potentialAction\":[{\"@type\":\"SearchAction\",\"target\":{\"@type\":\"EntryPoint\",\"urlTemplate\":\"https:\/\/portalnpm.com\/?s={search_term_string}\"},\"query-input\":\"required name=search_term_string\"}],\"inLanguage\":\"pt-BR\"},{\"@type\":\"Person\",\"@id\":\"https:\/\/portalnpm.com\/#\/schema\/person\/0b5f230ec96cee25504fa328e7f2b733\",\"name\":\"Reda\u00e7\u00e3o\",\"image\":{\"@type\":\"ImageObject\",\"inLanguage\":\"pt-BR\",\"@id\":\"https:\/\/portalnpm.com\/#\/schema\/person\/image\/\",\"url\":\"https:\/\/portalnpm.com\/wp-content\/uploads\/2024\/03\/avatar_user_4_1710097212-96x96.png\",\"contentUrl\":\"https:\/\/portalnpm.com\/wp-content\/uploads\/2024\/03\/avatar_user_4_1710097212-96x96.png\",\"caption\":\"Reda\u00e7\u00e3o\"},\"url\":\"https:\/\/portalnpm.com\/index.php\/author\/redacao\/\"}]}<\/script>\n<!-- \/ Yoast SEO plugin. -->","yoast_head_json":{"title":"Governo prepara pacote de reten\u00e7\u00e3o de gastos e anunciar\u00e1 cortes - Portal NPM","robots":{"index":"index","follow":"follow","max-snippet":"max-snippet:-1","max-image-preview":"max-image-preview:large","max-video-preview":"max-video-preview:-1"},"canonical":"https:\/\/portalnpm.com\/index.php\/2018\/11\/08\/governo-prepara-pacote-de-retencao-de-gastos-e-anunciara-cortes\/","og_locale":"pt_BR","og_type":"article","og_title":"Governo prepara pacote de reten\u00e7\u00e3o de gastos e anunciar\u00e1 cortes - Portal NPM","og_description":"Depois de documento apresentado pelo Progressistas pedindo a redu\u00e7\u00e3o de gastos, o governador Wellington Dias (PT) deve apresentar nos pr\u00f3ximos dias um pacote de medidas de conten\u00e7\u00e3o de gastos. A expectativa de aliados \u00e9 que o governador anuncie a extin\u00e7\u00e3o das coordenadorias e a fus\u00e3o de algumas coordenadorias. O secret\u00e1rio de Fazenda, Rafael Fonteles, afirma &hellip;","og_url":"https:\/\/portalnpm.com\/index.php\/2018\/11\/08\/governo-prepara-pacote-de-retencao-de-gastos-e-anunciara-cortes\/","og_site_name":"Portal NPM","article_published_time":"2018-11-08T15:33:58+00:00","author":"Reda\u00e7\u00e3o","twitter_card":"summary_large_image","twitter_misc":{"Escrito por":"Reda\u00e7\u00e3o","Est. tempo de leitura":"2 minutos"},"schema":{"@context":"https:\/\/schema.org","@graph":[{"@type":"WebPage","@id":"https:\/\/portalnpm.com\/index.php\/2018\/11\/08\/governo-prepara-pacote-de-retencao-de-gastos-e-anunciara-cortes\/","url":"https:\/\/portalnpm.com\/index.php\/2018\/11\/08\/governo-prepara-pacote-de-retencao-de-gastos-e-anunciara-cortes\/","name":"Governo prepara pacote de reten\u00e7\u00e3o de gastos e anunciar\u00e1 cortes - Portal NPM","isPartOf":{"@id":"https:\/\/portalnpm.com\/#website"},"primaryImageOfPage":{"@id":"https:\/\/portalnpm.com\/index.php\/2018\/11\/08\/governo-prepara-pacote-de-retencao-de-gastos-e-anunciara-cortes\/#primaryimage"},"image":{"@id":"https:\/\/portalnpm.com\/index.php\/2018\/11\/08\/governo-prepara-pacote-de-retencao-de-gastos-e-anunciara-cortes\/#primaryimage"},"thumbnailUrl":"","datePublished":"2018-11-08T15:33:58+00:00","dateModified":"2018-11-08T15:33:58+00:00","author":{"@id":"https:\/\/portalnpm.com\/#\/schema\/person\/0b5f230ec96cee25504fa328e7f2b733"},"breadcrumb":{"@id":"https:\/\/portalnpm.com\/index.php\/2018\/11\/08\/governo-prepara-pacote-de-retencao-de-gastos-e-anunciara-cortes\/#breadcrumb"},"inLanguage":"pt-BR","potentialAction":[{"@type":"ReadAction","target":["https:\/\/portalnpm.com\/index.php\/2018\/11\/08\/governo-prepara-pacote-de-retencao-de-gastos-e-anunciara-cortes\/"]}]},{"@type":"ImageObject","inLanguage":"pt-BR","@id":"https:\/\/portalnpm.com\/index.php\/2018\/11\/08\/governo-prepara-pacote-de-retencao-de-gastos-e-anunciara-cortes\/#primaryimage","url":"","contentUrl":""},{"@type":"BreadcrumbList","@id":"https:\/\/portalnpm.com\/index.php\/2018\/11\/08\/governo-prepara-pacote-de-retencao-de-gastos-e-anunciara-cortes\/#breadcrumb","itemListElement":[{"@type":"ListItem","position":1,"name":"In\u00edcio","item":"https:\/\/portalnpm.com\/"},{"@type":"ListItem","position":2,"name":"Governo prepara pacote de reten\u00e7\u00e3o de gastos e anunciar\u00e1 cortes"}]},{"@type":"WebSite","@id":"https:\/\/portalnpm.com\/#website","url":"https:\/\/portalnpm.com\/","name":"Portal NPM","description":"Not\u00edcias em Primeira M\u00e3o","potentialAction":[{"@type":"SearchAction","target":{"@type":"EntryPoint","urlTemplate":"https:\/\/portalnpm.com\/?s={search_term_string}"},"query-input":"required name=search_term_string"}],"inLanguage":"pt-BR"},{"@type":"Person","@id":"https:\/\/portalnpm.com\/#\/schema\/person\/0b5f230ec96cee25504fa328e7f2b733","name":"Reda\u00e7\u00e3o","image":{"@type":"ImageObject","inLanguage":"pt-BR","@id":"https:\/\/portalnpm.com\/#\/schema\/person\/image\/","url":"https:\/\/portalnpm.com\/wp-content\/uploads\/2024\/03\/avatar_user_4_1710097212-96x96.png","contentUrl":"https:\/\/portalnpm.com\/wp-content\/uploads\/2024\/03\/avatar_user_4_1710097212-96x96.png","caption":"Reda\u00e7\u00e3o"},"url":"https:\/\/portalnpm.com\/index.php\/author\/redacao\/"}]}},"jetpack_sharing_enabled":true,"jetpack_featured_media_url":"","_links":{"self":[{"href":"https:\/\/portalnpm.com\/index.php\/wp-json\/wp\/v2\/posts\/51940"}],"collection":[{"href":"https:\/\/portalnpm.com\/index.php\/wp-json\/wp\/v2\/posts"}],"about":[{"href":"https:\/\/portalnpm.com\/index.php\/wp-json\/wp\/v2\/types\/post"}],"author":[{"embeddable":true,"href":"https:\/\/portalnpm.com\/index.php\/wp-json\/wp\/v2\/users\/4"}],"replies":[{"embeddable":true,"href":"https:\/\/portalnpm.com\/index.php\/wp-json\/wp\/v2\/comments?post=51940"}],"version-history":[{"count":0,"href":"https:\/\/portalnpm.com\/index.php\/wp-json\/wp\/v2\/posts\/51940\/revisions"}],"wp:featuredmedia":[{"embeddable":true,"href":"https:\/\/portalnpm.com\/index.php\/wp-json\/"}],"wp:attachment":[{"href":"https:\/\/portalnpm.com\/index.php\/wp-json\/wp\/v2\/media?parent=51940"}],"wp:term":[{"taxonomy":"category","embeddable":true,"href":"https:\/\/portalnpm.com\/index.php\/wp-json\/wp\/v2\/categories?post=51940"},{"taxonomy":"post_tag","embeddable":true,"href":"https:\/\/portalnpm.com\/index.php\/wp-json\/wp\/v2\/tags?post=51940"}],"curies":[{"name":"wp","href":"https:\/\/api.w.org\/{rel}","templated":true}]}}