{"id":51943,"date":"2018-11-08T14:38:42","date_gmt":"2018-11-08T16:38:42","guid":{"rendered":"http:\/\/srv.portalnpm.com.br\/?p=2265"},"modified":"2018-11-08T14:38:42","modified_gmt":"2018-11-08T16:38:42","slug":"pf-e-acionada-para-apurar-ameacas-a-docentes","status":"publish","type":"post","link":"https:\/\/portalnpm.com\/index.php\/2018\/11\/08\/pf-e-acionada-para-apurar-ameacas-a-docentes\/","title":{"rendered":"PF \u00e9 acionada para apurar amea\u00e7as a docentes"},"content":{"rendered":"<p style=\"text-align: justify;\">A reitoria da Universidade Federal de Pernambuco acionou a Pol\u00edcia Federal e Minist\u00e9rio P\u00fablico Federal nesta quarta-feira (7) para apurar amea\u00e7as a professores e alunos da institui\u00e7\u00e3o a partir de intoler\u00e2ncia pol\u00edtica.<\/p>\n<p style=\"text-align: justify;\">O texto ap\u00f3crifo, com ataques e cita\u00e7\u00f5es nominais, deixado em alguns pontos na noite desta ter\u00e7a-feira (6) do Cefich (Centro de Filosofia e Ci\u00eancias Humanas), diz que &#8220;doutrinadores esquerdistas ser\u00e3o banidos em 2019&#8221;.<\/p>\n<p style=\"text-align: justify;\">Na carta, que causou apreens\u00e3o no campus universit\u00e1rio, alunos e professores s\u00e3o chamados de &#8220;veados&#8221;, &#8220;comunistas&#8221;, &#8220;feminazis&#8221;, &#8220;invasores&#8221;, &#8220;prostitutas&#8221;, &#8220;degenerados&#8221; e &#8220;defensores de travecos&#8221;.<\/p>\n<p style=\"text-align: justify;\">Os professores mencionados abordam em suas aulas quest\u00f5es de g\u00eanero, pol\u00edticas de drogas, desigualdades, viol\u00eancia e conflitos sociais.<\/p>\n<p style=\"text-align: justify;\">A carta, conforme relato de professores, foi colocada inicialmente por baixo da porta do Diret\u00f3rio Acad\u00eamico de Hist\u00f3ria e colada em alguns pontos.<\/p>\n<p style=\"text-align: justify;\">Ao perceberam que se tratava de uma amea\u00e7a, alunos arrancaram o papel da parede. O texto viralizou rapidamente no WhatsApp.<\/p>\n<div class=\"google-auto-placed ap_container\">\n<p style=\"text-align: justify;\">Na manh\u00e3 desta quarta-feira, o reitor da UFPE, An\u00edsio Brasileiro, informou que j\u00e1 foi instaurada uma sindic\u00e2ncia, com apoio da seguran\u00e7a institucional da universidade, para investigar as amea\u00e7as.<\/p>\n<p style=\"text-align: justify;\">&#8220;A universidade \u00e9 contr\u00e1ria a qualquer cerceamento a liberdades individuais e de livre express\u00e3o de opini\u00e3o. \u00c9 um espa\u00e7o de liberdade e de democracia. Esse tipo de a\u00e7\u00e3o vai de encontro aos valores universit\u00e1rios&#8221;, declarou.<\/p>\n<p style=\"text-align: justify;\">Ele afirmou aguardar que o Minist\u00e9rio P\u00fablico Federal e Pol\u00edcia Federal apurem com rigor o caso relatado.<\/p>\n<p style=\"text-align: justify;\">Refer\u00eancia no Brasil em pesquisa na \u00e1rea de seguran\u00e7a p\u00fablica, o professor do departamento de Sociologia da UFPE e coordenador do programa de p\u00f3s-graduac\u00e3o, Jos\u00e9 Luiz Ratton, \u00e9 um dos professores citados.<\/p>\n<p style=\"text-align: justify;\">Em sua conta no facebook, postou que o objetivo de quem faz esse tipo de amea\u00e7a \u00e9 espalhar p\u00e2nico e desinforma\u00e7\u00e3o.<\/p>\n<p style=\"text-align: justify;\">&#8220;Os ataques dirigidos a n\u00f3s s\u00e3o, fundamentalmente, ofensas \u00e0s v\u00e1rias e desej\u00e1veis formas de afirma\u00e7\u00e3o da cidadania brasileira, \u00e0 autonomia da universidade p\u00fablica, \u00e0s liberdades civis e \u00e0 democracia&#8221;, relatou.<\/p>\n<p style=\"text-align: justify;\">Ele diz esperar que as autoridades superiores da UFPE e dos governos estadual e federal cumpram as tarefas definidas pela lei.<\/p>\n<p style=\"text-align: justify;\">&#8220;Vamos continuar pesquisando, estudando, ensinando, aprendendo, participando e exigindo nossos direitos e nossas vidas&#8221;, disse.<\/p>\n<p style=\"text-align: justify;\"><strong>Fonte: Folha Press<\/strong><\/p>\n<\/div>\n","protected":false},"excerpt":{"rendered":"<p>A reitoria da Universidade Federal de Pernambuco acionou a Pol\u00edcia Federal e Minist\u00e9rio P\u00fablico Federal nesta quarta-feira (7) para apurar amea\u00e7as a professores e alunos da institui\u00e7\u00e3o a partir de intoler\u00e2ncia pol\u00edtica. O texto ap\u00f3crifo, com ataques e cita\u00e7\u00f5es nominais, deixado em alguns pontos na noite desta ter\u00e7a-feira (6) do Cefich (Centro de Filosofia e &hellip;<\/p>\n","protected":false},"author":4,"featured_media":2266,"comment_status":"open","ping_status":"open","sticky":false,"template":"","format":"standard","meta":{"content-type":"","rop_custom_images_group":[],"rop_custom_messages_group":[],"rop_publish_now":"initial","rop_publish_now_accounts":{"facebook_2648258775420054_1618374048415101":""},"rop_publish_now_history":[],"rop_publish_now_status":"pending","footnotes":"","_jetpack_memberships_contains_paid_content":false},"categories":[125],"tags":[1342,447,1343,1344],"yoast_head":"<!-- This site is optimized with the Yoast SEO plugin v22.3 - https:\/\/yoast.com\/wordpress\/plugins\/seo\/ -->\n<title>PF \u00e9 acionada para apurar amea\u00e7as a docentes - Portal NPM<\/title>\n<meta name=\"robots\" content=\"index, follow, max-snippet:-1, max-image-preview:large, max-video-preview:-1\" \/>\n<link rel=\"canonical\" href=\"https:\/\/portalnpm.com\/index.php\/2018\/11\/08\/pf-e-acionada-para-apurar-ameacas-a-docentes\/\" \/>\n<meta property=\"og:locale\" content=\"pt_BR\" \/>\n<meta property=\"og:type\" content=\"article\" \/>\n<meta property=\"og:title\" content=\"PF \u00e9 acionada para apurar amea\u00e7as a docentes - Portal NPM\" \/>\n<meta property=\"og:description\" content=\"A reitoria da Universidade Federal de Pernambuco acionou a Pol\u00edcia Federal e Minist\u00e9rio P\u00fablico Federal nesta quarta-feira (7) para apurar amea\u00e7as a professores e alunos da institui\u00e7\u00e3o a partir de intoler\u00e2ncia pol\u00edtica. O texto ap\u00f3crifo, com ataques e cita\u00e7\u00f5es nominais, deixado em alguns pontos na noite desta ter\u00e7a-feira (6) do Cefich (Centro de Filosofia e &hellip;\" \/>\n<meta property=\"og:url\" content=\"https:\/\/portalnpm.com\/index.php\/2018\/11\/08\/pf-e-acionada-para-apurar-ameacas-a-docentes\/\" \/>\n<meta property=\"og:site_name\" content=\"Portal NPM\" \/>\n<meta property=\"article:published_time\" content=\"2018-11-08T16:38:42+00:00\" \/>\n<meta name=\"author\" content=\"Reda\u00e7\u00e3o\" \/>\n<meta name=\"twitter:card\" content=\"summary_large_image\" \/>\n<meta name=\"twitter:label1\" content=\"Escrito por\" \/>\n\t<meta name=\"twitter:data1\" content=\"Reda\u00e7\u00e3o\" \/>\n\t<meta name=\"twitter:label2\" content=\"Est. tempo de leitura\" \/>\n\t<meta name=\"twitter:data2\" content=\"2 minutos\" \/>\n<script type=\"application\/ld+json\" class=\"yoast-schema-graph\">{\"@context\":\"https:\/\/schema.org\",\"@graph\":[{\"@type\":\"WebPage\",\"@id\":\"https:\/\/portalnpm.com\/index.php\/2018\/11\/08\/pf-e-acionada-para-apurar-ameacas-a-docentes\/\",\"url\":\"https:\/\/portalnpm.com\/index.php\/2018\/11\/08\/pf-e-acionada-para-apurar-ameacas-a-docentes\/\",\"name\":\"PF \u00e9 acionada para apurar amea\u00e7as a docentes - Portal NPM\",\"isPartOf\":{\"@id\":\"https:\/\/portalnpm.com\/#website\"},\"primaryImageOfPage\":{\"@id\":\"https:\/\/portalnpm.com\/index.php\/2018\/11\/08\/pf-e-acionada-para-apurar-ameacas-a-docentes\/#primaryimage\"},\"image\":{\"@id\":\"https:\/\/portalnpm.com\/index.php\/2018\/11\/08\/pf-e-acionada-para-apurar-ameacas-a-docentes\/#primaryimage\"},\"thumbnailUrl\":\"\",\"datePublished\":\"2018-11-08T16:38:42+00:00\",\"dateModified\":\"2018-11-08T16:38:42+00:00\",\"author\":{\"@id\":\"https:\/\/portalnpm.com\/#\/schema\/person\/0b5f230ec96cee25504fa328e7f2b733\"},\"breadcrumb\":{\"@id\":\"https:\/\/portalnpm.com\/index.php\/2018\/11\/08\/pf-e-acionada-para-apurar-ameacas-a-docentes\/#breadcrumb\"},\"inLanguage\":\"pt-BR\",\"potentialAction\":[{\"@type\":\"ReadAction\",\"target\":[\"https:\/\/portalnpm.com\/index.php\/2018\/11\/08\/pf-e-acionada-para-apurar-ameacas-a-docentes\/\"]}]},{\"@type\":\"ImageObject\",\"inLanguage\":\"pt-BR\",\"@id\":\"https:\/\/portalnpm.com\/index.php\/2018\/11\/08\/pf-e-acionada-para-apurar-ameacas-a-docentes\/#primaryimage\",\"url\":\"\",\"contentUrl\":\"\"},{\"@type\":\"BreadcrumbList\",\"@id\":\"https:\/\/portalnpm.com\/index.php\/2018\/11\/08\/pf-e-acionada-para-apurar-ameacas-a-docentes\/#breadcrumb\",\"itemListElement\":[{\"@type\":\"ListItem\",\"position\":1,\"name\":\"In\u00edcio\",\"item\":\"https:\/\/portalnpm.com\/\"},{\"@type\":\"ListItem\",\"position\":2,\"name\":\"PF \u00e9 acionada para apurar amea\u00e7as a docentes\"}]},{\"@type\":\"WebSite\",\"@id\":\"https:\/\/portalnpm.com\/#website\",\"url\":\"https:\/\/portalnpm.com\/\",\"name\":\"Portal NPM\",\"description\":\"Not\u00edcias em Primeira M\u00e3o\",\"potentialAction\":[{\"@type\":\"SearchAction\",\"target\":{\"@type\":\"EntryPoint\",\"urlTemplate\":\"https:\/\/portalnpm.com\/?s={search_term_string}\"},\"query-input\":\"required name=search_term_string\"}],\"inLanguage\":\"pt-BR\"},{\"@type\":\"Person\",\"@id\":\"https:\/\/portalnpm.com\/#\/schema\/person\/0b5f230ec96cee25504fa328e7f2b733\",\"name\":\"Reda\u00e7\u00e3o\",\"image\":{\"@type\":\"ImageObject\",\"inLanguage\":\"pt-BR\",\"@id\":\"https:\/\/portalnpm.com\/#\/schema\/person\/image\/\",\"url\":\"https:\/\/portalnpm.com\/wp-content\/uploads\/2024\/03\/avatar_user_4_1710097212-96x96.png\",\"contentUrl\":\"https:\/\/portalnpm.com\/wp-content\/uploads\/2024\/03\/avatar_user_4_1710097212-96x96.png\",\"caption\":\"Reda\u00e7\u00e3o\"},\"url\":\"https:\/\/portalnpm.com\/index.php\/author\/redacao\/\"}]}<\/script>\n<!-- \/ Yoast SEO plugin. -->","yoast_head_json":{"title":"PF \u00e9 acionada para apurar amea\u00e7as a docentes - Portal NPM","robots":{"index":"index","follow":"follow","max-snippet":"max-snippet:-1","max-image-preview":"max-image-preview:large","max-video-preview":"max-video-preview:-1"},"canonical":"https:\/\/portalnpm.com\/index.php\/2018\/11\/08\/pf-e-acionada-para-apurar-ameacas-a-docentes\/","og_locale":"pt_BR","og_type":"article","og_title":"PF \u00e9 acionada para apurar amea\u00e7as a docentes - Portal NPM","og_description":"A reitoria da Universidade Federal de Pernambuco acionou a Pol\u00edcia Federal e Minist\u00e9rio P\u00fablico Federal nesta quarta-feira (7) para apurar amea\u00e7as a professores e alunos da institui\u00e7\u00e3o a partir de intoler\u00e2ncia pol\u00edtica. O texto ap\u00f3crifo, com ataques e cita\u00e7\u00f5es nominais, deixado em alguns pontos na noite desta ter\u00e7a-feira (6) do Cefich (Centro de Filosofia e &hellip;","og_url":"https:\/\/portalnpm.com\/index.php\/2018\/11\/08\/pf-e-acionada-para-apurar-ameacas-a-docentes\/","og_site_name":"Portal NPM","article_published_time":"2018-11-08T16:38:42+00:00","author":"Reda\u00e7\u00e3o","twitter_card":"summary_large_image","twitter_misc":{"Escrito por":"Reda\u00e7\u00e3o","Est. tempo de leitura":"2 minutos"},"schema":{"@context":"https:\/\/schema.org","@graph":[{"@type":"WebPage","@id":"https:\/\/portalnpm.com\/index.php\/2018\/11\/08\/pf-e-acionada-para-apurar-ameacas-a-docentes\/","url":"https:\/\/portalnpm.com\/index.php\/2018\/11\/08\/pf-e-acionada-para-apurar-ameacas-a-docentes\/","name":"PF \u00e9 acionada para apurar amea\u00e7as a docentes - Portal NPM","isPartOf":{"@id":"https:\/\/portalnpm.com\/#website"},"primaryImageOfPage":{"@id":"https:\/\/portalnpm.com\/index.php\/2018\/11\/08\/pf-e-acionada-para-apurar-ameacas-a-docentes\/#primaryimage"},"image":{"@id":"https:\/\/portalnpm.com\/index.php\/2018\/11\/08\/pf-e-acionada-para-apurar-ameacas-a-docentes\/#primaryimage"},"thumbnailUrl":"","datePublished":"2018-11-08T16:38:42+00:00","dateModified":"2018-11-08T16:38:42+00:00","author":{"@id":"https:\/\/portalnpm.com\/#\/schema\/person\/0b5f230ec96cee25504fa328e7f2b733"},"breadcrumb":{"@id":"https:\/\/portalnpm.com\/index.php\/2018\/11\/08\/pf-e-acionada-para-apurar-ameacas-a-docentes\/#breadcrumb"},"inLanguage":"pt-BR","potentialAction":[{"@type":"ReadAction","target":["https:\/\/portalnpm.com\/index.php\/2018\/11\/08\/pf-e-acionada-para-apurar-ameacas-a-docentes\/"]}]},{"@type":"ImageObject","inLanguage":"pt-BR","@id":"https:\/\/portalnpm.com\/index.php\/2018\/11\/08\/pf-e-acionada-para-apurar-ameacas-a-docentes\/#primaryimage","url":"","contentUrl":""},{"@type":"BreadcrumbList","@id":"https:\/\/portalnpm.com\/index.php\/2018\/11\/08\/pf-e-acionada-para-apurar-ameacas-a-docentes\/#breadcrumb","itemListElement":[{"@type":"ListItem","position":1,"name":"In\u00edcio","item":"https:\/\/portalnpm.com\/"},{"@type":"ListItem","position":2,"name":"PF \u00e9 acionada para apurar amea\u00e7as a docentes"}]},{"@type":"WebSite","@id":"https:\/\/portalnpm.com\/#website","url":"https:\/\/portalnpm.com\/","name":"Portal NPM","description":"Not\u00edcias em Primeira M\u00e3o","potentialAction":[{"@type":"SearchAction","target":{"@type":"EntryPoint","urlTemplate":"https:\/\/portalnpm.com\/?s={search_term_string}"},"query-input":"required name=search_term_string"}],"inLanguage":"pt-BR"},{"@type":"Person","@id":"https:\/\/portalnpm.com\/#\/schema\/person\/0b5f230ec96cee25504fa328e7f2b733","name":"Reda\u00e7\u00e3o","image":{"@type":"ImageObject","inLanguage":"pt-BR","@id":"https:\/\/portalnpm.com\/#\/schema\/person\/image\/","url":"https:\/\/portalnpm.com\/wp-content\/uploads\/2024\/03\/avatar_user_4_1710097212-96x96.png","contentUrl":"https:\/\/portalnpm.com\/wp-content\/uploads\/2024\/03\/avatar_user_4_1710097212-96x96.png","caption":"Reda\u00e7\u00e3o"},"url":"https:\/\/portalnpm.com\/index.php\/author\/redacao\/"}]}},"jetpack_sharing_enabled":true,"jetpack_featured_media_url":"","_links":{"self":[{"href":"https:\/\/portalnpm.com\/index.php\/wp-json\/wp\/v2\/posts\/51943"}],"collection":[{"href":"https:\/\/portalnpm.com\/index.php\/wp-json\/wp\/v2\/posts"}],"about":[{"href":"https:\/\/portalnpm.com\/index.php\/wp-json\/wp\/v2\/types\/post"}],"author":[{"embeddable":true,"href":"https:\/\/portalnpm.com\/index.php\/wp-json\/wp\/v2\/users\/4"}],"replies":[{"embeddable":true,"href":"https:\/\/portalnpm.com\/index.php\/wp-json\/wp\/v2\/comments?post=51943"}],"version-history":[{"count":0,"href":"https:\/\/portalnpm.com\/index.php\/wp-json\/wp\/v2\/posts\/51943\/revisions"}],"wp:featuredmedia":[{"embeddable":true,"href":"https:\/\/portalnpm.com\/index.php\/wp-json\/"}],"wp:attachment":[{"href":"https:\/\/portalnpm.com\/index.php\/wp-json\/wp\/v2\/media?parent=51943"}],"wp:term":[{"taxonomy":"category","embeddable":true,"href":"https:\/\/portalnpm.com\/index.php\/wp-json\/wp\/v2\/categories?post=51943"},{"taxonomy":"post_tag","embeddable":true,"href":"https:\/\/portalnpm.com\/index.php\/wp-json\/wp\/v2\/tags?post=51943"}],"curies":[{"name":"wp","href":"https:\/\/api.w.org\/{rel}","templated":true}]}}