{"id":51947,"date":"2018-11-09T10:37:30","date_gmt":"2018-11-09T12:37:30","guid":{"rendered":"http:\/\/srv.portalnpm.com.br\/?p=2284"},"modified":"2018-11-09T10:37:30","modified_gmt":"2018-11-09T12:37:30","slug":"deputados-aprovam-relatorio-para-apreciacao-do-orcamento-geral-de-2019","status":"publish","type":"post","link":"https:\/\/portalnpm.com\/index.php\/2018\/11\/09\/deputados-aprovam-relatorio-para-apreciacao-do-orcamento-geral-de-2019\/","title":{"rendered":"Deputados aprovam relat\u00f3rio para aprecia\u00e7\u00e3o do Or\u00e7amento Geral de 2019"},"content":{"rendered":"<div style=\"text-align: justify;\">O deputado Nerinho (PTB), relator do Or\u00e7amento Geral de 2019, apresentou o\u00a0 cronograma para a aprecia\u00e7\u00e3o da proposta). De acordo com a proposta aprovada pelos deputados, as emendas parlamentares ao or\u00e7amento dever\u00e3o ser apresentadas at\u00e9 o dia 30 de novembro.<\/div>\n<div style=\"text-align: justify;\"><\/div>\n<div><\/div>\n<div style=\"text-align: justify;\">Nerinho afirma que o prazo para a aprecia\u00e7\u00e3o das emendas \u00e9 \u201cimprorrog\u00e1vel\u201d. A proposta de Or\u00e7amento Geral do Estado para 2019 prev\u00ea um valor bruto de pouco mais de R$ 13 bilh\u00f5es. O valor l\u00edquido \u00e9 de R$ 10 bilh\u00f5es. O valor previsto para as emendas impositivas a serem apresentadas \u00e9 de R$ 1,574\u00a0 milh\u00e3o por deputado.<\/div>\n<div style=\"text-align: justify;\"><\/div>\n<div><\/div>\n<div style=\"text-align: justify;\">&#8220;Ficou acertado e at\u00e9 amanh\u00e3 j\u00e1 iremos falar com o presidente para convidar a todos a participarem das reuni\u00f5es e audi\u00eancia. O or\u00e7amento \u00e9 como um tecido um pano pequeno onde se descobre um peda\u00e7o para cobrir outro e minimizar os problemas em todos os poderes executivo, legislativo e judici\u00e1rio&#8221;, afirmou.<\/div>\n<div style=\"text-align: justify;\"><\/div>\n<div><\/div>\n<div style=\"text-align: justify;\">Segue o\u00a0 calend\u00e1rio:<\/div>\n<div style=\"text-align: justify;\">21\/11\u00a0 &#8211; audi\u00eancia p\u00fablica para debater o projeto nesta audi\u00eancia devem comparecer os poderes\u00a0 e alguns secret\u00e1rios<\/div>\n<div style=\"text-align: justify;\">30\/11\u00a0 &#8211; prazo para protocolo das emendas<\/div>\n<div style=\"text-align: justify;\">05\/12 &#8211;\u00a0 apresenta\u00e7\u00e3o do relat\u00f3rio com sua aprova\u00e7\u00e3o at\u00e9 o dia 22 a vota\u00e7\u00e3o em plen\u00e1rio<\/div>\n<div style=\"text-align: justify;\"><\/div>\n<div><\/div>\n<div style=\"text-align: justify;\"><strong>Fonte: Cidade Verde\u00a0<\/strong><\/div>\n","protected":false},"excerpt":{"rendered":"<p>O deputado Nerinho (PTB), relator do Or\u00e7amento Geral de 2019, apresentou o\u00a0 cronograma para a aprecia\u00e7\u00e3o da proposta). De acordo com a proposta aprovada pelos deputados, as emendas parlamentares ao or\u00e7amento dever\u00e3o ser apresentadas at\u00e9 o dia 30 de novembro. Nerinho afirma que o prazo para a aprecia\u00e7\u00e3o das emendas \u00e9 \u201cimprorrog\u00e1vel\u201d. A proposta de &hellip;<\/p>\n","protected":false},"author":4,"featured_media":2286,"comment_status":"open","ping_status":"open","sticky":false,"template":"","format":"standard","meta":{"content-type":"","rop_custom_images_group":[],"rop_custom_messages_group":[],"rop_publish_now":"initial","rop_publish_now_accounts":{"facebook_2648258775420054_1618374048415101":""},"rop_publish_now_history":[],"rop_publish_now_status":"pending","footnotes":"","_jetpack_memberships_contains_paid_content":false},"categories":[130],"tags":[1352,527,1353,1354],"yoast_head":"<!-- This site is optimized with the Yoast SEO plugin v22.3 - https:\/\/yoast.com\/wordpress\/plugins\/seo\/ -->\n<title>Deputados aprovam relat\u00f3rio para aprecia\u00e7\u00e3o do Or\u00e7amento Geral de 2019 - Portal NPM<\/title>\n<meta name=\"robots\" content=\"index, follow, max-snippet:-1, max-image-preview:large, max-video-preview:-1\" \/>\n<link rel=\"canonical\" href=\"https:\/\/portalnpm.com\/index.php\/2018\/11\/09\/deputados-aprovam-relatorio-para-apreciacao-do-orcamento-geral-de-2019\/\" \/>\n<meta property=\"og:locale\" content=\"pt_BR\" \/>\n<meta property=\"og:type\" content=\"article\" \/>\n<meta property=\"og:title\" content=\"Deputados aprovam relat\u00f3rio para aprecia\u00e7\u00e3o do Or\u00e7amento Geral de 2019 - Portal NPM\" \/>\n<meta property=\"og:description\" content=\"O deputado Nerinho (PTB), relator do Or\u00e7amento Geral de 2019, apresentou o\u00a0 cronograma para a aprecia\u00e7\u00e3o da proposta). De acordo com a proposta aprovada pelos deputados, as emendas parlamentares ao or\u00e7amento dever\u00e3o ser apresentadas at\u00e9 o dia 30 de novembro. Nerinho afirma que o prazo para a aprecia\u00e7\u00e3o das emendas \u00e9 \u201cimprorrog\u00e1vel\u201d. A proposta de &hellip;\" \/>\n<meta property=\"og:url\" content=\"https:\/\/portalnpm.com\/index.php\/2018\/11\/09\/deputados-aprovam-relatorio-para-apreciacao-do-orcamento-geral-de-2019\/\" \/>\n<meta property=\"og:site_name\" content=\"Portal NPM\" \/>\n<meta property=\"article:published_time\" content=\"2018-11-09T12:37:30+00:00\" \/>\n<meta name=\"author\" content=\"Reda\u00e7\u00e3o\" \/>\n<meta name=\"twitter:card\" content=\"summary_large_image\" \/>\n<meta name=\"twitter:label1\" content=\"Escrito por\" \/>\n\t<meta name=\"twitter:data1\" content=\"Reda\u00e7\u00e3o\" \/>\n\t<meta name=\"twitter:label2\" content=\"Est. tempo de leitura\" \/>\n\t<meta name=\"twitter:data2\" content=\"1 minuto\" \/>\n<script type=\"application\/ld+json\" class=\"yoast-schema-graph\">{\"@context\":\"https:\/\/schema.org\",\"@graph\":[{\"@type\":\"WebPage\",\"@id\":\"https:\/\/portalnpm.com\/index.php\/2018\/11\/09\/deputados-aprovam-relatorio-para-apreciacao-do-orcamento-geral-de-2019\/\",\"url\":\"https:\/\/portalnpm.com\/index.php\/2018\/11\/09\/deputados-aprovam-relatorio-para-apreciacao-do-orcamento-geral-de-2019\/\",\"name\":\"Deputados aprovam relat\u00f3rio para aprecia\u00e7\u00e3o do Or\u00e7amento Geral de 2019 - Portal NPM\",\"isPartOf\":{\"@id\":\"https:\/\/portalnpm.com\/#website\"},\"primaryImageOfPage\":{\"@id\":\"https:\/\/portalnpm.com\/index.php\/2018\/11\/09\/deputados-aprovam-relatorio-para-apreciacao-do-orcamento-geral-de-2019\/#primaryimage\"},\"image\":{\"@id\":\"https:\/\/portalnpm.com\/index.php\/2018\/11\/09\/deputados-aprovam-relatorio-para-apreciacao-do-orcamento-geral-de-2019\/#primaryimage\"},\"thumbnailUrl\":\"\",\"datePublished\":\"2018-11-09T12:37:30+00:00\",\"dateModified\":\"2018-11-09T12:37:30+00:00\",\"author\":{\"@id\":\"https:\/\/portalnpm.com\/#\/schema\/person\/0b5f230ec96cee25504fa328e7f2b733\"},\"breadcrumb\":{\"@id\":\"https:\/\/portalnpm.com\/index.php\/2018\/11\/09\/deputados-aprovam-relatorio-para-apreciacao-do-orcamento-geral-de-2019\/#breadcrumb\"},\"inLanguage\":\"pt-BR\",\"potentialAction\":[{\"@type\":\"ReadAction\",\"target\":[\"https:\/\/portalnpm.com\/index.php\/2018\/11\/09\/deputados-aprovam-relatorio-para-apreciacao-do-orcamento-geral-de-2019\/\"]}]},{\"@type\":\"ImageObject\",\"inLanguage\":\"pt-BR\",\"@id\":\"https:\/\/portalnpm.com\/index.php\/2018\/11\/09\/deputados-aprovam-relatorio-para-apreciacao-do-orcamento-geral-de-2019\/#primaryimage\",\"url\":\"\",\"contentUrl\":\"\"},{\"@type\":\"BreadcrumbList\",\"@id\":\"https:\/\/portalnpm.com\/index.php\/2018\/11\/09\/deputados-aprovam-relatorio-para-apreciacao-do-orcamento-geral-de-2019\/#breadcrumb\",\"itemListElement\":[{\"@type\":\"ListItem\",\"position\":1,\"name\":\"In\u00edcio\",\"item\":\"https:\/\/portalnpm.com\/\"},{\"@type\":\"ListItem\",\"position\":2,\"name\":\"Deputados aprovam relat\u00f3rio para aprecia\u00e7\u00e3o do Or\u00e7amento Geral de 2019\"}]},{\"@type\":\"WebSite\",\"@id\":\"https:\/\/portalnpm.com\/#website\",\"url\":\"https:\/\/portalnpm.com\/\",\"name\":\"Portal NPM\",\"description\":\"Not\u00edcias em Primeira M\u00e3o\",\"potentialAction\":[{\"@type\":\"SearchAction\",\"target\":{\"@type\":\"EntryPoint\",\"urlTemplate\":\"https:\/\/portalnpm.com\/?s={search_term_string}\"},\"query-input\":\"required name=search_term_string\"}],\"inLanguage\":\"pt-BR\"},{\"@type\":\"Person\",\"@id\":\"https:\/\/portalnpm.com\/#\/schema\/person\/0b5f230ec96cee25504fa328e7f2b733\",\"name\":\"Reda\u00e7\u00e3o\",\"image\":{\"@type\":\"ImageObject\",\"inLanguage\":\"pt-BR\",\"@id\":\"https:\/\/portalnpm.com\/#\/schema\/person\/image\/\",\"url\":\"https:\/\/portalnpm.com\/wp-content\/uploads\/2024\/03\/avatar_user_4_1710097212-96x96.png\",\"contentUrl\":\"https:\/\/portalnpm.com\/wp-content\/uploads\/2024\/03\/avatar_user_4_1710097212-96x96.png\",\"caption\":\"Reda\u00e7\u00e3o\"},\"url\":\"https:\/\/portalnpm.com\/index.php\/author\/redacao\/\"}]}<\/script>\n<!-- \/ Yoast SEO plugin. -->","yoast_head_json":{"title":"Deputados aprovam relat\u00f3rio para aprecia\u00e7\u00e3o do Or\u00e7amento Geral de 2019 - Portal NPM","robots":{"index":"index","follow":"follow","max-snippet":"max-snippet:-1","max-image-preview":"max-image-preview:large","max-video-preview":"max-video-preview:-1"},"canonical":"https:\/\/portalnpm.com\/index.php\/2018\/11\/09\/deputados-aprovam-relatorio-para-apreciacao-do-orcamento-geral-de-2019\/","og_locale":"pt_BR","og_type":"article","og_title":"Deputados aprovam relat\u00f3rio para aprecia\u00e7\u00e3o do Or\u00e7amento Geral de 2019 - Portal NPM","og_description":"O deputado Nerinho (PTB), relator do Or\u00e7amento Geral de 2019, apresentou o\u00a0 cronograma para a aprecia\u00e7\u00e3o da proposta). De acordo com a proposta aprovada pelos deputados, as emendas parlamentares ao or\u00e7amento dever\u00e3o ser apresentadas at\u00e9 o dia 30 de novembro. Nerinho afirma que o prazo para a aprecia\u00e7\u00e3o das emendas \u00e9 \u201cimprorrog\u00e1vel\u201d. A proposta de &hellip;","og_url":"https:\/\/portalnpm.com\/index.php\/2018\/11\/09\/deputados-aprovam-relatorio-para-apreciacao-do-orcamento-geral-de-2019\/","og_site_name":"Portal NPM","article_published_time":"2018-11-09T12:37:30+00:00","author":"Reda\u00e7\u00e3o","twitter_card":"summary_large_image","twitter_misc":{"Escrito por":"Reda\u00e7\u00e3o","Est. tempo de leitura":"1 minuto"},"schema":{"@context":"https:\/\/schema.org","@graph":[{"@type":"WebPage","@id":"https:\/\/portalnpm.com\/index.php\/2018\/11\/09\/deputados-aprovam-relatorio-para-apreciacao-do-orcamento-geral-de-2019\/","url":"https:\/\/portalnpm.com\/index.php\/2018\/11\/09\/deputados-aprovam-relatorio-para-apreciacao-do-orcamento-geral-de-2019\/","name":"Deputados aprovam relat\u00f3rio para aprecia\u00e7\u00e3o do Or\u00e7amento Geral de 2019 - Portal NPM","isPartOf":{"@id":"https:\/\/portalnpm.com\/#website"},"primaryImageOfPage":{"@id":"https:\/\/portalnpm.com\/index.php\/2018\/11\/09\/deputados-aprovam-relatorio-para-apreciacao-do-orcamento-geral-de-2019\/#primaryimage"},"image":{"@id":"https:\/\/portalnpm.com\/index.php\/2018\/11\/09\/deputados-aprovam-relatorio-para-apreciacao-do-orcamento-geral-de-2019\/#primaryimage"},"thumbnailUrl":"","datePublished":"2018-11-09T12:37:30+00:00","dateModified":"2018-11-09T12:37:30+00:00","author":{"@id":"https:\/\/portalnpm.com\/#\/schema\/person\/0b5f230ec96cee25504fa328e7f2b733"},"breadcrumb":{"@id":"https:\/\/portalnpm.com\/index.php\/2018\/11\/09\/deputados-aprovam-relatorio-para-apreciacao-do-orcamento-geral-de-2019\/#breadcrumb"},"inLanguage":"pt-BR","potentialAction":[{"@type":"ReadAction","target":["https:\/\/portalnpm.com\/index.php\/2018\/11\/09\/deputados-aprovam-relatorio-para-apreciacao-do-orcamento-geral-de-2019\/"]}]},{"@type":"ImageObject","inLanguage":"pt-BR","@id":"https:\/\/portalnpm.com\/index.php\/2018\/11\/09\/deputados-aprovam-relatorio-para-apreciacao-do-orcamento-geral-de-2019\/#primaryimage","url":"","contentUrl":""},{"@type":"BreadcrumbList","@id":"https:\/\/portalnpm.com\/index.php\/2018\/11\/09\/deputados-aprovam-relatorio-para-apreciacao-do-orcamento-geral-de-2019\/#breadcrumb","itemListElement":[{"@type":"ListItem","position":1,"name":"In\u00edcio","item":"https:\/\/portalnpm.com\/"},{"@type":"ListItem","position":2,"name":"Deputados aprovam relat\u00f3rio para aprecia\u00e7\u00e3o do Or\u00e7amento Geral de 2019"}]},{"@type":"WebSite","@id":"https:\/\/portalnpm.com\/#website","url":"https:\/\/portalnpm.com\/","name":"Portal NPM","description":"Not\u00edcias em Primeira M\u00e3o","potentialAction":[{"@type":"SearchAction","target":{"@type":"EntryPoint","urlTemplate":"https:\/\/portalnpm.com\/?s={search_term_string}"},"query-input":"required name=search_term_string"}],"inLanguage":"pt-BR"},{"@type":"Person","@id":"https:\/\/portalnpm.com\/#\/schema\/person\/0b5f230ec96cee25504fa328e7f2b733","name":"Reda\u00e7\u00e3o","image":{"@type":"ImageObject","inLanguage":"pt-BR","@id":"https:\/\/portalnpm.com\/#\/schema\/person\/image\/","url":"https:\/\/portalnpm.com\/wp-content\/uploads\/2024\/03\/avatar_user_4_1710097212-96x96.png","contentUrl":"https:\/\/portalnpm.com\/wp-content\/uploads\/2024\/03\/avatar_user_4_1710097212-96x96.png","caption":"Reda\u00e7\u00e3o"},"url":"https:\/\/portalnpm.com\/index.php\/author\/redacao\/"}]}},"jetpack_sharing_enabled":true,"jetpack_featured_media_url":"","_links":{"self":[{"href":"https:\/\/portalnpm.com\/index.php\/wp-json\/wp\/v2\/posts\/51947"}],"collection":[{"href":"https:\/\/portalnpm.com\/index.php\/wp-json\/wp\/v2\/posts"}],"about":[{"href":"https:\/\/portalnpm.com\/index.php\/wp-json\/wp\/v2\/types\/post"}],"author":[{"embeddable":true,"href":"https:\/\/portalnpm.com\/index.php\/wp-json\/wp\/v2\/users\/4"}],"replies":[{"embeddable":true,"href":"https:\/\/portalnpm.com\/index.php\/wp-json\/wp\/v2\/comments?post=51947"}],"version-history":[{"count":0,"href":"https:\/\/portalnpm.com\/index.php\/wp-json\/wp\/v2\/posts\/51947\/revisions"}],"wp:featuredmedia":[{"embeddable":true,"href":"https:\/\/portalnpm.com\/index.php\/wp-json\/"}],"wp:attachment":[{"href":"https:\/\/portalnpm.com\/index.php\/wp-json\/wp\/v2\/media?parent=51947"}],"wp:term":[{"taxonomy":"category","embeddable":true,"href":"https:\/\/portalnpm.com\/index.php\/wp-json\/wp\/v2\/categories?post=51947"},{"taxonomy":"post_tag","embeddable":true,"href":"https:\/\/portalnpm.com\/index.php\/wp-json\/wp\/v2\/tags?post=51947"}],"curies":[{"name":"wp","href":"https:\/\/api.w.org\/{rel}","templated":true}]}}