{"id":51974,"date":"2020-04-02T19:47:44","date_gmt":"2020-04-02T22:47:44","guid":{"rendered":"https:\/\/portalnpm.com\/index.php\/2020\/04\/02\/alegrete-vereador-bel-ramos-cobra-da-prefeitura-distribuicao-de-cestas-basicas-para-familias-carentes-do-municipio\/"},"modified":"2024-01-15T18:22:00","modified_gmt":"2024-01-15T21:22:00","slug":"alegrete-vereador-bel-ramos-cobra-da-prefeitura-distribuicao-de-cestas-basicas-para-familias-carentes-do-municipio","status":"publish","type":"post","link":"https:\/\/portalnpm.com\/index.php\/2020\/04\/02\/alegrete-vereador-bel-ramos-cobra-da-prefeitura-distribuicao-de-cestas-basicas-para-familias-carentes-do-municipio\/","title":{"rendered":"ALEGRETE | Vereador Bel Ramos cobra da prefeitura distribui\u00e7\u00e3o de cestas b\u00e1sicas para fam\u00edlias carentes do munic\u00edpio"},"content":{"rendered":"<p><p style=\"text-align: justify;\">O Vereador de Alegrete do Piau&iacute;, Bel Ramos (Republicanos), cobrou da prefeitura municipal, que tem a frente o prefeito M&aacute;rcio Alencar (PT) para que com a verba das merendas escolares destinadas ao munic&iacute;pio, seja compradas cestas b&aacute;sicas para serem doadas a fam&iacute;lias carentes que tem alunos matriculados. Segundo o vereador, o gestor afirmou que ir&aacute; triplicar o valor recebido, para adquirir cestas b&aacute;sicas que ser&atilde;o distribu&iacute;das nas resid&ecirc;ncias de alunos pertencentes a fam&iacute;lias carentes.<\/p>\n<figure id=\"attachment_19052\" aria-describedby=\"caption-attachment-19052\" style=\"width: 640px\" class=\"wp-caption aligncenter\"><img fetchpriority=\"high\" decoding=\"async\" class=\"size-full wp-image-19052\" src=\"https:\/\/portalnpm.com\/wp-content\/uploads\/2020\/04\/Bel-Ramos-20200402_175713.jpg\" alt=\"\" width=\"640\" height=\"640\" srcset=\"https:\/\/portalnpm.com\/wp-content\/uploads\/2020\/04\/Bel-Ramos-20200402_175713.jpg 640w, https:\/\/portalnpm.com\/wp-content\/uploads\/2020\/04\/Bel-Ramos-20200402_175713-300x300.jpg 300w, https:\/\/portalnpm.com\/wp-content\/uploads\/2020\/04\/Bel-Ramos-20200402_175713-150x150.jpg 150w\" sizes=\"(max-width: 640px) 100vw, 640px\" \/><figcaption id=\"caption-attachment-19052\" class=\"wp-caption-text\">Vereador Bel Ramos (Republicanos)<\/figcaption><\/figure>\n<p style=\"text-align: justify;\">Ainda segundo o vereador Bel Ramos, tal atitude foi fruto de sua cobran&ccedil;a: &#8220;<em>Hoje a secret&aacute;ria de educa&ccedil;&atilde;o, a Sra Valdenia nos avisou, atrav&eacute;s de um &aacute;udio, que a prefeitura ir&aacute; cortar o pagamento de todos os contratados da educa&ccedil;&atilde;o, permanecendo apenas os funcion&aacute;rios efetivos. N&atilde;o entendo, um dia o prefeito &eacute; humanit&aacute;rio, no outro afirma que vai demitir os funcion&aacute;rios que s&atilde;o contratados&#8221;, disse.<\/em><\/p><\/p>\n","protected":false},"excerpt":{"rendered":"<p>O Vereador de Alegrete do Piau&iacute;, Bel Ramos (Republicanos), cobrou da prefeitura municipal, que tem a frente o prefeito M&aacute;rcio Alencar (PT) para que com a verba das merendas escolares destinadas ao munic&iacute;pio, seja compradas cestas b&aacute;sicas para serem doadas a fam&iacute;lias carentes que tem alunos matriculados. Segundo o vereador, o gestor afirmou que ir&aacute; &hellip;<\/p>\n","protected":false},"author":4,"featured_media":19051,"comment_status":"open","ping_status":"open","sticky":false,"template":"","format":"standard","meta":{"content-type":"","rop_custom_images_group":[],"rop_custom_messages_group":[],"rop_publish_now":"initial","rop_publish_now_accounts":{"facebook_2648258775420054_1618374048415101":""},"rop_publish_now_history":[],"rop_publish_now_status":"pending","footnotes":"","_jetpack_memberships_contains_paid_content":false},"categories":[110,113,109],"tags":[111,222,3075],"yoast_head":"<!-- This site is optimized with the Yoast SEO plugin v22.3 - https:\/\/yoast.com\/wordpress\/plugins\/seo\/ -->\n<title>ALEGRETE | Vereador Bel Ramos cobra da prefeitura distribui\u00e7\u00e3o de cestas b\u00e1sicas para fam\u00edlias carentes do munic\u00edpio<\/title>\n<meta name=\"robots\" content=\"index, follow, max-snippet:-1, max-image-preview:large, max-video-preview:-1\" \/>\n<link rel=\"canonical\" href=\"https:\/\/portalnpm.com\/index.php\/2020\/04\/02\/alegrete-vereador-bel-ramos-cobra-da-prefeitura-distribuicao-de-cestas-basicas-para-familias-carentes-do-municipio\/\" \/>\n<meta property=\"og:locale\" content=\"pt_BR\" \/>\n<meta property=\"og:type\" content=\"article\" \/>\n<meta property=\"og:title\" content=\"ALEGRETE | Vereador Bel Ramos cobra da prefeitura distribui\u00e7\u00e3o de cestas b\u00e1sicas para fam\u00edlias carentes do munic\u00edpio\" \/>\n<meta property=\"og:description\" content=\"O Vereador de Alegrete do Piau&iacute;, Bel Ramos (Republicanos), cobrou da prefeitura municipal, que tem a frente o prefeito M&aacute;rcio Alencar (PT) para que com a verba das merendas escolares destinadas ao munic&iacute;pio, seja compradas cestas b&aacute;sicas para serem doadas a fam&iacute;lias carentes que tem alunos matriculados. Segundo o vereador, o gestor afirmou que ir&aacute; &hellip;\" \/>\n<meta property=\"og:url\" content=\"https:\/\/portalnpm.com\/index.php\/2020\/04\/02\/alegrete-vereador-bel-ramos-cobra-da-prefeitura-distribuicao-de-cestas-basicas-para-familias-carentes-do-municipio\/\" \/>\n<meta property=\"og:site_name\" content=\"Portal NPM\" \/>\n<meta property=\"article:published_time\" content=\"2020-04-02T22:47:44+00:00\" \/>\n<meta property=\"article:modified_time\" content=\"2024-01-15T21:22:00+00:00\" \/>\n<meta property=\"og:image\" content=\"https:\/\/portalnpm.com\/wp-content\/uploads\/2020\/04\/IMG-20200402-WA0497.jpg\" \/>\n\t<meta property=\"og:image:width\" content=\"1280\" \/>\n\t<meta property=\"og:image:height\" content=\"1280\" \/>\n\t<meta property=\"og:image:type\" content=\"image\/jpeg\" \/>\n<meta name=\"author\" content=\"Reda\u00e7\u00e3o\" \/>\n<meta name=\"twitter:card\" content=\"summary_large_image\" \/>\n<meta name=\"twitter:label1\" content=\"Escrito por\" \/>\n\t<meta name=\"twitter:data1\" content=\"Reda\u00e7\u00e3o\" \/>\n\t<meta name=\"twitter:label2\" content=\"Est. tempo de leitura\" \/>\n\t<meta name=\"twitter:data2\" content=\"1 minuto\" \/>\n<script type=\"application\/ld+json\" class=\"yoast-schema-graph\">{\"@context\":\"https:\/\/schema.org\",\"@graph\":[{\"@type\":\"WebPage\",\"@id\":\"https:\/\/portalnpm.com\/index.php\/2020\/04\/02\/alegrete-vereador-bel-ramos-cobra-da-prefeitura-distribuicao-de-cestas-basicas-para-familias-carentes-do-municipio\/\",\"url\":\"https:\/\/portalnpm.com\/index.php\/2020\/04\/02\/alegrete-vereador-bel-ramos-cobra-da-prefeitura-distribuicao-de-cestas-basicas-para-familias-carentes-do-municipio\/\",\"name\":\"ALEGRETE | Vereador Bel Ramos cobra da prefeitura distribui\u00e7\u00e3o de cestas b\u00e1sicas para fam\u00edlias carentes do munic\u00edpio\",\"isPartOf\":{\"@id\":\"https:\/\/portalnpm.com\/#website\"},\"primaryImageOfPage\":{\"@id\":\"https:\/\/portalnpm.com\/index.php\/2020\/04\/02\/alegrete-vereador-bel-ramos-cobra-da-prefeitura-distribuicao-de-cestas-basicas-para-familias-carentes-do-municipio\/#primaryimage\"},\"image\":{\"@id\":\"https:\/\/portalnpm.com\/index.php\/2020\/04\/02\/alegrete-vereador-bel-ramos-cobra-da-prefeitura-distribuicao-de-cestas-basicas-para-familias-carentes-do-municipio\/#primaryimage\"},\"thumbnailUrl\":\"https:\/\/portalnpm.com\/wp-content\/uploads\/2020\/04\/IMG-20200402-WA0497.jpg\",\"datePublished\":\"2020-04-02T22:47:44+00:00\",\"dateModified\":\"2024-01-15T21:22:00+00:00\",\"author\":{\"@id\":\"https:\/\/portalnpm.com\/#\/schema\/person\/0b5f230ec96cee25504fa328e7f2b733\"},\"breadcrumb\":{\"@id\":\"https:\/\/portalnpm.com\/index.php\/2020\/04\/02\/alegrete-vereador-bel-ramos-cobra-da-prefeitura-distribuicao-de-cestas-basicas-para-familias-carentes-do-municipio\/#breadcrumb\"},\"inLanguage\":\"pt-BR\",\"potentialAction\":[{\"@type\":\"ReadAction\",\"target\":[\"https:\/\/portalnpm.com\/index.php\/2020\/04\/02\/alegrete-vereador-bel-ramos-cobra-da-prefeitura-distribuicao-de-cestas-basicas-para-familias-carentes-do-municipio\/\"]}]},{\"@type\":\"ImageObject\",\"inLanguage\":\"pt-BR\",\"@id\":\"https:\/\/portalnpm.com\/index.php\/2020\/04\/02\/alegrete-vereador-bel-ramos-cobra-da-prefeitura-distribuicao-de-cestas-basicas-para-familias-carentes-do-municipio\/#primaryimage\",\"url\":\"https:\/\/portalnpm.com\/wp-content\/uploads\/2020\/04\/IMG-20200402-WA0497.jpg\",\"contentUrl\":\"https:\/\/portalnpm.com\/wp-content\/uploads\/2020\/04\/IMG-20200402-WA0497.jpg\",\"width\":1280,\"height\":1280},{\"@type\":\"BreadcrumbList\",\"@id\":\"https:\/\/portalnpm.com\/index.php\/2020\/04\/02\/alegrete-vereador-bel-ramos-cobra-da-prefeitura-distribuicao-de-cestas-basicas-para-familias-carentes-do-municipio\/#breadcrumb\",\"itemListElement\":[{\"@type\":\"ListItem\",\"position\":1,\"name\":\"In\u00edcio\",\"item\":\"https:\/\/portalnpm.com\/\"},{\"@type\":\"ListItem\",\"position\":2,\"name\":\"ALEGRETE | Vereador Bel Ramos cobra da prefeitura distribui\u00e7\u00e3o de cestas b\u00e1sicas para fam\u00edlias carentes do munic\u00edpio\"}]},{\"@type\":\"WebSite\",\"@id\":\"https:\/\/portalnpm.com\/#website\",\"url\":\"https:\/\/portalnpm.com\/\",\"name\":\"Portal NPM\",\"description\":\"Not\u00edcias em Primeira M\u00e3o\",\"potentialAction\":[{\"@type\":\"SearchAction\",\"target\":{\"@type\":\"EntryPoint\",\"urlTemplate\":\"https:\/\/portalnpm.com\/?s={search_term_string}\"},\"query-input\":\"required name=search_term_string\"}],\"inLanguage\":\"pt-BR\"},{\"@type\":\"Person\",\"@id\":\"https:\/\/portalnpm.com\/#\/schema\/person\/0b5f230ec96cee25504fa328e7f2b733\",\"name\":\"Reda\u00e7\u00e3o\",\"image\":{\"@type\":\"ImageObject\",\"inLanguage\":\"pt-BR\",\"@id\":\"https:\/\/portalnpm.com\/#\/schema\/person\/image\/\",\"url\":\"https:\/\/portalnpm.com\/wp-content\/uploads\/2024\/03\/avatar_user_4_1710097212-96x96.png\",\"contentUrl\":\"https:\/\/portalnpm.com\/wp-content\/uploads\/2024\/03\/avatar_user_4_1710097212-96x96.png\",\"caption\":\"Reda\u00e7\u00e3o\"},\"url\":\"https:\/\/portalnpm.com\/index.php\/author\/redacao\/\"}]}<\/script>\n<!-- \/ Yoast SEO plugin. -->","yoast_head_json":{"title":"ALEGRETE | Vereador Bel Ramos cobra da prefeitura distribui\u00e7\u00e3o de cestas b\u00e1sicas para fam\u00edlias carentes do munic\u00edpio","robots":{"index":"index","follow":"follow","max-snippet":"max-snippet:-1","max-image-preview":"max-image-preview:large","max-video-preview":"max-video-preview:-1"},"canonical":"https:\/\/portalnpm.com\/index.php\/2020\/04\/02\/alegrete-vereador-bel-ramos-cobra-da-prefeitura-distribuicao-de-cestas-basicas-para-familias-carentes-do-municipio\/","og_locale":"pt_BR","og_type":"article","og_title":"ALEGRETE | Vereador Bel Ramos cobra da prefeitura distribui\u00e7\u00e3o de cestas b\u00e1sicas para fam\u00edlias carentes do munic\u00edpio","og_description":"O Vereador de Alegrete do Piau&iacute;, Bel Ramos (Republicanos), cobrou da prefeitura municipal, que tem a frente o prefeito M&aacute;rcio Alencar (PT) para que com a verba das merendas escolares destinadas ao munic&iacute;pio, seja compradas cestas b&aacute;sicas para serem doadas a fam&iacute;lias carentes que tem alunos matriculados. Segundo o vereador, o gestor afirmou que ir&aacute; &hellip;","og_url":"https:\/\/portalnpm.com\/index.php\/2020\/04\/02\/alegrete-vereador-bel-ramos-cobra-da-prefeitura-distribuicao-de-cestas-basicas-para-familias-carentes-do-municipio\/","og_site_name":"Portal NPM","article_published_time":"2020-04-02T22:47:44+00:00","article_modified_time":"2024-01-15T21:22:00+00:00","og_image":[{"width":1280,"height":1280,"url":"https:\/\/portalnpm.com\/wp-content\/uploads\/2020\/04\/IMG-20200402-WA0497.jpg","type":"image\/jpeg"}],"author":"Reda\u00e7\u00e3o","twitter_card":"summary_large_image","twitter_misc":{"Escrito por":"Reda\u00e7\u00e3o","Est. tempo de leitura":"1 minuto"},"schema":{"@context":"https:\/\/schema.org","@graph":[{"@type":"WebPage","@id":"https:\/\/portalnpm.com\/index.php\/2020\/04\/02\/alegrete-vereador-bel-ramos-cobra-da-prefeitura-distribuicao-de-cestas-basicas-para-familias-carentes-do-municipio\/","url":"https:\/\/portalnpm.com\/index.php\/2020\/04\/02\/alegrete-vereador-bel-ramos-cobra-da-prefeitura-distribuicao-de-cestas-basicas-para-familias-carentes-do-municipio\/","name":"ALEGRETE | Vereador Bel Ramos cobra da prefeitura distribui\u00e7\u00e3o de cestas b\u00e1sicas para fam\u00edlias carentes do munic\u00edpio","isPartOf":{"@id":"https:\/\/portalnpm.com\/#website"},"primaryImageOfPage":{"@id":"https:\/\/portalnpm.com\/index.php\/2020\/04\/02\/alegrete-vereador-bel-ramos-cobra-da-prefeitura-distribuicao-de-cestas-basicas-para-familias-carentes-do-municipio\/#primaryimage"},"image":{"@id":"https:\/\/portalnpm.com\/index.php\/2020\/04\/02\/alegrete-vereador-bel-ramos-cobra-da-prefeitura-distribuicao-de-cestas-basicas-para-familias-carentes-do-municipio\/#primaryimage"},"thumbnailUrl":"https:\/\/portalnpm.com\/wp-content\/uploads\/2020\/04\/IMG-20200402-WA0497.jpg","datePublished":"2020-04-02T22:47:44+00:00","dateModified":"2024-01-15T21:22:00+00:00","author":{"@id":"https:\/\/portalnpm.com\/#\/schema\/person\/0b5f230ec96cee25504fa328e7f2b733"},"breadcrumb":{"@id":"https:\/\/portalnpm.com\/index.php\/2020\/04\/02\/alegrete-vereador-bel-ramos-cobra-da-prefeitura-distribuicao-de-cestas-basicas-para-familias-carentes-do-municipio\/#breadcrumb"},"inLanguage":"pt-BR","potentialAction":[{"@type":"ReadAction","target":["https:\/\/portalnpm.com\/index.php\/2020\/04\/02\/alegrete-vereador-bel-ramos-cobra-da-prefeitura-distribuicao-de-cestas-basicas-para-familias-carentes-do-municipio\/"]}]},{"@type":"ImageObject","inLanguage":"pt-BR","@id":"https:\/\/portalnpm.com\/index.php\/2020\/04\/02\/alegrete-vereador-bel-ramos-cobra-da-prefeitura-distribuicao-de-cestas-basicas-para-familias-carentes-do-municipio\/#primaryimage","url":"https:\/\/portalnpm.com\/wp-content\/uploads\/2020\/04\/IMG-20200402-WA0497.jpg","contentUrl":"https:\/\/portalnpm.com\/wp-content\/uploads\/2020\/04\/IMG-20200402-WA0497.jpg","width":1280,"height":1280},{"@type":"BreadcrumbList","@id":"https:\/\/portalnpm.com\/index.php\/2020\/04\/02\/alegrete-vereador-bel-ramos-cobra-da-prefeitura-distribuicao-de-cestas-basicas-para-familias-carentes-do-municipio\/#breadcrumb","itemListElement":[{"@type":"ListItem","position":1,"name":"In\u00edcio","item":"https:\/\/portalnpm.com\/"},{"@type":"ListItem","position":2,"name":"ALEGRETE | Vereador Bel Ramos cobra da prefeitura distribui\u00e7\u00e3o de cestas b\u00e1sicas para fam\u00edlias carentes do munic\u00edpio"}]},{"@type":"WebSite","@id":"https:\/\/portalnpm.com\/#website","url":"https:\/\/portalnpm.com\/","name":"Portal NPM","description":"Not\u00edcias em Primeira M\u00e3o","potentialAction":[{"@type":"SearchAction","target":{"@type":"EntryPoint","urlTemplate":"https:\/\/portalnpm.com\/?s={search_term_string}"},"query-input":"required name=search_term_string"}],"inLanguage":"pt-BR"},{"@type":"Person","@id":"https:\/\/portalnpm.com\/#\/schema\/person\/0b5f230ec96cee25504fa328e7f2b733","name":"Reda\u00e7\u00e3o","image":{"@type":"ImageObject","inLanguage":"pt-BR","@id":"https:\/\/portalnpm.com\/#\/schema\/person\/image\/","url":"https:\/\/portalnpm.com\/wp-content\/uploads\/2024\/03\/avatar_user_4_1710097212-96x96.png","contentUrl":"https:\/\/portalnpm.com\/wp-content\/uploads\/2024\/03\/avatar_user_4_1710097212-96x96.png","caption":"Reda\u00e7\u00e3o"},"url":"https:\/\/portalnpm.com\/index.php\/author\/redacao\/"}]}},"jetpack_sharing_enabled":true,"jetpack_featured_media_url":"https:\/\/portalnpm.com\/wp-content\/uploads\/2020\/04\/IMG-20200402-WA0497.jpg","_links":{"self":[{"href":"https:\/\/portalnpm.com\/index.php\/wp-json\/wp\/v2\/posts\/51974"}],"collection":[{"href":"https:\/\/portalnpm.com\/index.php\/wp-json\/wp\/v2\/posts"}],"about":[{"href":"https:\/\/portalnpm.com\/index.php\/wp-json\/wp\/v2\/types\/post"}],"author":[{"embeddable":true,"href":"https:\/\/portalnpm.com\/index.php\/wp-json\/wp\/v2\/users\/4"}],"replies":[{"embeddable":true,"href":"https:\/\/portalnpm.com\/index.php\/wp-json\/wp\/v2\/comments?post=51974"}],"version-history":[{"count":1,"href":"https:\/\/portalnpm.com\/index.php\/wp-json\/wp\/v2\/posts\/51974\/revisions"}],"predecessor-version":[{"id":51978,"href":"https:\/\/portalnpm.com\/index.php\/wp-json\/wp\/v2\/posts\/51974\/revisions\/51978"}],"wp:featuredmedia":[{"embeddable":true,"href":"https:\/\/portalnpm.com\/index.php\/wp-json\/wp\/v2\/media\/19051"}],"wp:attachment":[{"href":"https:\/\/portalnpm.com\/index.php\/wp-json\/wp\/v2\/media?parent=51974"}],"wp:term":[{"taxonomy":"category","embeddable":true,"href":"https:\/\/portalnpm.com\/index.php\/wp-json\/wp\/v2\/categories?post=51974"},{"taxonomy":"post_tag","embeddable":true,"href":"https:\/\/portalnpm.com\/index.php\/wp-json\/wp\/v2\/tags?post=51974"}],"curies":[{"name":"wp","href":"https:\/\/api.w.org\/{rel}","templated":true}]}}