{"id":51988,"date":"2020-04-04T12:48:13","date_gmt":"2020-04-04T15:48:13","guid":{"rendered":"https:\/\/portalnpm.com\/index.php\/2020\/04\/04\/alagoinha-do-piaui-vereador-george-rocha-vai-para-o-progressistas-e-lanca-pre-candidatura-pela-oposicao\/"},"modified":"2020-04-04T12:48:13","modified_gmt":"2020-04-04T15:48:13","slug":"alagoinha-do-piaui-vereador-george-rocha-vai-para-o-progressistas-e-lanca-pre-candidatura-pela-oposicao","status":"publish","type":"post","link":"https:\/\/portalnpm.com\/index.php\/2020\/04\/04\/alagoinha-do-piaui-vereador-george-rocha-vai-para-o-progressistas-e-lanca-pre-candidatura-pela-oposicao\/","title":{"rendered":"Alagoinha do Piau\u00ed | Vereador George Rocha vai para o Progressistas e lan\u00e7a pr\u00e9-candidatura pela oposi\u00e7\u00e3o"},"content":{"rendered":"<p style=\"text-align: justify;\">A oposi\u00e7\u00e3o em Alagoinha do Piau\u00ed vem se articulando com excelentes nomes para a disputa ao cargo de Vereador, a noticia da filia\u00e7\u00e3o do vereador George Rocha, que migrou para o Partido Progressistas-PP, se destacou em meio \u00e0 toda a situa\u00e7\u00e3o de sa\u00fade p\u00fablica que estamos vivendo, onde o parlamentar, antes filiado ao partido Solidariedade, integra a base de oposi\u00e7\u00e3o.<\/p>\n<p style=\"text-align: justify;\">A mudan\u00e7a ocorreu dentro do per\u00edodo permitido pela justi\u00e7a eleitoral, a chamada janela partid\u00e1ria, onde vereadores que pretendem concorrer \u00e0 reelei\u00e7\u00e3o em 2020, podem mudar de sigla sem que corra risco de perder o mandato eletivo.<\/p>\n<p style=\"text-align: justify;\">O vereador George Rocha foi eleito em 2016 para o seu primeiro mandato, ocasi\u00e3o em que recebeu <strong>361<\/strong> votos, ficando na 5\u00aa (quinta) coloca\u00e7\u00e3o geral.<\/p>\n<p style=\"text-align: justify;\">Em conversa com nossa reda\u00e7\u00e3o do <strong>Portal NPM<\/strong>, George Rocha explicou que al\u00e9m de receber o convite do ex-prefeito, Dr. Pedro Otac\u00edlio, Josivaldo e, do presidente local do partido, Braz Neto, existia tamb\u00e9m a necessidade de se filiar a um partido maior, em decorr\u00eancia das mudan\u00e7as na legisla\u00e7\u00e3o eleitoral. Segundo ele, &#8220;O partido tinha programado um grande evento para filia\u00e7\u00f5es e lan\u00e7amento das pr\u00e9-candidaturas, mas por conta da pandemia da Covid-19, e seguindo as devidas recomenda\u00e7\u00f5es, o evento foi cancelado&#8221;.<\/p>\n<p style=\"text-align: justify;\">Nos pr\u00f3ximos dias, segundo o Vereador e Pr\u00e9-candidato a Reelei\u00e7\u00e3o George Rocha, a oposi\u00e7\u00e3o de Alagoinha trar\u00e1 novidades em breve, em suas redes sociais, aguardem.<\/p>\n","protected":false},"excerpt":{"rendered":"<p>A oposi\u00e7\u00e3o em Alagoinha do Piau\u00ed vem se articulando com excelentes nomes para a disputa ao cargo de Vereador, a noticia da filia\u00e7\u00e3o do vereador George Rocha, que migrou para o Partido Progressistas-PP, se destacou em meio \u00e0 toda a situa\u00e7\u00e3o de sa\u00fade p\u00fablica que estamos vivendo, onde o parlamentar, antes filiado ao partido Solidariedade, &hellip;<\/p>\n","protected":false},"author":4,"featured_media":19107,"comment_status":"open","ping_status":"open","sticky":false,"template":"","format":"standard","meta":{"content-type":"","rop_custom_images_group":[],"rop_custom_messages_group":[],"rop_publish_now":"initial","rop_publish_now_accounts":{"facebook_2648258775420054_1618374048415101":""},"rop_publish_now_history":[],"rop_publish_now_status":"pending","footnotes":"","_jetpack_memberships_contains_paid_content":false},"categories":[144,113,109,130],"tags":[1119,4029,478],"yoast_head":"<!-- This site is optimized with the Yoast SEO plugin v22.3 - https:\/\/yoast.com\/wordpress\/plugins\/seo\/ -->\n<title>Alagoinha do Piau\u00ed | Vereador George Rocha vai para o Progressistas e lan\u00e7a pr\u00e9-candidatura pela oposi\u00e7\u00e3o<\/title>\n<meta name=\"robots\" content=\"index, follow, max-snippet:-1, max-image-preview:large, max-video-preview:-1\" \/>\n<link rel=\"canonical\" href=\"https:\/\/portalnpm.com\/index.php\/2020\/04\/04\/alagoinha-do-piaui-vereador-george-rocha-vai-para-o-progressistas-e-lanca-pre-candidatura-pela-oposicao\/\" \/>\n<meta property=\"og:locale\" content=\"pt_BR\" \/>\n<meta property=\"og:type\" content=\"article\" \/>\n<meta property=\"og:title\" content=\"Alagoinha do Piau\u00ed | Vereador George Rocha vai para o Progressistas e lan\u00e7a pr\u00e9-candidatura pela oposi\u00e7\u00e3o\" \/>\n<meta property=\"og:description\" content=\"A oposi\u00e7\u00e3o em Alagoinha do Piau\u00ed vem se articulando com excelentes nomes para a disputa ao cargo de Vereador, a noticia da filia\u00e7\u00e3o do vereador George Rocha, que migrou para o Partido Progressistas-PP, se destacou em meio \u00e0 toda a situa\u00e7\u00e3o de sa\u00fade p\u00fablica que estamos vivendo, onde o parlamentar, antes filiado ao partido Solidariedade, &hellip;\" \/>\n<meta property=\"og:url\" content=\"https:\/\/portalnpm.com\/index.php\/2020\/04\/04\/alagoinha-do-piaui-vereador-george-rocha-vai-para-o-progressistas-e-lanca-pre-candidatura-pela-oposicao\/\" \/>\n<meta property=\"og:site_name\" content=\"Portal NPM\" \/>\n<meta property=\"article:published_time\" content=\"2020-04-04T15:48:13+00:00\" \/>\n<meta property=\"og:image\" content=\"https:\/\/portalnpm.com\/wp-content\/uploads\/2020\/04\/GeorgeRocha_Alagoinha-1.jpg\" \/>\n\t<meta property=\"og:image:width\" content=\"1639\" \/>\n\t<meta property=\"og:image:height\" content=\"968\" \/>\n\t<meta property=\"og:image:type\" content=\"image\/jpeg\" \/>\n<meta name=\"author\" content=\"Reda\u00e7\u00e3o\" \/>\n<meta name=\"twitter:card\" content=\"summary_large_image\" \/>\n<meta name=\"twitter:label1\" content=\"Escrito por\" \/>\n\t<meta name=\"twitter:data1\" content=\"Reda\u00e7\u00e3o\" \/>\n\t<meta name=\"twitter:label2\" content=\"Est. tempo de leitura\" \/>\n\t<meta name=\"twitter:data2\" content=\"1 minuto\" \/>\n<script type=\"application\/ld+json\" class=\"yoast-schema-graph\">{\"@context\":\"https:\/\/schema.org\",\"@graph\":[{\"@type\":\"WebPage\",\"@id\":\"https:\/\/portalnpm.com\/index.php\/2020\/04\/04\/alagoinha-do-piaui-vereador-george-rocha-vai-para-o-progressistas-e-lanca-pre-candidatura-pela-oposicao\/\",\"url\":\"https:\/\/portalnpm.com\/index.php\/2020\/04\/04\/alagoinha-do-piaui-vereador-george-rocha-vai-para-o-progressistas-e-lanca-pre-candidatura-pela-oposicao\/\",\"name\":\"Alagoinha do Piau\u00ed | Vereador George Rocha vai para o Progressistas e lan\u00e7a pr\u00e9-candidatura pela oposi\u00e7\u00e3o\",\"isPartOf\":{\"@id\":\"https:\/\/portalnpm.com\/#website\"},\"primaryImageOfPage\":{\"@id\":\"https:\/\/portalnpm.com\/index.php\/2020\/04\/04\/alagoinha-do-piaui-vereador-george-rocha-vai-para-o-progressistas-e-lanca-pre-candidatura-pela-oposicao\/#primaryimage\"},\"image\":{\"@id\":\"https:\/\/portalnpm.com\/index.php\/2020\/04\/04\/alagoinha-do-piaui-vereador-george-rocha-vai-para-o-progressistas-e-lanca-pre-candidatura-pela-oposicao\/#primaryimage\"},\"thumbnailUrl\":\"https:\/\/portalnpm.com\/wp-content\/uploads\/2020\/04\/GeorgeRocha_Alagoinha-1.jpg\",\"datePublished\":\"2020-04-04T15:48:13+00:00\",\"dateModified\":\"2020-04-04T15:48:13+00:00\",\"author\":{\"@id\":\"https:\/\/portalnpm.com\/#\/schema\/person\/0b5f230ec96cee25504fa328e7f2b733\"},\"breadcrumb\":{\"@id\":\"https:\/\/portalnpm.com\/index.php\/2020\/04\/04\/alagoinha-do-piaui-vereador-george-rocha-vai-para-o-progressistas-e-lanca-pre-candidatura-pela-oposicao\/#breadcrumb\"},\"inLanguage\":\"pt-BR\",\"potentialAction\":[{\"@type\":\"ReadAction\",\"target\":[\"https:\/\/portalnpm.com\/index.php\/2020\/04\/04\/alagoinha-do-piaui-vereador-george-rocha-vai-para-o-progressistas-e-lanca-pre-candidatura-pela-oposicao\/\"]}]},{\"@type\":\"ImageObject\",\"inLanguage\":\"pt-BR\",\"@id\":\"https:\/\/portalnpm.com\/index.php\/2020\/04\/04\/alagoinha-do-piaui-vereador-george-rocha-vai-para-o-progressistas-e-lanca-pre-candidatura-pela-oposicao\/#primaryimage\",\"url\":\"https:\/\/portalnpm.com\/wp-content\/uploads\/2020\/04\/GeorgeRocha_Alagoinha-1.jpg\",\"contentUrl\":\"https:\/\/portalnpm.com\/wp-content\/uploads\/2020\/04\/GeorgeRocha_Alagoinha-1.jpg\",\"width\":1639,\"height\":968},{\"@type\":\"BreadcrumbList\",\"@id\":\"https:\/\/portalnpm.com\/index.php\/2020\/04\/04\/alagoinha-do-piaui-vereador-george-rocha-vai-para-o-progressistas-e-lanca-pre-candidatura-pela-oposicao\/#breadcrumb\",\"itemListElement\":[{\"@type\":\"ListItem\",\"position\":1,\"name\":\"In\u00edcio\",\"item\":\"https:\/\/portalnpm.com\/\"},{\"@type\":\"ListItem\",\"position\":2,\"name\":\"Alagoinha do Piau\u00ed | Vereador George Rocha vai para o Progressistas e lan\u00e7a pr\u00e9-candidatura pela oposi\u00e7\u00e3o\"}]},{\"@type\":\"WebSite\",\"@id\":\"https:\/\/portalnpm.com\/#website\",\"url\":\"https:\/\/portalnpm.com\/\",\"name\":\"Portal NPM\",\"description\":\"Not\u00edcias em Primeira M\u00e3o\",\"potentialAction\":[{\"@type\":\"SearchAction\",\"target\":{\"@type\":\"EntryPoint\",\"urlTemplate\":\"https:\/\/portalnpm.com\/?s={search_term_string}\"},\"query-input\":\"required name=search_term_string\"}],\"inLanguage\":\"pt-BR\"},{\"@type\":\"Person\",\"@id\":\"https:\/\/portalnpm.com\/#\/schema\/person\/0b5f230ec96cee25504fa328e7f2b733\",\"name\":\"Reda\u00e7\u00e3o\",\"image\":{\"@type\":\"ImageObject\",\"inLanguage\":\"pt-BR\",\"@id\":\"https:\/\/portalnpm.com\/#\/schema\/person\/image\/\",\"url\":\"https:\/\/portalnpm.com\/wp-content\/uploads\/2024\/03\/avatar_user_4_1710097212-96x96.png\",\"contentUrl\":\"https:\/\/portalnpm.com\/wp-content\/uploads\/2024\/03\/avatar_user_4_1710097212-96x96.png\",\"caption\":\"Reda\u00e7\u00e3o\"},\"url\":\"https:\/\/portalnpm.com\/index.php\/author\/redacao\/\"}]}<\/script>\n<!-- \/ Yoast SEO plugin. -->","yoast_head_json":{"title":"Alagoinha do Piau\u00ed | Vereador George Rocha vai para o Progressistas e lan\u00e7a pr\u00e9-candidatura pela oposi\u00e7\u00e3o","robots":{"index":"index","follow":"follow","max-snippet":"max-snippet:-1","max-image-preview":"max-image-preview:large","max-video-preview":"max-video-preview:-1"},"canonical":"https:\/\/portalnpm.com\/index.php\/2020\/04\/04\/alagoinha-do-piaui-vereador-george-rocha-vai-para-o-progressistas-e-lanca-pre-candidatura-pela-oposicao\/","og_locale":"pt_BR","og_type":"article","og_title":"Alagoinha do Piau\u00ed | Vereador George Rocha vai para o Progressistas e lan\u00e7a pr\u00e9-candidatura pela oposi\u00e7\u00e3o","og_description":"A oposi\u00e7\u00e3o em Alagoinha do Piau\u00ed vem se articulando com excelentes nomes para a disputa ao cargo de Vereador, a noticia da filia\u00e7\u00e3o do vereador George Rocha, que migrou para o Partido Progressistas-PP, se destacou em meio \u00e0 toda a situa\u00e7\u00e3o de sa\u00fade p\u00fablica que estamos vivendo, onde o parlamentar, antes filiado ao partido Solidariedade, &hellip;","og_url":"https:\/\/portalnpm.com\/index.php\/2020\/04\/04\/alagoinha-do-piaui-vereador-george-rocha-vai-para-o-progressistas-e-lanca-pre-candidatura-pela-oposicao\/","og_site_name":"Portal NPM","article_published_time":"2020-04-04T15:48:13+00:00","og_image":[{"width":1639,"height":968,"url":"https:\/\/portalnpm.com\/wp-content\/uploads\/2020\/04\/GeorgeRocha_Alagoinha-1.jpg","type":"image\/jpeg"}],"author":"Reda\u00e7\u00e3o","twitter_card":"summary_large_image","twitter_misc":{"Escrito por":"Reda\u00e7\u00e3o","Est. tempo de leitura":"1 minuto"},"schema":{"@context":"https:\/\/schema.org","@graph":[{"@type":"WebPage","@id":"https:\/\/portalnpm.com\/index.php\/2020\/04\/04\/alagoinha-do-piaui-vereador-george-rocha-vai-para-o-progressistas-e-lanca-pre-candidatura-pela-oposicao\/","url":"https:\/\/portalnpm.com\/index.php\/2020\/04\/04\/alagoinha-do-piaui-vereador-george-rocha-vai-para-o-progressistas-e-lanca-pre-candidatura-pela-oposicao\/","name":"Alagoinha do Piau\u00ed | Vereador George Rocha vai para o Progressistas e lan\u00e7a pr\u00e9-candidatura pela oposi\u00e7\u00e3o","isPartOf":{"@id":"https:\/\/portalnpm.com\/#website"},"primaryImageOfPage":{"@id":"https:\/\/portalnpm.com\/index.php\/2020\/04\/04\/alagoinha-do-piaui-vereador-george-rocha-vai-para-o-progressistas-e-lanca-pre-candidatura-pela-oposicao\/#primaryimage"},"image":{"@id":"https:\/\/portalnpm.com\/index.php\/2020\/04\/04\/alagoinha-do-piaui-vereador-george-rocha-vai-para-o-progressistas-e-lanca-pre-candidatura-pela-oposicao\/#primaryimage"},"thumbnailUrl":"https:\/\/portalnpm.com\/wp-content\/uploads\/2020\/04\/GeorgeRocha_Alagoinha-1.jpg","datePublished":"2020-04-04T15:48:13+00:00","dateModified":"2020-04-04T15:48:13+00:00","author":{"@id":"https:\/\/portalnpm.com\/#\/schema\/person\/0b5f230ec96cee25504fa328e7f2b733"},"breadcrumb":{"@id":"https:\/\/portalnpm.com\/index.php\/2020\/04\/04\/alagoinha-do-piaui-vereador-george-rocha-vai-para-o-progressistas-e-lanca-pre-candidatura-pela-oposicao\/#breadcrumb"},"inLanguage":"pt-BR","potentialAction":[{"@type":"ReadAction","target":["https:\/\/portalnpm.com\/index.php\/2020\/04\/04\/alagoinha-do-piaui-vereador-george-rocha-vai-para-o-progressistas-e-lanca-pre-candidatura-pela-oposicao\/"]}]},{"@type":"ImageObject","inLanguage":"pt-BR","@id":"https:\/\/portalnpm.com\/index.php\/2020\/04\/04\/alagoinha-do-piaui-vereador-george-rocha-vai-para-o-progressistas-e-lanca-pre-candidatura-pela-oposicao\/#primaryimage","url":"https:\/\/portalnpm.com\/wp-content\/uploads\/2020\/04\/GeorgeRocha_Alagoinha-1.jpg","contentUrl":"https:\/\/portalnpm.com\/wp-content\/uploads\/2020\/04\/GeorgeRocha_Alagoinha-1.jpg","width":1639,"height":968},{"@type":"BreadcrumbList","@id":"https:\/\/portalnpm.com\/index.php\/2020\/04\/04\/alagoinha-do-piaui-vereador-george-rocha-vai-para-o-progressistas-e-lanca-pre-candidatura-pela-oposicao\/#breadcrumb","itemListElement":[{"@type":"ListItem","position":1,"name":"In\u00edcio","item":"https:\/\/portalnpm.com\/"},{"@type":"ListItem","position":2,"name":"Alagoinha do Piau\u00ed | Vereador George Rocha vai para o Progressistas e lan\u00e7a pr\u00e9-candidatura pela oposi\u00e7\u00e3o"}]},{"@type":"WebSite","@id":"https:\/\/portalnpm.com\/#website","url":"https:\/\/portalnpm.com\/","name":"Portal NPM","description":"Not\u00edcias em Primeira M\u00e3o","potentialAction":[{"@type":"SearchAction","target":{"@type":"EntryPoint","urlTemplate":"https:\/\/portalnpm.com\/?s={search_term_string}"},"query-input":"required name=search_term_string"}],"inLanguage":"pt-BR"},{"@type":"Person","@id":"https:\/\/portalnpm.com\/#\/schema\/person\/0b5f230ec96cee25504fa328e7f2b733","name":"Reda\u00e7\u00e3o","image":{"@type":"ImageObject","inLanguage":"pt-BR","@id":"https:\/\/portalnpm.com\/#\/schema\/person\/image\/","url":"https:\/\/portalnpm.com\/wp-content\/uploads\/2024\/03\/avatar_user_4_1710097212-96x96.png","contentUrl":"https:\/\/portalnpm.com\/wp-content\/uploads\/2024\/03\/avatar_user_4_1710097212-96x96.png","caption":"Reda\u00e7\u00e3o"},"url":"https:\/\/portalnpm.com\/index.php\/author\/redacao\/"}]}},"jetpack_sharing_enabled":true,"jetpack_featured_media_url":"https:\/\/portalnpm.com\/wp-content\/uploads\/2020\/04\/GeorgeRocha_Alagoinha-1.jpg","_links":{"self":[{"href":"https:\/\/portalnpm.com\/index.php\/wp-json\/wp\/v2\/posts\/51988"}],"collection":[{"href":"https:\/\/portalnpm.com\/index.php\/wp-json\/wp\/v2\/posts"}],"about":[{"href":"https:\/\/portalnpm.com\/index.php\/wp-json\/wp\/v2\/types\/post"}],"author":[{"embeddable":true,"href":"https:\/\/portalnpm.com\/index.php\/wp-json\/wp\/v2\/users\/4"}],"replies":[{"embeddable":true,"href":"https:\/\/portalnpm.com\/index.php\/wp-json\/wp\/v2\/comments?post=51988"}],"version-history":[{"count":0,"href":"https:\/\/portalnpm.com\/index.php\/wp-json\/wp\/v2\/posts\/51988\/revisions"}],"wp:featuredmedia":[{"embeddable":true,"href":"https:\/\/portalnpm.com\/index.php\/wp-json\/wp\/v2\/media\/19107"}],"wp:attachment":[{"href":"https:\/\/portalnpm.com\/index.php\/wp-json\/wp\/v2\/media?parent=51988"}],"wp:term":[{"taxonomy":"category","embeddable":true,"href":"https:\/\/portalnpm.com\/index.php\/wp-json\/wp\/v2\/categories?post=51988"},{"taxonomy":"post_tag","embeddable":true,"href":"https:\/\/portalnpm.com\/index.php\/wp-json\/wp\/v2\/tags?post=51988"}],"curies":[{"name":"wp","href":"https:\/\/api.w.org\/{rel}","templated":true}]}}