{"id":51999,"date":"2020-04-04T20:36:35","date_gmt":"2020-04-04T23:36:35","guid":{"rendered":"https:\/\/portalnpm.com\/index.php\/2020\/04\/04\/pio-ix-silas-noronha-se-filia-ao-progressistas-e-reafirma-pre-candidatura-a-prefeito\/"},"modified":"2024-01-15T18:22:11","modified_gmt":"2024-01-15T21:22:11","slug":"pio-ix-silas-noronha-se-filia-ao-progressistas-e-reafirma-pre-candidatura-a-prefeito","status":"publish","type":"post","link":"https:\/\/portalnpm.com\/index.php\/2020\/04\/04\/pio-ix-silas-noronha-se-filia-ao-progressistas-e-reafirma-pre-candidatura-a-prefeito\/","title":{"rendered":"Pio IX |  Silas Noronha se filia ao Progressistas e reafirma pr\u00e9-candidatura a prefeito"},"content":{"rendered":"<p><p style=\"text-align: justify;\">E os bastidores da pol&iacute;tica continuam movimentados em Pio IX, munic&iacute;pio distante 450 km da capital, Teresina.<\/p>\n<p style=\"text-align: justify;\">O munic&iacute;pio que, segundo o censo do Instituto Brasileiro de Geografia e Estat&iacute;sticas, o IBGE 2018, possu&iacute;a 18.389 habitantes ter&aacute; apenas duas chapas na disputa majorit&aacute;ria neste ano de 2020. Diferente da elei&ccedil;&atilde;o de 2016, onde tr&ecirc;s chapas disputaram o cargo de prefeito.<\/p>\n<p style=\"text-align: justify;\"><strong>Grupo da Oposi&ccedil;&atilde;o<\/strong><\/p>\n<p style=\"text-align: justify;\">O grupo da oposi&ccedil;&atilde;o acaba de anunciar novidades visando o pleito eleitoral de 04 de outubro. O empres&aacute;rio e pecuarista Silas Noronha migrou para o Progressistas, partido que tem como presidente nacional, o senador piauiense Ciro Nogueira. A mudan&ccedil;a ocorre dentro do prazo permitido pela justi&ccedil;a eleitoral, que se encerra neste s&aacute;bado, 04 de abril.<\/p>\n<p style=\"text-align: justify;\">Silas Noronha disputou a Prefeitura de Pio IX no ano de 2016 pelo PTB e ficou na segunda coloca&ccedil;&atilde;o geral com 37,52% dos votos v&aacute;lidos somando ao todo 4.276 votos. Na &eacute;poca, tr&ecirc;s vias disputavam o majorit&aacute;rio piononense e a Prefeita Regina Coeli foi reeleita pela maioria de 88 votos.<\/p>\n<figure class=\"wp-caption alignnone\" style=\"text-align: justify;\"><img fetchpriority=\"high\" decoding=\"async\" src=\"https:\/\/portalnpm.com\/wp-content\/uploads\/2024\/01\/silaseetinhoalian%C3%A7apioixxx-45.jpg\" alt=\"\" width=\"1000\" height=\"667\"><figcaption class=\"wp-caption-text\">Silas Noronha e Etinho Bezerra<\/figcaption><\/figure>\n<p style=\"text-align: justify;\">Agora pelo Progressitas, Silas Noronha reafirmou sua pr&eacute;-candidatura a prefeito nas elei&ccedil;&otilde;es de outubro e ter&aacute; desta vez como companheiro de chapa, o ex-vereador Etinho Bezerra (MDB). O grupo oposicionista dever&aacute; colocar apenas uma coliga&ccedil;&atilde;o proporcional para disputa do legislativo, com todos os postulantes filiados ao Movimento Democr&aacute;tico Brasileiro, o MDB. A informa&ccedil;&atilde;o &eacute; que pelo menos 15 candidatos disputem uma vaga na c&acirc;mara municipal pela oposi&ccedil;&atilde;o.<\/p>\n<p style=\"text-align: justify;\"><strong>Grupo da Situa&ccedil;&atilde;o<\/strong><\/p>\n<p style=\"text-align: justify;\">Pelo grupo da situa&ccedil;&atilde;o a reda&ccedil;&atilde;o do&nbsp;<a href=\"https:\/\/www.facebook.com\/ENoticiasOficial\/\"><em>Portal &Eacute; Not&iacute;cias<\/em><\/a>apurou que o pr&eacute;-candidato a prefeito Fanuel Adalto migrou para o PSD, partido liderado no Estado do Piau&iacute; pelos deputados J&uacute;lio C&eacute;sar (federal) e Georgiano Neto (estadual).<\/p>\n<figure class=\"wp-caption alignnone\" style=\"text-align: justify;\"><img decoding=\"async\" src=\"https:\/\/portalnpm.com\/wp-content\/uploads\/2024\/01\/arraiabatecorabento2019-31.jpg\" alt=\"\" width=\"800\" height=\"534\"><figcaption class=\"wp-caption-text\">Fanuel Adalto<\/figcaption><\/figure>\n<p style=\"text-align: justify;\">A vaga de vice da situa&ccedil;&atilde;o dever&aacute; ser escolhida pelo PT, que at&eacute; o momento n&atilde;o anunciou seu nome oficial, segundo os bastidores da pol&iacute;tica, a sigla vive um impasse e dois nomes est&atilde;o na disputa, s&atilde;o eles, o do ex-vereador Manoel Augusto e o da lideran&ccedil;a pol&iacute;tica, Magaly Ant&atilde;o.<\/p>\n<p style=\"text-align: justify;\">O Grupo situacionista dever&aacute; disputar as elei&ccedil;&otilde;es com duas coliga&ccedil;&otilde;es proporcionais para vereador, com pouco mais de 20 postulantes indicados pelo PSD e Partido dos Trabalhadores.<\/p>\n<p><strong><em>Fonte: Portal &Eacute; Not&iacute;cias<\/em><\/strong><\/p>\n","protected":false},"excerpt":{"rendered":"<p>E os bastidores da pol&iacute;tica continuam movimentados em Pio IX, munic&iacute;pio distante 450 km da capital, Teresina. O munic&iacute;pio que, segundo o censo do Instituto Brasileiro de Geografia e Estat&iacute;sticas, o IBGE 2018, possu&iacute;a 18.389 habitantes ter&aacute; apenas duas chapas na disputa majorit&aacute;ria neste ano de 2020. Diferente da elei&ccedil;&atilde;o de 2016, onde tr&ecirc;s chapas &hellip;<\/p>\n","protected":false},"author":3,"featured_media":19150,"comment_status":"open","ping_status":"open","sticky":false,"template":"","format":"standard","meta":{"content-type":"","rop_custom_images_group":[],"rop_custom_messages_group":[],"rop_publish_now":"initial","rop_publish_now_accounts":{"facebook_2648258775420054_1618374048415101":""},"rop_publish_now_history":[],"rop_publish_now_status":"pending","footnotes":"","_jetpack_memberships_contains_paid_content":false},"categories":[113,109,439,130],"tags":[679,1374,4041],"yoast_head":"<!-- This site is optimized with the Yoast SEO plugin v22.3 - https:\/\/yoast.com\/wordpress\/plugins\/seo\/ -->\n<title>Pio IX | Silas Noronha se filia ao Progressistas e reafirma pr\u00e9-candidatura a prefeito<\/title>\n<meta name=\"robots\" content=\"index, follow, max-snippet:-1, max-image-preview:large, max-video-preview:-1\" \/>\n<link rel=\"canonical\" href=\"https:\/\/portalnpm.com\/index.php\/2020\/04\/04\/pio-ix-silas-noronha-se-filia-ao-progressistas-e-reafirma-pre-candidatura-a-prefeito\/\" \/>\n<meta property=\"og:locale\" content=\"pt_BR\" \/>\n<meta property=\"og:type\" content=\"article\" \/>\n<meta property=\"og:title\" content=\"Pio IX | Silas Noronha se filia ao Progressistas e reafirma pr\u00e9-candidatura a prefeito\" \/>\n<meta property=\"og:description\" content=\"E os bastidores da pol&iacute;tica continuam movimentados em Pio IX, munic&iacute;pio distante 450 km da capital, Teresina. O munic&iacute;pio que, segundo o censo do Instituto Brasileiro de Geografia e Estat&iacute;sticas, o IBGE 2018, possu&iacute;a 18.389 habitantes ter&aacute; apenas duas chapas na disputa majorit&aacute;ria neste ano de 2020. Diferente da elei&ccedil;&atilde;o de 2016, onde tr&ecirc;s chapas &hellip;\" \/>\n<meta property=\"og:url\" content=\"https:\/\/portalnpm.com\/index.php\/2020\/04\/04\/pio-ix-silas-noronha-se-filia-ao-progressistas-e-reafirma-pre-candidatura-a-prefeito\/\" \/>\n<meta property=\"og:site_name\" content=\"Portal NPM\" \/>\n<meta property=\"article:published_time\" content=\"2020-04-04T23:36:35+00:00\" \/>\n<meta property=\"article:modified_time\" content=\"2024-01-15T21:22:11+00:00\" \/>\n<meta property=\"og:image\" content=\"https:\/\/portalnpm.com\/wp-content\/uploads\/2020\/04\/IMG_20200404_193546.jpg\" \/>\n\t<meta property=\"og:image:width\" content=\"1080\" \/>\n\t<meta property=\"og:image:height\" content=\"1017\" \/>\n\t<meta property=\"og:image:type\" content=\"image\/jpeg\" \/>\n<meta name=\"author\" content=\"Luis Alberto\" \/>\n<meta name=\"twitter:card\" content=\"summary_large_image\" \/>\n<meta name=\"twitter:label1\" content=\"Escrito por\" \/>\n\t<meta name=\"twitter:data1\" content=\"Luis Alberto\" \/>\n\t<meta name=\"twitter:label2\" content=\"Est. tempo de leitura\" \/>\n\t<meta name=\"twitter:data2\" content=\"2 minutos\" \/>\n<script type=\"application\/ld+json\" class=\"yoast-schema-graph\">{\"@context\":\"https:\/\/schema.org\",\"@graph\":[{\"@type\":\"WebPage\",\"@id\":\"https:\/\/portalnpm.com\/index.php\/2020\/04\/04\/pio-ix-silas-noronha-se-filia-ao-progressistas-e-reafirma-pre-candidatura-a-prefeito\/\",\"url\":\"https:\/\/portalnpm.com\/index.php\/2020\/04\/04\/pio-ix-silas-noronha-se-filia-ao-progressistas-e-reafirma-pre-candidatura-a-prefeito\/\",\"name\":\"Pio IX | Silas Noronha se filia ao Progressistas e reafirma pr\u00e9-candidatura a prefeito\",\"isPartOf\":{\"@id\":\"https:\/\/portalnpm.com\/#website\"},\"primaryImageOfPage\":{\"@id\":\"https:\/\/portalnpm.com\/index.php\/2020\/04\/04\/pio-ix-silas-noronha-se-filia-ao-progressistas-e-reafirma-pre-candidatura-a-prefeito\/#primaryimage\"},\"image\":{\"@id\":\"https:\/\/portalnpm.com\/index.php\/2020\/04\/04\/pio-ix-silas-noronha-se-filia-ao-progressistas-e-reafirma-pre-candidatura-a-prefeito\/#primaryimage\"},\"thumbnailUrl\":\"https:\/\/portalnpm.com\/wp-content\/uploads\/2020\/04\/IMG_20200404_193546.jpg\",\"datePublished\":\"2020-04-04T23:36:35+00:00\",\"dateModified\":\"2024-01-15T21:22:11+00:00\",\"author\":{\"@id\":\"https:\/\/portalnpm.com\/#\/schema\/person\/5c8006acdf71774cd4e7a5ab98482152\"},\"breadcrumb\":{\"@id\":\"https:\/\/portalnpm.com\/index.php\/2020\/04\/04\/pio-ix-silas-noronha-se-filia-ao-progressistas-e-reafirma-pre-candidatura-a-prefeito\/#breadcrumb\"},\"inLanguage\":\"pt-BR\",\"potentialAction\":[{\"@type\":\"ReadAction\",\"target\":[\"https:\/\/portalnpm.com\/index.php\/2020\/04\/04\/pio-ix-silas-noronha-se-filia-ao-progressistas-e-reafirma-pre-candidatura-a-prefeito\/\"]}]},{\"@type\":\"ImageObject\",\"inLanguage\":\"pt-BR\",\"@id\":\"https:\/\/portalnpm.com\/index.php\/2020\/04\/04\/pio-ix-silas-noronha-se-filia-ao-progressistas-e-reafirma-pre-candidatura-a-prefeito\/#primaryimage\",\"url\":\"https:\/\/portalnpm.com\/wp-content\/uploads\/2020\/04\/IMG_20200404_193546.jpg\",\"contentUrl\":\"https:\/\/portalnpm.com\/wp-content\/uploads\/2020\/04\/IMG_20200404_193546.jpg\",\"width\":1080,\"height\":1017},{\"@type\":\"BreadcrumbList\",\"@id\":\"https:\/\/portalnpm.com\/index.php\/2020\/04\/04\/pio-ix-silas-noronha-se-filia-ao-progressistas-e-reafirma-pre-candidatura-a-prefeito\/#breadcrumb\",\"itemListElement\":[{\"@type\":\"ListItem\",\"position\":1,\"name\":\"In\u00edcio\",\"item\":\"https:\/\/portalnpm.com\/\"},{\"@type\":\"ListItem\",\"position\":2,\"name\":\"Pio IX | Silas Noronha se filia ao Progressistas e reafirma pr\u00e9-candidatura a prefeito\"}]},{\"@type\":\"WebSite\",\"@id\":\"https:\/\/portalnpm.com\/#website\",\"url\":\"https:\/\/portalnpm.com\/\",\"name\":\"Portal NPM\",\"description\":\"Not\u00edcias em Primeira M\u00e3o\",\"potentialAction\":[{\"@type\":\"SearchAction\",\"target\":{\"@type\":\"EntryPoint\",\"urlTemplate\":\"https:\/\/portalnpm.com\/?s={search_term_string}\"},\"query-input\":\"required name=search_term_string\"}],\"inLanguage\":\"pt-BR\"},{\"@type\":\"Person\",\"@id\":\"https:\/\/portalnpm.com\/#\/schema\/person\/5c8006acdf71774cd4e7a5ab98482152\",\"name\":\"Luis Alberto\",\"image\":{\"@type\":\"ImageObject\",\"inLanguage\":\"pt-BR\",\"@id\":\"https:\/\/portalnpm.com\/#\/schema\/person\/image\/\",\"url\":\"https:\/\/portalnpm.com\/wp-content\/uploads\/2024\/12\/avatar_user_3_1734699769-96x96.jpeg\",\"contentUrl\":\"https:\/\/portalnpm.com\/wp-content\/uploads\/2024\/12\/avatar_user_3_1734699769-96x96.jpeg\",\"caption\":\"Luis Alberto\"},\"description\":\"Editor-geral do Portal NPM, \u00e9 formado como T\u00e9cnico em Seguran\u00e7a do Trabalho pela Escola Metropolitana de Cursos T\u00e9cnicos. Det\u00e9m ainda licenciatura em Educa\u00e7\u00e3o F\u00edsica e bacharelado em Ci\u00eancias Pol\u00edticas, ambos obtidos pela institui\u00e7\u00e3o Anhanguera\/UNOPAR.\",\"url\":\"https:\/\/portalnpm.com\/index.php\/author\/pereira\/\"}]}<\/script>\n<!-- \/ Yoast SEO plugin. -->","yoast_head_json":{"title":"Pio IX | Silas Noronha se filia ao Progressistas e reafirma pr\u00e9-candidatura a prefeito","robots":{"index":"index","follow":"follow","max-snippet":"max-snippet:-1","max-image-preview":"max-image-preview:large","max-video-preview":"max-video-preview:-1"},"canonical":"https:\/\/portalnpm.com\/index.php\/2020\/04\/04\/pio-ix-silas-noronha-se-filia-ao-progressistas-e-reafirma-pre-candidatura-a-prefeito\/","og_locale":"pt_BR","og_type":"article","og_title":"Pio IX | Silas Noronha se filia ao Progressistas e reafirma pr\u00e9-candidatura a prefeito","og_description":"E os bastidores da pol&iacute;tica continuam movimentados em Pio IX, munic&iacute;pio distante 450 km da capital, Teresina. O munic&iacute;pio que, segundo o censo do Instituto Brasileiro de Geografia e Estat&iacute;sticas, o IBGE 2018, possu&iacute;a 18.389 habitantes ter&aacute; apenas duas chapas na disputa majorit&aacute;ria neste ano de 2020. Diferente da elei&ccedil;&atilde;o de 2016, onde tr&ecirc;s chapas &hellip;","og_url":"https:\/\/portalnpm.com\/index.php\/2020\/04\/04\/pio-ix-silas-noronha-se-filia-ao-progressistas-e-reafirma-pre-candidatura-a-prefeito\/","og_site_name":"Portal NPM","article_published_time":"2020-04-04T23:36:35+00:00","article_modified_time":"2024-01-15T21:22:11+00:00","og_image":[{"width":1080,"height":1017,"url":"https:\/\/portalnpm.com\/wp-content\/uploads\/2020\/04\/IMG_20200404_193546.jpg","type":"image\/jpeg"}],"author":"Luis Alberto","twitter_card":"summary_large_image","twitter_misc":{"Escrito por":"Luis Alberto","Est. tempo de leitura":"2 minutos"},"schema":{"@context":"https:\/\/schema.org","@graph":[{"@type":"WebPage","@id":"https:\/\/portalnpm.com\/index.php\/2020\/04\/04\/pio-ix-silas-noronha-se-filia-ao-progressistas-e-reafirma-pre-candidatura-a-prefeito\/","url":"https:\/\/portalnpm.com\/index.php\/2020\/04\/04\/pio-ix-silas-noronha-se-filia-ao-progressistas-e-reafirma-pre-candidatura-a-prefeito\/","name":"Pio IX | Silas Noronha se filia ao Progressistas e reafirma pr\u00e9-candidatura a prefeito","isPartOf":{"@id":"https:\/\/portalnpm.com\/#website"},"primaryImageOfPage":{"@id":"https:\/\/portalnpm.com\/index.php\/2020\/04\/04\/pio-ix-silas-noronha-se-filia-ao-progressistas-e-reafirma-pre-candidatura-a-prefeito\/#primaryimage"},"image":{"@id":"https:\/\/portalnpm.com\/index.php\/2020\/04\/04\/pio-ix-silas-noronha-se-filia-ao-progressistas-e-reafirma-pre-candidatura-a-prefeito\/#primaryimage"},"thumbnailUrl":"https:\/\/portalnpm.com\/wp-content\/uploads\/2020\/04\/IMG_20200404_193546.jpg","datePublished":"2020-04-04T23:36:35+00:00","dateModified":"2024-01-15T21:22:11+00:00","author":{"@id":"https:\/\/portalnpm.com\/#\/schema\/person\/5c8006acdf71774cd4e7a5ab98482152"},"breadcrumb":{"@id":"https:\/\/portalnpm.com\/index.php\/2020\/04\/04\/pio-ix-silas-noronha-se-filia-ao-progressistas-e-reafirma-pre-candidatura-a-prefeito\/#breadcrumb"},"inLanguage":"pt-BR","potentialAction":[{"@type":"ReadAction","target":["https:\/\/portalnpm.com\/index.php\/2020\/04\/04\/pio-ix-silas-noronha-se-filia-ao-progressistas-e-reafirma-pre-candidatura-a-prefeito\/"]}]},{"@type":"ImageObject","inLanguage":"pt-BR","@id":"https:\/\/portalnpm.com\/index.php\/2020\/04\/04\/pio-ix-silas-noronha-se-filia-ao-progressistas-e-reafirma-pre-candidatura-a-prefeito\/#primaryimage","url":"https:\/\/portalnpm.com\/wp-content\/uploads\/2020\/04\/IMG_20200404_193546.jpg","contentUrl":"https:\/\/portalnpm.com\/wp-content\/uploads\/2020\/04\/IMG_20200404_193546.jpg","width":1080,"height":1017},{"@type":"BreadcrumbList","@id":"https:\/\/portalnpm.com\/index.php\/2020\/04\/04\/pio-ix-silas-noronha-se-filia-ao-progressistas-e-reafirma-pre-candidatura-a-prefeito\/#breadcrumb","itemListElement":[{"@type":"ListItem","position":1,"name":"In\u00edcio","item":"https:\/\/portalnpm.com\/"},{"@type":"ListItem","position":2,"name":"Pio IX | Silas Noronha se filia ao Progressistas e reafirma pr\u00e9-candidatura a prefeito"}]},{"@type":"WebSite","@id":"https:\/\/portalnpm.com\/#website","url":"https:\/\/portalnpm.com\/","name":"Portal NPM","description":"Not\u00edcias em Primeira M\u00e3o","potentialAction":[{"@type":"SearchAction","target":{"@type":"EntryPoint","urlTemplate":"https:\/\/portalnpm.com\/?s={search_term_string}"},"query-input":"required name=search_term_string"}],"inLanguage":"pt-BR"},{"@type":"Person","@id":"https:\/\/portalnpm.com\/#\/schema\/person\/5c8006acdf71774cd4e7a5ab98482152","name":"Luis Alberto","image":{"@type":"ImageObject","inLanguage":"pt-BR","@id":"https:\/\/portalnpm.com\/#\/schema\/person\/image\/","url":"https:\/\/portalnpm.com\/wp-content\/uploads\/2024\/12\/avatar_user_3_1734699769-96x96.jpeg","contentUrl":"https:\/\/portalnpm.com\/wp-content\/uploads\/2024\/12\/avatar_user_3_1734699769-96x96.jpeg","caption":"Luis Alberto"},"description":"Editor-geral do Portal NPM, \u00e9 formado como T\u00e9cnico em Seguran\u00e7a do Trabalho pela Escola Metropolitana de Cursos T\u00e9cnicos. Det\u00e9m ainda licenciatura em Educa\u00e7\u00e3o F\u00edsica e bacharelado em Ci\u00eancias Pol\u00edticas, ambos obtidos pela institui\u00e7\u00e3o Anhanguera\/UNOPAR.","url":"https:\/\/portalnpm.com\/index.php\/author\/pereira\/"}]}},"jetpack_sharing_enabled":true,"jetpack_featured_media_url":"https:\/\/portalnpm.com\/wp-content\/uploads\/2020\/04\/IMG_20200404_193546.jpg","_links":{"self":[{"href":"https:\/\/portalnpm.com\/index.php\/wp-json\/wp\/v2\/posts\/51999"}],"collection":[{"href":"https:\/\/portalnpm.com\/index.php\/wp-json\/wp\/v2\/posts"}],"about":[{"href":"https:\/\/portalnpm.com\/index.php\/wp-json\/wp\/v2\/types\/post"}],"author":[{"embeddable":true,"href":"https:\/\/portalnpm.com\/index.php\/wp-json\/wp\/v2\/users\/3"}],"replies":[{"embeddable":true,"href":"https:\/\/portalnpm.com\/index.php\/wp-json\/wp\/v2\/comments?post=51999"}],"version-history":[{"count":1,"href":"https:\/\/portalnpm.com\/index.php\/wp-json\/wp\/v2\/posts\/51999\/revisions"}],"predecessor-version":[{"id":52006,"href":"https:\/\/portalnpm.com\/index.php\/wp-json\/wp\/v2\/posts\/51999\/revisions\/52006"}],"wp:featuredmedia":[{"embeddable":true,"href":"https:\/\/portalnpm.com\/index.php\/wp-json\/wp\/v2\/media\/19150"}],"wp:attachment":[{"href":"https:\/\/portalnpm.com\/index.php\/wp-json\/wp\/v2\/media?parent=51999"}],"wp:term":[{"taxonomy":"category","embeddable":true,"href":"https:\/\/portalnpm.com\/index.php\/wp-json\/wp\/v2\/categories?post=51999"},{"taxonomy":"post_tag","embeddable":true,"href":"https:\/\/portalnpm.com\/index.php\/wp-json\/wp\/v2\/tags?post=51999"}],"curies":[{"name":"wp","href":"https:\/\/api.w.org\/{rel}","templated":true}]}}