{"id":52009,"date":"2020-04-06T13:57:36","date_gmt":"2020-04-06T16:57:36","guid":{"rendered":"https:\/\/portalnpm.com\/index.php\/2020\/04\/06\/alagoinha-do-piaui-funcionaria-publica-maria-salome-vai-para-o-progressistas-e-lanca-pre-candidatura-pela-oposicao\/"},"modified":"2024-01-15T18:22:17","modified_gmt":"2024-01-15T21:22:17","slug":"alagoinha-do-piaui-funcionaria-publica-maria-salome-vai-para-o-progressistas-e-lanca-pre-candidatura-pela-oposicao","status":"publish","type":"post","link":"https:\/\/portalnpm.com\/index.php\/2020\/04\/06\/alagoinha-do-piaui-funcionaria-publica-maria-salome-vai-para-o-progressistas-e-lanca-pre-candidatura-pela-oposicao\/","title":{"rendered":"Alagoinha do Piau\u00ed | Funcion\u00e1ria P\u00fablica Maria Salom\u00e9 vai para o Progressistas e lan\u00e7a pr\u00e9-candidatura pela oposi\u00e7\u00e3o"},"content":{"rendered":"<p><p style=\"text-align: justify;\">A oposi&ccedil;&atilde;o do munic&iacute;pio de Alagoinha do Piau&iacute; vem se articulando com excelentes nomes para disputar cargo ao legislativo, a not&iacute;cia da filia&ccedil;&atilde;o de Maria Salom&eacute;, que migrou para o Partido Progressistas-PP, se destacou em meio &agrave; toda a situa&ccedil;&atilde;o de sa&uacute;de p&uacute;blica que estamos vivendo, onde a mesma, antes filiado ao partido Verde- PV, integra a base de oposi&ccedil;&atilde;o.<\/p>\n<p style=\"text-align: justify;\">A mudan&ccedil;a ocorreu dentro do prazo estabelecido pela legisla&ccedil;&atilde;o eleitoral que &eacute; de seis meses antes do pleito, permitindo aqueles que pretendem concorrer na elei&ccedil;&atilde;o de 2020, mudar de sigla.<\/p>\n<p><img fetchpriority=\"high\" decoding=\"async\" class=\"size-medium wp-image-19188 aligncenter\" src=\"https:\/\/portalnpm.com\/wp-content\/uploads\/2020\/04\/salome4.jpg\" alt=\"\" width=\"693\" height=\"605\" srcset=\"https:\/\/portalnpm.com\/wp-content\/uploads\/2020\/04\/salome4.jpg 693w, https:\/\/portalnpm.com\/wp-content\/uploads\/2020\/04\/salome4-300x262.jpg 300w\" sizes=\"(max-width: 693px) 100vw, 693px\" \/><\/p>\n<p style=\"text-align: justify;\">Maria Salom&eacute; de Lima tem 48 anos, descende de uma das fam&iacute;lias fundadora do munic&iacute;pio, juntamente com o professor Janiqueles e demais pessoas fundaram o partido Verde- PV em Alagoinha do Piau&iacute;. &Eacute; funcion&aacute;ria p&uacute;blica municipal e ferrenha defensora do meio ambiente, e luta por causas s&oacute;cias. &Eacute; uma mulher guerreira e engajada com os movimentos da igreja cat&oacute;lica desde sua juventude, e agora vai disputar uma vaga no legislativo de Alagoinha do Piau&iacute;.<\/p>\n<p style=\"text-align: justify;\"><img decoding=\"async\" class=\"size-full wp-image-19189 aligncenter\" src=\"https:\/\/portalnpm.com\/wp-content\/uploads\/2020\/04\/salome2.jpg\" alt=\"\" width=\"545\" height=\"460\" srcset=\"https:\/\/portalnpm.com\/wp-content\/uploads\/2020\/04\/salome2.jpg 545w, https:\/\/portalnpm.com\/wp-content\/uploads\/2020\/04\/salome2-300x253.jpg 300w\" sizes=\"(max-width: 545px) 100vw, 545px\" \/><\/p>\n<p style=\"text-align: justify;\">A pr&eacute;-candidatura de Maria Salom&eacute; a vereadora em Alagoinha do Piau&iacute;, conta com total a poio da deputada estadual do Partido Verde- PV, Teresa Britto, que durante visita ao grupo pol&iacute;tico em fevereiro do corrente ano anunciou o apoio e uma emenda parlamentar no valor de 100 mil reais para o munic&iacute;pio.<\/p>\n<p><img decoding=\"async\" class=\"size-full wp-image-19190 aligncenter\" src=\"https:\/\/portalnpm.com\/wp-content\/uploads\/2020\/04\/salome1.jpg\" alt=\"\" width=\"600\" height=\"706\" srcset=\"https:\/\/portalnpm.com\/wp-content\/uploads\/2020\/04\/salome1.jpg 600w, https:\/\/portalnpm.com\/wp-content\/uploads\/2020\/04\/salome1-255x300.jpg 255w\" sizes=\"(max-width: 600px) 100vw, 600px\" \/><\/p>\n<p style=\"text-align: justify;\">Assim, o grupo oposicionista de Alagoinha do Piau&iacute; al&eacute;m da pr&eacute;-candidatura de Dr. Pedro Otac&iacute;lio e Josivaldo da Castanha a prefeito e vice respectivamente, conta com 10 pr&eacute;-candidatos a vereadores.<\/p>\n<p style=\"text-align: justify;\"><img loading=\"lazy\" decoding=\"async\" class=\"size-full wp-image-19191 aligncenter\" src=\"https:\/\/portalnpm.com\/wp-content\/uploads\/2020\/04\/salome3.jpg\" alt=\"\" width=\"999\" height=\"1280\" srcset=\"https:\/\/portalnpm.com\/wp-content\/uploads\/2020\/04\/salome3.jpg 999w, https:\/\/portalnpm.com\/wp-content\/uploads\/2020\/04\/salome3-234x300.jpg 234w, https:\/\/portalnpm.com\/wp-content\/uploads\/2020\/04\/salome3-799x1024.jpg 799w, https:\/\/portalnpm.com\/wp-content\/uploads\/2020\/04\/salome3-768x984.jpg 768w, https:\/\/portalnpm.com\/wp-content\/uploads\/2020\/04\/salome3-860x1102.jpg 860w\" sizes=\"(max-width: 999px) 100vw, 999px\" \/><\/p><\/p>\n","protected":false},"excerpt":{"rendered":"<p>A oposi&ccedil;&atilde;o do munic&iacute;pio de Alagoinha do Piau&iacute; vem se articulando com excelentes nomes para disputar cargo ao legislativo, a not&iacute;cia da filia&ccedil;&atilde;o de Maria Salom&eacute;, que migrou para o Partido Progressistas-PP, se destacou em meio &agrave; toda a situa&ccedil;&atilde;o de sa&uacute;de p&uacute;blica que estamos vivendo, onde a mesma, antes filiado ao partido Verde- PV, &hellip;<\/p>\n","protected":false},"author":4,"featured_media":19187,"comment_status":"open","ping_status":"open","sticky":false,"template":"","format":"standard","meta":{"content-type":"","rop_custom_images_group":[],"rop_custom_messages_group":[],"rop_publish_now":"initial","rop_publish_now_accounts":{"facebook_2648258775420054_1618374048415101":""},"rop_publish_now_history":[],"rop_publish_now_status":"pending","footnotes":"","_jetpack_memberships_contains_paid_content":false},"categories":[144,113,109,130],"tags":[1119,3385,134,4053],"yoast_head":"<!-- This site is optimized with the Yoast SEO plugin v22.3 - https:\/\/yoast.com\/wordpress\/plugins\/seo\/ -->\n<title>Alagoinha do Piau\u00ed | Funcion\u00e1ria P\u00fablica Maria Salom\u00e9 vai para o Progressistas e lan\u00e7a pr\u00e9-candidatura pela oposi\u00e7\u00e3o<\/title>\n<meta name=\"robots\" content=\"index, follow, max-snippet:-1, max-image-preview:large, max-video-preview:-1\" \/>\n<link rel=\"canonical\" href=\"https:\/\/portalnpm.com\/index.php\/2020\/04\/06\/alagoinha-do-piaui-funcionaria-publica-maria-salome-vai-para-o-progressistas-e-lanca-pre-candidatura-pela-oposicao\/\" \/>\n<meta property=\"og:locale\" content=\"pt_BR\" \/>\n<meta property=\"og:type\" content=\"article\" \/>\n<meta property=\"og:title\" content=\"Alagoinha do Piau\u00ed | Funcion\u00e1ria P\u00fablica Maria Salom\u00e9 vai para o Progressistas e lan\u00e7a pr\u00e9-candidatura pela oposi\u00e7\u00e3o\" \/>\n<meta property=\"og:description\" content=\"A oposi&ccedil;&atilde;o do munic&iacute;pio de Alagoinha do Piau&iacute; vem se articulando com excelentes nomes para disputar cargo ao legislativo, a not&iacute;cia da filia&ccedil;&atilde;o de Maria Salom&eacute;, que migrou para o Partido Progressistas-PP, se destacou em meio &agrave; toda a situa&ccedil;&atilde;o de sa&uacute;de p&uacute;blica que estamos vivendo, onde a mesma, antes filiado ao partido Verde- PV, &hellip;\" \/>\n<meta property=\"og:url\" content=\"https:\/\/portalnpm.com\/index.php\/2020\/04\/06\/alagoinha-do-piaui-funcionaria-publica-maria-salome-vai-para-o-progressistas-e-lanca-pre-candidatura-pela-oposicao\/\" \/>\n<meta property=\"og:site_name\" content=\"Portal NPM\" \/>\n<meta property=\"article:published_time\" content=\"2020-04-06T16:57:36+00:00\" \/>\n<meta property=\"article:modified_time\" content=\"2024-01-15T21:22:17+00:00\" \/>\n<meta property=\"og:image\" content=\"https:\/\/portalnpm.com\/wp-content\/uploads\/2020\/04\/salome.jpg\" \/>\n\t<meta property=\"og:image:width\" content=\"1646\" \/>\n\t<meta property=\"og:image:height\" content=\"826\" \/>\n\t<meta property=\"og:image:type\" content=\"image\/jpeg\" \/>\n<meta name=\"author\" content=\"Reda\u00e7\u00e3o\" \/>\n<meta name=\"twitter:card\" content=\"summary_large_image\" \/>\n<meta name=\"twitter:label1\" content=\"Escrito por\" \/>\n\t<meta name=\"twitter:data1\" content=\"Reda\u00e7\u00e3o\" \/>\n\t<meta name=\"twitter:label2\" content=\"Est. tempo de leitura\" \/>\n\t<meta name=\"twitter:data2\" content=\"2 minutos\" \/>\n<script type=\"application\/ld+json\" class=\"yoast-schema-graph\">{\"@context\":\"https:\/\/schema.org\",\"@graph\":[{\"@type\":\"WebPage\",\"@id\":\"https:\/\/portalnpm.com\/index.php\/2020\/04\/06\/alagoinha-do-piaui-funcionaria-publica-maria-salome-vai-para-o-progressistas-e-lanca-pre-candidatura-pela-oposicao\/\",\"url\":\"https:\/\/portalnpm.com\/index.php\/2020\/04\/06\/alagoinha-do-piaui-funcionaria-publica-maria-salome-vai-para-o-progressistas-e-lanca-pre-candidatura-pela-oposicao\/\",\"name\":\"Alagoinha do Piau\u00ed | Funcion\u00e1ria P\u00fablica Maria Salom\u00e9 vai para o Progressistas e lan\u00e7a pr\u00e9-candidatura pela oposi\u00e7\u00e3o\",\"isPartOf\":{\"@id\":\"https:\/\/portalnpm.com\/#website\"},\"primaryImageOfPage\":{\"@id\":\"https:\/\/portalnpm.com\/index.php\/2020\/04\/06\/alagoinha-do-piaui-funcionaria-publica-maria-salome-vai-para-o-progressistas-e-lanca-pre-candidatura-pela-oposicao\/#primaryimage\"},\"image\":{\"@id\":\"https:\/\/portalnpm.com\/index.php\/2020\/04\/06\/alagoinha-do-piaui-funcionaria-publica-maria-salome-vai-para-o-progressistas-e-lanca-pre-candidatura-pela-oposicao\/#primaryimage\"},\"thumbnailUrl\":\"https:\/\/portalnpm.com\/wp-content\/uploads\/2020\/04\/salome.jpg\",\"datePublished\":\"2020-04-06T16:57:36+00:00\",\"dateModified\":\"2024-01-15T21:22:17+00:00\",\"author\":{\"@id\":\"https:\/\/portalnpm.com\/#\/schema\/person\/0b5f230ec96cee25504fa328e7f2b733\"},\"breadcrumb\":{\"@id\":\"https:\/\/portalnpm.com\/index.php\/2020\/04\/06\/alagoinha-do-piaui-funcionaria-publica-maria-salome-vai-para-o-progressistas-e-lanca-pre-candidatura-pela-oposicao\/#breadcrumb\"},\"inLanguage\":\"pt-BR\",\"potentialAction\":[{\"@type\":\"ReadAction\",\"target\":[\"https:\/\/portalnpm.com\/index.php\/2020\/04\/06\/alagoinha-do-piaui-funcionaria-publica-maria-salome-vai-para-o-progressistas-e-lanca-pre-candidatura-pela-oposicao\/\"]}]},{\"@type\":\"ImageObject\",\"inLanguage\":\"pt-BR\",\"@id\":\"https:\/\/portalnpm.com\/index.php\/2020\/04\/06\/alagoinha-do-piaui-funcionaria-publica-maria-salome-vai-para-o-progressistas-e-lanca-pre-candidatura-pela-oposicao\/#primaryimage\",\"url\":\"https:\/\/portalnpm.com\/wp-content\/uploads\/2020\/04\/salome.jpg\",\"contentUrl\":\"https:\/\/portalnpm.com\/wp-content\/uploads\/2020\/04\/salome.jpg\",\"width\":1646,\"height\":826},{\"@type\":\"BreadcrumbList\",\"@id\":\"https:\/\/portalnpm.com\/index.php\/2020\/04\/06\/alagoinha-do-piaui-funcionaria-publica-maria-salome-vai-para-o-progressistas-e-lanca-pre-candidatura-pela-oposicao\/#breadcrumb\",\"itemListElement\":[{\"@type\":\"ListItem\",\"position\":1,\"name\":\"In\u00edcio\",\"item\":\"https:\/\/portalnpm.com\/\"},{\"@type\":\"ListItem\",\"position\":2,\"name\":\"Alagoinha do Piau\u00ed | Funcion\u00e1ria P\u00fablica Maria Salom\u00e9 vai para o Progressistas e lan\u00e7a pr\u00e9-candidatura pela oposi\u00e7\u00e3o\"}]},{\"@type\":\"WebSite\",\"@id\":\"https:\/\/portalnpm.com\/#website\",\"url\":\"https:\/\/portalnpm.com\/\",\"name\":\"Portal NPM\",\"description\":\"Not\u00edcias em Primeira M\u00e3o\",\"potentialAction\":[{\"@type\":\"SearchAction\",\"target\":{\"@type\":\"EntryPoint\",\"urlTemplate\":\"https:\/\/portalnpm.com\/?s={search_term_string}\"},\"query-input\":\"required name=search_term_string\"}],\"inLanguage\":\"pt-BR\"},{\"@type\":\"Person\",\"@id\":\"https:\/\/portalnpm.com\/#\/schema\/person\/0b5f230ec96cee25504fa328e7f2b733\",\"name\":\"Reda\u00e7\u00e3o\",\"image\":{\"@type\":\"ImageObject\",\"inLanguage\":\"pt-BR\",\"@id\":\"https:\/\/portalnpm.com\/#\/schema\/person\/image\/\",\"url\":\"https:\/\/portalnpm.com\/wp-content\/uploads\/2024\/03\/avatar_user_4_1710097212-96x96.png\",\"contentUrl\":\"https:\/\/portalnpm.com\/wp-content\/uploads\/2024\/03\/avatar_user_4_1710097212-96x96.png\",\"caption\":\"Reda\u00e7\u00e3o\"},\"url\":\"https:\/\/portalnpm.com\/index.php\/author\/redacao\/\"}]}<\/script>\n<!-- \/ Yoast SEO plugin. -->","yoast_head_json":{"title":"Alagoinha do Piau\u00ed | Funcion\u00e1ria P\u00fablica Maria Salom\u00e9 vai para o Progressistas e lan\u00e7a pr\u00e9-candidatura pela oposi\u00e7\u00e3o","robots":{"index":"index","follow":"follow","max-snippet":"max-snippet:-1","max-image-preview":"max-image-preview:large","max-video-preview":"max-video-preview:-1"},"canonical":"https:\/\/portalnpm.com\/index.php\/2020\/04\/06\/alagoinha-do-piaui-funcionaria-publica-maria-salome-vai-para-o-progressistas-e-lanca-pre-candidatura-pela-oposicao\/","og_locale":"pt_BR","og_type":"article","og_title":"Alagoinha do Piau\u00ed | Funcion\u00e1ria P\u00fablica Maria Salom\u00e9 vai para o Progressistas e lan\u00e7a pr\u00e9-candidatura pela oposi\u00e7\u00e3o","og_description":"A oposi&ccedil;&atilde;o do munic&iacute;pio de Alagoinha do Piau&iacute; vem se articulando com excelentes nomes para disputar cargo ao legislativo, a not&iacute;cia da filia&ccedil;&atilde;o de Maria Salom&eacute;, que migrou para o Partido Progressistas-PP, se destacou em meio &agrave; toda a situa&ccedil;&atilde;o de sa&uacute;de p&uacute;blica que estamos vivendo, onde a mesma, antes filiado ao partido Verde- PV, &hellip;","og_url":"https:\/\/portalnpm.com\/index.php\/2020\/04\/06\/alagoinha-do-piaui-funcionaria-publica-maria-salome-vai-para-o-progressistas-e-lanca-pre-candidatura-pela-oposicao\/","og_site_name":"Portal NPM","article_published_time":"2020-04-06T16:57:36+00:00","article_modified_time":"2024-01-15T21:22:17+00:00","og_image":[{"width":1646,"height":826,"url":"https:\/\/portalnpm.com\/wp-content\/uploads\/2020\/04\/salome.jpg","type":"image\/jpeg"}],"author":"Reda\u00e7\u00e3o","twitter_card":"summary_large_image","twitter_misc":{"Escrito por":"Reda\u00e7\u00e3o","Est. tempo de leitura":"2 minutos"},"schema":{"@context":"https:\/\/schema.org","@graph":[{"@type":"WebPage","@id":"https:\/\/portalnpm.com\/index.php\/2020\/04\/06\/alagoinha-do-piaui-funcionaria-publica-maria-salome-vai-para-o-progressistas-e-lanca-pre-candidatura-pela-oposicao\/","url":"https:\/\/portalnpm.com\/index.php\/2020\/04\/06\/alagoinha-do-piaui-funcionaria-publica-maria-salome-vai-para-o-progressistas-e-lanca-pre-candidatura-pela-oposicao\/","name":"Alagoinha do Piau\u00ed | Funcion\u00e1ria P\u00fablica Maria Salom\u00e9 vai para o Progressistas e lan\u00e7a pr\u00e9-candidatura pela oposi\u00e7\u00e3o","isPartOf":{"@id":"https:\/\/portalnpm.com\/#website"},"primaryImageOfPage":{"@id":"https:\/\/portalnpm.com\/index.php\/2020\/04\/06\/alagoinha-do-piaui-funcionaria-publica-maria-salome-vai-para-o-progressistas-e-lanca-pre-candidatura-pela-oposicao\/#primaryimage"},"image":{"@id":"https:\/\/portalnpm.com\/index.php\/2020\/04\/06\/alagoinha-do-piaui-funcionaria-publica-maria-salome-vai-para-o-progressistas-e-lanca-pre-candidatura-pela-oposicao\/#primaryimage"},"thumbnailUrl":"https:\/\/portalnpm.com\/wp-content\/uploads\/2020\/04\/salome.jpg","datePublished":"2020-04-06T16:57:36+00:00","dateModified":"2024-01-15T21:22:17+00:00","author":{"@id":"https:\/\/portalnpm.com\/#\/schema\/person\/0b5f230ec96cee25504fa328e7f2b733"},"breadcrumb":{"@id":"https:\/\/portalnpm.com\/index.php\/2020\/04\/06\/alagoinha-do-piaui-funcionaria-publica-maria-salome-vai-para-o-progressistas-e-lanca-pre-candidatura-pela-oposicao\/#breadcrumb"},"inLanguage":"pt-BR","potentialAction":[{"@type":"ReadAction","target":["https:\/\/portalnpm.com\/index.php\/2020\/04\/06\/alagoinha-do-piaui-funcionaria-publica-maria-salome-vai-para-o-progressistas-e-lanca-pre-candidatura-pela-oposicao\/"]}]},{"@type":"ImageObject","inLanguage":"pt-BR","@id":"https:\/\/portalnpm.com\/index.php\/2020\/04\/06\/alagoinha-do-piaui-funcionaria-publica-maria-salome-vai-para-o-progressistas-e-lanca-pre-candidatura-pela-oposicao\/#primaryimage","url":"https:\/\/portalnpm.com\/wp-content\/uploads\/2020\/04\/salome.jpg","contentUrl":"https:\/\/portalnpm.com\/wp-content\/uploads\/2020\/04\/salome.jpg","width":1646,"height":826},{"@type":"BreadcrumbList","@id":"https:\/\/portalnpm.com\/index.php\/2020\/04\/06\/alagoinha-do-piaui-funcionaria-publica-maria-salome-vai-para-o-progressistas-e-lanca-pre-candidatura-pela-oposicao\/#breadcrumb","itemListElement":[{"@type":"ListItem","position":1,"name":"In\u00edcio","item":"https:\/\/portalnpm.com\/"},{"@type":"ListItem","position":2,"name":"Alagoinha do Piau\u00ed | Funcion\u00e1ria P\u00fablica Maria Salom\u00e9 vai para o Progressistas e lan\u00e7a pr\u00e9-candidatura pela oposi\u00e7\u00e3o"}]},{"@type":"WebSite","@id":"https:\/\/portalnpm.com\/#website","url":"https:\/\/portalnpm.com\/","name":"Portal NPM","description":"Not\u00edcias em Primeira M\u00e3o","potentialAction":[{"@type":"SearchAction","target":{"@type":"EntryPoint","urlTemplate":"https:\/\/portalnpm.com\/?s={search_term_string}"},"query-input":"required name=search_term_string"}],"inLanguage":"pt-BR"},{"@type":"Person","@id":"https:\/\/portalnpm.com\/#\/schema\/person\/0b5f230ec96cee25504fa328e7f2b733","name":"Reda\u00e7\u00e3o","image":{"@type":"ImageObject","inLanguage":"pt-BR","@id":"https:\/\/portalnpm.com\/#\/schema\/person\/image\/","url":"https:\/\/portalnpm.com\/wp-content\/uploads\/2024\/03\/avatar_user_4_1710097212-96x96.png","contentUrl":"https:\/\/portalnpm.com\/wp-content\/uploads\/2024\/03\/avatar_user_4_1710097212-96x96.png","caption":"Reda\u00e7\u00e3o"},"url":"https:\/\/portalnpm.com\/index.php\/author\/redacao\/"}]}},"jetpack_sharing_enabled":true,"jetpack_featured_media_url":"https:\/\/portalnpm.com\/wp-content\/uploads\/2020\/04\/salome.jpg","_links":{"self":[{"href":"https:\/\/portalnpm.com\/index.php\/wp-json\/wp\/v2\/posts\/52009"}],"collection":[{"href":"https:\/\/portalnpm.com\/index.php\/wp-json\/wp\/v2\/posts"}],"about":[{"href":"https:\/\/portalnpm.com\/index.php\/wp-json\/wp\/v2\/types\/post"}],"author":[{"embeddable":true,"href":"https:\/\/portalnpm.com\/index.php\/wp-json\/wp\/v2\/users\/4"}],"replies":[{"embeddable":true,"href":"https:\/\/portalnpm.com\/index.php\/wp-json\/wp\/v2\/comments?post=52009"}],"version-history":[{"count":1,"href":"https:\/\/portalnpm.com\/index.php\/wp-json\/wp\/v2\/posts\/52009\/revisions"}],"predecessor-version":[{"id":52013,"href":"https:\/\/portalnpm.com\/index.php\/wp-json\/wp\/v2\/posts\/52009\/revisions\/52013"}],"wp:featuredmedia":[{"embeddable":true,"href":"https:\/\/portalnpm.com\/index.php\/wp-json\/wp\/v2\/media\/19187"}],"wp:attachment":[{"href":"https:\/\/portalnpm.com\/index.php\/wp-json\/wp\/v2\/media?parent=52009"}],"wp:term":[{"taxonomy":"category","embeddable":true,"href":"https:\/\/portalnpm.com\/index.php\/wp-json\/wp\/v2\/categories?post=52009"},{"taxonomy":"post_tag","embeddable":true,"href":"https:\/\/portalnpm.com\/index.php\/wp-json\/wp\/v2\/tags?post=52009"}],"curies":[{"name":"wp","href":"https:\/\/api.w.org\/{rel}","templated":true}]}}