{"id":5201,"date":"2019-01-25T13:47:54","date_gmt":"2019-01-25T15:47:54","guid":{"rendered":"http:\/\/srv.portalnpm.com.br\/?p=5201"},"modified":"2019-01-25T13:47:54","modified_gmt":"2019-01-25T15:47:54","slug":"bispo-dom-plinio-pede-que-populacao-ore-pela-saude-do-padre-gregorio-leal","status":"publish","type":"post","link":"https:\/\/portalnpm.com\/index.php\/2019\/01\/25\/bispo-dom-plinio-pede-que-populacao-ore-pela-saude-do-padre-gregorio-leal\/","title":{"rendered":"Bispo Dom Pl\u00ednio pede que popula\u00e7\u00e3o ore pela sa\u00fade do Padre Greg\u00f3rio Leal"},"content":{"rendered":"<p style=\"text-align: justify;\">A Diocese de Picos emitiu uma Nota a respeito do estado de sa\u00fade do p\u00e1roco da Par\u00f3quia Nossa Senhora do Patroc\u00ednio, em Pio IX, Padre Greg\u00f3rio Leal Lustosa, que sentiu fortes dores no peito e foi internado no Hospital de Terapia Intensiva (HTI), em Teresina, na manh\u00e3 de ontem (24).<\/p>\n<p style=\"text-align: justify;\">Na Nota a Diocese informou que, em contato com uma sobrinha do Padre Greg\u00f3rio, identificada como Adelaide Leal Lustosa, tomou conhecimento que o vig\u00e1rio foi submetido a uma angioplastia para desobstruir tr\u00eas art\u00e9rias coron\u00e1rias, procedimento esse realizado pelo conceituado m\u00e9dico cardiologista, Paulo M\u00e1rcio.<\/p>\n<p style=\"text-align: justify;\">A Nota diz ainda que o quadro de sa\u00fade do Presb\u00edtero \u00e9 bom, mas o mesmo ainda permanece na UTI (Unidade de Terapia Intensiva) em observa\u00e7\u00e3o e n\u00e3o tem previs\u00e3o de alta m\u00e9dica.<\/p>\n<p style=\"text-align: justify;\">A Diocese de Picos finaliza o comunicado dizendo que o Bispo Diocesano de Picos, Dom Pl\u00ednio Jos\u00e9 Luz da Silva, pede aos fi\u00e9is da Par\u00f3quia Nossa Senhora do Patroc\u00ednio, bem como a todos os Diocesanos, que orem pelo pronto restabelecimento da sa\u00fade do padre Greg\u00f3rio.<\/p>\n<p style=\"text-align: justify;\"><strong>CONFIRA A NOTA:<\/strong><\/p>\n<p style=\"text-align: justify;\"><em>A Diocese de Picos comunica que Pe. Greg\u00f3rio Leal Lustosa, P\u00e1roco da Par\u00f3quia Nossa Senhora do Patroc\u00ednio, em Pio IX \u2013 PI, na manh\u00e3 desta quinta-feira (24\/01), ap\u00f3s sentir fortes dores no cora\u00e7\u00e3o, foi encaminhado \u00e0 Teresina \u2013 PI, onde se encontra internado no Hospital de Terapia Intensiva (HTI).<\/em><\/p>\n<p style=\"text-align: justify;\"><em>\u00c0s 15:00h, o Padre foi submetido a uma angioplastia para desobstruir tr\u00eas art\u00e9rias coron\u00e1rias pelo cardiologista, Dr. Paulo M\u00e1rcio. Segundo informa\u00e7\u00f5es da sua sobrinha, Adelaide Leal Lustosa, o quadro de sa\u00fade do Presb\u00edtero \u00e9 bom, mas o mesmo ainda permanece na UTI em observa\u00e7\u00e3o e n\u00e3o tem previs\u00e3o de alta m\u00e9dica.<\/em><\/p>\n<p style=\"text-align: justify;\"><em>Dom Pl\u00ednio Jos\u00e9 Luz da Silva, Bispo Diocesano de Picos, que se encontra em sua cidade natal, Pacoti, no Estado do Cear\u00e1, solicita aos fi\u00e9is da Par\u00f3quia Nossa Senhora do Patroc\u00ednio, bem como a todos os Diocesanos que se unam em ora\u00e7\u00e3o pelo pronto restabelecimento da sa\u00fade deste nosso amado irm\u00e3o, Pe. Greg\u00f3rio.<\/em><\/p>\n<p style=\"text-align: justify;\"><em>Novas informa\u00e7\u00f5es ser\u00e3o oportunamente divulgadas no site da Diocese de Picos.<\/em><\/p>\n<p style=\"text-align: justify;\"><strong>Fonte: Portal O Povo<\/strong><\/p>\n","protected":false},"excerpt":{"rendered":"<p>A Diocese de Picos emitiu uma Nota a respeito do estado de sa\u00fade do p\u00e1roco da Par\u00f3quia Nossa Senhora do Patroc\u00ednio, em Pio IX, Padre Greg\u00f3rio Leal Lustosa, que sentiu fortes dores no peito e foi internado no Hospital de Terapia Intensiva (HTI), em Teresina, na manh\u00e3 de ontem (24). Na Nota a Diocese informou &hellip;<\/p>\n","protected":false},"author":8,"featured_media":5202,"comment_status":"open","ping_status":"open","sticky":false,"template":"","format":"standard","meta":{"content-type":"","rop_custom_images_group":[],"rop_custom_messages_group":[],"rop_publish_now":"initial","rop_publish_now_accounts":{"facebook_2648258775420054_1618374048415101":""},"rop_publish_now_history":[],"rop_publish_now_status":"pending","footnotes":"","_jetpack_memberships_contains_paid_content":false},"categories":[113,118],"tags":[2079,2080,417],"yoast_head":"<!-- This site is optimized with the Yoast SEO plugin v22.3 - https:\/\/yoast.com\/wordpress\/plugins\/seo\/ -->\n<title>Bispo Dom Pl\u00ednio pede que popula\u00e7\u00e3o ore pela sa\u00fade do Padre Greg\u00f3rio Leal - Portal NPM<\/title>\n<meta name=\"robots\" content=\"index, follow, max-snippet:-1, max-image-preview:large, max-video-preview:-1\" \/>\n<link rel=\"canonical\" href=\"https:\/\/portalnpm.com\/index.php\/2019\/01\/25\/bispo-dom-plinio-pede-que-populacao-ore-pela-saude-do-padre-gregorio-leal\/\" \/>\n<meta property=\"og:locale\" content=\"pt_BR\" \/>\n<meta property=\"og:type\" content=\"article\" \/>\n<meta property=\"og:title\" content=\"Bispo Dom Pl\u00ednio pede que popula\u00e7\u00e3o ore pela sa\u00fade do Padre Greg\u00f3rio Leal - Portal NPM\" \/>\n<meta property=\"og:description\" content=\"A Diocese de Picos emitiu uma Nota a respeito do estado de sa\u00fade do p\u00e1roco da Par\u00f3quia Nossa Senhora do Patroc\u00ednio, em Pio IX, Padre Greg\u00f3rio Leal Lustosa, que sentiu fortes dores no peito e foi internado no Hospital de Terapia Intensiva (HTI), em Teresina, na manh\u00e3 de ontem (24). Na Nota a Diocese informou &hellip;\" \/>\n<meta property=\"og:url\" content=\"https:\/\/portalnpm.com\/index.php\/2019\/01\/25\/bispo-dom-plinio-pede-que-populacao-ore-pela-saude-do-padre-gregorio-leal\/\" \/>\n<meta property=\"og:site_name\" content=\"Portal NPM\" \/>\n<meta property=\"article:published_time\" content=\"2019-01-25T15:47:54+00:00\" \/>\n<meta name=\"author\" content=\"Zenilton Lima\" \/>\n<meta name=\"twitter:card\" content=\"summary_large_image\" \/>\n<meta name=\"twitter:label1\" content=\"Escrito por\" \/>\n\t<meta name=\"twitter:data1\" content=\"Zenilton Lima\" \/>\n\t<meta name=\"twitter:label2\" content=\"Est. tempo de leitura\" \/>\n\t<meta name=\"twitter:data2\" content=\"2 minutos\" \/>\n<script type=\"application\/ld+json\" class=\"yoast-schema-graph\">{\"@context\":\"https:\/\/schema.org\",\"@graph\":[{\"@type\":\"WebPage\",\"@id\":\"https:\/\/portalnpm.com\/index.php\/2019\/01\/25\/bispo-dom-plinio-pede-que-populacao-ore-pela-saude-do-padre-gregorio-leal\/\",\"url\":\"https:\/\/portalnpm.com\/index.php\/2019\/01\/25\/bispo-dom-plinio-pede-que-populacao-ore-pela-saude-do-padre-gregorio-leal\/\",\"name\":\"Bispo Dom Pl\u00ednio pede que popula\u00e7\u00e3o ore pela sa\u00fade do Padre Greg\u00f3rio Leal - Portal NPM\",\"isPartOf\":{\"@id\":\"https:\/\/portalnpm.com\/#website\"},\"primaryImageOfPage\":{\"@id\":\"https:\/\/portalnpm.com\/index.php\/2019\/01\/25\/bispo-dom-plinio-pede-que-populacao-ore-pela-saude-do-padre-gregorio-leal\/#primaryimage\"},\"image\":{\"@id\":\"https:\/\/portalnpm.com\/index.php\/2019\/01\/25\/bispo-dom-plinio-pede-que-populacao-ore-pela-saude-do-padre-gregorio-leal\/#primaryimage\"},\"thumbnailUrl\":\"\",\"datePublished\":\"2019-01-25T15:47:54+00:00\",\"dateModified\":\"2019-01-25T15:47:54+00:00\",\"author\":{\"@id\":\"https:\/\/portalnpm.com\/#\/schema\/person\/35cb55186eae3f074b6783da6d35591e\"},\"breadcrumb\":{\"@id\":\"https:\/\/portalnpm.com\/index.php\/2019\/01\/25\/bispo-dom-plinio-pede-que-populacao-ore-pela-saude-do-padre-gregorio-leal\/#breadcrumb\"},\"inLanguage\":\"pt-BR\",\"potentialAction\":[{\"@type\":\"ReadAction\",\"target\":[\"https:\/\/portalnpm.com\/index.php\/2019\/01\/25\/bispo-dom-plinio-pede-que-populacao-ore-pela-saude-do-padre-gregorio-leal\/\"]}]},{\"@type\":\"ImageObject\",\"inLanguage\":\"pt-BR\",\"@id\":\"https:\/\/portalnpm.com\/index.php\/2019\/01\/25\/bispo-dom-plinio-pede-que-populacao-ore-pela-saude-do-padre-gregorio-leal\/#primaryimage\",\"url\":\"\",\"contentUrl\":\"\"},{\"@type\":\"BreadcrumbList\",\"@id\":\"https:\/\/portalnpm.com\/index.php\/2019\/01\/25\/bispo-dom-plinio-pede-que-populacao-ore-pela-saude-do-padre-gregorio-leal\/#breadcrumb\",\"itemListElement\":[{\"@type\":\"ListItem\",\"position\":1,\"name\":\"In\u00edcio\",\"item\":\"https:\/\/portalnpm.com\/\"},{\"@type\":\"ListItem\",\"position\":2,\"name\":\"Bispo Dom Pl\u00ednio pede que popula\u00e7\u00e3o ore pela sa\u00fade do Padre Greg\u00f3rio Leal\"}]},{\"@type\":\"WebSite\",\"@id\":\"https:\/\/portalnpm.com\/#website\",\"url\":\"https:\/\/portalnpm.com\/\",\"name\":\"Portal NPM\",\"description\":\"Not\u00edcias em Primeira M\u00e3o\",\"potentialAction\":[{\"@type\":\"SearchAction\",\"target\":{\"@type\":\"EntryPoint\",\"urlTemplate\":\"https:\/\/portalnpm.com\/?s={search_term_string}\"},\"query-input\":\"required name=search_term_string\"}],\"inLanguage\":\"pt-BR\"},{\"@type\":\"Person\",\"@id\":\"https:\/\/portalnpm.com\/#\/schema\/person\/35cb55186eae3f074b6783da6d35591e\",\"name\":\"Zenilton Lima\",\"image\":{\"@type\":\"ImageObject\",\"inLanguage\":\"pt-BR\",\"@id\":\"https:\/\/portalnpm.com\/#\/schema\/person\/image\/\",\"url\":\"https:\/\/portalnpm.com\/wp-content\/uploads\/2024\/12\/avatar_user_8_1733658137-96x96.jpeg\",\"contentUrl\":\"https:\/\/portalnpm.com\/wp-content\/uploads\/2024\/12\/avatar_user_8_1733658137-96x96.jpeg\",\"caption\":\"Zenilton Lima\"},\"url\":\"https:\/\/portalnpm.com\/index.php\/author\/zenilton\/\"}]}<\/script>\n<!-- \/ Yoast SEO plugin. -->","yoast_head_json":{"title":"Bispo Dom Pl\u00ednio pede que popula\u00e7\u00e3o ore pela sa\u00fade do Padre Greg\u00f3rio Leal - Portal NPM","robots":{"index":"index","follow":"follow","max-snippet":"max-snippet:-1","max-image-preview":"max-image-preview:large","max-video-preview":"max-video-preview:-1"},"canonical":"https:\/\/portalnpm.com\/index.php\/2019\/01\/25\/bispo-dom-plinio-pede-que-populacao-ore-pela-saude-do-padre-gregorio-leal\/","og_locale":"pt_BR","og_type":"article","og_title":"Bispo Dom Pl\u00ednio pede que popula\u00e7\u00e3o ore pela sa\u00fade do Padre Greg\u00f3rio Leal - Portal NPM","og_description":"A Diocese de Picos emitiu uma Nota a respeito do estado de sa\u00fade do p\u00e1roco da Par\u00f3quia Nossa Senhora do Patroc\u00ednio, em Pio IX, Padre Greg\u00f3rio Leal Lustosa, que sentiu fortes dores no peito e foi internado no Hospital de Terapia Intensiva (HTI), em Teresina, na manh\u00e3 de ontem (24). Na Nota a Diocese informou &hellip;","og_url":"https:\/\/portalnpm.com\/index.php\/2019\/01\/25\/bispo-dom-plinio-pede-que-populacao-ore-pela-saude-do-padre-gregorio-leal\/","og_site_name":"Portal NPM","article_published_time":"2019-01-25T15:47:54+00:00","author":"Zenilton Lima","twitter_card":"summary_large_image","twitter_misc":{"Escrito por":"Zenilton Lima","Est. tempo de leitura":"2 minutos"},"schema":{"@context":"https:\/\/schema.org","@graph":[{"@type":"WebPage","@id":"https:\/\/portalnpm.com\/index.php\/2019\/01\/25\/bispo-dom-plinio-pede-que-populacao-ore-pela-saude-do-padre-gregorio-leal\/","url":"https:\/\/portalnpm.com\/index.php\/2019\/01\/25\/bispo-dom-plinio-pede-que-populacao-ore-pela-saude-do-padre-gregorio-leal\/","name":"Bispo Dom Pl\u00ednio pede que popula\u00e7\u00e3o ore pela sa\u00fade do Padre Greg\u00f3rio Leal - Portal NPM","isPartOf":{"@id":"https:\/\/portalnpm.com\/#website"},"primaryImageOfPage":{"@id":"https:\/\/portalnpm.com\/index.php\/2019\/01\/25\/bispo-dom-plinio-pede-que-populacao-ore-pela-saude-do-padre-gregorio-leal\/#primaryimage"},"image":{"@id":"https:\/\/portalnpm.com\/index.php\/2019\/01\/25\/bispo-dom-plinio-pede-que-populacao-ore-pela-saude-do-padre-gregorio-leal\/#primaryimage"},"thumbnailUrl":"","datePublished":"2019-01-25T15:47:54+00:00","dateModified":"2019-01-25T15:47:54+00:00","author":{"@id":"https:\/\/portalnpm.com\/#\/schema\/person\/35cb55186eae3f074b6783da6d35591e"},"breadcrumb":{"@id":"https:\/\/portalnpm.com\/index.php\/2019\/01\/25\/bispo-dom-plinio-pede-que-populacao-ore-pela-saude-do-padre-gregorio-leal\/#breadcrumb"},"inLanguage":"pt-BR","potentialAction":[{"@type":"ReadAction","target":["https:\/\/portalnpm.com\/index.php\/2019\/01\/25\/bispo-dom-plinio-pede-que-populacao-ore-pela-saude-do-padre-gregorio-leal\/"]}]},{"@type":"ImageObject","inLanguage":"pt-BR","@id":"https:\/\/portalnpm.com\/index.php\/2019\/01\/25\/bispo-dom-plinio-pede-que-populacao-ore-pela-saude-do-padre-gregorio-leal\/#primaryimage","url":"","contentUrl":""},{"@type":"BreadcrumbList","@id":"https:\/\/portalnpm.com\/index.php\/2019\/01\/25\/bispo-dom-plinio-pede-que-populacao-ore-pela-saude-do-padre-gregorio-leal\/#breadcrumb","itemListElement":[{"@type":"ListItem","position":1,"name":"In\u00edcio","item":"https:\/\/portalnpm.com\/"},{"@type":"ListItem","position":2,"name":"Bispo Dom Pl\u00ednio pede que popula\u00e7\u00e3o ore pela sa\u00fade do Padre Greg\u00f3rio Leal"}]},{"@type":"WebSite","@id":"https:\/\/portalnpm.com\/#website","url":"https:\/\/portalnpm.com\/","name":"Portal NPM","description":"Not\u00edcias em Primeira M\u00e3o","potentialAction":[{"@type":"SearchAction","target":{"@type":"EntryPoint","urlTemplate":"https:\/\/portalnpm.com\/?s={search_term_string}"},"query-input":"required name=search_term_string"}],"inLanguage":"pt-BR"},{"@type":"Person","@id":"https:\/\/portalnpm.com\/#\/schema\/person\/35cb55186eae3f074b6783da6d35591e","name":"Zenilton Lima","image":{"@type":"ImageObject","inLanguage":"pt-BR","@id":"https:\/\/portalnpm.com\/#\/schema\/person\/image\/","url":"https:\/\/portalnpm.com\/wp-content\/uploads\/2024\/12\/avatar_user_8_1733658137-96x96.jpeg","contentUrl":"https:\/\/portalnpm.com\/wp-content\/uploads\/2024\/12\/avatar_user_8_1733658137-96x96.jpeg","caption":"Zenilton Lima"},"url":"https:\/\/portalnpm.com\/index.php\/author\/zenilton\/"}]}},"jetpack_sharing_enabled":true,"jetpack_featured_media_url":"","_links":{"self":[{"href":"https:\/\/portalnpm.com\/index.php\/wp-json\/wp\/v2\/posts\/5201"}],"collection":[{"href":"https:\/\/portalnpm.com\/index.php\/wp-json\/wp\/v2\/posts"}],"about":[{"href":"https:\/\/portalnpm.com\/index.php\/wp-json\/wp\/v2\/types\/post"}],"author":[{"embeddable":true,"href":"https:\/\/portalnpm.com\/index.php\/wp-json\/wp\/v2\/users\/8"}],"replies":[{"embeddable":true,"href":"https:\/\/portalnpm.com\/index.php\/wp-json\/wp\/v2\/comments?post=5201"}],"version-history":[{"count":0,"href":"https:\/\/portalnpm.com\/index.php\/wp-json\/wp\/v2\/posts\/5201\/revisions"}],"wp:featuredmedia":[{"embeddable":true,"href":"https:\/\/portalnpm.com\/index.php\/wp-json\/"}],"wp:attachment":[{"href":"https:\/\/portalnpm.com\/index.php\/wp-json\/wp\/v2\/media?parent=5201"}],"wp:term":[{"taxonomy":"category","embeddable":true,"href":"https:\/\/portalnpm.com\/index.php\/wp-json\/wp\/v2\/categories?post=5201"},{"taxonomy":"post_tag","embeddable":true,"href":"https:\/\/portalnpm.com\/index.php\/wp-json\/wp\/v2\/tags?post=5201"}],"curies":[{"name":"wp","href":"https:\/\/api.w.org\/{rel}","templated":true}]}}