{"id":52019,"date":"2020-04-08T01:23:28","date_gmt":"2020-04-08T04:23:28","guid":{"rendered":"https:\/\/portalnpm.com\/index.php\/2020\/04\/08\/em-alegrete-do-piaui-sete-dos-nove-vereadores-trocam-de-partido-durante-a-janela-partidaria-veja\/"},"modified":"2020-04-08T01:23:28","modified_gmt":"2020-04-08T04:23:28","slug":"em-alegrete-do-piaui-sete-dos-nove-vereadores-trocam-de-partido-durante-a-janela-partidaria-veja","status":"publish","type":"post","link":"https:\/\/portalnpm.com\/index.php\/2020\/04\/08\/em-alegrete-do-piaui-sete-dos-nove-vereadores-trocam-de-partido-durante-a-janela-partidaria-veja\/","title":{"rendered":"Em Alegrete do Piau\u00ed, sete dos nove vereadores trocam de partido durante a &#8216;janela partid\u00e1ria&#8217;; veja!"},"content":{"rendered":"<p><span style=\"color: #808080;\"><em>Foto em destaque: Cidades na Net<\/em><\/span><\/p>\n<p style=\"text-align: justify;\">Sete vereadores da C\u00e2mara Municipal de Alegrete do Piau\u00ed mudaram de partido durante a janela partid\u00e1ria que se encerrou no \u00faltimo dia 3. O realinhamento pol\u00edtico do parlamento alegretense demonstra nitidamente os grupos que ir\u00e3o disputar a elei\u00e7\u00e3o em outubro deste ano.<\/p>\n<p style=\"text-align: justify;\">Dos 9 vereadores, apenas 2 permaneceram em seus respectivos partidos: Cl\u00e1udio do Milton e Lucemberg Alencar, ambos no PT.<\/p>\n<p style=\"text-align: justify;\">Os vereadores que mudaram de partido foram Constancio Ramos, atual presidente da C\u00e2mara, que trocou o Progressistas pelo PL; Firmino Pedro, que deixou o PSD e se filiou tamb\u00e9m no PL; Luis Carlos, que saiu do PSD para assinar com o PT; Erasmo Ara\u00fajo, que deixou o PSC e tamb\u00e9m ingressou no PT; Seu Manel, que trocou o PRTB pelo Solidariedade; Mateus Vicente, que deixou PRP e tamb\u00e9m ingressou no Solidariedade e Bel Ramos, que trocou o PSB pelo Republicanos.<\/p>\n<p style=\"text-align: justify;\">Com isso, houve uma grande dan\u00e7a de cadeiras no parlamento local, antigos partidos perderam assentos, enquanto novos partidos ganharam mandat\u00e1rios. O plen\u00e1rio permanece com a maioria no campo da oposi\u00e7\u00e3o, 5 dos 9 vereadores.<\/p>\n<p style=\"text-align: justify;\">Mesmo com a pandemia do novo coronav\u00edrus (Covid-19) e expecula\u00e7\u00f5e sobre poss\u00edvel adiamento das elei\u00e7\u00f5es municipais deste ano, o TSE (Tribunal Superior Eleitoral) manteve os prazos j\u00e1 previamente estabelecidos no calend\u00e1rio eleitoral.<\/p>\n","protected":false},"excerpt":{"rendered":"<p>Foto em destaque: Cidades na Net Sete vereadores da C\u00e2mara Municipal de Alegrete do Piau\u00ed mudaram de partido durante a janela partid\u00e1ria que se encerrou no \u00faltimo dia 3. O realinhamento pol\u00edtico do parlamento alegretense demonstra nitidamente os grupos que ir\u00e3o disputar a elei\u00e7\u00e3o em outubro deste ano. Dos 9 vereadores, apenas 2 permaneceram em &hellip;<\/p>\n","protected":false},"author":3,"featured_media":19222,"comment_status":"open","ping_status":"open","sticky":false,"template":"","format":"standard","meta":{"content-type":"","rop_custom_images_group":[],"rop_custom_messages_group":[],"rop_publish_now":"initial","rop_publish_now_accounts":{"facebook_2648258775420054_1618374048415101":""},"rop_publish_now_history":[],"rop_publish_now_status":"pending","footnotes":"","_jetpack_memberships_contains_paid_content":false},"categories":[110,113,109],"tags":[111,665,4064,3337],"yoast_head":"<!-- This site is optimized with the Yoast SEO plugin v22.3 - https:\/\/yoast.com\/wordpress\/plugins\/seo\/ -->\n<title>Em Alegrete do Piau\u00ed, sete dos nove vereadores trocam de partido durante a &#039;janela partid\u00e1ria&#039;; veja!<\/title>\n<meta name=\"robots\" content=\"index, follow, max-snippet:-1, max-image-preview:large, max-video-preview:-1\" \/>\n<link rel=\"canonical\" href=\"https:\/\/portalnpm.com\/index.php\/2020\/04\/08\/em-alegrete-do-piaui-sete-dos-nove-vereadores-trocam-de-partido-durante-a-janela-partidaria-veja\/\" \/>\n<meta property=\"og:locale\" content=\"pt_BR\" \/>\n<meta property=\"og:type\" content=\"article\" \/>\n<meta property=\"og:title\" content=\"Em Alegrete do Piau\u00ed, sete dos nove vereadores trocam de partido durante a &#039;janela partid\u00e1ria&#039;; veja!\" \/>\n<meta property=\"og:description\" content=\"Foto em destaque: Cidades na Net Sete vereadores da C\u00e2mara Municipal de Alegrete do Piau\u00ed mudaram de partido durante a janela partid\u00e1ria que se encerrou no \u00faltimo dia 3. O realinhamento pol\u00edtico do parlamento alegretense demonstra nitidamente os grupos que ir\u00e3o disputar a elei\u00e7\u00e3o em outubro deste ano. Dos 9 vereadores, apenas 2 permaneceram em &hellip;\" \/>\n<meta property=\"og:url\" content=\"https:\/\/portalnpm.com\/index.php\/2020\/04\/08\/em-alegrete-do-piaui-sete-dos-nove-vereadores-trocam-de-partido-durante-a-janela-partidaria-veja\/\" \/>\n<meta property=\"og:site_name\" content=\"Portal NPM\" \/>\n<meta property=\"article:published_time\" content=\"2020-04-08T04:23:28+00:00\" \/>\n<meta name=\"author\" content=\"Luis Alberto\" \/>\n<meta name=\"twitter:card\" content=\"summary_large_image\" \/>\n<meta name=\"twitter:label1\" content=\"Escrito por\" \/>\n\t<meta name=\"twitter:data1\" content=\"Luis Alberto\" \/>\n\t<meta name=\"twitter:label2\" content=\"Est. tempo de leitura\" \/>\n\t<meta name=\"twitter:data2\" content=\"1 minuto\" \/>\n<script type=\"application\/ld+json\" class=\"yoast-schema-graph\">{\"@context\":\"https:\/\/schema.org\",\"@graph\":[{\"@type\":\"WebPage\",\"@id\":\"https:\/\/portalnpm.com\/index.php\/2020\/04\/08\/em-alegrete-do-piaui-sete-dos-nove-vereadores-trocam-de-partido-durante-a-janela-partidaria-veja\/\",\"url\":\"https:\/\/portalnpm.com\/index.php\/2020\/04\/08\/em-alegrete-do-piaui-sete-dos-nove-vereadores-trocam-de-partido-durante-a-janela-partidaria-veja\/\",\"name\":\"Em Alegrete do Piau\u00ed, sete dos nove vereadores trocam de partido durante a 'janela partid\u00e1ria'; veja!\",\"isPartOf\":{\"@id\":\"https:\/\/portalnpm.com\/#website\"},\"primaryImageOfPage\":{\"@id\":\"https:\/\/portalnpm.com\/index.php\/2020\/04\/08\/em-alegrete-do-piaui-sete-dos-nove-vereadores-trocam-de-partido-durante-a-janela-partidaria-veja\/#primaryimage\"},\"image\":{\"@id\":\"https:\/\/portalnpm.com\/index.php\/2020\/04\/08\/em-alegrete-do-piaui-sete-dos-nove-vereadores-trocam-de-partido-durante-a-janela-partidaria-veja\/#primaryimage\"},\"thumbnailUrl\":\"\",\"datePublished\":\"2020-04-08T04:23:28+00:00\",\"dateModified\":\"2020-04-08T04:23:28+00:00\",\"author\":{\"@id\":\"https:\/\/portalnpm.com\/#\/schema\/person\/5c8006acdf71774cd4e7a5ab98482152\"},\"breadcrumb\":{\"@id\":\"https:\/\/portalnpm.com\/index.php\/2020\/04\/08\/em-alegrete-do-piaui-sete-dos-nove-vereadores-trocam-de-partido-durante-a-janela-partidaria-veja\/#breadcrumb\"},\"inLanguage\":\"pt-BR\",\"potentialAction\":[{\"@type\":\"ReadAction\",\"target\":[\"https:\/\/portalnpm.com\/index.php\/2020\/04\/08\/em-alegrete-do-piaui-sete-dos-nove-vereadores-trocam-de-partido-durante-a-janela-partidaria-veja\/\"]}]},{\"@type\":\"ImageObject\",\"inLanguage\":\"pt-BR\",\"@id\":\"https:\/\/portalnpm.com\/index.php\/2020\/04\/08\/em-alegrete-do-piaui-sete-dos-nove-vereadores-trocam-de-partido-durante-a-janela-partidaria-veja\/#primaryimage\",\"url\":\"\",\"contentUrl\":\"\"},{\"@type\":\"BreadcrumbList\",\"@id\":\"https:\/\/portalnpm.com\/index.php\/2020\/04\/08\/em-alegrete-do-piaui-sete-dos-nove-vereadores-trocam-de-partido-durante-a-janela-partidaria-veja\/#breadcrumb\",\"itemListElement\":[{\"@type\":\"ListItem\",\"position\":1,\"name\":\"In\u00edcio\",\"item\":\"https:\/\/portalnpm.com\/\"},{\"@type\":\"ListItem\",\"position\":2,\"name\":\"Em Alegrete do Piau\u00ed, sete dos nove vereadores trocam de partido durante a &#8216;janela partid\u00e1ria&#8217;; veja!\"}]},{\"@type\":\"WebSite\",\"@id\":\"https:\/\/portalnpm.com\/#website\",\"url\":\"https:\/\/portalnpm.com\/\",\"name\":\"Portal NPM\",\"description\":\"Not\u00edcias em Primeira M\u00e3o\",\"potentialAction\":[{\"@type\":\"SearchAction\",\"target\":{\"@type\":\"EntryPoint\",\"urlTemplate\":\"https:\/\/portalnpm.com\/?s={search_term_string}\"},\"query-input\":\"required name=search_term_string\"}],\"inLanguage\":\"pt-BR\"},{\"@type\":\"Person\",\"@id\":\"https:\/\/portalnpm.com\/#\/schema\/person\/5c8006acdf71774cd4e7a5ab98482152\",\"name\":\"Luis Alberto\",\"image\":{\"@type\":\"ImageObject\",\"inLanguage\":\"pt-BR\",\"@id\":\"https:\/\/portalnpm.com\/#\/schema\/person\/image\/\",\"url\":\"https:\/\/portalnpm.com\/wp-content\/uploads\/2024\/12\/avatar_user_3_1734699769-96x96.jpeg\",\"contentUrl\":\"https:\/\/portalnpm.com\/wp-content\/uploads\/2024\/12\/avatar_user_3_1734699769-96x96.jpeg\",\"caption\":\"Luis Alberto\"},\"description\":\"Editor-geral do Portal NPM, \u00e9 formado como T\u00e9cnico em Seguran\u00e7a do Trabalho pela Escola Metropolitana de Cursos T\u00e9cnicos. Det\u00e9m ainda licenciatura em Educa\u00e7\u00e3o F\u00edsica e bacharelado em Ci\u00eancias Pol\u00edticas, ambos obtidos pela institui\u00e7\u00e3o Anhanguera\/UNOPAR.\",\"url\":\"https:\/\/portalnpm.com\/index.php\/author\/pereira\/\"}]}<\/script>\n<!-- \/ Yoast SEO plugin. -->","yoast_head_json":{"title":"Em Alegrete do Piau\u00ed, sete dos nove vereadores trocam de partido durante a 'janela partid\u00e1ria'; veja!","robots":{"index":"index","follow":"follow","max-snippet":"max-snippet:-1","max-image-preview":"max-image-preview:large","max-video-preview":"max-video-preview:-1"},"canonical":"https:\/\/portalnpm.com\/index.php\/2020\/04\/08\/em-alegrete-do-piaui-sete-dos-nove-vereadores-trocam-de-partido-durante-a-janela-partidaria-veja\/","og_locale":"pt_BR","og_type":"article","og_title":"Em Alegrete do Piau\u00ed, sete dos nove vereadores trocam de partido durante a 'janela partid\u00e1ria'; veja!","og_description":"Foto em destaque: Cidades na Net Sete vereadores da C\u00e2mara Municipal de Alegrete do Piau\u00ed mudaram de partido durante a janela partid\u00e1ria que se encerrou no \u00faltimo dia 3. O realinhamento pol\u00edtico do parlamento alegretense demonstra nitidamente os grupos que ir\u00e3o disputar a elei\u00e7\u00e3o em outubro deste ano. Dos 9 vereadores, apenas 2 permaneceram em &hellip;","og_url":"https:\/\/portalnpm.com\/index.php\/2020\/04\/08\/em-alegrete-do-piaui-sete-dos-nove-vereadores-trocam-de-partido-durante-a-janela-partidaria-veja\/","og_site_name":"Portal NPM","article_published_time":"2020-04-08T04:23:28+00:00","author":"Luis Alberto","twitter_card":"summary_large_image","twitter_misc":{"Escrito por":"Luis Alberto","Est. tempo de leitura":"1 minuto"},"schema":{"@context":"https:\/\/schema.org","@graph":[{"@type":"WebPage","@id":"https:\/\/portalnpm.com\/index.php\/2020\/04\/08\/em-alegrete-do-piaui-sete-dos-nove-vereadores-trocam-de-partido-durante-a-janela-partidaria-veja\/","url":"https:\/\/portalnpm.com\/index.php\/2020\/04\/08\/em-alegrete-do-piaui-sete-dos-nove-vereadores-trocam-de-partido-durante-a-janela-partidaria-veja\/","name":"Em Alegrete do Piau\u00ed, sete dos nove vereadores trocam de partido durante a 'janela partid\u00e1ria'; veja!","isPartOf":{"@id":"https:\/\/portalnpm.com\/#website"},"primaryImageOfPage":{"@id":"https:\/\/portalnpm.com\/index.php\/2020\/04\/08\/em-alegrete-do-piaui-sete-dos-nove-vereadores-trocam-de-partido-durante-a-janela-partidaria-veja\/#primaryimage"},"image":{"@id":"https:\/\/portalnpm.com\/index.php\/2020\/04\/08\/em-alegrete-do-piaui-sete-dos-nove-vereadores-trocam-de-partido-durante-a-janela-partidaria-veja\/#primaryimage"},"thumbnailUrl":"","datePublished":"2020-04-08T04:23:28+00:00","dateModified":"2020-04-08T04:23:28+00:00","author":{"@id":"https:\/\/portalnpm.com\/#\/schema\/person\/5c8006acdf71774cd4e7a5ab98482152"},"breadcrumb":{"@id":"https:\/\/portalnpm.com\/index.php\/2020\/04\/08\/em-alegrete-do-piaui-sete-dos-nove-vereadores-trocam-de-partido-durante-a-janela-partidaria-veja\/#breadcrumb"},"inLanguage":"pt-BR","potentialAction":[{"@type":"ReadAction","target":["https:\/\/portalnpm.com\/index.php\/2020\/04\/08\/em-alegrete-do-piaui-sete-dos-nove-vereadores-trocam-de-partido-durante-a-janela-partidaria-veja\/"]}]},{"@type":"ImageObject","inLanguage":"pt-BR","@id":"https:\/\/portalnpm.com\/index.php\/2020\/04\/08\/em-alegrete-do-piaui-sete-dos-nove-vereadores-trocam-de-partido-durante-a-janela-partidaria-veja\/#primaryimage","url":"","contentUrl":""},{"@type":"BreadcrumbList","@id":"https:\/\/portalnpm.com\/index.php\/2020\/04\/08\/em-alegrete-do-piaui-sete-dos-nove-vereadores-trocam-de-partido-durante-a-janela-partidaria-veja\/#breadcrumb","itemListElement":[{"@type":"ListItem","position":1,"name":"In\u00edcio","item":"https:\/\/portalnpm.com\/"},{"@type":"ListItem","position":2,"name":"Em Alegrete do Piau\u00ed, sete dos nove vereadores trocam de partido durante a &#8216;janela partid\u00e1ria&#8217;; veja!"}]},{"@type":"WebSite","@id":"https:\/\/portalnpm.com\/#website","url":"https:\/\/portalnpm.com\/","name":"Portal NPM","description":"Not\u00edcias em Primeira M\u00e3o","potentialAction":[{"@type":"SearchAction","target":{"@type":"EntryPoint","urlTemplate":"https:\/\/portalnpm.com\/?s={search_term_string}"},"query-input":"required name=search_term_string"}],"inLanguage":"pt-BR"},{"@type":"Person","@id":"https:\/\/portalnpm.com\/#\/schema\/person\/5c8006acdf71774cd4e7a5ab98482152","name":"Luis Alberto","image":{"@type":"ImageObject","inLanguage":"pt-BR","@id":"https:\/\/portalnpm.com\/#\/schema\/person\/image\/","url":"https:\/\/portalnpm.com\/wp-content\/uploads\/2024\/12\/avatar_user_3_1734699769-96x96.jpeg","contentUrl":"https:\/\/portalnpm.com\/wp-content\/uploads\/2024\/12\/avatar_user_3_1734699769-96x96.jpeg","caption":"Luis Alberto"},"description":"Editor-geral do Portal NPM, \u00e9 formado como T\u00e9cnico em Seguran\u00e7a do Trabalho pela Escola Metropolitana de Cursos T\u00e9cnicos. Det\u00e9m ainda licenciatura em Educa\u00e7\u00e3o F\u00edsica e bacharelado em Ci\u00eancias Pol\u00edticas, ambos obtidos pela institui\u00e7\u00e3o Anhanguera\/UNOPAR.","url":"https:\/\/portalnpm.com\/index.php\/author\/pereira\/"}]}},"jetpack_sharing_enabled":true,"jetpack_featured_media_url":"","_links":{"self":[{"href":"https:\/\/portalnpm.com\/index.php\/wp-json\/wp\/v2\/posts\/52019"}],"collection":[{"href":"https:\/\/portalnpm.com\/index.php\/wp-json\/wp\/v2\/posts"}],"about":[{"href":"https:\/\/portalnpm.com\/index.php\/wp-json\/wp\/v2\/types\/post"}],"author":[{"embeddable":true,"href":"https:\/\/portalnpm.com\/index.php\/wp-json\/wp\/v2\/users\/3"}],"replies":[{"embeddable":true,"href":"https:\/\/portalnpm.com\/index.php\/wp-json\/wp\/v2\/comments?post=52019"}],"version-history":[{"count":0,"href":"https:\/\/portalnpm.com\/index.php\/wp-json\/wp\/v2\/posts\/52019\/revisions"}],"wp:featuredmedia":[{"embeddable":true,"href":"https:\/\/portalnpm.com\/index.php\/wp-json\/"}],"wp:attachment":[{"href":"https:\/\/portalnpm.com\/index.php\/wp-json\/wp\/v2\/media?parent=52019"}],"wp:term":[{"taxonomy":"category","embeddable":true,"href":"https:\/\/portalnpm.com\/index.php\/wp-json\/wp\/v2\/categories?post=52019"},{"taxonomy":"post_tag","embeddable":true,"href":"https:\/\/portalnpm.com\/index.php\/wp-json\/wp\/v2\/tags?post=52019"}],"curies":[{"name":"wp","href":"https:\/\/api.w.org\/{rel}","templated":true}]}}