{"id":5204,"date":"2019-01-25T14:21:28","date_gmt":"2019-01-25T16:21:28","guid":{"rendered":"http:\/\/srv.portalnpm.com.br\/?p=5204"},"modified":"2019-01-25T14:21:28","modified_gmt":"2019-01-25T16:21:28","slug":"heraclito-e-elmano-querem-manter-avelino-na-codevasf","status":"publish","type":"post","link":"https:\/\/portalnpm.com\/index.php\/2019\/01\/25\/heraclito-e-elmano-querem-manter-avelino-na-codevasf\/","title":{"rendered":"Her\u00e1clito e Elmano querem manter Avelino na Codevasf"},"content":{"rendered":"<p style=\"text-align: justify;\">A Companhia de Desenvolvimento das Bacias do S\u00e3o Francisco e Parna\u00edba (Codevasf) virou um dos grandes objetivos do Piau\u00ed dentro do governo de Jair Bolsonaro (PSL). Atualmente a presid\u00eancia nacional da empresa est\u00e1 nas m\u00e3os do piauiense Avelino Neiva, que permaneceu no posto a partir do aval do deputado Her\u00e1clito Fortes (DEM).<\/p>\n<p style=\"text-align: justify;\">Ocorre que agora quem deseja o posto \u00e9 o presidente do PSL no estado, F\u00e1bio S\u00e9rvio. F\u00e1bio at\u00e9 j\u00e1 indicou um nome para o cargo, que vem a ser de um militar piauiense hoje na reserva da Aeron\u00e1utica. Mas Avelino ainda n\u00e3o foi de todo descartado. Her\u00e1clito Fortes, que fica sem mandato daqui a uma semana, continua com prest\u00edgio junto ao novo governo. E est\u00e1 se movimentando para manter Avelino na presid\u00eancia da Codevasf.<\/p>\n<p style=\"text-align: justify;\">Avelino Neiva pode ter agora um refor\u00e7o e tanto, de um parlamentar com mandato e com assento no Senado: o senador Elmano Ferrer (SD). Elmano foi o primeiro congressista do Piau\u00ed a manifestar apoio a Jair Bolsonaro, logo em seguida ao primeiro turno da disputa. Ele esteve pessoalmente com o ent\u00e3o candidato, no Rio de Janeiro. E, nas \u00faltimas semanas, tem mantido di\u00e1logo com ministros do governo e com articuladores palacianos.<\/p>\n<p style=\"text-align: justify;\">A expectativa \u00e9 que essa defini\u00e7\u00e3o ocorra nos pr\u00f3ximos dias e lideran\u00e7as de outros estados \u2013 em especial de Pernambuco \u2013 cobi\u00e7am o posto. N\u00e3o \u00e9 para menos: a Codevasf tem grande capacidade de investimentos, sobretudo no sert\u00e3o nordestino. Apesar da pretens\u00e3o de outros estados, h\u00e1 grande possibilidade do Piau\u00ed manter o comando da Codevasf, seja atrav\u00e9s da indica\u00e7\u00e3o de F\u00e1bio S\u00e9rvio, seja pela reivindica\u00e7\u00e3o da dupla Her\u00e1clito e Elmano.<\/p>\n<p style=\"text-align: justify;\"><strong>Fonte: Cidade Verde<\/strong><\/p>\n","protected":false},"excerpt":{"rendered":"<p>A Companhia de Desenvolvimento das Bacias do S\u00e3o Francisco e Parna\u00edba (Codevasf) virou um dos grandes objetivos do Piau\u00ed dentro do governo de Jair Bolsonaro (PSL). Atualmente a presid\u00eancia nacional da empresa est\u00e1 nas m\u00e3os do piauiense Avelino Neiva, que permaneceu no posto a partir do aval do deputado Her\u00e1clito Fortes (DEM). Ocorre que agora &hellip;<\/p>\n","protected":false},"author":4,"featured_media":5205,"comment_status":"open","ping_status":"open","sticky":false,"template":"","format":"standard","meta":{"content-type":"","rop_custom_images_group":[],"rop_custom_messages_group":[],"rop_publish_now":"initial","rop_publish_now_accounts":{"facebook_2648258775420054_1618374048415101":""},"rop_publish_now_history":[],"rop_publish_now_status":"pending","footnotes":"","_jetpack_memberships_contains_paid_content":false},"categories":[113,130],"tags":[2081,2082,1399,2083,2084,2085],"yoast_head":"<!-- This site is optimized with the Yoast SEO plugin v22.3 - https:\/\/yoast.com\/wordpress\/plugins\/seo\/ -->\n<title>Her\u00e1clito e Elmano querem manter Avelino na Codevasf - Portal NPM<\/title>\n<meta name=\"robots\" content=\"index, follow, max-snippet:-1, max-image-preview:large, max-video-preview:-1\" \/>\n<link rel=\"canonical\" href=\"https:\/\/portalnpm.com\/index.php\/2019\/01\/25\/heraclito-e-elmano-querem-manter-avelino-na-codevasf\/\" \/>\n<meta property=\"og:locale\" content=\"pt_BR\" \/>\n<meta property=\"og:type\" content=\"article\" \/>\n<meta property=\"og:title\" content=\"Her\u00e1clito e Elmano querem manter Avelino na Codevasf - Portal NPM\" \/>\n<meta property=\"og:description\" content=\"A Companhia de Desenvolvimento das Bacias do S\u00e3o Francisco e Parna\u00edba (Codevasf) virou um dos grandes objetivos do Piau\u00ed dentro do governo de Jair Bolsonaro (PSL). Atualmente a presid\u00eancia nacional da empresa est\u00e1 nas m\u00e3os do piauiense Avelino Neiva, que permaneceu no posto a partir do aval do deputado Her\u00e1clito Fortes (DEM). Ocorre que agora &hellip;\" \/>\n<meta property=\"og:url\" content=\"https:\/\/portalnpm.com\/index.php\/2019\/01\/25\/heraclito-e-elmano-querem-manter-avelino-na-codevasf\/\" \/>\n<meta property=\"og:site_name\" content=\"Portal NPM\" \/>\n<meta property=\"article:published_time\" content=\"2019-01-25T16:21:28+00:00\" \/>\n<meta name=\"author\" content=\"Reda\u00e7\u00e3o\" \/>\n<meta name=\"twitter:card\" content=\"summary_large_image\" \/>\n<meta name=\"twitter:label1\" content=\"Escrito por\" \/>\n\t<meta name=\"twitter:data1\" content=\"Reda\u00e7\u00e3o\" \/>\n\t<meta name=\"twitter:label2\" content=\"Est. tempo de leitura\" \/>\n\t<meta name=\"twitter:data2\" content=\"1 minuto\" \/>\n<script type=\"application\/ld+json\" class=\"yoast-schema-graph\">{\"@context\":\"https:\/\/schema.org\",\"@graph\":[{\"@type\":\"WebPage\",\"@id\":\"https:\/\/portalnpm.com\/index.php\/2019\/01\/25\/heraclito-e-elmano-querem-manter-avelino-na-codevasf\/\",\"url\":\"https:\/\/portalnpm.com\/index.php\/2019\/01\/25\/heraclito-e-elmano-querem-manter-avelino-na-codevasf\/\",\"name\":\"Her\u00e1clito e Elmano querem manter Avelino na Codevasf - Portal NPM\",\"isPartOf\":{\"@id\":\"https:\/\/portalnpm.com\/#website\"},\"primaryImageOfPage\":{\"@id\":\"https:\/\/portalnpm.com\/index.php\/2019\/01\/25\/heraclito-e-elmano-querem-manter-avelino-na-codevasf\/#primaryimage\"},\"image\":{\"@id\":\"https:\/\/portalnpm.com\/index.php\/2019\/01\/25\/heraclito-e-elmano-querem-manter-avelino-na-codevasf\/#primaryimage\"},\"thumbnailUrl\":\"\",\"datePublished\":\"2019-01-25T16:21:28+00:00\",\"dateModified\":\"2019-01-25T16:21:28+00:00\",\"author\":{\"@id\":\"https:\/\/portalnpm.com\/#\/schema\/person\/0b5f230ec96cee25504fa328e7f2b733\"},\"breadcrumb\":{\"@id\":\"https:\/\/portalnpm.com\/index.php\/2019\/01\/25\/heraclito-e-elmano-querem-manter-avelino-na-codevasf\/#breadcrumb\"},\"inLanguage\":\"pt-BR\",\"potentialAction\":[{\"@type\":\"ReadAction\",\"target\":[\"https:\/\/portalnpm.com\/index.php\/2019\/01\/25\/heraclito-e-elmano-querem-manter-avelino-na-codevasf\/\"]}]},{\"@type\":\"ImageObject\",\"inLanguage\":\"pt-BR\",\"@id\":\"https:\/\/portalnpm.com\/index.php\/2019\/01\/25\/heraclito-e-elmano-querem-manter-avelino-na-codevasf\/#primaryimage\",\"url\":\"\",\"contentUrl\":\"\"},{\"@type\":\"BreadcrumbList\",\"@id\":\"https:\/\/portalnpm.com\/index.php\/2019\/01\/25\/heraclito-e-elmano-querem-manter-avelino-na-codevasf\/#breadcrumb\",\"itemListElement\":[{\"@type\":\"ListItem\",\"position\":1,\"name\":\"In\u00edcio\",\"item\":\"https:\/\/portalnpm.com\/\"},{\"@type\":\"ListItem\",\"position\":2,\"name\":\"Her\u00e1clito e Elmano querem manter Avelino na Codevasf\"}]},{\"@type\":\"WebSite\",\"@id\":\"https:\/\/portalnpm.com\/#website\",\"url\":\"https:\/\/portalnpm.com\/\",\"name\":\"Portal NPM\",\"description\":\"Not\u00edcias em Primeira M\u00e3o\",\"potentialAction\":[{\"@type\":\"SearchAction\",\"target\":{\"@type\":\"EntryPoint\",\"urlTemplate\":\"https:\/\/portalnpm.com\/?s={search_term_string}\"},\"query-input\":\"required name=search_term_string\"}],\"inLanguage\":\"pt-BR\"},{\"@type\":\"Person\",\"@id\":\"https:\/\/portalnpm.com\/#\/schema\/person\/0b5f230ec96cee25504fa328e7f2b733\",\"name\":\"Reda\u00e7\u00e3o\",\"image\":{\"@type\":\"ImageObject\",\"inLanguage\":\"pt-BR\",\"@id\":\"https:\/\/portalnpm.com\/#\/schema\/person\/image\/\",\"url\":\"https:\/\/portalnpm.com\/wp-content\/uploads\/2024\/03\/avatar_user_4_1710097212-96x96.png\",\"contentUrl\":\"https:\/\/portalnpm.com\/wp-content\/uploads\/2024\/03\/avatar_user_4_1710097212-96x96.png\",\"caption\":\"Reda\u00e7\u00e3o\"},\"url\":\"https:\/\/portalnpm.com\/index.php\/author\/redacao\/\"}]}<\/script>\n<!-- \/ Yoast SEO plugin. -->","yoast_head_json":{"title":"Her\u00e1clito e Elmano querem manter Avelino na Codevasf - Portal NPM","robots":{"index":"index","follow":"follow","max-snippet":"max-snippet:-1","max-image-preview":"max-image-preview:large","max-video-preview":"max-video-preview:-1"},"canonical":"https:\/\/portalnpm.com\/index.php\/2019\/01\/25\/heraclito-e-elmano-querem-manter-avelino-na-codevasf\/","og_locale":"pt_BR","og_type":"article","og_title":"Her\u00e1clito e Elmano querem manter Avelino na Codevasf - Portal NPM","og_description":"A Companhia de Desenvolvimento das Bacias do S\u00e3o Francisco e Parna\u00edba (Codevasf) virou um dos grandes objetivos do Piau\u00ed dentro do governo de Jair Bolsonaro (PSL). Atualmente a presid\u00eancia nacional da empresa est\u00e1 nas m\u00e3os do piauiense Avelino Neiva, que permaneceu no posto a partir do aval do deputado Her\u00e1clito Fortes (DEM). Ocorre que agora &hellip;","og_url":"https:\/\/portalnpm.com\/index.php\/2019\/01\/25\/heraclito-e-elmano-querem-manter-avelino-na-codevasf\/","og_site_name":"Portal NPM","article_published_time":"2019-01-25T16:21:28+00:00","author":"Reda\u00e7\u00e3o","twitter_card":"summary_large_image","twitter_misc":{"Escrito por":"Reda\u00e7\u00e3o","Est. tempo de leitura":"1 minuto"},"schema":{"@context":"https:\/\/schema.org","@graph":[{"@type":"WebPage","@id":"https:\/\/portalnpm.com\/index.php\/2019\/01\/25\/heraclito-e-elmano-querem-manter-avelino-na-codevasf\/","url":"https:\/\/portalnpm.com\/index.php\/2019\/01\/25\/heraclito-e-elmano-querem-manter-avelino-na-codevasf\/","name":"Her\u00e1clito e Elmano querem manter Avelino na Codevasf - Portal NPM","isPartOf":{"@id":"https:\/\/portalnpm.com\/#website"},"primaryImageOfPage":{"@id":"https:\/\/portalnpm.com\/index.php\/2019\/01\/25\/heraclito-e-elmano-querem-manter-avelino-na-codevasf\/#primaryimage"},"image":{"@id":"https:\/\/portalnpm.com\/index.php\/2019\/01\/25\/heraclito-e-elmano-querem-manter-avelino-na-codevasf\/#primaryimage"},"thumbnailUrl":"","datePublished":"2019-01-25T16:21:28+00:00","dateModified":"2019-01-25T16:21:28+00:00","author":{"@id":"https:\/\/portalnpm.com\/#\/schema\/person\/0b5f230ec96cee25504fa328e7f2b733"},"breadcrumb":{"@id":"https:\/\/portalnpm.com\/index.php\/2019\/01\/25\/heraclito-e-elmano-querem-manter-avelino-na-codevasf\/#breadcrumb"},"inLanguage":"pt-BR","potentialAction":[{"@type":"ReadAction","target":["https:\/\/portalnpm.com\/index.php\/2019\/01\/25\/heraclito-e-elmano-querem-manter-avelino-na-codevasf\/"]}]},{"@type":"ImageObject","inLanguage":"pt-BR","@id":"https:\/\/portalnpm.com\/index.php\/2019\/01\/25\/heraclito-e-elmano-querem-manter-avelino-na-codevasf\/#primaryimage","url":"","contentUrl":""},{"@type":"BreadcrumbList","@id":"https:\/\/portalnpm.com\/index.php\/2019\/01\/25\/heraclito-e-elmano-querem-manter-avelino-na-codevasf\/#breadcrumb","itemListElement":[{"@type":"ListItem","position":1,"name":"In\u00edcio","item":"https:\/\/portalnpm.com\/"},{"@type":"ListItem","position":2,"name":"Her\u00e1clito e Elmano querem manter Avelino na Codevasf"}]},{"@type":"WebSite","@id":"https:\/\/portalnpm.com\/#website","url":"https:\/\/portalnpm.com\/","name":"Portal NPM","description":"Not\u00edcias em Primeira M\u00e3o","potentialAction":[{"@type":"SearchAction","target":{"@type":"EntryPoint","urlTemplate":"https:\/\/portalnpm.com\/?s={search_term_string}"},"query-input":"required name=search_term_string"}],"inLanguage":"pt-BR"},{"@type":"Person","@id":"https:\/\/portalnpm.com\/#\/schema\/person\/0b5f230ec96cee25504fa328e7f2b733","name":"Reda\u00e7\u00e3o","image":{"@type":"ImageObject","inLanguage":"pt-BR","@id":"https:\/\/portalnpm.com\/#\/schema\/person\/image\/","url":"https:\/\/portalnpm.com\/wp-content\/uploads\/2024\/03\/avatar_user_4_1710097212-96x96.png","contentUrl":"https:\/\/portalnpm.com\/wp-content\/uploads\/2024\/03\/avatar_user_4_1710097212-96x96.png","caption":"Reda\u00e7\u00e3o"},"url":"https:\/\/portalnpm.com\/index.php\/author\/redacao\/"}]}},"jetpack_sharing_enabled":true,"jetpack_featured_media_url":"","_links":{"self":[{"href":"https:\/\/portalnpm.com\/index.php\/wp-json\/wp\/v2\/posts\/5204"}],"collection":[{"href":"https:\/\/portalnpm.com\/index.php\/wp-json\/wp\/v2\/posts"}],"about":[{"href":"https:\/\/portalnpm.com\/index.php\/wp-json\/wp\/v2\/types\/post"}],"author":[{"embeddable":true,"href":"https:\/\/portalnpm.com\/index.php\/wp-json\/wp\/v2\/users\/4"}],"replies":[{"embeddable":true,"href":"https:\/\/portalnpm.com\/index.php\/wp-json\/wp\/v2\/comments?post=5204"}],"version-history":[{"count":0,"href":"https:\/\/portalnpm.com\/index.php\/wp-json\/wp\/v2\/posts\/5204\/revisions"}],"wp:featuredmedia":[{"embeddable":true,"href":"https:\/\/portalnpm.com\/index.php\/wp-json\/"}],"wp:attachment":[{"href":"https:\/\/portalnpm.com\/index.php\/wp-json\/wp\/v2\/media?parent=5204"}],"wp:term":[{"taxonomy":"category","embeddable":true,"href":"https:\/\/portalnpm.com\/index.php\/wp-json\/wp\/v2\/categories?post=5204"},{"taxonomy":"post_tag","embeddable":true,"href":"https:\/\/portalnpm.com\/index.php\/wp-json\/wp\/v2\/tags?post=5204"}],"curies":[{"name":"wp","href":"https:\/\/api.w.org\/{rel}","templated":true}]}}