{"id":5207,"date":"2019-01-25T14:32:51","date_gmt":"2019-01-25T16:32:51","guid":{"rendered":"http:\/\/srv.portalnpm.com.br\/?p=5207"},"modified":"2019-01-25T14:32:51","modified_gmt":"2019-01-25T16:32:51","slug":"pr-e-mais-4-partidos-podem-formar-maior-bloco-da-alepi","status":"publish","type":"post","link":"https:\/\/portalnpm.com\/index.php\/2019\/01\/25\/pr-e-mais-4-partidos-podem-formar-maior-bloco-da-alepi\/","title":{"rendered":"PR e mais 4 partidos podem formar maior bloco da Alepi"},"content":{"rendered":"<p style=\"text-align: justify;\">O Partido da Rep\u00fablica, o PR, est\u00e1 se juntando a outros tr\u00eas ou quatro partidos com o objetivo de formar o maior bloco parlamentar da Assembleia Legislativa. O objetivo final \u00e9 ter um peso maior na hora de definir o comando das principais comiss\u00f5es t\u00e9cnicas do Parlamento estadual. Al\u00e9m do PR, est\u00e1 certa a participa\u00e7\u00e3o de PSD, PPS e PRB, podendo ainda contar com a participa\u00e7\u00e3o do SD.<\/p>\n<p style=\"text-align: justify;\">O grupo se reuniu na tarde desta quarta-feira, em um restaurante da zona Leste de Teresina. Estavam presentes no encontro, pelo PR, o presidente do partido, deputado F\u00e1bio Xavier e mais Dr. H\u00e9lio e Carlos Augusto. Dividiam ainda a mesa os deputados Georgiano Neto (PSD), Pastor Gessivaldo Isaias (PRB) e Oliveira Neto (PPS) \u2013 al\u00e9m de Severo Eul\u00e1lio, do MDB. Durante o encontro, o deputado Evaldo Gomes telefonou para o grupo, dando indica\u00e7\u00f5es de que pode integrar o bloco.<\/p>\n<p style=\"text-align: justify;\">Na composi\u00e7\u00e3o da Assembleia Legislativa que inicia nova legislatura no dia 1\u00ba de fevereiro, o partido com maior representa\u00e7\u00e3o \u00e9 o MDB, com 6 deputados. Se o bloco parlamentar em forma\u00e7\u00e3o tiver a participa\u00e7\u00e3o de Evaldo, pode chegar a 7. Como maior grupo parlamentar, poderia reivindicar o comando de comiss\u00f5es importantes, como da estrat\u00e9gica CCJ.<\/p>\n<p><strong>Governistas e oposicionistas<\/strong><\/p>\n<p style=\"text-align: justify;\">O grupo tem dois deputados que foram eleitos em coliga\u00e7\u00f5es de oposi\u00e7\u00e3o \u2013 Gessivaldo Isaias e Oliveira Neto. No caso de Oliveira, ele apenas integrava formalmente uma alian\u00e7a oposicionista, j\u00e1 que toda a campanha foi ao lado de Wellington Dias. J\u00e1 Gessivaldo, mesmo n\u00e3o estando integralmente no palanque governista, teve boa parte de sua atua\u00e7\u00e3o atrelada a aliados do governador.<\/p>\n<p style=\"text-align: justify;\">Esse grupo pode ter ainda um terceiro eleito em alian\u00e7a oposicionista, caso Evaldo Gomes passe a integrar o bloco. Claramente o bloco mostra uma \u201ccara governista\u201d, a come\u00e7ar pelos tr\u00eas representantes do PR, estreitamente vinculados ao Pal\u00e1cio do Karnak, assim com o pessedista Georgiano Neto. Se o grupo comandar comiss\u00f5es estrat\u00e9gicas, n\u00e3o deve gerar problemas para o governo \u2013 muito pelo contr\u00e1rio.<\/p>\n<p><strong>Evaldo deve deixar \u2018bloco da oposi\u00e7\u00e3o\u2019<\/strong><\/p>\n<p style=\"text-align: justify;\">Evaldo Gomes deu claros sinais de que integraria o chamado bloco de oposi\u00e7\u00e3o, que tem Gustavo Neiva (PSB), Marden Menezes (PSDB) e Teresa Brito (PV). Chegou a defender o apoio em bloco ao deputado Them\u00edstocles Filho. Evaldo pode seguir em um bloco que apoiar\u00e1 integralmente Them\u00edstocles. Mas n\u00e3o deve ser mais o \u201cbloco de oposi\u00e7\u00e3o\u201d, e sim o grupo que tem \u00e0 frente o PR e o PSD.<\/p>\n<p style=\"text-align: justify;\"><strong>Fonte: Cidade Verde\u00a0<\/strong><\/p>\n","protected":false},"excerpt":{"rendered":"<p>O Partido da Rep\u00fablica, o PR, est\u00e1 se juntando a outros tr\u00eas ou quatro partidos com o objetivo de formar o maior bloco parlamentar da Assembleia Legislativa. O objetivo final \u00e9 ter um peso maior na hora de definir o comando das principais comiss\u00f5es t\u00e9cnicas do Parlamento estadual. Al\u00e9m do PR, est\u00e1 certa a participa\u00e7\u00e3o &hellip;<\/p>\n","protected":false},"author":4,"featured_media":5208,"comment_status":"open","ping_status":"open","sticky":false,"template":"","format":"standard","meta":{"content-type":"","rop_custom_images_group":[],"rop_custom_messages_group":[],"rop_publish_now":"initial","rop_publish_now_accounts":{"facebook_2648258775420054_1618374048415101":""},"rop_publish_now_history":[],"rop_publish_now_status":"pending","footnotes":"","_jetpack_memberships_contains_paid_content":false},"categories":[113,130],"tags":[2086,1057,2087,1632,2088],"yoast_head":"<!-- This site is optimized with the Yoast SEO plugin v22.3 - https:\/\/yoast.com\/wordpress\/plugins\/seo\/ -->\n<title>PR e mais 4 partidos podem formar maior bloco da Alepi - Portal NPM<\/title>\n<meta name=\"robots\" content=\"index, follow, max-snippet:-1, max-image-preview:large, max-video-preview:-1\" \/>\n<link rel=\"canonical\" href=\"https:\/\/portalnpm.com\/index.php\/2019\/01\/25\/pr-e-mais-4-partidos-podem-formar-maior-bloco-da-alepi\/\" \/>\n<meta property=\"og:locale\" content=\"pt_BR\" \/>\n<meta property=\"og:type\" content=\"article\" \/>\n<meta property=\"og:title\" content=\"PR e mais 4 partidos podem formar maior bloco da Alepi - Portal NPM\" \/>\n<meta property=\"og:description\" content=\"O Partido da Rep\u00fablica, o PR, est\u00e1 se juntando a outros tr\u00eas ou quatro partidos com o objetivo de formar o maior bloco parlamentar da Assembleia Legislativa. O objetivo final \u00e9 ter um peso maior na hora de definir o comando das principais comiss\u00f5es t\u00e9cnicas do Parlamento estadual. Al\u00e9m do PR, est\u00e1 certa a participa\u00e7\u00e3o &hellip;\" \/>\n<meta property=\"og:url\" content=\"https:\/\/portalnpm.com\/index.php\/2019\/01\/25\/pr-e-mais-4-partidos-podem-formar-maior-bloco-da-alepi\/\" \/>\n<meta property=\"og:site_name\" content=\"Portal NPM\" \/>\n<meta property=\"article:published_time\" content=\"2019-01-25T16:32:51+00:00\" \/>\n<meta name=\"author\" content=\"Reda\u00e7\u00e3o\" \/>\n<meta name=\"twitter:card\" content=\"summary_large_image\" \/>\n<meta name=\"twitter:label1\" content=\"Escrito por\" \/>\n\t<meta name=\"twitter:data1\" content=\"Reda\u00e7\u00e3o\" \/>\n\t<meta name=\"twitter:label2\" content=\"Est. tempo de leitura\" \/>\n\t<meta name=\"twitter:data2\" content=\"2 minutos\" \/>\n<script type=\"application\/ld+json\" class=\"yoast-schema-graph\">{\"@context\":\"https:\/\/schema.org\",\"@graph\":[{\"@type\":\"WebPage\",\"@id\":\"https:\/\/portalnpm.com\/index.php\/2019\/01\/25\/pr-e-mais-4-partidos-podem-formar-maior-bloco-da-alepi\/\",\"url\":\"https:\/\/portalnpm.com\/index.php\/2019\/01\/25\/pr-e-mais-4-partidos-podem-formar-maior-bloco-da-alepi\/\",\"name\":\"PR e mais 4 partidos podem formar maior bloco da Alepi - Portal NPM\",\"isPartOf\":{\"@id\":\"https:\/\/portalnpm.com\/#website\"},\"primaryImageOfPage\":{\"@id\":\"https:\/\/portalnpm.com\/index.php\/2019\/01\/25\/pr-e-mais-4-partidos-podem-formar-maior-bloco-da-alepi\/#primaryimage\"},\"image\":{\"@id\":\"https:\/\/portalnpm.com\/index.php\/2019\/01\/25\/pr-e-mais-4-partidos-podem-formar-maior-bloco-da-alepi\/#primaryimage\"},\"thumbnailUrl\":\"\",\"datePublished\":\"2019-01-25T16:32:51+00:00\",\"dateModified\":\"2019-01-25T16:32:51+00:00\",\"author\":{\"@id\":\"https:\/\/portalnpm.com\/#\/schema\/person\/0b5f230ec96cee25504fa328e7f2b733\"},\"breadcrumb\":{\"@id\":\"https:\/\/portalnpm.com\/index.php\/2019\/01\/25\/pr-e-mais-4-partidos-podem-formar-maior-bloco-da-alepi\/#breadcrumb\"},\"inLanguage\":\"pt-BR\",\"potentialAction\":[{\"@type\":\"ReadAction\",\"target\":[\"https:\/\/portalnpm.com\/index.php\/2019\/01\/25\/pr-e-mais-4-partidos-podem-formar-maior-bloco-da-alepi\/\"]}]},{\"@type\":\"ImageObject\",\"inLanguage\":\"pt-BR\",\"@id\":\"https:\/\/portalnpm.com\/index.php\/2019\/01\/25\/pr-e-mais-4-partidos-podem-formar-maior-bloco-da-alepi\/#primaryimage\",\"url\":\"\",\"contentUrl\":\"\"},{\"@type\":\"BreadcrumbList\",\"@id\":\"https:\/\/portalnpm.com\/index.php\/2019\/01\/25\/pr-e-mais-4-partidos-podem-formar-maior-bloco-da-alepi\/#breadcrumb\",\"itemListElement\":[{\"@type\":\"ListItem\",\"position\":1,\"name\":\"In\u00edcio\",\"item\":\"https:\/\/portalnpm.com\/\"},{\"@type\":\"ListItem\",\"position\":2,\"name\":\"PR e mais 4 partidos podem formar maior bloco da Alepi\"}]},{\"@type\":\"WebSite\",\"@id\":\"https:\/\/portalnpm.com\/#website\",\"url\":\"https:\/\/portalnpm.com\/\",\"name\":\"Portal NPM\",\"description\":\"Not\u00edcias em Primeira M\u00e3o\",\"potentialAction\":[{\"@type\":\"SearchAction\",\"target\":{\"@type\":\"EntryPoint\",\"urlTemplate\":\"https:\/\/portalnpm.com\/?s={search_term_string}\"},\"query-input\":\"required name=search_term_string\"}],\"inLanguage\":\"pt-BR\"},{\"@type\":\"Person\",\"@id\":\"https:\/\/portalnpm.com\/#\/schema\/person\/0b5f230ec96cee25504fa328e7f2b733\",\"name\":\"Reda\u00e7\u00e3o\",\"image\":{\"@type\":\"ImageObject\",\"inLanguage\":\"pt-BR\",\"@id\":\"https:\/\/portalnpm.com\/#\/schema\/person\/image\/\",\"url\":\"https:\/\/portalnpm.com\/wp-content\/uploads\/2024\/03\/avatar_user_4_1710097212-96x96.png\",\"contentUrl\":\"https:\/\/portalnpm.com\/wp-content\/uploads\/2024\/03\/avatar_user_4_1710097212-96x96.png\",\"caption\":\"Reda\u00e7\u00e3o\"},\"url\":\"https:\/\/portalnpm.com\/index.php\/author\/redacao\/\"}]}<\/script>\n<!-- \/ Yoast SEO plugin. -->","yoast_head_json":{"title":"PR e mais 4 partidos podem formar maior bloco da Alepi - Portal NPM","robots":{"index":"index","follow":"follow","max-snippet":"max-snippet:-1","max-image-preview":"max-image-preview:large","max-video-preview":"max-video-preview:-1"},"canonical":"https:\/\/portalnpm.com\/index.php\/2019\/01\/25\/pr-e-mais-4-partidos-podem-formar-maior-bloco-da-alepi\/","og_locale":"pt_BR","og_type":"article","og_title":"PR e mais 4 partidos podem formar maior bloco da Alepi - Portal NPM","og_description":"O Partido da Rep\u00fablica, o PR, est\u00e1 se juntando a outros tr\u00eas ou quatro partidos com o objetivo de formar o maior bloco parlamentar da Assembleia Legislativa. O objetivo final \u00e9 ter um peso maior na hora de definir o comando das principais comiss\u00f5es t\u00e9cnicas do Parlamento estadual. Al\u00e9m do PR, est\u00e1 certa a participa\u00e7\u00e3o &hellip;","og_url":"https:\/\/portalnpm.com\/index.php\/2019\/01\/25\/pr-e-mais-4-partidos-podem-formar-maior-bloco-da-alepi\/","og_site_name":"Portal NPM","article_published_time":"2019-01-25T16:32:51+00:00","author":"Reda\u00e7\u00e3o","twitter_card":"summary_large_image","twitter_misc":{"Escrito por":"Reda\u00e7\u00e3o","Est. tempo de leitura":"2 minutos"},"schema":{"@context":"https:\/\/schema.org","@graph":[{"@type":"WebPage","@id":"https:\/\/portalnpm.com\/index.php\/2019\/01\/25\/pr-e-mais-4-partidos-podem-formar-maior-bloco-da-alepi\/","url":"https:\/\/portalnpm.com\/index.php\/2019\/01\/25\/pr-e-mais-4-partidos-podem-formar-maior-bloco-da-alepi\/","name":"PR e mais 4 partidos podem formar maior bloco da Alepi - Portal NPM","isPartOf":{"@id":"https:\/\/portalnpm.com\/#website"},"primaryImageOfPage":{"@id":"https:\/\/portalnpm.com\/index.php\/2019\/01\/25\/pr-e-mais-4-partidos-podem-formar-maior-bloco-da-alepi\/#primaryimage"},"image":{"@id":"https:\/\/portalnpm.com\/index.php\/2019\/01\/25\/pr-e-mais-4-partidos-podem-formar-maior-bloco-da-alepi\/#primaryimage"},"thumbnailUrl":"","datePublished":"2019-01-25T16:32:51+00:00","dateModified":"2019-01-25T16:32:51+00:00","author":{"@id":"https:\/\/portalnpm.com\/#\/schema\/person\/0b5f230ec96cee25504fa328e7f2b733"},"breadcrumb":{"@id":"https:\/\/portalnpm.com\/index.php\/2019\/01\/25\/pr-e-mais-4-partidos-podem-formar-maior-bloco-da-alepi\/#breadcrumb"},"inLanguage":"pt-BR","potentialAction":[{"@type":"ReadAction","target":["https:\/\/portalnpm.com\/index.php\/2019\/01\/25\/pr-e-mais-4-partidos-podem-formar-maior-bloco-da-alepi\/"]}]},{"@type":"ImageObject","inLanguage":"pt-BR","@id":"https:\/\/portalnpm.com\/index.php\/2019\/01\/25\/pr-e-mais-4-partidos-podem-formar-maior-bloco-da-alepi\/#primaryimage","url":"","contentUrl":""},{"@type":"BreadcrumbList","@id":"https:\/\/portalnpm.com\/index.php\/2019\/01\/25\/pr-e-mais-4-partidos-podem-formar-maior-bloco-da-alepi\/#breadcrumb","itemListElement":[{"@type":"ListItem","position":1,"name":"In\u00edcio","item":"https:\/\/portalnpm.com\/"},{"@type":"ListItem","position":2,"name":"PR e mais 4 partidos podem formar maior bloco da Alepi"}]},{"@type":"WebSite","@id":"https:\/\/portalnpm.com\/#website","url":"https:\/\/portalnpm.com\/","name":"Portal NPM","description":"Not\u00edcias em Primeira M\u00e3o","potentialAction":[{"@type":"SearchAction","target":{"@type":"EntryPoint","urlTemplate":"https:\/\/portalnpm.com\/?s={search_term_string}"},"query-input":"required name=search_term_string"}],"inLanguage":"pt-BR"},{"@type":"Person","@id":"https:\/\/portalnpm.com\/#\/schema\/person\/0b5f230ec96cee25504fa328e7f2b733","name":"Reda\u00e7\u00e3o","image":{"@type":"ImageObject","inLanguage":"pt-BR","@id":"https:\/\/portalnpm.com\/#\/schema\/person\/image\/","url":"https:\/\/portalnpm.com\/wp-content\/uploads\/2024\/03\/avatar_user_4_1710097212-96x96.png","contentUrl":"https:\/\/portalnpm.com\/wp-content\/uploads\/2024\/03\/avatar_user_4_1710097212-96x96.png","caption":"Reda\u00e7\u00e3o"},"url":"https:\/\/portalnpm.com\/index.php\/author\/redacao\/"}]}},"jetpack_sharing_enabled":true,"jetpack_featured_media_url":"","_links":{"self":[{"href":"https:\/\/portalnpm.com\/index.php\/wp-json\/wp\/v2\/posts\/5207"}],"collection":[{"href":"https:\/\/portalnpm.com\/index.php\/wp-json\/wp\/v2\/posts"}],"about":[{"href":"https:\/\/portalnpm.com\/index.php\/wp-json\/wp\/v2\/types\/post"}],"author":[{"embeddable":true,"href":"https:\/\/portalnpm.com\/index.php\/wp-json\/wp\/v2\/users\/4"}],"replies":[{"embeddable":true,"href":"https:\/\/portalnpm.com\/index.php\/wp-json\/wp\/v2\/comments?post=5207"}],"version-history":[{"count":0,"href":"https:\/\/portalnpm.com\/index.php\/wp-json\/wp\/v2\/posts\/5207\/revisions"}],"wp:featuredmedia":[{"embeddable":true,"href":"https:\/\/portalnpm.com\/index.php\/wp-json\/"}],"wp:attachment":[{"href":"https:\/\/portalnpm.com\/index.php\/wp-json\/wp\/v2\/media?parent=5207"}],"wp:term":[{"taxonomy":"category","embeddable":true,"href":"https:\/\/portalnpm.com\/index.php\/wp-json\/wp\/v2\/categories?post=5207"},{"taxonomy":"post_tag","embeddable":true,"href":"https:\/\/portalnpm.com\/index.php\/wp-json\/wp\/v2\/tags?post=5207"}],"curies":[{"name":"wp","href":"https:\/\/api.w.org\/{rel}","templated":true}]}}