{"id":52076,"date":"2020-04-15T11:00:43","date_gmt":"2020-04-15T14:00:43","guid":{"rendered":"https:\/\/portalnpm.com\/index.php\/2020\/04\/15\/em-alegrete-do-piaui-embate-sera-entre-pt-e-solidariedade-na-disputa-pela-prefeitura-veja\/"},"modified":"2024-01-15T18:23:22","modified_gmt":"2024-01-15T21:23:22","slug":"em-alegrete-do-piaui-embate-sera-entre-pt-e-solidariedade-na-disputa-pela-prefeitura-veja","status":"publish","type":"post","link":"https:\/\/portalnpm.com\/index.php\/2020\/04\/15\/em-alegrete-do-piaui-embate-sera-entre-pt-e-solidariedade-na-disputa-pela-prefeitura-veja\/","title":{"rendered":"Em Alegrete do Piau\u00ed, embate ser\u00e1 entre PT e Solidariedade na disputa pela prefeitura; veja!"},"content":{"rendered":"<p><p style=\"text-align: justify;\">As elei&ccedil;&otilde;es 2020 tr&aacute;s um novo cen&aacute;rio pol&iacute;tico em Alegrete do Piau&iacute;, cidade que fica as margens da BR-316, localizada na regi&atilde;o de Picos.<\/p>\n<p style=\"text-align: justify;\">\n<p style=\"text-align: justify;\">Antigos aliados ir&atilde;o disputar o Pa&ccedil;o Municipal. Lilian Alencar (PT), tia do atual prefeito M&aacute;rcio Alencar, &eacute; o nome anunciado pelo grupo da situa&ccedil;&atilde;o. J&aacute; o ex-vereador Manoel Filho (Solidariedade), &eacute; o pr&eacute;-candidato pelo campo oposicionista.<\/p>\n<p style=\"text-align: justify;\">Manoel Filho foi aliado de primeira hora dos &#8220;Alencar&#8221; em pelo menos duas elei&ccedil;&otilde;es: 2012 e 2016. Em ambas, o pol&iacute;tico indicou os vices, Seu Manel e Hermilinda Gomes, seu pai e sua prima, respectivamente. Entretanto, em 2017 o ex-vereador rompeu politicamente com atual gestor e passou a integrar o campo oposicionista, tornando assim o principal l&iacute;der do referido campo e projetando o seu nome como o pr&eacute;-candidato a prefeito na elei&ccedil;&atilde;o deste ano.<\/p>\n<p style=\"text-align: justify;\">Lilian Alencar ter&aacute; como companheiro de chapa o ex-vereador Manoel de Z&eacute; Pedro (PSD), ex-candidato a prefeito pela oposi&ccedil;&atilde;o na elei&ccedil;&atilde;o de 2016. Em 2019, o pol&iacute;tico passou a integrar a base da situa&ccedil;&atilde;o, de quem j&aacute; foi aliado no passado.<\/p>\n<figure id=\"attachment_19461\" aria-describedby=\"caption-attachment-19461\" style=\"width: 800px\" class=\"wp-caption alignnone\"><img fetchpriority=\"high\" decoding=\"async\" class=\"size-full wp-image-19461\" src=\"https:\/\/portalnpm.com\/wp-content\/uploads\/2024\/01\/alegrtedopiauisituaao.jpg\" alt=\"\" width=\"800\" height=\"378\"><figcaption id=\"caption-attachment-19461\" class=\"wp-caption-text\">Lilian Alencar e Manoel de Z&eacute; Pedro, pr&eacute;-candidatos pela situa&ccedil;&atilde;o &#8211; Foto: Portal &Eacute; Not&iacute;cias<\/figcaption><\/figure>\n<p style=\"text-align: justify;\">O ex-vereador Manoel Filho ir&aacute; compor com a ex-primeira dama Marlene Leal (Republicanos), esposa do ex-prefeito Joaquim Leal (bi&ecirc;nio 2009-2012), de quem o ex-vereador foi aliado e vereador pelo PSB, partido do ent&atilde;o gestor na &eacute;poca.<\/p>\n<figure id=\"attachment_19462\" aria-describedby=\"caption-attachment-19462\" style=\"width: 690px\" class=\"wp-caption alignnone\"><img decoding=\"async\" class=\"size-full wp-image-19462\" src=\"https:\/\/portalnpm.com\/wp-content\/uploads\/2024\/01\/alegreteoposi%C3%A7%C3%A3oaa.jpg\" alt=\"\" width=\"690\" height=\"406\"><figcaption id=\"caption-attachment-19462\" class=\"wp-caption-text\">Manoel Filho e Marlene Leal, pr&eacute;-candidatos pela oposi&ccedil;&atilde;o &#8211; Foto: Portal NPM<\/figcaption><\/figure>\n<p style=\"text-align: justify;\">Os dois grupos caminham para lan&ccedil;ar entre 28 a 30 postulantes ao legislativo municipal, na disputa por as nove vagas de vereador.<\/p><\/p>\n","protected":false},"excerpt":{"rendered":"<p>As elei&ccedil;&otilde;es 2020 tr&aacute;s um novo cen&aacute;rio pol&iacute;tico em Alegrete do Piau&iacute;, cidade que fica as margens da BR-316, localizada na regi&atilde;o de Picos. Antigos aliados ir&atilde;o disputar o Pa&ccedil;o Municipal. Lilian Alencar (PT), tia do atual prefeito M&aacute;rcio Alencar, &eacute; o nome anunciado pelo grupo da situa&ccedil;&atilde;o. J&aacute; o ex-vereador Manoel Filho (Solidariedade), &eacute; &hellip;<\/p>\n","protected":false},"author":3,"featured_media":52077,"comment_status":"open","ping_status":"open","sticky":false,"template":"","format":"standard","meta":{"content-type":"","rop_custom_images_group":[],"rop_custom_messages_group":[],"rop_publish_now":"initial","rop_publish_now_accounts":{"facebook_2648258775420054_1618374048415101":""},"rop_publish_now_history":[],"rop_publish_now_status":"pending","footnotes":"","_jetpack_memberships_contains_paid_content":false},"categories":[110,113,109,130],"tags":[111,4156,176,1549],"yoast_head":"<!-- This site is optimized with the Yoast SEO plugin v22.3 - https:\/\/yoast.com\/wordpress\/plugins\/seo\/ -->\n<title>Em Alegrete do Piau\u00ed, embate ser\u00e1 entre PT e Solidariedade na disputa pela prefeitura; veja!<\/title>\n<meta name=\"robots\" content=\"index, follow, max-snippet:-1, max-image-preview:large, max-video-preview:-1\" \/>\n<link rel=\"canonical\" href=\"https:\/\/portalnpm.com\/index.php\/2020\/04\/15\/em-alegrete-do-piaui-embate-sera-entre-pt-e-solidariedade-na-disputa-pela-prefeitura-veja\/\" \/>\n<meta property=\"og:locale\" content=\"pt_BR\" \/>\n<meta property=\"og:type\" content=\"article\" \/>\n<meta property=\"og:title\" content=\"Em Alegrete do Piau\u00ed, embate ser\u00e1 entre PT e Solidariedade na disputa pela prefeitura; veja!\" \/>\n<meta property=\"og:description\" content=\"As elei&ccedil;&otilde;es 2020 tr&aacute;s um novo cen&aacute;rio pol&iacute;tico em Alegrete do Piau&iacute;, cidade que fica as margens da BR-316, localizada na regi&atilde;o de Picos. Antigos aliados ir&atilde;o disputar o Pa&ccedil;o Municipal. Lilian Alencar (PT), tia do atual prefeito M&aacute;rcio Alencar, &eacute; o nome anunciado pelo grupo da situa&ccedil;&atilde;o. J&aacute; o ex-vereador Manoel Filho (Solidariedade), &eacute; &hellip;\" \/>\n<meta property=\"og:url\" content=\"https:\/\/portalnpm.com\/index.php\/2020\/04\/15\/em-alegrete-do-piaui-embate-sera-entre-pt-e-solidariedade-na-disputa-pela-prefeitura-veja\/\" \/>\n<meta property=\"og:site_name\" content=\"Portal NPM\" \/>\n<meta property=\"article:published_time\" content=\"2020-04-15T14:00:43+00:00\" \/>\n<meta property=\"article:modified_time\" content=\"2024-01-15T21:23:22+00:00\" \/>\n<meta property=\"og:image\" content=\"https:\/\/portalnpm.com\/wp-content\/uploads\/2024\/01\/IMG-20200415-WA0070.jpg\" \/>\n\t<meta property=\"og:image:width\" content=\"1030\" \/>\n\t<meta property=\"og:image:height\" content=\"723\" \/>\n\t<meta property=\"og:image:type\" content=\"image\/jpeg\" \/>\n<meta name=\"author\" content=\"Luis Alberto\" \/>\n<meta name=\"twitter:card\" content=\"summary_large_image\" \/>\n<meta name=\"twitter:label1\" content=\"Escrito por\" \/>\n\t<meta name=\"twitter:data1\" content=\"Luis Alberto\" \/>\n\t<meta name=\"twitter:label2\" content=\"Est. tempo de leitura\" \/>\n\t<meta name=\"twitter:data2\" content=\"2 minutos\" \/>\n<script type=\"application\/ld+json\" class=\"yoast-schema-graph\">{\"@context\":\"https:\/\/schema.org\",\"@graph\":[{\"@type\":\"WebPage\",\"@id\":\"https:\/\/portalnpm.com\/index.php\/2020\/04\/15\/em-alegrete-do-piaui-embate-sera-entre-pt-e-solidariedade-na-disputa-pela-prefeitura-veja\/\",\"url\":\"https:\/\/portalnpm.com\/index.php\/2020\/04\/15\/em-alegrete-do-piaui-embate-sera-entre-pt-e-solidariedade-na-disputa-pela-prefeitura-veja\/\",\"name\":\"Em Alegrete do Piau\u00ed, embate ser\u00e1 entre PT e Solidariedade na disputa pela prefeitura; veja!\",\"isPartOf\":{\"@id\":\"https:\/\/portalnpm.com\/#website\"},\"primaryImageOfPage\":{\"@id\":\"https:\/\/portalnpm.com\/index.php\/2020\/04\/15\/em-alegrete-do-piaui-embate-sera-entre-pt-e-solidariedade-na-disputa-pela-prefeitura-veja\/#primaryimage\"},\"image\":{\"@id\":\"https:\/\/portalnpm.com\/index.php\/2020\/04\/15\/em-alegrete-do-piaui-embate-sera-entre-pt-e-solidariedade-na-disputa-pela-prefeitura-veja\/#primaryimage\"},\"thumbnailUrl\":\"https:\/\/portalnpm.com\/wp-content\/uploads\/2024\/01\/IMG-20200415-WA0070.jpg\",\"datePublished\":\"2020-04-15T14:00:43+00:00\",\"dateModified\":\"2024-01-15T21:23:22+00:00\",\"author\":{\"@id\":\"https:\/\/portalnpm.com\/#\/schema\/person\/5c8006acdf71774cd4e7a5ab98482152\"},\"breadcrumb\":{\"@id\":\"https:\/\/portalnpm.com\/index.php\/2020\/04\/15\/em-alegrete-do-piaui-embate-sera-entre-pt-e-solidariedade-na-disputa-pela-prefeitura-veja\/#breadcrumb\"},\"inLanguage\":\"pt-BR\",\"potentialAction\":[{\"@type\":\"ReadAction\",\"target\":[\"https:\/\/portalnpm.com\/index.php\/2020\/04\/15\/em-alegrete-do-piaui-embate-sera-entre-pt-e-solidariedade-na-disputa-pela-prefeitura-veja\/\"]}]},{\"@type\":\"ImageObject\",\"inLanguage\":\"pt-BR\",\"@id\":\"https:\/\/portalnpm.com\/index.php\/2020\/04\/15\/em-alegrete-do-piaui-embate-sera-entre-pt-e-solidariedade-na-disputa-pela-prefeitura-veja\/#primaryimage\",\"url\":\"https:\/\/portalnpm.com\/wp-content\/uploads\/2024\/01\/IMG-20200415-WA0070.jpg\",\"contentUrl\":\"https:\/\/portalnpm.com\/wp-content\/uploads\/2024\/01\/IMG-20200415-WA0070.jpg\",\"width\":1030,\"height\":723},{\"@type\":\"BreadcrumbList\",\"@id\":\"https:\/\/portalnpm.com\/index.php\/2020\/04\/15\/em-alegrete-do-piaui-embate-sera-entre-pt-e-solidariedade-na-disputa-pela-prefeitura-veja\/#breadcrumb\",\"itemListElement\":[{\"@type\":\"ListItem\",\"position\":1,\"name\":\"In\u00edcio\",\"item\":\"https:\/\/portalnpm.com\/\"},{\"@type\":\"ListItem\",\"position\":2,\"name\":\"Em Alegrete do Piau\u00ed, embate ser\u00e1 entre PT e Solidariedade na disputa pela prefeitura; veja!\"}]},{\"@type\":\"WebSite\",\"@id\":\"https:\/\/portalnpm.com\/#website\",\"url\":\"https:\/\/portalnpm.com\/\",\"name\":\"Portal NPM\",\"description\":\"Not\u00edcias em Primeira M\u00e3o\",\"potentialAction\":[{\"@type\":\"SearchAction\",\"target\":{\"@type\":\"EntryPoint\",\"urlTemplate\":\"https:\/\/portalnpm.com\/?s={search_term_string}\"},\"query-input\":\"required name=search_term_string\"}],\"inLanguage\":\"pt-BR\"},{\"@type\":\"Person\",\"@id\":\"https:\/\/portalnpm.com\/#\/schema\/person\/5c8006acdf71774cd4e7a5ab98482152\",\"name\":\"Luis Alberto\",\"image\":{\"@type\":\"ImageObject\",\"inLanguage\":\"pt-BR\",\"@id\":\"https:\/\/portalnpm.com\/#\/schema\/person\/image\/\",\"url\":\"https:\/\/portalnpm.com\/wp-content\/uploads\/2024\/12\/avatar_user_3_1734699769-96x96.jpeg\",\"contentUrl\":\"https:\/\/portalnpm.com\/wp-content\/uploads\/2024\/12\/avatar_user_3_1734699769-96x96.jpeg\",\"caption\":\"Luis Alberto\"},\"description\":\"Editor-geral do Portal NPM, \u00e9 formado como T\u00e9cnico em Seguran\u00e7a do Trabalho pela Escola Metropolitana de Cursos T\u00e9cnicos. Det\u00e9m ainda licenciatura em Educa\u00e7\u00e3o F\u00edsica e bacharelado em Ci\u00eancias Pol\u00edticas, ambos obtidos pela institui\u00e7\u00e3o Anhanguera\/UNOPAR.\",\"url\":\"https:\/\/portalnpm.com\/index.php\/author\/pereira\/\"}]}<\/script>\n<!-- \/ Yoast SEO plugin. -->","yoast_head_json":{"title":"Em Alegrete do Piau\u00ed, embate ser\u00e1 entre PT e Solidariedade na disputa pela prefeitura; veja!","robots":{"index":"index","follow":"follow","max-snippet":"max-snippet:-1","max-image-preview":"max-image-preview:large","max-video-preview":"max-video-preview:-1"},"canonical":"https:\/\/portalnpm.com\/index.php\/2020\/04\/15\/em-alegrete-do-piaui-embate-sera-entre-pt-e-solidariedade-na-disputa-pela-prefeitura-veja\/","og_locale":"pt_BR","og_type":"article","og_title":"Em Alegrete do Piau\u00ed, embate ser\u00e1 entre PT e Solidariedade na disputa pela prefeitura; veja!","og_description":"As elei&ccedil;&otilde;es 2020 tr&aacute;s um novo cen&aacute;rio pol&iacute;tico em Alegrete do Piau&iacute;, cidade que fica as margens da BR-316, localizada na regi&atilde;o de Picos. Antigos aliados ir&atilde;o disputar o Pa&ccedil;o Municipal. Lilian Alencar (PT), tia do atual prefeito M&aacute;rcio Alencar, &eacute; o nome anunciado pelo grupo da situa&ccedil;&atilde;o. J&aacute; o ex-vereador Manoel Filho (Solidariedade), &eacute; &hellip;","og_url":"https:\/\/portalnpm.com\/index.php\/2020\/04\/15\/em-alegrete-do-piaui-embate-sera-entre-pt-e-solidariedade-na-disputa-pela-prefeitura-veja\/","og_site_name":"Portal NPM","article_published_time":"2020-04-15T14:00:43+00:00","article_modified_time":"2024-01-15T21:23:22+00:00","og_image":[{"width":1030,"height":723,"url":"https:\/\/portalnpm.com\/wp-content\/uploads\/2024\/01\/IMG-20200415-WA0070.jpg","type":"image\/jpeg"}],"author":"Luis Alberto","twitter_card":"summary_large_image","twitter_misc":{"Escrito por":"Luis Alberto","Est. tempo de leitura":"2 minutos"},"schema":{"@context":"https:\/\/schema.org","@graph":[{"@type":"WebPage","@id":"https:\/\/portalnpm.com\/index.php\/2020\/04\/15\/em-alegrete-do-piaui-embate-sera-entre-pt-e-solidariedade-na-disputa-pela-prefeitura-veja\/","url":"https:\/\/portalnpm.com\/index.php\/2020\/04\/15\/em-alegrete-do-piaui-embate-sera-entre-pt-e-solidariedade-na-disputa-pela-prefeitura-veja\/","name":"Em Alegrete do Piau\u00ed, embate ser\u00e1 entre PT e Solidariedade na disputa pela prefeitura; veja!","isPartOf":{"@id":"https:\/\/portalnpm.com\/#website"},"primaryImageOfPage":{"@id":"https:\/\/portalnpm.com\/index.php\/2020\/04\/15\/em-alegrete-do-piaui-embate-sera-entre-pt-e-solidariedade-na-disputa-pela-prefeitura-veja\/#primaryimage"},"image":{"@id":"https:\/\/portalnpm.com\/index.php\/2020\/04\/15\/em-alegrete-do-piaui-embate-sera-entre-pt-e-solidariedade-na-disputa-pela-prefeitura-veja\/#primaryimage"},"thumbnailUrl":"https:\/\/portalnpm.com\/wp-content\/uploads\/2024\/01\/IMG-20200415-WA0070.jpg","datePublished":"2020-04-15T14:00:43+00:00","dateModified":"2024-01-15T21:23:22+00:00","author":{"@id":"https:\/\/portalnpm.com\/#\/schema\/person\/5c8006acdf71774cd4e7a5ab98482152"},"breadcrumb":{"@id":"https:\/\/portalnpm.com\/index.php\/2020\/04\/15\/em-alegrete-do-piaui-embate-sera-entre-pt-e-solidariedade-na-disputa-pela-prefeitura-veja\/#breadcrumb"},"inLanguage":"pt-BR","potentialAction":[{"@type":"ReadAction","target":["https:\/\/portalnpm.com\/index.php\/2020\/04\/15\/em-alegrete-do-piaui-embate-sera-entre-pt-e-solidariedade-na-disputa-pela-prefeitura-veja\/"]}]},{"@type":"ImageObject","inLanguage":"pt-BR","@id":"https:\/\/portalnpm.com\/index.php\/2020\/04\/15\/em-alegrete-do-piaui-embate-sera-entre-pt-e-solidariedade-na-disputa-pela-prefeitura-veja\/#primaryimage","url":"https:\/\/portalnpm.com\/wp-content\/uploads\/2024\/01\/IMG-20200415-WA0070.jpg","contentUrl":"https:\/\/portalnpm.com\/wp-content\/uploads\/2024\/01\/IMG-20200415-WA0070.jpg","width":1030,"height":723},{"@type":"BreadcrumbList","@id":"https:\/\/portalnpm.com\/index.php\/2020\/04\/15\/em-alegrete-do-piaui-embate-sera-entre-pt-e-solidariedade-na-disputa-pela-prefeitura-veja\/#breadcrumb","itemListElement":[{"@type":"ListItem","position":1,"name":"In\u00edcio","item":"https:\/\/portalnpm.com\/"},{"@type":"ListItem","position":2,"name":"Em Alegrete do Piau\u00ed, embate ser\u00e1 entre PT e Solidariedade na disputa pela prefeitura; veja!"}]},{"@type":"WebSite","@id":"https:\/\/portalnpm.com\/#website","url":"https:\/\/portalnpm.com\/","name":"Portal NPM","description":"Not\u00edcias em Primeira M\u00e3o","potentialAction":[{"@type":"SearchAction","target":{"@type":"EntryPoint","urlTemplate":"https:\/\/portalnpm.com\/?s={search_term_string}"},"query-input":"required name=search_term_string"}],"inLanguage":"pt-BR"},{"@type":"Person","@id":"https:\/\/portalnpm.com\/#\/schema\/person\/5c8006acdf71774cd4e7a5ab98482152","name":"Luis Alberto","image":{"@type":"ImageObject","inLanguage":"pt-BR","@id":"https:\/\/portalnpm.com\/#\/schema\/person\/image\/","url":"https:\/\/portalnpm.com\/wp-content\/uploads\/2024\/12\/avatar_user_3_1734699769-96x96.jpeg","contentUrl":"https:\/\/portalnpm.com\/wp-content\/uploads\/2024\/12\/avatar_user_3_1734699769-96x96.jpeg","caption":"Luis Alberto"},"description":"Editor-geral do Portal NPM, \u00e9 formado como T\u00e9cnico em Seguran\u00e7a do Trabalho pela Escola Metropolitana de Cursos T\u00e9cnicos. Det\u00e9m ainda licenciatura em Educa\u00e7\u00e3o F\u00edsica e bacharelado em Ci\u00eancias Pol\u00edticas, ambos obtidos pela institui\u00e7\u00e3o Anhanguera\/UNOPAR.","url":"https:\/\/portalnpm.com\/index.php\/author\/pereira\/"}]}},"jetpack_sharing_enabled":true,"jetpack_featured_media_url":"https:\/\/portalnpm.com\/wp-content\/uploads\/2024\/01\/IMG-20200415-WA0070.jpg","_links":{"self":[{"href":"https:\/\/portalnpm.com\/index.php\/wp-json\/wp\/v2\/posts\/52076"}],"collection":[{"href":"https:\/\/portalnpm.com\/index.php\/wp-json\/wp\/v2\/posts"}],"about":[{"href":"https:\/\/portalnpm.com\/index.php\/wp-json\/wp\/v2\/types\/post"}],"author":[{"embeddable":true,"href":"https:\/\/portalnpm.com\/index.php\/wp-json\/wp\/v2\/users\/3"}],"replies":[{"embeddable":true,"href":"https:\/\/portalnpm.com\/index.php\/wp-json\/wp\/v2\/comments?post=52076"}],"version-history":[{"count":1,"href":"https:\/\/portalnpm.com\/index.php\/wp-json\/wp\/v2\/posts\/52076\/revisions"}],"predecessor-version":[{"id":52083,"href":"https:\/\/portalnpm.com\/index.php\/wp-json\/wp\/v2\/posts\/52076\/revisions\/52083"}],"wp:featuredmedia":[{"embeddable":true,"href":"https:\/\/portalnpm.com\/index.php\/wp-json\/wp\/v2\/media\/52077"}],"wp:attachment":[{"href":"https:\/\/portalnpm.com\/index.php\/wp-json\/wp\/v2\/media?parent=52076"}],"wp:term":[{"taxonomy":"category","embeddable":true,"href":"https:\/\/portalnpm.com\/index.php\/wp-json\/wp\/v2\/categories?post=52076"},{"taxonomy":"post_tag","embeddable":true,"href":"https:\/\/portalnpm.com\/index.php\/wp-json\/wp\/v2\/tags?post=52076"}],"curies":[{"name":"wp","href":"https:\/\/api.w.org\/{rel}","templated":true}]}}