{"id":52078,"date":"2020-04-15T18:41:10","date_gmt":"2020-04-15T21:41:10","guid":{"rendered":"https:\/\/portalnpm.com\/index.php\/2020\/04\/15\/em-picos-secretaria-de-saude-confirma-primeiro-caso-de-coronavirus\/"},"modified":"2020-04-15T18:41:10","modified_gmt":"2020-04-15T21:41:10","slug":"em-picos-secretaria-de-saude-confirma-primeiro-caso-de-coronavirus","status":"publish","type":"post","link":"https:\/\/portalnpm.com\/index.php\/2020\/04\/15\/em-picos-secretaria-de-saude-confirma-primeiro-caso-de-coronavirus\/","title":{"rendered":"Em Picos, Secretaria de Sa\u00fade confirma primeiro caso de Coronav\u00edrus"},"content":{"rendered":"<p style=\"text-align: justify;\">Foto: Reprodu\u00e7\u00e3o<\/p>\n<p style=\"text-align: justify;\">Em nota divulgada na tarde desta quarta-feira (15), a Secretaria de Sa\u00fade de Picos confirmou o primeiro caso de Covid-19 na cidade. Trata-se de uma profissional na \u00e1rea da sa\u00fade que mora em Picos, mas trabalha na capital Teresina.<\/p>\n<p style=\"text-align: justify;\">De acordo com a nota, a profissional foi afastada de suas atividades laborais ap\u00f3s a realiza\u00e7\u00e3o do teste (positivo para COVID -19).<\/p>\n<p style=\"text-align: justify;\">A nota diz ainda que a pessoa infectada encontra-se assintom\u00e1tica e em isolamento domiciliar, conforme normas e protocolos do Minist\u00e9rio da Sa\u00fade e SESAPI.<\/p>\n<p style=\"text-align: justify;\">A Secretaria de Sa\u00fade refor\u00e7a ainda o pedido para que a popula\u00e7\u00e3o fique em casa e evite aglomera\u00e7\u00f5es, al\u00e9m dos cuidados b\u00e1sicos de higiene.<\/p>\n<h2 style=\"text-align: justify;\">Confira a nota<\/h2>\n<p style=\"text-align: justify;\"><em>A Prefeitura Municipal de Picos, atrav\u00e9s da Secretaria Municipal de Sa\u00fade, vem ao p\u00fablico comunicar, \u00a0que na data de hoje (15\/04\/2020) foi confirmado como positivo o primeiro caso no munic\u00edpio.<\/em><\/p>\n<p style=\"text-align: justify;\"><em>Trata-se de uma pessoa que mora em Picos e trabalha em um servi\u00e7o de sa\u00fade em Teresina, onde ap\u00f3s a realiza\u00e7\u00e3o de teste (positivo para COVID -19), foi afastada de suas atividades laborais, encontra-se assintom\u00e1tica e em isolamento domiciliar, conforme normas e protocolos do Minist\u00e9rio da Sa\u00fade e SESAPI.<\/em><\/p>\n<p style=\"text-align: justify;\"><em>O munic\u00edpio de Picos, est\u00e1 monitorando o caso e todas as medidas de preven\u00e7\u00e3o e controle est\u00e3o sendo adotadas.<\/em><\/p>\n<p style=\"text-align: justify;\"><em>Neste momento, mais uma vez, \u00a0refor\u00e7a o pedido \u00e0 popula\u00e7\u00e3o de que \u00a0evitem sa\u00edrem de casa e evitem aglomera\u00e7\u00f5es, al\u00e9m de cuidados b\u00e1sicos de higiene como lavar as m\u00e3os e caso necessitem sair de casa, fa\u00e7am uso de m\u00e1scaras caseiras.<\/em><\/p>\n<p style=\"text-align: justify;\"><em>A participa\u00e7\u00e3o de todos \u00e9 fundamental no enfrentamento do COVID -19, evitando assim o surgimento de novos casos e poss\u00edveis hospitaliza\u00e7\u00f5es e \u00f3bitos.<\/em><\/p>\n<p style=\"text-align: justify;\"><em>Desde j\u00e1 contamos com a compreens\u00e3o de todos e ficamos \u00e0 disposi\u00e7\u00e3o para quaisquer outros esclarecimentos.<\/em><\/p>\n<p style=\"text-align: justify;\"><em>Waldemar Santos J\u00fanior<br \/>\nSecret\u00e1rio Municipal de Sa\u00fade<\/em><br \/>\n<em><strong>Picos, 15 de abril de 2020<\/strong><\/em><\/p>\n<p style=\"text-align: justify;\"><strong>Fonte: Portal Riachaonet<\/strong><\/p>\n","protected":false},"excerpt":{"rendered":"<p>Foto: Reprodu\u00e7\u00e3o Em nota divulgada na tarde desta quarta-feira (15), a Secretaria de Sa\u00fade de Picos confirmou o primeiro caso de Covid-19 na cidade. Trata-se de uma profissional na \u00e1rea da sa\u00fade que mora em Picos, mas trabalha na capital Teresina. De acordo com a nota, a profissional foi afastada de suas atividades laborais ap\u00f3s &hellip;<\/p>\n","protected":false},"author":3,"featured_media":19466,"comment_status":"open","ping_status":"open","sticky":false,"template":"","format":"standard","meta":{"content-type":"","rop_custom_images_group":[],"rop_custom_messages_group":[],"rop_publish_now":"initial","rop_publish_now_accounts":{"facebook_2648258775420054_1618374048415101":""},"rop_publish_now_history":[],"rop_publish_now_status":"pending","footnotes":"","_jetpack_memberships_contains_paid_content":false},"categories":[113,109,127],"tags":[2324,3760,128,854],"yoast_head":"<!-- This site is optimized with the Yoast SEO plugin v22.3 - https:\/\/yoast.com\/wordpress\/plugins\/seo\/ -->\n<title>Em Picos, Secretaria de Sa\u00fade confirma primeiro caso de Coronav\u00edrus<\/title>\n<meta name=\"robots\" content=\"index, follow, max-snippet:-1, max-image-preview:large, max-video-preview:-1\" \/>\n<link rel=\"canonical\" href=\"https:\/\/portalnpm.com\/index.php\/2020\/04\/15\/em-picos-secretaria-de-saude-confirma-primeiro-caso-de-coronavirus\/\" \/>\n<meta property=\"og:locale\" content=\"pt_BR\" \/>\n<meta property=\"og:type\" content=\"article\" \/>\n<meta property=\"og:title\" content=\"Em Picos, Secretaria de Sa\u00fade confirma primeiro caso de Coronav\u00edrus\" \/>\n<meta property=\"og:description\" content=\"Foto: Reprodu\u00e7\u00e3o Em nota divulgada na tarde desta quarta-feira (15), a Secretaria de Sa\u00fade de Picos confirmou o primeiro caso de Covid-19 na cidade. Trata-se de uma profissional na \u00e1rea da sa\u00fade que mora em Picos, mas trabalha na capital Teresina. De acordo com a nota, a profissional foi afastada de suas atividades laborais ap\u00f3s &hellip;\" \/>\n<meta property=\"og:url\" content=\"https:\/\/portalnpm.com\/index.php\/2020\/04\/15\/em-picos-secretaria-de-saude-confirma-primeiro-caso-de-coronavirus\/\" \/>\n<meta property=\"og:site_name\" content=\"Portal NPM\" \/>\n<meta property=\"article:published_time\" content=\"2020-04-15T21:41:10+00:00\" \/>\n<meta name=\"author\" content=\"Luis Alberto\" \/>\n<meta name=\"twitter:card\" content=\"summary_large_image\" \/>\n<meta name=\"twitter:label1\" content=\"Escrito por\" \/>\n\t<meta name=\"twitter:data1\" content=\"Luis Alberto\" \/>\n\t<meta name=\"twitter:label2\" content=\"Est. tempo de leitura\" \/>\n\t<meta name=\"twitter:data2\" content=\"2 minutos\" \/>\n<script type=\"application\/ld+json\" class=\"yoast-schema-graph\">{\"@context\":\"https:\/\/schema.org\",\"@graph\":[{\"@type\":\"WebPage\",\"@id\":\"https:\/\/portalnpm.com\/index.php\/2020\/04\/15\/em-picos-secretaria-de-saude-confirma-primeiro-caso-de-coronavirus\/\",\"url\":\"https:\/\/portalnpm.com\/index.php\/2020\/04\/15\/em-picos-secretaria-de-saude-confirma-primeiro-caso-de-coronavirus\/\",\"name\":\"Em Picos, Secretaria de Sa\u00fade confirma primeiro caso de Coronav\u00edrus\",\"isPartOf\":{\"@id\":\"https:\/\/portalnpm.com\/#website\"},\"primaryImageOfPage\":{\"@id\":\"https:\/\/portalnpm.com\/index.php\/2020\/04\/15\/em-picos-secretaria-de-saude-confirma-primeiro-caso-de-coronavirus\/#primaryimage\"},\"image\":{\"@id\":\"https:\/\/portalnpm.com\/index.php\/2020\/04\/15\/em-picos-secretaria-de-saude-confirma-primeiro-caso-de-coronavirus\/#primaryimage\"},\"thumbnailUrl\":\"\",\"datePublished\":\"2020-04-15T21:41:10+00:00\",\"dateModified\":\"2020-04-15T21:41:10+00:00\",\"author\":{\"@id\":\"https:\/\/portalnpm.com\/#\/schema\/person\/5c8006acdf71774cd4e7a5ab98482152\"},\"breadcrumb\":{\"@id\":\"https:\/\/portalnpm.com\/index.php\/2020\/04\/15\/em-picos-secretaria-de-saude-confirma-primeiro-caso-de-coronavirus\/#breadcrumb\"},\"inLanguage\":\"pt-BR\",\"potentialAction\":[{\"@type\":\"ReadAction\",\"target\":[\"https:\/\/portalnpm.com\/index.php\/2020\/04\/15\/em-picos-secretaria-de-saude-confirma-primeiro-caso-de-coronavirus\/\"]}]},{\"@type\":\"ImageObject\",\"inLanguage\":\"pt-BR\",\"@id\":\"https:\/\/portalnpm.com\/index.php\/2020\/04\/15\/em-picos-secretaria-de-saude-confirma-primeiro-caso-de-coronavirus\/#primaryimage\",\"url\":\"\",\"contentUrl\":\"\"},{\"@type\":\"BreadcrumbList\",\"@id\":\"https:\/\/portalnpm.com\/index.php\/2020\/04\/15\/em-picos-secretaria-de-saude-confirma-primeiro-caso-de-coronavirus\/#breadcrumb\",\"itemListElement\":[{\"@type\":\"ListItem\",\"position\":1,\"name\":\"In\u00edcio\",\"item\":\"https:\/\/portalnpm.com\/\"},{\"@type\":\"ListItem\",\"position\":2,\"name\":\"Em Picos, Secretaria de Sa\u00fade confirma primeiro caso de Coronav\u00edrus\"}]},{\"@type\":\"WebSite\",\"@id\":\"https:\/\/portalnpm.com\/#website\",\"url\":\"https:\/\/portalnpm.com\/\",\"name\":\"Portal NPM\",\"description\":\"Not\u00edcias em Primeira M\u00e3o\",\"potentialAction\":[{\"@type\":\"SearchAction\",\"target\":{\"@type\":\"EntryPoint\",\"urlTemplate\":\"https:\/\/portalnpm.com\/?s={search_term_string}\"},\"query-input\":\"required name=search_term_string\"}],\"inLanguage\":\"pt-BR\"},{\"@type\":\"Person\",\"@id\":\"https:\/\/portalnpm.com\/#\/schema\/person\/5c8006acdf71774cd4e7a5ab98482152\",\"name\":\"Luis Alberto\",\"image\":{\"@type\":\"ImageObject\",\"inLanguage\":\"pt-BR\",\"@id\":\"https:\/\/portalnpm.com\/#\/schema\/person\/image\/\",\"url\":\"https:\/\/portalnpm.com\/wp-content\/uploads\/2024\/12\/avatar_user_3_1734699769-96x96.jpeg\",\"contentUrl\":\"https:\/\/portalnpm.com\/wp-content\/uploads\/2024\/12\/avatar_user_3_1734699769-96x96.jpeg\",\"caption\":\"Luis Alberto\"},\"description\":\"Editor-geral do Portal NPM, \u00e9 formado como T\u00e9cnico em Seguran\u00e7a do Trabalho pela Escola Metropolitana de Cursos T\u00e9cnicos. Det\u00e9m ainda licenciatura em Educa\u00e7\u00e3o F\u00edsica e bacharelado em Ci\u00eancias Pol\u00edticas, ambos obtidos pela institui\u00e7\u00e3o Anhanguera\/UNOPAR.\",\"url\":\"https:\/\/portalnpm.com\/index.php\/author\/pereira\/\"}]}<\/script>\n<!-- \/ Yoast SEO plugin. -->","yoast_head_json":{"title":"Em Picos, Secretaria de Sa\u00fade confirma primeiro caso de Coronav\u00edrus","robots":{"index":"index","follow":"follow","max-snippet":"max-snippet:-1","max-image-preview":"max-image-preview:large","max-video-preview":"max-video-preview:-1"},"canonical":"https:\/\/portalnpm.com\/index.php\/2020\/04\/15\/em-picos-secretaria-de-saude-confirma-primeiro-caso-de-coronavirus\/","og_locale":"pt_BR","og_type":"article","og_title":"Em Picos, Secretaria de Sa\u00fade confirma primeiro caso de Coronav\u00edrus","og_description":"Foto: Reprodu\u00e7\u00e3o Em nota divulgada na tarde desta quarta-feira (15), a Secretaria de Sa\u00fade de Picos confirmou o primeiro caso de Covid-19 na cidade. Trata-se de uma profissional na \u00e1rea da sa\u00fade que mora em Picos, mas trabalha na capital Teresina. De acordo com a nota, a profissional foi afastada de suas atividades laborais ap\u00f3s &hellip;","og_url":"https:\/\/portalnpm.com\/index.php\/2020\/04\/15\/em-picos-secretaria-de-saude-confirma-primeiro-caso-de-coronavirus\/","og_site_name":"Portal NPM","article_published_time":"2020-04-15T21:41:10+00:00","author":"Luis Alberto","twitter_card":"summary_large_image","twitter_misc":{"Escrito por":"Luis Alberto","Est. tempo de leitura":"2 minutos"},"schema":{"@context":"https:\/\/schema.org","@graph":[{"@type":"WebPage","@id":"https:\/\/portalnpm.com\/index.php\/2020\/04\/15\/em-picos-secretaria-de-saude-confirma-primeiro-caso-de-coronavirus\/","url":"https:\/\/portalnpm.com\/index.php\/2020\/04\/15\/em-picos-secretaria-de-saude-confirma-primeiro-caso-de-coronavirus\/","name":"Em Picos, Secretaria de Sa\u00fade confirma primeiro caso de Coronav\u00edrus","isPartOf":{"@id":"https:\/\/portalnpm.com\/#website"},"primaryImageOfPage":{"@id":"https:\/\/portalnpm.com\/index.php\/2020\/04\/15\/em-picos-secretaria-de-saude-confirma-primeiro-caso-de-coronavirus\/#primaryimage"},"image":{"@id":"https:\/\/portalnpm.com\/index.php\/2020\/04\/15\/em-picos-secretaria-de-saude-confirma-primeiro-caso-de-coronavirus\/#primaryimage"},"thumbnailUrl":"","datePublished":"2020-04-15T21:41:10+00:00","dateModified":"2020-04-15T21:41:10+00:00","author":{"@id":"https:\/\/portalnpm.com\/#\/schema\/person\/5c8006acdf71774cd4e7a5ab98482152"},"breadcrumb":{"@id":"https:\/\/portalnpm.com\/index.php\/2020\/04\/15\/em-picos-secretaria-de-saude-confirma-primeiro-caso-de-coronavirus\/#breadcrumb"},"inLanguage":"pt-BR","potentialAction":[{"@type":"ReadAction","target":["https:\/\/portalnpm.com\/index.php\/2020\/04\/15\/em-picos-secretaria-de-saude-confirma-primeiro-caso-de-coronavirus\/"]}]},{"@type":"ImageObject","inLanguage":"pt-BR","@id":"https:\/\/portalnpm.com\/index.php\/2020\/04\/15\/em-picos-secretaria-de-saude-confirma-primeiro-caso-de-coronavirus\/#primaryimage","url":"","contentUrl":""},{"@type":"BreadcrumbList","@id":"https:\/\/portalnpm.com\/index.php\/2020\/04\/15\/em-picos-secretaria-de-saude-confirma-primeiro-caso-de-coronavirus\/#breadcrumb","itemListElement":[{"@type":"ListItem","position":1,"name":"In\u00edcio","item":"https:\/\/portalnpm.com\/"},{"@type":"ListItem","position":2,"name":"Em Picos, Secretaria de Sa\u00fade confirma primeiro caso de Coronav\u00edrus"}]},{"@type":"WebSite","@id":"https:\/\/portalnpm.com\/#website","url":"https:\/\/portalnpm.com\/","name":"Portal NPM","description":"Not\u00edcias em Primeira M\u00e3o","potentialAction":[{"@type":"SearchAction","target":{"@type":"EntryPoint","urlTemplate":"https:\/\/portalnpm.com\/?s={search_term_string}"},"query-input":"required name=search_term_string"}],"inLanguage":"pt-BR"},{"@type":"Person","@id":"https:\/\/portalnpm.com\/#\/schema\/person\/5c8006acdf71774cd4e7a5ab98482152","name":"Luis Alberto","image":{"@type":"ImageObject","inLanguage":"pt-BR","@id":"https:\/\/portalnpm.com\/#\/schema\/person\/image\/","url":"https:\/\/portalnpm.com\/wp-content\/uploads\/2024\/12\/avatar_user_3_1734699769-96x96.jpeg","contentUrl":"https:\/\/portalnpm.com\/wp-content\/uploads\/2024\/12\/avatar_user_3_1734699769-96x96.jpeg","caption":"Luis Alberto"},"description":"Editor-geral do Portal NPM, \u00e9 formado como T\u00e9cnico em Seguran\u00e7a do Trabalho pela Escola Metropolitana de Cursos T\u00e9cnicos. Det\u00e9m ainda licenciatura em Educa\u00e7\u00e3o F\u00edsica e bacharelado em Ci\u00eancias Pol\u00edticas, ambos obtidos pela institui\u00e7\u00e3o Anhanguera\/UNOPAR.","url":"https:\/\/portalnpm.com\/index.php\/author\/pereira\/"}]}},"jetpack_sharing_enabled":true,"jetpack_featured_media_url":"","_links":{"self":[{"href":"https:\/\/portalnpm.com\/index.php\/wp-json\/wp\/v2\/posts\/52078"}],"collection":[{"href":"https:\/\/portalnpm.com\/index.php\/wp-json\/wp\/v2\/posts"}],"about":[{"href":"https:\/\/portalnpm.com\/index.php\/wp-json\/wp\/v2\/types\/post"}],"author":[{"embeddable":true,"href":"https:\/\/portalnpm.com\/index.php\/wp-json\/wp\/v2\/users\/3"}],"replies":[{"embeddable":true,"href":"https:\/\/portalnpm.com\/index.php\/wp-json\/wp\/v2\/comments?post=52078"}],"version-history":[{"count":0,"href":"https:\/\/portalnpm.com\/index.php\/wp-json\/wp\/v2\/posts\/52078\/revisions"}],"wp:featuredmedia":[{"embeddable":true,"href":"https:\/\/portalnpm.com\/index.php\/wp-json\/"}],"wp:attachment":[{"href":"https:\/\/portalnpm.com\/index.php\/wp-json\/wp\/v2\/media?parent=52078"}],"wp:term":[{"taxonomy":"category","embeddable":true,"href":"https:\/\/portalnpm.com\/index.php\/wp-json\/wp\/v2\/categories?post=52078"},{"taxonomy":"post_tag","embeddable":true,"href":"https:\/\/portalnpm.com\/index.php\/wp-json\/wp\/v2\/tags?post=52078"}],"curies":[{"name":"wp","href":"https:\/\/api.w.org\/{rel}","templated":true}]}}