{"id":52086,"date":"2020-04-16T10:36:33","date_gmt":"2020-04-16T13:36:33","guid":{"rendered":"https:\/\/portalnpm.com\/index.php\/2020\/04\/16\/medica-piauiense-morre-vitima-de-coronavirus-em-sao-paulo\/"},"modified":"2020-04-16T10:36:33","modified_gmt":"2020-04-16T13:36:33","slug":"medica-piauiense-morre-vitima-de-coronavirus-em-sao-paulo","status":"publish","type":"post","link":"https:\/\/portalnpm.com\/index.php\/2020\/04\/16\/medica-piauiense-morre-vitima-de-coronavirus-em-sao-paulo\/","title":{"rendered":"M\u00e9dica piauiense morre v\u00edtima de coronav\u00edrus em S\u00e3o Paulo"},"content":{"rendered":"<p style=\"text-align: justify;\">A Dra. Ad\u00e9lia Maria Ara\u00fajo de Almeida Oliveira, foi a primeira m\u00e9dica piauiense a falecer v\u00edtima da covid-19, a doen\u00e7a causada pelo novo coronav\u00edrus. Formada na Universidade Federal do Piau\u00ed, era Pediatra e exercia a profiss\u00e3o em S\u00e3o Paulo. Apesar de pertencer ao grupo de risco, continuou cuidando das suas crian\u00e7as e acabou sendo v\u00edtima. O Sindicato dos Servidores Municipais de S\u00e3o Paulo (Sindsep) registrou a morte de, ao menos, 16 trabalhadores do setor pela covid-19, a doen\u00e7a causada pelo novo coronav\u00edrus.<\/p>\n<p>\u00a0<\/p>\n<p style=\"text-align: justify;\">Segundo a dire\u00e7\u00e3o do Sindsep, as informa\u00e7\u00f5es foram coletadas por meio dos registros de colegas, amigos e familiares, nas redes sociais e em ve\u00edculos de imprensa. \u00a0Pesquisa realizada pelo sindicato revelou que 62% dos trabalhadores da sa\u00fade afirmam n\u00e3o ter acesso \u00e0 m\u00e1scara do tipo N95, e ainda enfrentam a falta de m\u00e1scaras cir\u00fargicas (52%). Al\u00e9m disso, n\u00e3o h\u00e1 \u00e1lcool para 70% dos profissionais e avental, para 30%. Ao mapear as condi\u00e7\u00f5es de seguran\u00e7a de trabalho, a pesquisa mostrou que a possibilidade de contamina\u00e7\u00e3o \u00e9 ainda maior para os servidores do grupo de risco da covid-19, que s\u00e3o quase um ter\u00e7o dos funcion\u00e1rios p\u00fablicos, considerando apenas aqueles que t\u00eam 60 anos ou mais.<\/p>\n<div class=\"article-html fr-element fr-view\" style=\"text-align: justify;\">\n<p>Apenas na segunda quinzena de mar\u00e7o, o servi\u00e7o de sa\u00fade da capital paulista perdeu 559 trabalhadores, por diversos motivos de sa\u00fade. N\u00e3o h\u00e1 informa\u00e7\u00f5es sobre casos de coronav\u00edrus entre os profissionais de sa\u00fade afastados, mas o aumento do n\u00famero de licen\u00e7as bate com o per\u00edodo de avan\u00e7o da epidemia em S\u00e3o Paulo.<\/p>\n<p><strong>Trabalhadores da sa\u00fade mortos em casos confirmados ou suspeitos de covid-19:<\/strong><\/p>\n<ol>\n<li>Gloria Souza, t\u00e9cnica de enfermagem do Hospital Municipal da Cidade Tiradentes;<\/li>\n<li>Juraci Augusta da Silva, de 72 anos, auxiliar de enfermagem no Hospital Municipal Carmino Caricchio;<\/li>\n<li>Idalgo Moura dos Santos, de 45 anos, enfermeiro, funcion\u00e1rio da Organiza\u00e7\u00e3o Social de Sa\u00fade (OSS) SPDM, trabalhava no Hospital Municipal Carmino Caricchio;<\/li>\n<li>Eduardo Gomes da Silva, de 48 anos, auxiliar de enfermagem no Hospital Tide Set\u00fabal, funcion\u00e1rio da OSS SPDM;<\/li>\n<li>Jos\u00e9 Alves Galdino da Silva, 38 anos, trabalhador terceirizado da vigil\u00e2ncia do Hospital Municipal Dr. Benedicto Montenegro;<\/li>\n<li>Paulo Fernando Moreira Palazzo, 56 anos, m\u00e9dico do Servi\u00e7o de Atendimento M\u00f3vel de Urg\u00eancia (SAMU);<\/li>\n<li>Marceliane Maciel, de 53 anos, servidor da Unidade B\u00e1sica de Sa\u00fade (UBS) Sacom\u00e3;<\/li>\n<li>Luzanira Od\u00edlio, de 61 anos, auxiliar de enfermagem do Hospital Municipal do Campo Limpo;<\/li>\n<li>Maria Elisa Reis de Oliveira, 66 anos, auxiliar de enfermagem da UBS Jardim Peri;<\/li>\n<li>\u00a0Angela Maria Salom\u00e3o, 64 anos, agente comunit\u00e1ria de sa\u00fade na UBS Jardim Guairac\u00e1;<\/li>\n<li>Jaime Takeo Matsumoto, m\u00e9dico ortopedista do Hospital Municipal Tide Set\u00fabal;<\/li>\n<li>Ad\u00e9lia Maria Ara\u00fajo de Almeida Oliveira, m\u00e9dica pediatra do Hospital Municipal Infantil Menino Jesus;<\/li>\n<li>Maria Santos, enfermeira do Hospital Municipal de Pirituba e do Hospital Estadual do Mandaqui;<\/li>\n<li>Jos\u00e9 Ant\u00f4nio da Boa Morte, t\u00e9cnico de enfermagem em uma empresa de ambul\u00e2ncias que atendia o servi\u00e7o de sa\u00fade de S\u00e3o Paulo;<\/li>\n<li>Elisangela Ferreira, t\u00e9cnica de farm\u00e1cia AME Maria Z\u00e9lia (trabalhadora da sa\u00fade estadual);<\/li>\n<li>Carlos Rog\u00e9rio de Carvalho, t\u00e9cnico em enfermagem do Hospital Estadual do Mandaqui (trabalhador da sa\u00fade estadual).<\/li>\n<\/ol>\n<\/div>\n<p style=\"text-align: justify;\"><strong>Fonte<\/strong>: Meio Norte<\/p>\n","protected":false},"excerpt":{"rendered":"<p>A Dra. Ad\u00e9lia Maria Ara\u00fajo de Almeida Oliveira, foi a primeira m\u00e9dica piauiense a falecer v\u00edtima da covid-19, a doen\u00e7a causada pelo novo coronav\u00edrus. Formada na Universidade Federal do Piau\u00ed, era Pediatra e exercia a profiss\u00e3o em S\u00e3o Paulo. Apesar de pertencer ao grupo de risco, continuou cuidando das suas crian\u00e7as e acabou sendo v\u00edtima. &hellip;<\/p>\n","protected":false},"author":8,"featured_media":19487,"comment_status":"open","ping_status":"open","sticky":false,"template":"","format":"standard","meta":{"content-type":"","rop_custom_images_group":[],"rop_custom_messages_group":[],"rop_publish_now":"initial","rop_publish_now_accounts":{"facebook_2648258775420054_1618374048415101":""},"rop_publish_now_history":[],"rop_publish_now_status":"pending","footnotes":"","_jetpack_memberships_contains_paid_content":false},"categories":[113,118],"tags":[3760,3131,132,608,2299],"yoast_head":"<!-- This site is optimized with the Yoast SEO plugin v22.3 - https:\/\/yoast.com\/wordpress\/plugins\/seo\/ -->\n<title>M\u00e9dica piauiense morre v\u00edtima de coronav\u00edrus em S\u00e3o Paulo<\/title>\n<meta name=\"robots\" content=\"index, follow, max-snippet:-1, max-image-preview:large, max-video-preview:-1\" \/>\n<link rel=\"canonical\" href=\"https:\/\/portalnpm.com\/index.php\/2020\/04\/16\/medica-piauiense-morre-vitima-de-coronavirus-em-sao-paulo\/\" \/>\n<meta property=\"og:locale\" content=\"pt_BR\" \/>\n<meta property=\"og:type\" content=\"article\" \/>\n<meta property=\"og:title\" content=\"M\u00e9dica piauiense morre v\u00edtima de coronav\u00edrus em S\u00e3o Paulo\" \/>\n<meta property=\"og:description\" content=\"A Dra. Ad\u00e9lia Maria Ara\u00fajo de Almeida Oliveira, foi a primeira m\u00e9dica piauiense a falecer v\u00edtima da covid-19, a doen\u00e7a causada pelo novo coronav\u00edrus. Formada na Universidade Federal do Piau\u00ed, era Pediatra e exercia a profiss\u00e3o em S\u00e3o Paulo. Apesar de pertencer ao grupo de risco, continuou cuidando das suas crian\u00e7as e acabou sendo v\u00edtima. &hellip;\" \/>\n<meta property=\"og:url\" content=\"https:\/\/portalnpm.com\/index.php\/2020\/04\/16\/medica-piauiense-morre-vitima-de-coronavirus-em-sao-paulo\/\" \/>\n<meta property=\"og:site_name\" content=\"Portal NPM\" \/>\n<meta property=\"article:published_time\" content=\"2020-04-16T13:36:33+00:00\" \/>\n<meta name=\"author\" content=\"Zenilton Lima\" \/>\n<meta name=\"twitter:card\" content=\"summary_large_image\" \/>\n<meta name=\"twitter:label1\" content=\"Escrito por\" \/>\n\t<meta name=\"twitter:data1\" content=\"Zenilton Lima\" \/>\n\t<meta name=\"twitter:label2\" content=\"Est. tempo de leitura\" \/>\n\t<meta name=\"twitter:data2\" content=\"3 minutos\" \/>\n<script type=\"application\/ld+json\" class=\"yoast-schema-graph\">{\"@context\":\"https:\/\/schema.org\",\"@graph\":[{\"@type\":\"WebPage\",\"@id\":\"https:\/\/portalnpm.com\/index.php\/2020\/04\/16\/medica-piauiense-morre-vitima-de-coronavirus-em-sao-paulo\/\",\"url\":\"https:\/\/portalnpm.com\/index.php\/2020\/04\/16\/medica-piauiense-morre-vitima-de-coronavirus-em-sao-paulo\/\",\"name\":\"M\u00e9dica piauiense morre v\u00edtima de coronav\u00edrus em S\u00e3o Paulo\",\"isPartOf\":{\"@id\":\"https:\/\/portalnpm.com\/#website\"},\"primaryImageOfPage\":{\"@id\":\"https:\/\/portalnpm.com\/index.php\/2020\/04\/16\/medica-piauiense-morre-vitima-de-coronavirus-em-sao-paulo\/#primaryimage\"},\"image\":{\"@id\":\"https:\/\/portalnpm.com\/index.php\/2020\/04\/16\/medica-piauiense-morre-vitima-de-coronavirus-em-sao-paulo\/#primaryimage\"},\"thumbnailUrl\":\"\",\"datePublished\":\"2020-04-16T13:36:33+00:00\",\"dateModified\":\"2020-04-16T13:36:33+00:00\",\"author\":{\"@id\":\"https:\/\/portalnpm.com\/#\/schema\/person\/35cb55186eae3f074b6783da6d35591e\"},\"breadcrumb\":{\"@id\":\"https:\/\/portalnpm.com\/index.php\/2020\/04\/16\/medica-piauiense-morre-vitima-de-coronavirus-em-sao-paulo\/#breadcrumb\"},\"inLanguage\":\"pt-BR\",\"potentialAction\":[{\"@type\":\"ReadAction\",\"target\":[\"https:\/\/portalnpm.com\/index.php\/2020\/04\/16\/medica-piauiense-morre-vitima-de-coronavirus-em-sao-paulo\/\"]}]},{\"@type\":\"ImageObject\",\"inLanguage\":\"pt-BR\",\"@id\":\"https:\/\/portalnpm.com\/index.php\/2020\/04\/16\/medica-piauiense-morre-vitima-de-coronavirus-em-sao-paulo\/#primaryimage\",\"url\":\"\",\"contentUrl\":\"\"},{\"@type\":\"BreadcrumbList\",\"@id\":\"https:\/\/portalnpm.com\/index.php\/2020\/04\/16\/medica-piauiense-morre-vitima-de-coronavirus-em-sao-paulo\/#breadcrumb\",\"itemListElement\":[{\"@type\":\"ListItem\",\"position\":1,\"name\":\"In\u00edcio\",\"item\":\"https:\/\/portalnpm.com\/\"},{\"@type\":\"ListItem\",\"position\":2,\"name\":\"M\u00e9dica piauiense morre v\u00edtima de coronav\u00edrus em S\u00e3o Paulo\"}]},{\"@type\":\"WebSite\",\"@id\":\"https:\/\/portalnpm.com\/#website\",\"url\":\"https:\/\/portalnpm.com\/\",\"name\":\"Portal NPM\",\"description\":\"Not\u00edcias em Primeira M\u00e3o\",\"potentialAction\":[{\"@type\":\"SearchAction\",\"target\":{\"@type\":\"EntryPoint\",\"urlTemplate\":\"https:\/\/portalnpm.com\/?s={search_term_string}\"},\"query-input\":\"required name=search_term_string\"}],\"inLanguage\":\"pt-BR\"},{\"@type\":\"Person\",\"@id\":\"https:\/\/portalnpm.com\/#\/schema\/person\/35cb55186eae3f074b6783da6d35591e\",\"name\":\"Zenilton Lima\",\"image\":{\"@type\":\"ImageObject\",\"inLanguage\":\"pt-BR\",\"@id\":\"https:\/\/portalnpm.com\/#\/schema\/person\/image\/\",\"url\":\"https:\/\/portalnpm.com\/wp-content\/uploads\/2024\/12\/avatar_user_8_1733658137-96x96.jpeg\",\"contentUrl\":\"https:\/\/portalnpm.com\/wp-content\/uploads\/2024\/12\/avatar_user_8_1733658137-96x96.jpeg\",\"caption\":\"Zenilton Lima\"},\"url\":\"https:\/\/portalnpm.com\/index.php\/author\/zenilton\/\"}]}<\/script>\n<!-- \/ Yoast SEO plugin. -->","yoast_head_json":{"title":"M\u00e9dica piauiense morre v\u00edtima de coronav\u00edrus em S\u00e3o Paulo","robots":{"index":"index","follow":"follow","max-snippet":"max-snippet:-1","max-image-preview":"max-image-preview:large","max-video-preview":"max-video-preview:-1"},"canonical":"https:\/\/portalnpm.com\/index.php\/2020\/04\/16\/medica-piauiense-morre-vitima-de-coronavirus-em-sao-paulo\/","og_locale":"pt_BR","og_type":"article","og_title":"M\u00e9dica piauiense morre v\u00edtima de coronav\u00edrus em S\u00e3o Paulo","og_description":"A Dra. Ad\u00e9lia Maria Ara\u00fajo de Almeida Oliveira, foi a primeira m\u00e9dica piauiense a falecer v\u00edtima da covid-19, a doen\u00e7a causada pelo novo coronav\u00edrus. Formada na Universidade Federal do Piau\u00ed, era Pediatra e exercia a profiss\u00e3o em S\u00e3o Paulo. Apesar de pertencer ao grupo de risco, continuou cuidando das suas crian\u00e7as e acabou sendo v\u00edtima. &hellip;","og_url":"https:\/\/portalnpm.com\/index.php\/2020\/04\/16\/medica-piauiense-morre-vitima-de-coronavirus-em-sao-paulo\/","og_site_name":"Portal NPM","article_published_time":"2020-04-16T13:36:33+00:00","author":"Zenilton Lima","twitter_card":"summary_large_image","twitter_misc":{"Escrito por":"Zenilton Lima","Est. tempo de leitura":"3 minutos"},"schema":{"@context":"https:\/\/schema.org","@graph":[{"@type":"WebPage","@id":"https:\/\/portalnpm.com\/index.php\/2020\/04\/16\/medica-piauiense-morre-vitima-de-coronavirus-em-sao-paulo\/","url":"https:\/\/portalnpm.com\/index.php\/2020\/04\/16\/medica-piauiense-morre-vitima-de-coronavirus-em-sao-paulo\/","name":"M\u00e9dica piauiense morre v\u00edtima de coronav\u00edrus em S\u00e3o Paulo","isPartOf":{"@id":"https:\/\/portalnpm.com\/#website"},"primaryImageOfPage":{"@id":"https:\/\/portalnpm.com\/index.php\/2020\/04\/16\/medica-piauiense-morre-vitima-de-coronavirus-em-sao-paulo\/#primaryimage"},"image":{"@id":"https:\/\/portalnpm.com\/index.php\/2020\/04\/16\/medica-piauiense-morre-vitima-de-coronavirus-em-sao-paulo\/#primaryimage"},"thumbnailUrl":"","datePublished":"2020-04-16T13:36:33+00:00","dateModified":"2020-04-16T13:36:33+00:00","author":{"@id":"https:\/\/portalnpm.com\/#\/schema\/person\/35cb55186eae3f074b6783da6d35591e"},"breadcrumb":{"@id":"https:\/\/portalnpm.com\/index.php\/2020\/04\/16\/medica-piauiense-morre-vitima-de-coronavirus-em-sao-paulo\/#breadcrumb"},"inLanguage":"pt-BR","potentialAction":[{"@type":"ReadAction","target":["https:\/\/portalnpm.com\/index.php\/2020\/04\/16\/medica-piauiense-morre-vitima-de-coronavirus-em-sao-paulo\/"]}]},{"@type":"ImageObject","inLanguage":"pt-BR","@id":"https:\/\/portalnpm.com\/index.php\/2020\/04\/16\/medica-piauiense-morre-vitima-de-coronavirus-em-sao-paulo\/#primaryimage","url":"","contentUrl":""},{"@type":"BreadcrumbList","@id":"https:\/\/portalnpm.com\/index.php\/2020\/04\/16\/medica-piauiense-morre-vitima-de-coronavirus-em-sao-paulo\/#breadcrumb","itemListElement":[{"@type":"ListItem","position":1,"name":"In\u00edcio","item":"https:\/\/portalnpm.com\/"},{"@type":"ListItem","position":2,"name":"M\u00e9dica piauiense morre v\u00edtima de coronav\u00edrus em S\u00e3o Paulo"}]},{"@type":"WebSite","@id":"https:\/\/portalnpm.com\/#website","url":"https:\/\/portalnpm.com\/","name":"Portal NPM","description":"Not\u00edcias em Primeira M\u00e3o","potentialAction":[{"@type":"SearchAction","target":{"@type":"EntryPoint","urlTemplate":"https:\/\/portalnpm.com\/?s={search_term_string}"},"query-input":"required name=search_term_string"}],"inLanguage":"pt-BR"},{"@type":"Person","@id":"https:\/\/portalnpm.com\/#\/schema\/person\/35cb55186eae3f074b6783da6d35591e","name":"Zenilton Lima","image":{"@type":"ImageObject","inLanguage":"pt-BR","@id":"https:\/\/portalnpm.com\/#\/schema\/person\/image\/","url":"https:\/\/portalnpm.com\/wp-content\/uploads\/2024\/12\/avatar_user_8_1733658137-96x96.jpeg","contentUrl":"https:\/\/portalnpm.com\/wp-content\/uploads\/2024\/12\/avatar_user_8_1733658137-96x96.jpeg","caption":"Zenilton Lima"},"url":"https:\/\/portalnpm.com\/index.php\/author\/zenilton\/"}]}},"jetpack_sharing_enabled":true,"jetpack_featured_media_url":"","_links":{"self":[{"href":"https:\/\/portalnpm.com\/index.php\/wp-json\/wp\/v2\/posts\/52086"}],"collection":[{"href":"https:\/\/portalnpm.com\/index.php\/wp-json\/wp\/v2\/posts"}],"about":[{"href":"https:\/\/portalnpm.com\/index.php\/wp-json\/wp\/v2\/types\/post"}],"author":[{"embeddable":true,"href":"https:\/\/portalnpm.com\/index.php\/wp-json\/wp\/v2\/users\/8"}],"replies":[{"embeddable":true,"href":"https:\/\/portalnpm.com\/index.php\/wp-json\/wp\/v2\/comments?post=52086"}],"version-history":[{"count":0,"href":"https:\/\/portalnpm.com\/index.php\/wp-json\/wp\/v2\/posts\/52086\/revisions"}],"wp:featuredmedia":[{"embeddable":true,"href":"https:\/\/portalnpm.com\/index.php\/wp-json\/"}],"wp:attachment":[{"href":"https:\/\/portalnpm.com\/index.php\/wp-json\/wp\/v2\/media?parent=52086"}],"wp:term":[{"taxonomy":"category","embeddable":true,"href":"https:\/\/portalnpm.com\/index.php\/wp-json\/wp\/v2\/categories?post=52086"},{"taxonomy":"post_tag","embeddable":true,"href":"https:\/\/portalnpm.com\/index.php\/wp-json\/wp\/v2\/tags?post=52086"}],"curies":[{"name":"wp","href":"https:\/\/api.w.org\/{rel}","templated":true}]}}