{"id":52173,"date":"2020-04-22T10:47:06","date_gmt":"2020-04-22T13:47:06","guid":{"rendered":"https:\/\/portalnpm.com\/index.php\/2020\/04\/22\/em-alegrete-do-piaui-vice-prefeita-hermilinda-gomes-denuncia-descaso-na-estacao-de-abastecimento-dagua\/"},"modified":"2024-01-15T18:25:15","modified_gmt":"2024-01-15T21:25:15","slug":"em-alegrete-do-piaui-vice-prefeita-hermilinda-gomes-denuncia-descaso-na-estacao-de-abastecimento-dagua","status":"publish","type":"post","link":"https:\/\/portalnpm.com\/index.php\/2020\/04\/22\/em-alegrete-do-piaui-vice-prefeita-hermilinda-gomes-denuncia-descaso-na-estacao-de-abastecimento-dagua\/","title":{"rendered":"Em Alegrete do Piau\u00ed, vice-prefeita Hermilinda Gomes denuncia descaso na esta\u00e7\u00e3o de abastecimento d&#8217;\u00e1gua"},"content":{"rendered":"<p><p style=\"text-align: justify;\">A ex-vereadora e atual vice-prefeita de Alegrete do Piau&iacute;, Hermilinda Gomes (Solidariedade), denunciou o descaso da esta&ccedil;&atilde;o de tratamento de &aacute;gua da referida cidade, localizada na localidade Alegrete Velho, cerca de 2 km da sede do munic&iacute;pio.<\/p>\n<figure id=\"attachment_19656\" aria-describedby=\"caption-attachment-19656\" style=\"width: 1040px\" class=\"wp-caption aligncenter\"><img fetchpriority=\"high\" decoding=\"async\" class=\"size-full wp-image-19656\" src=\"https:\/\/portalnpm.com\/wp-content\/uploads\/2024\/01\/IMG-20200420-WA0077.jpg\" alt=\"\" width=\"1040\" height=\"780\"><figcaption id=\"caption-attachment-19656\" class=\"wp-caption-text\">Esta&ccedil;&atilde;o de abastecimento d&#8217; &aacute;gua totalmente abandonada<\/figcaption><\/figure>\n<p style=\"text-align: justify;\">A obra foi inaugurada em abril de 2018, com recursos do governo do Estado junto a Secretaria Estadual da Defesa Civil, um sistema de abastecimento capaz de atender com aproximadamente 30 mil litros de &aacute;gua por hora, que atenderia cerca de 4 mil pessoas na zona urbana.<\/p>\n<p style=\"text-align: justify;\">O sistema implantado pela Sedec &eacute; composto por uma Esta&ccedil;&atilde;o de Tratamento de &Aacute;gua (ETA) compacta de dupla filtra&ccedil;&atilde;o pr&eacute; fabricada, com leito de secagem, casa de qu&iacute;mica, sistema de drenagem e sistema de recircula&ccedil;&atilde;o, al&eacute;m de uma adutora de 2.2 quil&oacute;metros de extens&atilde;o, que levaria &aacute;gua da Barragem Alegrete Velho at&eacute; o reservat&oacute;rio existente na sede do munic&iacute;pio, com capacidade para armazenar 100 mil litros de &aacute;gua.<\/p>\n<figure id=\"attachment_19660\" aria-describedby=\"caption-attachment-19660\" style=\"width: 686px\" class=\"wp-caption aligncenter\"><img decoding=\"async\" class=\"size-full wp-image-19660\" src=\"https:\/\/portalnpm.com\/wp-content\/uploads\/2024\/01\/IMG-20200422-WA0014.jpg\" alt=\"\" width=\"686\" height=\"695\"><figcaption id=\"caption-attachment-19660\" class=\"wp-caption-text\">Vice-Prefeita Hermilinda Gomes denuncia descaso em esta&ccedil;&atilde;o de abastecimento de &aacute;gua no munic&iacute;pio de Alegrete do Piau&iacute;<\/figcaption><\/figure>\n<p style=\"text-align: justify;\">Segundo a vice-prefeita de Alegrete Hermilinda Gomes, a esta&ccedil;&atilde;o de tratamento de &aacute;gua de Alegrete do Piau&iacute; est&aacute; totalmente abandonada pela gest&atilde;o p&uacute;blica municipal: <em>&#8220;A Esta&ccedil;&atilde;o de tratamento foi inaugurada em abril de 2018, com um valor or&ccedil;ament&aacute;rio de mais de Um Milh&atilde;o e Seiscentos Mil Reais, entretanto, at&eacute; hoje n&atilde;o levou uma gota de &aacute;gua para a popula&ccedil;&atilde;o de Alegrete. Atualmente, se encontra em total descaso, sem a bomba, sem eletrifica&ccedil;&atilde;o, matos por todos os lados, em fim, abandono total. O povo de Alegrete merece mais respeito, mais aten&ccedil;&atilde;o, afinal, &aacute;gua &eacute; uma fonte de vida, e essa esta&ccedil;&atilde;o levaria &aacute;gua de qualidade para o nosso povo, j&aacute; que o consumo &eacute; atrav&eacute;s de po&ccedil;os artesianos, por&eacute;m, &eacute; uma &aacute;gua salina e n&atilde;o serve para o consumo humano, as fam&iacute;lias tem que comprar &aacute;gua para beber&#8221;,<\/em> disse Hermilinda Gomes.<\/p>\n<p><strong><em>Veja imagens do antes e do depois:&nbsp;<\/em><\/strong><img decoding=\"async\" class=\"aligncenter size-medium wp-image-19651\" src=\"https:\/\/portalnpm.com\/wp-content\/uploads\/2024\/01\/IMG-20200422-WA0013.jpg\" alt=\"\" width=\"1280\" height=\"720\"><img loading=\"lazy\" decoding=\"async\" class=\"aligncenter size-medium wp-image-19652\" src=\"https:\/\/portalnpm.com\/wp-content\/uploads\/2024\/01\/IMG-20200422-WA0012.jpg\" alt=\"\" width=\"1280\" height=\"720\"><img loading=\"lazy\" decoding=\"async\" class=\"aligncenter size-medium wp-image-19653\" src=\"https:\/\/portalnpm.com\/wp-content\/uploads\/2024\/01\/IMG-20200422-WA0011.jpg\" alt=\"\" width=\"1280\" height=\"720\"><img loading=\"lazy\" decoding=\"async\" class=\"aligncenter size-medium wp-image-19654\" src=\"https:\/\/portalnpm.com\/wp-content\/uploads\/2024\/01\/IMG-20200422-WA0010.jpg\" alt=\"\" width=\"1280\" height=\"720\"><span style=\"color: #808000;\">Prefeito M&aacute;rcio Alencar (PT) acompanhando o in&iacute;cio das obras.<\/span><\/p>\n<figure id=\"attachment_19655\" aria-describedby=\"caption-attachment-19655\" style=\"width: 1040px\" class=\"wp-caption aligncenter\"><img loading=\"lazy\" decoding=\"async\" class=\"size-full wp-image-19655\" src=\"https:\/\/portalnpm.com\/wp-content\/uploads\/2024\/01\/IMG-20200420-WA0074-1.jpg\" alt=\"\" width=\"1040\" height=\"780\"><figcaption id=\"caption-attachment-19655\" class=\"wp-caption-text\">Inaugurada em 2018, por&eacute;m, nunca levou uma gota de &aacute;gua para as fam&iacute;lias de Alegrete. Segundo a vice-prefeita, a obra custou aos cofres p&uacute;blicos mais um milh&atilde;o e seiscentos mil reais<\/figcaption><\/figure>\n<p><img loading=\"lazy\" decoding=\"async\" class=\"aligncenter size-medium wp-image-19657\" src=\"https:\/\/portalnpm.com\/wp-content\/uploads\/2024\/01\/IMG-20200420-WA0078.jpg\" alt=\"\" width=\"780\" height=\"1040\"> <img loading=\"lazy\" decoding=\"async\" class=\"aligncenter size-medium wp-image-19658\" src=\"https:\/\/portalnpm.com\/wp-content\/uploads\/2024\/01\/IMG-20200420-WA0076.jpg\" alt=\"\" width=\"780\" height=\"1040\"> <img loading=\"lazy\" decoding=\"async\" class=\"aligncenter size-medium wp-image-19659\" src=\"https:\/\/portalnpm.com\/wp-content\/uploads\/2024\/01\/IMG-20200420-WA0075.jpg\" alt=\"\" width=\"780\" height=\"1040\"><\/p>\n<p><span style=\"color: #808000;\">Barragem de Alegrete Velho com 100% de sua capacidade. &Aacute;gua que poderia ser usada para o consumo humano atrav&eacute;s da obra acima citada.<\/span><\/p>\n<p>O <a href=\"Portalnpm.com.br\">Portal NPM<\/a> deixa o espa&ccedil;o aberto para prefeitura de Alegrete do Piau&iacute;, caso a mesma queira esclarecer.<\/p><\/p>\n","protected":false},"excerpt":{"rendered":"<p>A ex-vereadora e atual vice-prefeita de Alegrete do Piau&iacute;, Hermilinda Gomes (Solidariedade), denunciou o descaso da esta&ccedil;&atilde;o de tratamento de &aacute;gua da referida cidade, localizada na localidade Alegrete Velho, cerca de 2 km da sede do munic&iacute;pio. A obra foi inaugurada em abril de 2018, com recursos do governo do Estado junto a Secretaria Estadual &hellip;<\/p>\n","protected":false},"author":4,"featured_media":52174,"comment_status":"open","ping_status":"open","sticky":false,"template":"","format":"standard","meta":{"content-type":"","rop_custom_images_group":[],"rop_custom_messages_group":[],"rop_publish_now":"initial","rop_publish_now_accounts":{"facebook_2648258775420054_1618374048415101":""},"rop_publish_now_history":[],"rop_publish_now_status":"pending","footnotes":"","_jetpack_memberships_contains_paid_content":false},"categories":[110,113,109],"tags":[111,1525,4222,4223,4224],"yoast_head":"<!-- This site is optimized with the Yoast SEO plugin v22.3 - https:\/\/yoast.com\/wordpress\/plugins\/seo\/ -->\n<title>Em Alegrete do Piau\u00ed, vice-prefeita Hermilinda Gomes denuncia descaso na esta\u00e7\u00e3o de abastecimento d&#039;\u00e1gua<\/title>\n<meta name=\"robots\" content=\"index, follow, max-snippet:-1, max-image-preview:large, max-video-preview:-1\" \/>\n<link rel=\"canonical\" href=\"https:\/\/portalnpm.com\/index.php\/2020\/04\/22\/em-alegrete-do-piaui-vice-prefeita-hermilinda-gomes-denuncia-descaso-na-estacao-de-abastecimento-dagua\/\" \/>\n<meta property=\"og:locale\" content=\"pt_BR\" \/>\n<meta property=\"og:type\" content=\"article\" \/>\n<meta property=\"og:title\" content=\"Em Alegrete do Piau\u00ed, vice-prefeita Hermilinda Gomes denuncia descaso na esta\u00e7\u00e3o de abastecimento d&#039;\u00e1gua\" \/>\n<meta property=\"og:description\" content=\"A ex-vereadora e atual vice-prefeita de Alegrete do Piau&iacute;, Hermilinda Gomes (Solidariedade), denunciou o descaso da esta&ccedil;&atilde;o de tratamento de &aacute;gua da referida cidade, localizada na localidade Alegrete Velho, cerca de 2 km da sede do munic&iacute;pio. A obra foi inaugurada em abril de 2018, com recursos do governo do Estado junto a Secretaria Estadual &hellip;\" \/>\n<meta property=\"og:url\" content=\"https:\/\/portalnpm.com\/index.php\/2020\/04\/22\/em-alegrete-do-piaui-vice-prefeita-hermilinda-gomes-denuncia-descaso-na-estacao-de-abastecimento-dagua\/\" \/>\n<meta property=\"og:site_name\" content=\"Portal NPM\" \/>\n<meta property=\"article:published_time\" content=\"2020-04-22T13:47:06+00:00\" \/>\n<meta property=\"article:modified_time\" content=\"2024-01-15T21:25:15+00:00\" \/>\n<meta property=\"og:image\" content=\"https:\/\/portalnpm.com\/wp-content\/uploads\/2024\/01\/IMG_20200422_092444.jpg\" \/>\n\t<meta property=\"og:image:width\" content=\"567\" \/>\n\t<meta property=\"og:image:height\" content=\"575\" \/>\n\t<meta property=\"og:image:type\" content=\"image\/jpeg\" \/>\n<meta name=\"author\" content=\"Reda\u00e7\u00e3o\" \/>\n<meta name=\"twitter:card\" content=\"summary_large_image\" \/>\n<meta name=\"twitter:label1\" content=\"Escrito por\" \/>\n\t<meta name=\"twitter:data1\" content=\"Reda\u00e7\u00e3o\" \/>\n\t<meta name=\"twitter:label2\" content=\"Est. tempo de leitura\" \/>\n\t<meta name=\"twitter:data2\" content=\"3 minutos\" \/>\n<script type=\"application\/ld+json\" class=\"yoast-schema-graph\">{\"@context\":\"https:\/\/schema.org\",\"@graph\":[{\"@type\":\"WebPage\",\"@id\":\"https:\/\/portalnpm.com\/index.php\/2020\/04\/22\/em-alegrete-do-piaui-vice-prefeita-hermilinda-gomes-denuncia-descaso-na-estacao-de-abastecimento-dagua\/\",\"url\":\"https:\/\/portalnpm.com\/index.php\/2020\/04\/22\/em-alegrete-do-piaui-vice-prefeita-hermilinda-gomes-denuncia-descaso-na-estacao-de-abastecimento-dagua\/\",\"name\":\"Em Alegrete do Piau\u00ed, vice-prefeita Hermilinda Gomes denuncia descaso na esta\u00e7\u00e3o de abastecimento d'\u00e1gua\",\"isPartOf\":{\"@id\":\"https:\/\/portalnpm.com\/#website\"},\"primaryImageOfPage\":{\"@id\":\"https:\/\/portalnpm.com\/index.php\/2020\/04\/22\/em-alegrete-do-piaui-vice-prefeita-hermilinda-gomes-denuncia-descaso-na-estacao-de-abastecimento-dagua\/#primaryimage\"},\"image\":{\"@id\":\"https:\/\/portalnpm.com\/index.php\/2020\/04\/22\/em-alegrete-do-piaui-vice-prefeita-hermilinda-gomes-denuncia-descaso-na-estacao-de-abastecimento-dagua\/#primaryimage\"},\"thumbnailUrl\":\"https:\/\/portalnpm.com\/wp-content\/uploads\/2024\/01\/IMG_20200422_092444.jpg\",\"datePublished\":\"2020-04-22T13:47:06+00:00\",\"dateModified\":\"2024-01-15T21:25:15+00:00\",\"author\":{\"@id\":\"https:\/\/portalnpm.com\/#\/schema\/person\/0b5f230ec96cee25504fa328e7f2b733\"},\"breadcrumb\":{\"@id\":\"https:\/\/portalnpm.com\/index.php\/2020\/04\/22\/em-alegrete-do-piaui-vice-prefeita-hermilinda-gomes-denuncia-descaso-na-estacao-de-abastecimento-dagua\/#breadcrumb\"},\"inLanguage\":\"pt-BR\",\"potentialAction\":[{\"@type\":\"ReadAction\",\"target\":[\"https:\/\/portalnpm.com\/index.php\/2020\/04\/22\/em-alegrete-do-piaui-vice-prefeita-hermilinda-gomes-denuncia-descaso-na-estacao-de-abastecimento-dagua\/\"]}]},{\"@type\":\"ImageObject\",\"inLanguage\":\"pt-BR\",\"@id\":\"https:\/\/portalnpm.com\/index.php\/2020\/04\/22\/em-alegrete-do-piaui-vice-prefeita-hermilinda-gomes-denuncia-descaso-na-estacao-de-abastecimento-dagua\/#primaryimage\",\"url\":\"https:\/\/portalnpm.com\/wp-content\/uploads\/2024\/01\/IMG_20200422_092444.jpg\",\"contentUrl\":\"https:\/\/portalnpm.com\/wp-content\/uploads\/2024\/01\/IMG_20200422_092444.jpg\",\"width\":567,\"height\":575},{\"@type\":\"BreadcrumbList\",\"@id\":\"https:\/\/portalnpm.com\/index.php\/2020\/04\/22\/em-alegrete-do-piaui-vice-prefeita-hermilinda-gomes-denuncia-descaso-na-estacao-de-abastecimento-dagua\/#breadcrumb\",\"itemListElement\":[{\"@type\":\"ListItem\",\"position\":1,\"name\":\"In\u00edcio\",\"item\":\"https:\/\/portalnpm.com\/\"},{\"@type\":\"ListItem\",\"position\":2,\"name\":\"Em Alegrete do Piau\u00ed, vice-prefeita Hermilinda Gomes denuncia descaso na esta\u00e7\u00e3o de abastecimento d&#8217;\u00e1gua\"}]},{\"@type\":\"WebSite\",\"@id\":\"https:\/\/portalnpm.com\/#website\",\"url\":\"https:\/\/portalnpm.com\/\",\"name\":\"Portal NPM\",\"description\":\"Not\u00edcias em Primeira M\u00e3o\",\"potentialAction\":[{\"@type\":\"SearchAction\",\"target\":{\"@type\":\"EntryPoint\",\"urlTemplate\":\"https:\/\/portalnpm.com\/?s={search_term_string}\"},\"query-input\":\"required name=search_term_string\"}],\"inLanguage\":\"pt-BR\"},{\"@type\":\"Person\",\"@id\":\"https:\/\/portalnpm.com\/#\/schema\/person\/0b5f230ec96cee25504fa328e7f2b733\",\"name\":\"Reda\u00e7\u00e3o\",\"image\":{\"@type\":\"ImageObject\",\"inLanguage\":\"pt-BR\",\"@id\":\"https:\/\/portalnpm.com\/#\/schema\/person\/image\/\",\"url\":\"https:\/\/portalnpm.com\/wp-content\/uploads\/2024\/03\/avatar_user_4_1710097212-96x96.png\",\"contentUrl\":\"https:\/\/portalnpm.com\/wp-content\/uploads\/2024\/03\/avatar_user_4_1710097212-96x96.png\",\"caption\":\"Reda\u00e7\u00e3o\"},\"url\":\"https:\/\/portalnpm.com\/index.php\/author\/redacao\/\"}]}<\/script>\n<!-- \/ Yoast SEO plugin. -->","yoast_head_json":{"title":"Em Alegrete do Piau\u00ed, vice-prefeita Hermilinda Gomes denuncia descaso na esta\u00e7\u00e3o de abastecimento d'\u00e1gua","robots":{"index":"index","follow":"follow","max-snippet":"max-snippet:-1","max-image-preview":"max-image-preview:large","max-video-preview":"max-video-preview:-1"},"canonical":"https:\/\/portalnpm.com\/index.php\/2020\/04\/22\/em-alegrete-do-piaui-vice-prefeita-hermilinda-gomes-denuncia-descaso-na-estacao-de-abastecimento-dagua\/","og_locale":"pt_BR","og_type":"article","og_title":"Em Alegrete do Piau\u00ed, vice-prefeita Hermilinda Gomes denuncia descaso na esta\u00e7\u00e3o de abastecimento d'\u00e1gua","og_description":"A ex-vereadora e atual vice-prefeita de Alegrete do Piau&iacute;, Hermilinda Gomes (Solidariedade), denunciou o descaso da esta&ccedil;&atilde;o de tratamento de &aacute;gua da referida cidade, localizada na localidade Alegrete Velho, cerca de 2 km da sede do munic&iacute;pio. A obra foi inaugurada em abril de 2018, com recursos do governo do Estado junto a Secretaria Estadual &hellip;","og_url":"https:\/\/portalnpm.com\/index.php\/2020\/04\/22\/em-alegrete-do-piaui-vice-prefeita-hermilinda-gomes-denuncia-descaso-na-estacao-de-abastecimento-dagua\/","og_site_name":"Portal NPM","article_published_time":"2020-04-22T13:47:06+00:00","article_modified_time":"2024-01-15T21:25:15+00:00","og_image":[{"width":567,"height":575,"url":"https:\/\/portalnpm.com\/wp-content\/uploads\/2024\/01\/IMG_20200422_092444.jpg","type":"image\/jpeg"}],"author":"Reda\u00e7\u00e3o","twitter_card":"summary_large_image","twitter_misc":{"Escrito por":"Reda\u00e7\u00e3o","Est. tempo de leitura":"3 minutos"},"schema":{"@context":"https:\/\/schema.org","@graph":[{"@type":"WebPage","@id":"https:\/\/portalnpm.com\/index.php\/2020\/04\/22\/em-alegrete-do-piaui-vice-prefeita-hermilinda-gomes-denuncia-descaso-na-estacao-de-abastecimento-dagua\/","url":"https:\/\/portalnpm.com\/index.php\/2020\/04\/22\/em-alegrete-do-piaui-vice-prefeita-hermilinda-gomes-denuncia-descaso-na-estacao-de-abastecimento-dagua\/","name":"Em Alegrete do Piau\u00ed, vice-prefeita Hermilinda Gomes denuncia descaso na esta\u00e7\u00e3o de abastecimento d'\u00e1gua","isPartOf":{"@id":"https:\/\/portalnpm.com\/#website"},"primaryImageOfPage":{"@id":"https:\/\/portalnpm.com\/index.php\/2020\/04\/22\/em-alegrete-do-piaui-vice-prefeita-hermilinda-gomes-denuncia-descaso-na-estacao-de-abastecimento-dagua\/#primaryimage"},"image":{"@id":"https:\/\/portalnpm.com\/index.php\/2020\/04\/22\/em-alegrete-do-piaui-vice-prefeita-hermilinda-gomes-denuncia-descaso-na-estacao-de-abastecimento-dagua\/#primaryimage"},"thumbnailUrl":"https:\/\/portalnpm.com\/wp-content\/uploads\/2024\/01\/IMG_20200422_092444.jpg","datePublished":"2020-04-22T13:47:06+00:00","dateModified":"2024-01-15T21:25:15+00:00","author":{"@id":"https:\/\/portalnpm.com\/#\/schema\/person\/0b5f230ec96cee25504fa328e7f2b733"},"breadcrumb":{"@id":"https:\/\/portalnpm.com\/index.php\/2020\/04\/22\/em-alegrete-do-piaui-vice-prefeita-hermilinda-gomes-denuncia-descaso-na-estacao-de-abastecimento-dagua\/#breadcrumb"},"inLanguage":"pt-BR","potentialAction":[{"@type":"ReadAction","target":["https:\/\/portalnpm.com\/index.php\/2020\/04\/22\/em-alegrete-do-piaui-vice-prefeita-hermilinda-gomes-denuncia-descaso-na-estacao-de-abastecimento-dagua\/"]}]},{"@type":"ImageObject","inLanguage":"pt-BR","@id":"https:\/\/portalnpm.com\/index.php\/2020\/04\/22\/em-alegrete-do-piaui-vice-prefeita-hermilinda-gomes-denuncia-descaso-na-estacao-de-abastecimento-dagua\/#primaryimage","url":"https:\/\/portalnpm.com\/wp-content\/uploads\/2024\/01\/IMG_20200422_092444.jpg","contentUrl":"https:\/\/portalnpm.com\/wp-content\/uploads\/2024\/01\/IMG_20200422_092444.jpg","width":567,"height":575},{"@type":"BreadcrumbList","@id":"https:\/\/portalnpm.com\/index.php\/2020\/04\/22\/em-alegrete-do-piaui-vice-prefeita-hermilinda-gomes-denuncia-descaso-na-estacao-de-abastecimento-dagua\/#breadcrumb","itemListElement":[{"@type":"ListItem","position":1,"name":"In\u00edcio","item":"https:\/\/portalnpm.com\/"},{"@type":"ListItem","position":2,"name":"Em Alegrete do Piau\u00ed, vice-prefeita Hermilinda Gomes denuncia descaso na esta\u00e7\u00e3o de abastecimento d&#8217;\u00e1gua"}]},{"@type":"WebSite","@id":"https:\/\/portalnpm.com\/#website","url":"https:\/\/portalnpm.com\/","name":"Portal NPM","description":"Not\u00edcias em Primeira M\u00e3o","potentialAction":[{"@type":"SearchAction","target":{"@type":"EntryPoint","urlTemplate":"https:\/\/portalnpm.com\/?s={search_term_string}"},"query-input":"required name=search_term_string"}],"inLanguage":"pt-BR"},{"@type":"Person","@id":"https:\/\/portalnpm.com\/#\/schema\/person\/0b5f230ec96cee25504fa328e7f2b733","name":"Reda\u00e7\u00e3o","image":{"@type":"ImageObject","inLanguage":"pt-BR","@id":"https:\/\/portalnpm.com\/#\/schema\/person\/image\/","url":"https:\/\/portalnpm.com\/wp-content\/uploads\/2024\/03\/avatar_user_4_1710097212-96x96.png","contentUrl":"https:\/\/portalnpm.com\/wp-content\/uploads\/2024\/03\/avatar_user_4_1710097212-96x96.png","caption":"Reda\u00e7\u00e3o"},"url":"https:\/\/portalnpm.com\/index.php\/author\/redacao\/"}]}},"jetpack_sharing_enabled":true,"jetpack_featured_media_url":"https:\/\/portalnpm.com\/wp-content\/uploads\/2024\/01\/IMG_20200422_092444.jpg","_links":{"self":[{"href":"https:\/\/portalnpm.com\/index.php\/wp-json\/wp\/v2\/posts\/52173"}],"collection":[{"href":"https:\/\/portalnpm.com\/index.php\/wp-json\/wp\/v2\/posts"}],"about":[{"href":"https:\/\/portalnpm.com\/index.php\/wp-json\/wp\/v2\/types\/post"}],"author":[{"embeddable":true,"href":"https:\/\/portalnpm.com\/index.php\/wp-json\/wp\/v2\/users\/4"}],"replies":[{"embeddable":true,"href":"https:\/\/portalnpm.com\/index.php\/wp-json\/wp\/v2\/comments?post=52173"}],"version-history":[{"count":1,"href":"https:\/\/portalnpm.com\/index.php\/wp-json\/wp\/v2\/posts\/52173\/revisions"}],"predecessor-version":[{"id":52189,"href":"https:\/\/portalnpm.com\/index.php\/wp-json\/wp\/v2\/posts\/52173\/revisions\/52189"}],"wp:featuredmedia":[{"embeddable":true,"href":"https:\/\/portalnpm.com\/index.php\/wp-json\/wp\/v2\/media\/52174"}],"wp:attachment":[{"href":"https:\/\/portalnpm.com\/index.php\/wp-json\/wp\/v2\/media?parent=52173"}],"wp:term":[{"taxonomy":"category","embeddable":true,"href":"https:\/\/portalnpm.com\/index.php\/wp-json\/wp\/v2\/categories?post=52173"},{"taxonomy":"post_tag","embeddable":true,"href":"https:\/\/portalnpm.com\/index.php\/wp-json\/wp\/v2\/tags?post=52173"}],"curies":[{"name":"wp","href":"https:\/\/api.w.org\/{rel}","templated":true}]}}