{"id":52251,"date":"2020-04-29T16:21:47","date_gmt":"2020-04-29T19:21:47","guid":{"rendered":"https:\/\/portalnpm.com\/index.php\/2020\/04\/29\/ha-31-anos-dr-francisco-macedo-ex-prefeito-de-padre-marcos-partiu-deixando-um-grande-legado\/"},"modified":"2024-01-15T18:27:26","modified_gmt":"2024-01-15T21:27:26","slug":"ha-31-anos-dr-francisco-macedo-ex-prefeito-de-padre-marcos-partiu-deixando-um-grande-legado","status":"publish","type":"post","link":"https:\/\/portalnpm.com\/index.php\/2020\/04\/29\/ha-31-anos-dr-francisco-macedo-ex-prefeito-de-padre-marcos-partiu-deixando-um-grande-legado\/","title":{"rendered":"H\u00e1 31 anos, Dr. Francisco Macedo, ex-prefeito de Padre Marcos, partiu deixando um grande legado"},"content":{"rendered":"<p><p style=\"text-align: justify;\">H&aacute; exatamente 31 anos, o m&eacute;dico e influente pol&iacute;tico piauiense Francisco Lu&iacute;s de Macedo, foi v&iacute;tima de um brutal assassinato ocorrido na noite de 29 de Abril de 1989, na capital do Piau&iacute;, Teresina.<\/p>\n<figure id=\"attachment_19803\" aria-describedby=\"caption-attachment-19803\" style=\"width: 1000px\" class=\"wp-caption alignnone\"><img fetchpriority=\"high\" decoding=\"async\" class=\"size-full wp-image-19803\" src=\"https:\/\/portalnpm.com\/wp-content\/uploads\/2024\/01\/15-16-17-Q8j602YsLOGavxqwphP5SHqxFLmblEzQbesr1Sbc6SdHdbGWbwvmHi-1Ga0NC8DGfdM03ZepbgYLTZJYfXGSm9qKRgbdYqV3sChvyQP-RvitG84lWnfnmAs0-d.jpg\" alt=\"\" width=\"1000\" height=\"664\"><figcaption id=\"caption-attachment-19803\" class=\"wp-caption-text\">Imagem a&eacute;rea da cidade de Padre Marcos &#8211; Foto: Cidades na Net<\/figcaption><\/figure>\n<p style=\"text-align: justify;\">Dr. Francisco Macedo era uma pessoa de muitas qualidades e de inesquec&iacute;vel mem&oacute;ria, que nos deixou um grande legado de lealdade &agrave;s suas amizades e de compromisso com a vida p&uacute;blica a que tanto se dedicou at&eacute; o seu &uacute;ltimo dia de exist&ecirc;ncia.<\/p>\n<p style=\"text-align: justify;\">A morte do saudoso ex-prefeito interrompeu uma promissora trajet&oacute;ria, que poderia ter trazido muito progresso e desenvolvimento para Padre Marcos e regi&atilde;o, mas sua biografia continuar&aacute; viva para as futuras gera&ccedil;&otilde;es que v&atilde;o precisar muito de seu referencial e exemplo de dignidade.<\/p>\n<p style=\"text-align: justify;\">&ldquo;Doutor Francisco&rdquo; como era conhecido, foi prefeito de Padre Marcos de 1983 a 1988, e naquela &eacute;poca tinha proje&ccedil;&otilde;es pol&iacute;ticas para o cen&aacute;rio pol&iacute;tico estadual.<\/p>\n<figure id=\"attachment_19806\" aria-describedby=\"caption-attachment-19806\" style=\"width: 800px\" class=\"wp-caption alignnone\"><img decoding=\"async\" class=\"size-full wp-image-19806\" src=\"\" alt=\"\" width=\"800\" height=\"447\"><figcaption id=\"caption-attachment-19806\" class=\"wp-caption-text\">Imagem a&eacute;rea da cidade de Francisco Macedo<\/figcaption><\/figure>\n<p style=\"text-align: justify;\">Em 1995, o povoado Canabrava pertencente a Padre Marcos, conseguiu sua eleva&ccedil;&atilde;o &agrave; categoria de Munic&iacute;pio; ap&oacute;s o desmembramento territorial, os l&iacute;deres pol&iacute;ticos se reuniram para fazer a escolha do novo nome da rec&eacute;m-emancipada cidade, sendo que a maioria optou por homenagear Francisco Lu&iacute;s de Macedo, ficando assim o novo munic&iacute;pio com a denomina&ccedil;&atilde;o de Francisco Macedo &#8211; PI.<\/p>\n<p style=\"text-align: justify;\">Embora as novas gera&ccedil;&otilde;es n&atilde;o tenham uma dimens&atilde;o exata da import&acirc;ncia desse personagem, esse dia ainda &eacute; marcado por muita como&ccedil;&atilde;o e diversas recorda&ccedil;&otilde;es, principalmente por parte dos remanescentes daquele per&iacute;odo, que conviveram diretamente com o Dr. Francisco Macedo, nesta data, inclusive, &eacute; feriado municipal em Padre Marcos.<\/p>\n<p style=\"text-align: justify;\">Dr. Francisco Macedo nasceu em 27 de agosto de 1949 no povoado de Boa Esperan&ccedil;a, na &eacute;poca, munic&iacute;pio de Jaic&oacute;s, hoje, cidade de Padre Marcos. Foi casado com a servidora p&uacute;blica Maria Rosa Macedo, com quem teve um casal de filhos, C&acirc;ndida Carolina e Waldemar Neto, este &uacute;ltimo seguiu sua carreira pol&iacute;tica.<\/p>\n<p style=\"text-align: justify;\">O influente ex-prefeito de Padre Marcos era genro do saudoso ex-deputado estadual Waldemar Macedo, nome dado ao plen&aacute;rio da Assembleia Legislativa do Piau&iacute;. Hoje, o seu legado pol&iacute;tico foi herdado pelo o seu filho, o tamb&eacute;m jovem m&eacute;dico Waldemar Macedo Neto,&nbsp; o &#8220;doutorzinho&#8221;, candidato&nbsp; a prefeito de Padre Marcos na elei&ccedil;&atilde;o de 2016 e muito ativo no atual cen&aacute;rio pol&iacute;tico local.<\/p><\/p>\n","protected":false},"excerpt":{"rendered":"<p>H&aacute; exatamente 31 anos, o m&eacute;dico e influente pol&iacute;tico piauiense Francisco Lu&iacute;s de Macedo, foi v&iacute;tima de um brutal assassinato ocorrido na noite de 29 de Abril de 1989, na capital do Piau&iacute;, Teresina. Dr. Francisco Macedo era uma pessoa de muitas qualidades e de inesquec&iacute;vel mem&oacute;ria, que nos deixou um grande legado de lealdade &hellip;<\/p>\n","protected":false},"author":3,"featured_media":52252,"comment_status":"open","ping_status":"open","sticky":false,"template":"","format":"standard","meta":{"content-type":"","rop_custom_images_group":[],"rop_custom_messages_group":[],"rop_publish_now":"initial","rop_publish_now_accounts":{"facebook_2648258775420054_1618374048415101":""},"rop_publish_now_history":[],"rop_publish_now_status":"pending","footnotes":"","_jetpack_memberships_contains_paid_content":false},"categories":[113,502,109,119],"tags":[4275,1405,1006,120],"yoast_head":"<!-- This site is optimized with the Yoast SEO plugin v22.3 - https:\/\/yoast.com\/wordpress\/plugins\/seo\/ -->\n<title>H\u00e1 31 anos, Dr. Francisco Macedo, ex-prefeito de Padre Marcos, partiu deixando um grande legado<\/title>\n<meta name=\"robots\" content=\"index, follow, max-snippet:-1, max-image-preview:large, max-video-preview:-1\" \/>\n<link rel=\"canonical\" href=\"https:\/\/portalnpm.com\/index.php\/2020\/04\/29\/ha-31-anos-dr-francisco-macedo-ex-prefeito-de-padre-marcos-partiu-deixando-um-grande-legado\/\" \/>\n<meta property=\"og:locale\" content=\"pt_BR\" \/>\n<meta property=\"og:type\" content=\"article\" \/>\n<meta property=\"og:title\" content=\"H\u00e1 31 anos, Dr. Francisco Macedo, ex-prefeito de Padre Marcos, partiu deixando um grande legado\" \/>\n<meta property=\"og:description\" content=\"H&aacute; exatamente 31 anos, o m&eacute;dico e influente pol&iacute;tico piauiense Francisco Lu&iacute;s de Macedo, foi v&iacute;tima de um brutal assassinato ocorrido na noite de 29 de Abril de 1989, na capital do Piau&iacute;, Teresina. Dr. Francisco Macedo era uma pessoa de muitas qualidades e de inesquec&iacute;vel mem&oacute;ria, que nos deixou um grande legado de lealdade &hellip;\" \/>\n<meta property=\"og:url\" content=\"https:\/\/portalnpm.com\/index.php\/2020\/04\/29\/ha-31-anos-dr-francisco-macedo-ex-prefeito-de-padre-marcos-partiu-deixando-um-grande-legado\/\" \/>\n<meta property=\"og:site_name\" content=\"Portal NPM\" \/>\n<meta property=\"article:published_time\" content=\"2020-04-29T19:21:47+00:00\" \/>\n<meta property=\"article:modified_time\" content=\"2024-01-15T21:27:26+00:00\" \/>\n<meta property=\"og:image\" content=\"https:\/\/portalnpm.com\/wp-content\/uploads\/2024\/01\/983218cc63b32d709e46240c57747592.jpg\" \/>\n\t<meta property=\"og:image:width\" content=\"750\" \/>\n\t<meta property=\"og:image:height\" content=\"930\" \/>\n\t<meta property=\"og:image:type\" content=\"image\/jpeg\" \/>\n<meta name=\"author\" content=\"Luis Alberto\" \/>\n<meta name=\"twitter:card\" content=\"summary_large_image\" \/>\n<meta name=\"twitter:label1\" content=\"Escrito por\" \/>\n\t<meta name=\"twitter:data1\" content=\"Luis Alberto\" \/>\n\t<meta name=\"twitter:label2\" content=\"Est. tempo de leitura\" \/>\n\t<meta name=\"twitter:data2\" content=\"3 minutos\" \/>\n<script type=\"application\/ld+json\" class=\"yoast-schema-graph\">{\"@context\":\"https:\/\/schema.org\",\"@graph\":[{\"@type\":\"WebPage\",\"@id\":\"https:\/\/portalnpm.com\/index.php\/2020\/04\/29\/ha-31-anos-dr-francisco-macedo-ex-prefeito-de-padre-marcos-partiu-deixando-um-grande-legado\/\",\"url\":\"https:\/\/portalnpm.com\/index.php\/2020\/04\/29\/ha-31-anos-dr-francisco-macedo-ex-prefeito-de-padre-marcos-partiu-deixando-um-grande-legado\/\",\"name\":\"H\u00e1 31 anos, Dr. Francisco Macedo, ex-prefeito de Padre Marcos, partiu deixando um grande legado\",\"isPartOf\":{\"@id\":\"https:\/\/portalnpm.com\/#website\"},\"primaryImageOfPage\":{\"@id\":\"https:\/\/portalnpm.com\/index.php\/2020\/04\/29\/ha-31-anos-dr-francisco-macedo-ex-prefeito-de-padre-marcos-partiu-deixando-um-grande-legado\/#primaryimage\"},\"image\":{\"@id\":\"https:\/\/portalnpm.com\/index.php\/2020\/04\/29\/ha-31-anos-dr-francisco-macedo-ex-prefeito-de-padre-marcos-partiu-deixando-um-grande-legado\/#primaryimage\"},\"thumbnailUrl\":\"https:\/\/portalnpm.com\/wp-content\/uploads\/2024\/01\/983218cc63b32d709e46240c57747592.jpg\",\"datePublished\":\"2020-04-29T19:21:47+00:00\",\"dateModified\":\"2024-01-15T21:27:26+00:00\",\"author\":{\"@id\":\"https:\/\/portalnpm.com\/#\/schema\/person\/5c8006acdf71774cd4e7a5ab98482152\"},\"breadcrumb\":{\"@id\":\"https:\/\/portalnpm.com\/index.php\/2020\/04\/29\/ha-31-anos-dr-francisco-macedo-ex-prefeito-de-padre-marcos-partiu-deixando-um-grande-legado\/#breadcrumb\"},\"inLanguage\":\"pt-BR\",\"potentialAction\":[{\"@type\":\"ReadAction\",\"target\":[\"https:\/\/portalnpm.com\/index.php\/2020\/04\/29\/ha-31-anos-dr-francisco-macedo-ex-prefeito-de-padre-marcos-partiu-deixando-um-grande-legado\/\"]}]},{\"@type\":\"ImageObject\",\"inLanguage\":\"pt-BR\",\"@id\":\"https:\/\/portalnpm.com\/index.php\/2020\/04\/29\/ha-31-anos-dr-francisco-macedo-ex-prefeito-de-padre-marcos-partiu-deixando-um-grande-legado\/#primaryimage\",\"url\":\"https:\/\/portalnpm.com\/wp-content\/uploads\/2024\/01\/983218cc63b32d709e46240c57747592.jpg\",\"contentUrl\":\"https:\/\/portalnpm.com\/wp-content\/uploads\/2024\/01\/983218cc63b32d709e46240c57747592.jpg\",\"width\":750,\"height\":930},{\"@type\":\"BreadcrumbList\",\"@id\":\"https:\/\/portalnpm.com\/index.php\/2020\/04\/29\/ha-31-anos-dr-francisco-macedo-ex-prefeito-de-padre-marcos-partiu-deixando-um-grande-legado\/#breadcrumb\",\"itemListElement\":[{\"@type\":\"ListItem\",\"position\":1,\"name\":\"In\u00edcio\",\"item\":\"https:\/\/portalnpm.com\/\"},{\"@type\":\"ListItem\",\"position\":2,\"name\":\"H\u00e1 31 anos, Dr. Francisco Macedo, ex-prefeito de Padre Marcos, partiu deixando um grande legado\"}]},{\"@type\":\"WebSite\",\"@id\":\"https:\/\/portalnpm.com\/#website\",\"url\":\"https:\/\/portalnpm.com\/\",\"name\":\"Portal NPM\",\"description\":\"Not\u00edcias em Primeira M\u00e3o\",\"potentialAction\":[{\"@type\":\"SearchAction\",\"target\":{\"@type\":\"EntryPoint\",\"urlTemplate\":\"https:\/\/portalnpm.com\/?s={search_term_string}\"},\"query-input\":\"required name=search_term_string\"}],\"inLanguage\":\"pt-BR\"},{\"@type\":\"Person\",\"@id\":\"https:\/\/portalnpm.com\/#\/schema\/person\/5c8006acdf71774cd4e7a5ab98482152\",\"name\":\"Luis Alberto\",\"image\":{\"@type\":\"ImageObject\",\"inLanguage\":\"pt-BR\",\"@id\":\"https:\/\/portalnpm.com\/#\/schema\/person\/image\/\",\"url\":\"https:\/\/portalnpm.com\/wp-content\/uploads\/2024\/12\/avatar_user_3_1734699769-96x96.jpeg\",\"contentUrl\":\"https:\/\/portalnpm.com\/wp-content\/uploads\/2024\/12\/avatar_user_3_1734699769-96x96.jpeg\",\"caption\":\"Luis Alberto\"},\"description\":\"Editor-geral do Portal NPM, \u00e9 formado como T\u00e9cnico em Seguran\u00e7a do Trabalho pela Escola Metropolitana de Cursos T\u00e9cnicos. Det\u00e9m ainda licenciatura em Educa\u00e7\u00e3o F\u00edsica e bacharelado em Ci\u00eancias Pol\u00edticas, ambos obtidos pela institui\u00e7\u00e3o Anhanguera\/UNOPAR.\",\"url\":\"https:\/\/portalnpm.com\/index.php\/author\/pereira\/\"}]}<\/script>\n<!-- \/ Yoast SEO plugin. -->","yoast_head_json":{"title":"H\u00e1 31 anos, Dr. Francisco Macedo, ex-prefeito de Padre Marcos, partiu deixando um grande legado","robots":{"index":"index","follow":"follow","max-snippet":"max-snippet:-1","max-image-preview":"max-image-preview:large","max-video-preview":"max-video-preview:-1"},"canonical":"https:\/\/portalnpm.com\/index.php\/2020\/04\/29\/ha-31-anos-dr-francisco-macedo-ex-prefeito-de-padre-marcos-partiu-deixando-um-grande-legado\/","og_locale":"pt_BR","og_type":"article","og_title":"H\u00e1 31 anos, Dr. Francisco Macedo, ex-prefeito de Padre Marcos, partiu deixando um grande legado","og_description":"H&aacute; exatamente 31 anos, o m&eacute;dico e influente pol&iacute;tico piauiense Francisco Lu&iacute;s de Macedo, foi v&iacute;tima de um brutal assassinato ocorrido na noite de 29 de Abril de 1989, na capital do Piau&iacute;, Teresina. Dr. Francisco Macedo era uma pessoa de muitas qualidades e de inesquec&iacute;vel mem&oacute;ria, que nos deixou um grande legado de lealdade &hellip;","og_url":"https:\/\/portalnpm.com\/index.php\/2020\/04\/29\/ha-31-anos-dr-francisco-macedo-ex-prefeito-de-padre-marcos-partiu-deixando-um-grande-legado\/","og_site_name":"Portal NPM","article_published_time":"2020-04-29T19:21:47+00:00","article_modified_time":"2024-01-15T21:27:26+00:00","og_image":[{"width":750,"height":930,"url":"https:\/\/portalnpm.com\/wp-content\/uploads\/2024\/01\/983218cc63b32d709e46240c57747592.jpg","type":"image\/jpeg"}],"author":"Luis Alberto","twitter_card":"summary_large_image","twitter_misc":{"Escrito por":"Luis Alberto","Est. tempo de leitura":"3 minutos"},"schema":{"@context":"https:\/\/schema.org","@graph":[{"@type":"WebPage","@id":"https:\/\/portalnpm.com\/index.php\/2020\/04\/29\/ha-31-anos-dr-francisco-macedo-ex-prefeito-de-padre-marcos-partiu-deixando-um-grande-legado\/","url":"https:\/\/portalnpm.com\/index.php\/2020\/04\/29\/ha-31-anos-dr-francisco-macedo-ex-prefeito-de-padre-marcos-partiu-deixando-um-grande-legado\/","name":"H\u00e1 31 anos, Dr. Francisco Macedo, ex-prefeito de Padre Marcos, partiu deixando um grande legado","isPartOf":{"@id":"https:\/\/portalnpm.com\/#website"},"primaryImageOfPage":{"@id":"https:\/\/portalnpm.com\/index.php\/2020\/04\/29\/ha-31-anos-dr-francisco-macedo-ex-prefeito-de-padre-marcos-partiu-deixando-um-grande-legado\/#primaryimage"},"image":{"@id":"https:\/\/portalnpm.com\/index.php\/2020\/04\/29\/ha-31-anos-dr-francisco-macedo-ex-prefeito-de-padre-marcos-partiu-deixando-um-grande-legado\/#primaryimage"},"thumbnailUrl":"https:\/\/portalnpm.com\/wp-content\/uploads\/2024\/01\/983218cc63b32d709e46240c57747592.jpg","datePublished":"2020-04-29T19:21:47+00:00","dateModified":"2024-01-15T21:27:26+00:00","author":{"@id":"https:\/\/portalnpm.com\/#\/schema\/person\/5c8006acdf71774cd4e7a5ab98482152"},"breadcrumb":{"@id":"https:\/\/portalnpm.com\/index.php\/2020\/04\/29\/ha-31-anos-dr-francisco-macedo-ex-prefeito-de-padre-marcos-partiu-deixando-um-grande-legado\/#breadcrumb"},"inLanguage":"pt-BR","potentialAction":[{"@type":"ReadAction","target":["https:\/\/portalnpm.com\/index.php\/2020\/04\/29\/ha-31-anos-dr-francisco-macedo-ex-prefeito-de-padre-marcos-partiu-deixando-um-grande-legado\/"]}]},{"@type":"ImageObject","inLanguage":"pt-BR","@id":"https:\/\/portalnpm.com\/index.php\/2020\/04\/29\/ha-31-anos-dr-francisco-macedo-ex-prefeito-de-padre-marcos-partiu-deixando-um-grande-legado\/#primaryimage","url":"https:\/\/portalnpm.com\/wp-content\/uploads\/2024\/01\/983218cc63b32d709e46240c57747592.jpg","contentUrl":"https:\/\/portalnpm.com\/wp-content\/uploads\/2024\/01\/983218cc63b32d709e46240c57747592.jpg","width":750,"height":930},{"@type":"BreadcrumbList","@id":"https:\/\/portalnpm.com\/index.php\/2020\/04\/29\/ha-31-anos-dr-francisco-macedo-ex-prefeito-de-padre-marcos-partiu-deixando-um-grande-legado\/#breadcrumb","itemListElement":[{"@type":"ListItem","position":1,"name":"In\u00edcio","item":"https:\/\/portalnpm.com\/"},{"@type":"ListItem","position":2,"name":"H\u00e1 31 anos, Dr. Francisco Macedo, ex-prefeito de Padre Marcos, partiu deixando um grande legado"}]},{"@type":"WebSite","@id":"https:\/\/portalnpm.com\/#website","url":"https:\/\/portalnpm.com\/","name":"Portal NPM","description":"Not\u00edcias em Primeira M\u00e3o","potentialAction":[{"@type":"SearchAction","target":{"@type":"EntryPoint","urlTemplate":"https:\/\/portalnpm.com\/?s={search_term_string}"},"query-input":"required name=search_term_string"}],"inLanguage":"pt-BR"},{"@type":"Person","@id":"https:\/\/portalnpm.com\/#\/schema\/person\/5c8006acdf71774cd4e7a5ab98482152","name":"Luis Alberto","image":{"@type":"ImageObject","inLanguage":"pt-BR","@id":"https:\/\/portalnpm.com\/#\/schema\/person\/image\/","url":"https:\/\/portalnpm.com\/wp-content\/uploads\/2024\/12\/avatar_user_3_1734699769-96x96.jpeg","contentUrl":"https:\/\/portalnpm.com\/wp-content\/uploads\/2024\/12\/avatar_user_3_1734699769-96x96.jpeg","caption":"Luis Alberto"},"description":"Editor-geral do Portal NPM, \u00e9 formado como T\u00e9cnico em Seguran\u00e7a do Trabalho pela Escola Metropolitana de Cursos T\u00e9cnicos. Det\u00e9m ainda licenciatura em Educa\u00e7\u00e3o F\u00edsica e bacharelado em Ci\u00eancias Pol\u00edticas, ambos obtidos pela institui\u00e7\u00e3o Anhanguera\/UNOPAR.","url":"https:\/\/portalnpm.com\/index.php\/author\/pereira\/"}]}},"jetpack_sharing_enabled":true,"jetpack_featured_media_url":"https:\/\/portalnpm.com\/wp-content\/uploads\/2024\/01\/983218cc63b32d709e46240c57747592.jpg","_links":{"self":[{"href":"https:\/\/portalnpm.com\/index.php\/wp-json\/wp\/v2\/posts\/52251"}],"collection":[{"href":"https:\/\/portalnpm.com\/index.php\/wp-json\/wp\/v2\/posts"}],"about":[{"href":"https:\/\/portalnpm.com\/index.php\/wp-json\/wp\/v2\/types\/post"}],"author":[{"embeddable":true,"href":"https:\/\/portalnpm.com\/index.php\/wp-json\/wp\/v2\/users\/3"}],"replies":[{"embeddable":true,"href":"https:\/\/portalnpm.com\/index.php\/wp-json\/wp\/v2\/comments?post=52251"}],"version-history":[{"count":1,"href":"https:\/\/portalnpm.com\/index.php\/wp-json\/wp\/v2\/posts\/52251\/revisions"}],"predecessor-version":[{"id":52283,"href":"https:\/\/portalnpm.com\/index.php\/wp-json\/wp\/v2\/posts\/52251\/revisions\/52283"}],"wp:featuredmedia":[{"embeddable":true,"href":"https:\/\/portalnpm.com\/index.php\/wp-json\/wp\/v2\/media\/52252"}],"wp:attachment":[{"href":"https:\/\/portalnpm.com\/index.php\/wp-json\/wp\/v2\/media?parent=52251"}],"wp:term":[{"taxonomy":"category","embeddable":true,"href":"https:\/\/portalnpm.com\/index.php\/wp-json\/wp\/v2\/categories?post=52251"},{"taxonomy":"post_tag","embeddable":true,"href":"https:\/\/portalnpm.com\/index.php\/wp-json\/wp\/v2\/tags?post=52251"}],"curies":[{"name":"wp","href":"https:\/\/api.w.org\/{rel}","templated":true}]}}