{"id":52295,"date":"2020-04-29T21:52:51","date_gmt":"2020-04-30T00:52:51","guid":{"rendered":"https:\/\/portalnpm.com\/index.php\/2020\/04\/29\/sao-juliao-registra-primeiro-caso-de-coronavirus\/"},"modified":"2020-04-29T21:52:51","modified_gmt":"2020-04-30T00:52:51","slug":"sao-juliao-registra-primeiro-caso-de-coronavirus","status":"publish","type":"post","link":"https:\/\/portalnpm.com\/index.php\/2020\/04\/29\/sao-juliao-registra-primeiro-caso-de-coronavirus\/","title":{"rendered":"S\u00e3o Juli\u00e3o registra primeiro caso de Coronav\u00edrus"},"content":{"rendered":"<p style=\"text-align: justify;\">O munic\u00edpio de S\u00e3o Juli\u00e3o &#8211; PI , na regi\u00e3o de Picos, registrou o primeiro caso confirmado de coronav\u00edrus na noite desta quarta-feira (29).<\/p>\n<p>\u00a0<\/p>\n<p style=\"text-align: justify;\">Segundo boletim, atualizado \u00e0s 20:30h pela Secretaria Municipal de Sa\u00fade, um caso notificado como suspeita de coronav\u00edrus veio a ser confirmado atrav\u00e9s de teste no munic\u00edpio de S\u00e3o Juli\u00e3o. De acordo com a Secretaria Municipal de Sa\u00fade, o paciente trata-se de um homem, o seu quadro cl\u00ednico n\u00e3o apresenta gravidade, e as medidas j\u00e1 est\u00e3o sendo tomadas.<\/p>\n<p style=\"text-align: justify;\">Ao todo, s\u00e3o 513 casos de Covid-19 no Piau\u00ed, espalhados em v\u00e1rias cidades do Estado.<\/p>\n<p>\u00a0<\/p>\n","protected":false},"excerpt":{"rendered":"<p>O munic\u00edpio de S\u00e3o Juli\u00e3o &#8211; PI , na regi\u00e3o de Picos, registrou o primeiro caso confirmado de coronav\u00edrus na noite desta quarta-feira (29). \u00a0 Segundo boletim, atualizado \u00e0s 20:30h pela Secretaria Municipal de Sa\u00fade, um caso notificado como suspeita de coronav\u00edrus veio a ser confirmado atrav\u00e9s de teste no munic\u00edpio de S\u00e3o Juli\u00e3o. De &hellip;<\/p>\n","protected":false},"author":4,"featured_media":52296,"comment_status":"open","ping_status":"open","sticky":false,"template":"","format":"standard","meta":{"content-type":"","rop_custom_images_group":[],"rop_custom_messages_group":[],"rop_publish_now":"initial","rop_publish_now_accounts":{"facebook_2648258775420054_1618374048415101":""},"rop_publish_now_history":[],"rop_publish_now_status":"pending","footnotes":"","_jetpack_memberships_contains_paid_content":false},"categories":[113,109,136],"tags":[3760,3891,137],"yoast_head":"<!-- This site is optimized with the Yoast SEO plugin v22.3 - https:\/\/yoast.com\/wordpress\/plugins\/seo\/ -->\n<title>S\u00e3o Juli\u00e3o registra primeiro caso de Coronav\u00edrus<\/title>\n<meta name=\"robots\" content=\"index, follow, max-snippet:-1, max-image-preview:large, max-video-preview:-1\" \/>\n<link rel=\"canonical\" href=\"https:\/\/portalnpm.com\/index.php\/2020\/04\/29\/sao-juliao-registra-primeiro-caso-de-coronavirus\/\" \/>\n<meta property=\"og:locale\" content=\"pt_BR\" \/>\n<meta property=\"og:type\" content=\"article\" \/>\n<meta property=\"og:title\" content=\"S\u00e3o Juli\u00e3o registra primeiro caso de Coronav\u00edrus\" \/>\n<meta property=\"og:description\" content=\"O munic\u00edpio de S\u00e3o Juli\u00e3o &#8211; PI , na regi\u00e3o de Picos, registrou o primeiro caso confirmado de coronav\u00edrus na noite desta quarta-feira (29). \u00a0 Segundo boletim, atualizado \u00e0s 20:30h pela Secretaria Municipal de Sa\u00fade, um caso notificado como suspeita de coronav\u00edrus veio a ser confirmado atrav\u00e9s de teste no munic\u00edpio de S\u00e3o Juli\u00e3o. De &hellip;\" \/>\n<meta property=\"og:url\" content=\"https:\/\/portalnpm.com\/index.php\/2020\/04\/29\/sao-juliao-registra-primeiro-caso-de-coronavirus\/\" \/>\n<meta property=\"og:site_name\" content=\"Portal NPM\" \/>\n<meta property=\"article:published_time\" content=\"2020-04-30T00:52:51+00:00\" \/>\n<meta property=\"og:image\" content=\"https:\/\/portalnpm.com\/wp-content\/uploads\/2024\/01\/IMG-20200429-WA0643.jpg\" \/>\n\t<meta property=\"og:image:width\" content=\"1125\" \/>\n\t<meta property=\"og:image:height\" content=\"835\" \/>\n\t<meta property=\"og:image:type\" content=\"image\/jpeg\" \/>\n<meta name=\"author\" content=\"Reda\u00e7\u00e3o\" \/>\n<meta name=\"twitter:card\" content=\"summary_large_image\" \/>\n<meta name=\"twitter:label1\" content=\"Escrito por\" \/>\n\t<meta name=\"twitter:data1\" content=\"Reda\u00e7\u00e3o\" \/>\n\t<meta name=\"twitter:label2\" content=\"Est. tempo de leitura\" \/>\n\t<meta name=\"twitter:data2\" content=\"1 minuto\" \/>\n<script type=\"application\/ld+json\" class=\"yoast-schema-graph\">{\"@context\":\"https:\/\/schema.org\",\"@graph\":[{\"@type\":\"WebPage\",\"@id\":\"https:\/\/portalnpm.com\/index.php\/2020\/04\/29\/sao-juliao-registra-primeiro-caso-de-coronavirus\/\",\"url\":\"https:\/\/portalnpm.com\/index.php\/2020\/04\/29\/sao-juliao-registra-primeiro-caso-de-coronavirus\/\",\"name\":\"S\u00e3o Juli\u00e3o registra primeiro caso de Coronav\u00edrus\",\"isPartOf\":{\"@id\":\"https:\/\/portalnpm.com\/#website\"},\"primaryImageOfPage\":{\"@id\":\"https:\/\/portalnpm.com\/index.php\/2020\/04\/29\/sao-juliao-registra-primeiro-caso-de-coronavirus\/#primaryimage\"},\"image\":{\"@id\":\"https:\/\/portalnpm.com\/index.php\/2020\/04\/29\/sao-juliao-registra-primeiro-caso-de-coronavirus\/#primaryimage\"},\"thumbnailUrl\":\"https:\/\/portalnpm.com\/wp-content\/uploads\/2024\/01\/IMG-20200429-WA0643.jpg\",\"datePublished\":\"2020-04-30T00:52:51+00:00\",\"dateModified\":\"2020-04-30T00:52:51+00:00\",\"author\":{\"@id\":\"https:\/\/portalnpm.com\/#\/schema\/person\/0b5f230ec96cee25504fa328e7f2b733\"},\"breadcrumb\":{\"@id\":\"https:\/\/portalnpm.com\/index.php\/2020\/04\/29\/sao-juliao-registra-primeiro-caso-de-coronavirus\/#breadcrumb\"},\"inLanguage\":\"pt-BR\",\"potentialAction\":[{\"@type\":\"ReadAction\",\"target\":[\"https:\/\/portalnpm.com\/index.php\/2020\/04\/29\/sao-juliao-registra-primeiro-caso-de-coronavirus\/\"]}]},{\"@type\":\"ImageObject\",\"inLanguage\":\"pt-BR\",\"@id\":\"https:\/\/portalnpm.com\/index.php\/2020\/04\/29\/sao-juliao-registra-primeiro-caso-de-coronavirus\/#primaryimage\",\"url\":\"https:\/\/portalnpm.com\/wp-content\/uploads\/2024\/01\/IMG-20200429-WA0643.jpg\",\"contentUrl\":\"https:\/\/portalnpm.com\/wp-content\/uploads\/2024\/01\/IMG-20200429-WA0643.jpg\",\"width\":1125,\"height\":835},{\"@type\":\"BreadcrumbList\",\"@id\":\"https:\/\/portalnpm.com\/index.php\/2020\/04\/29\/sao-juliao-registra-primeiro-caso-de-coronavirus\/#breadcrumb\",\"itemListElement\":[{\"@type\":\"ListItem\",\"position\":1,\"name\":\"In\u00edcio\",\"item\":\"https:\/\/portalnpm.com\/\"},{\"@type\":\"ListItem\",\"position\":2,\"name\":\"S\u00e3o Juli\u00e3o registra primeiro caso de Coronav\u00edrus\"}]},{\"@type\":\"WebSite\",\"@id\":\"https:\/\/portalnpm.com\/#website\",\"url\":\"https:\/\/portalnpm.com\/\",\"name\":\"Portal NPM\",\"description\":\"Not\u00edcias em Primeira M\u00e3o\",\"potentialAction\":[{\"@type\":\"SearchAction\",\"target\":{\"@type\":\"EntryPoint\",\"urlTemplate\":\"https:\/\/portalnpm.com\/?s={search_term_string}\"},\"query-input\":\"required name=search_term_string\"}],\"inLanguage\":\"pt-BR\"},{\"@type\":\"Person\",\"@id\":\"https:\/\/portalnpm.com\/#\/schema\/person\/0b5f230ec96cee25504fa328e7f2b733\",\"name\":\"Reda\u00e7\u00e3o\",\"image\":{\"@type\":\"ImageObject\",\"inLanguage\":\"pt-BR\",\"@id\":\"https:\/\/portalnpm.com\/#\/schema\/person\/image\/\",\"url\":\"https:\/\/portalnpm.com\/wp-content\/uploads\/2024\/03\/avatar_user_4_1710097212-96x96.png\",\"contentUrl\":\"https:\/\/portalnpm.com\/wp-content\/uploads\/2024\/03\/avatar_user_4_1710097212-96x96.png\",\"caption\":\"Reda\u00e7\u00e3o\"},\"url\":\"https:\/\/portalnpm.com\/index.php\/author\/redacao\/\"}]}<\/script>\n<!-- \/ Yoast SEO plugin. -->","yoast_head_json":{"title":"S\u00e3o Juli\u00e3o registra primeiro caso de Coronav\u00edrus","robots":{"index":"index","follow":"follow","max-snippet":"max-snippet:-1","max-image-preview":"max-image-preview:large","max-video-preview":"max-video-preview:-1"},"canonical":"https:\/\/portalnpm.com\/index.php\/2020\/04\/29\/sao-juliao-registra-primeiro-caso-de-coronavirus\/","og_locale":"pt_BR","og_type":"article","og_title":"S\u00e3o Juli\u00e3o registra primeiro caso de Coronav\u00edrus","og_description":"O munic\u00edpio de S\u00e3o Juli\u00e3o &#8211; PI , na regi\u00e3o de Picos, registrou o primeiro caso confirmado de coronav\u00edrus na noite desta quarta-feira (29). \u00a0 Segundo boletim, atualizado \u00e0s 20:30h pela Secretaria Municipal de Sa\u00fade, um caso notificado como suspeita de coronav\u00edrus veio a ser confirmado atrav\u00e9s de teste no munic\u00edpio de S\u00e3o Juli\u00e3o. De &hellip;","og_url":"https:\/\/portalnpm.com\/index.php\/2020\/04\/29\/sao-juliao-registra-primeiro-caso-de-coronavirus\/","og_site_name":"Portal NPM","article_published_time":"2020-04-30T00:52:51+00:00","og_image":[{"width":1125,"height":835,"url":"https:\/\/portalnpm.com\/wp-content\/uploads\/2024\/01\/IMG-20200429-WA0643.jpg","type":"image\/jpeg"}],"author":"Reda\u00e7\u00e3o","twitter_card":"summary_large_image","twitter_misc":{"Escrito por":"Reda\u00e7\u00e3o","Est. tempo de leitura":"1 minuto"},"schema":{"@context":"https:\/\/schema.org","@graph":[{"@type":"WebPage","@id":"https:\/\/portalnpm.com\/index.php\/2020\/04\/29\/sao-juliao-registra-primeiro-caso-de-coronavirus\/","url":"https:\/\/portalnpm.com\/index.php\/2020\/04\/29\/sao-juliao-registra-primeiro-caso-de-coronavirus\/","name":"S\u00e3o Juli\u00e3o registra primeiro caso de Coronav\u00edrus","isPartOf":{"@id":"https:\/\/portalnpm.com\/#website"},"primaryImageOfPage":{"@id":"https:\/\/portalnpm.com\/index.php\/2020\/04\/29\/sao-juliao-registra-primeiro-caso-de-coronavirus\/#primaryimage"},"image":{"@id":"https:\/\/portalnpm.com\/index.php\/2020\/04\/29\/sao-juliao-registra-primeiro-caso-de-coronavirus\/#primaryimage"},"thumbnailUrl":"https:\/\/portalnpm.com\/wp-content\/uploads\/2024\/01\/IMG-20200429-WA0643.jpg","datePublished":"2020-04-30T00:52:51+00:00","dateModified":"2020-04-30T00:52:51+00:00","author":{"@id":"https:\/\/portalnpm.com\/#\/schema\/person\/0b5f230ec96cee25504fa328e7f2b733"},"breadcrumb":{"@id":"https:\/\/portalnpm.com\/index.php\/2020\/04\/29\/sao-juliao-registra-primeiro-caso-de-coronavirus\/#breadcrumb"},"inLanguage":"pt-BR","potentialAction":[{"@type":"ReadAction","target":["https:\/\/portalnpm.com\/index.php\/2020\/04\/29\/sao-juliao-registra-primeiro-caso-de-coronavirus\/"]}]},{"@type":"ImageObject","inLanguage":"pt-BR","@id":"https:\/\/portalnpm.com\/index.php\/2020\/04\/29\/sao-juliao-registra-primeiro-caso-de-coronavirus\/#primaryimage","url":"https:\/\/portalnpm.com\/wp-content\/uploads\/2024\/01\/IMG-20200429-WA0643.jpg","contentUrl":"https:\/\/portalnpm.com\/wp-content\/uploads\/2024\/01\/IMG-20200429-WA0643.jpg","width":1125,"height":835},{"@type":"BreadcrumbList","@id":"https:\/\/portalnpm.com\/index.php\/2020\/04\/29\/sao-juliao-registra-primeiro-caso-de-coronavirus\/#breadcrumb","itemListElement":[{"@type":"ListItem","position":1,"name":"In\u00edcio","item":"https:\/\/portalnpm.com\/"},{"@type":"ListItem","position":2,"name":"S\u00e3o Juli\u00e3o registra primeiro caso de Coronav\u00edrus"}]},{"@type":"WebSite","@id":"https:\/\/portalnpm.com\/#website","url":"https:\/\/portalnpm.com\/","name":"Portal NPM","description":"Not\u00edcias em Primeira M\u00e3o","potentialAction":[{"@type":"SearchAction","target":{"@type":"EntryPoint","urlTemplate":"https:\/\/portalnpm.com\/?s={search_term_string}"},"query-input":"required name=search_term_string"}],"inLanguage":"pt-BR"},{"@type":"Person","@id":"https:\/\/portalnpm.com\/#\/schema\/person\/0b5f230ec96cee25504fa328e7f2b733","name":"Reda\u00e7\u00e3o","image":{"@type":"ImageObject","inLanguage":"pt-BR","@id":"https:\/\/portalnpm.com\/#\/schema\/person\/image\/","url":"https:\/\/portalnpm.com\/wp-content\/uploads\/2024\/03\/avatar_user_4_1710097212-96x96.png","contentUrl":"https:\/\/portalnpm.com\/wp-content\/uploads\/2024\/03\/avatar_user_4_1710097212-96x96.png","caption":"Reda\u00e7\u00e3o"},"url":"https:\/\/portalnpm.com\/index.php\/author\/redacao\/"}]}},"jetpack_sharing_enabled":true,"jetpack_featured_media_url":"https:\/\/portalnpm.com\/wp-content\/uploads\/2024\/01\/IMG-20200429-WA0643.jpg","_links":{"self":[{"href":"https:\/\/portalnpm.com\/index.php\/wp-json\/wp\/v2\/posts\/52295"}],"collection":[{"href":"https:\/\/portalnpm.com\/index.php\/wp-json\/wp\/v2\/posts"}],"about":[{"href":"https:\/\/portalnpm.com\/index.php\/wp-json\/wp\/v2\/types\/post"}],"author":[{"embeddable":true,"href":"https:\/\/portalnpm.com\/index.php\/wp-json\/wp\/v2\/users\/4"}],"replies":[{"embeddable":true,"href":"https:\/\/portalnpm.com\/index.php\/wp-json\/wp\/v2\/comments?post=52295"}],"version-history":[{"count":0,"href":"https:\/\/portalnpm.com\/index.php\/wp-json\/wp\/v2\/posts\/52295\/revisions"}],"wp:featuredmedia":[{"embeddable":true,"href":"https:\/\/portalnpm.com\/index.php\/wp-json\/wp\/v2\/media\/52296"}],"wp:attachment":[{"href":"https:\/\/portalnpm.com\/index.php\/wp-json\/wp\/v2\/media?parent=52295"}],"wp:term":[{"taxonomy":"category","embeddable":true,"href":"https:\/\/portalnpm.com\/index.php\/wp-json\/wp\/v2\/categories?post=52295"},{"taxonomy":"post_tag","embeddable":true,"href":"https:\/\/portalnpm.com\/index.php\/wp-json\/wp\/v2\/tags?post=52295"}],"curies":[{"name":"wp","href":"https:\/\/api.w.org\/{rel}","templated":true}]}}