{"id":52297,"date":"2020-04-30T07:43:06","date_gmt":"2020-04-30T10:43:06","guid":{"rendered":"https:\/\/portalnpm.com\/index.php\/2020\/04\/30\/decisao-de-alexandre-de-moraes-divide-supremo-toffoli-e-gilmar-fazem-gesto-a-bolsonaro\/"},"modified":"2020-04-30T07:43:06","modified_gmt":"2020-04-30T10:43:06","slug":"decisao-de-alexandre-de-moraes-divide-supremo-toffoli-e-gilmar-fazem-gesto-a-bolsonaro","status":"publish","type":"post","link":"https:\/\/portalnpm.com\/index.php\/2020\/04\/30\/decisao-de-alexandre-de-moraes-divide-supremo-toffoli-e-gilmar-fazem-gesto-a-bolsonaro\/","title":{"rendered":"Decis\u00e3o de Alexandre de Moraes divide Supremo; Toffoli e Gilmar fazem gesto a Bolsonaro"},"content":{"rendered":"<p style=\"text-align: justify;\">Para uma ala da Corte, neste momento em que o ambiente pol\u00edtico est\u00e1 sob clima de extrema tens\u00e3o, o Supremo deveria se manter distante de discuss\u00f5es inflamadas.<\/p>\n<p style=\"text-align: justify;\">\nA decis\u00e3o do ministro Alexandre de Moraes, do Supremo Tribunal Federal (STF), de suspender a nomea\u00e7\u00e3o de Alexandre Ramagem para a diretoria-geral da Pol\u00edcia Federal dividiu a Corte. A avalia\u00e7\u00e3o de parte de integrantes do tribunal \u00e9 a de que, ao sustar o ato do presidente Jair Bolsonaro, Moraes levou para o STF um problema que n\u00e3o era dela.<\/p>\n<p style=\"text-align: justify;\">Nesse contexto, o ministro acabou abrindo brecha para que o Supremo voltasse a ser alvo de ataques e fosse retomada a discuss\u00e3o sobre interfer\u00eancia do Judici\u00e1rio em outros Poderes. A pol\u00eamica remonta a casos anteriores quando ministros em decis\u00e3o individual suspenderam nomea\u00e7\u00f5es, como a de Luiz In\u00e1cio Lula da Silva para a Casa Civil na gest\u00e3o de Dilma Rousseff e a de Cristiane Brasil para o Minist\u00e9rio do Trabalho na administra\u00e7\u00e3o de Michel Temer.<\/p>\n<p style=\"text-align: justify;\">Para uma ala da Corte, neste momento em que o ambiente pol\u00edtico est\u00e1 sob clima de extrema tens\u00e3o, o Supremo deveria se manter distante de discuss\u00f5es inflamadas &#8211; como a nomea\u00e7\u00e3o de Ramagem.<\/p>\n<p style=\"text-align: justify;\">Horas depois de Moraes ter atendido a um pedido do PDT, que alegou &#8220;abuso de poder por desvio de finalidade&#8221; com a nomea\u00e7\u00e3o do delegado para a PF, o presidente da Corte, Dias Toffoli, e o ministro Gilmar Mendes compareceram \u00e0 cerim\u00f4nia de posse do novo ministro da Justi\u00e7a e Seguran\u00e7a P\u00fablica, Andr\u00e9 Mendon\u00e7a, no Pal\u00e1cio do Planalto.<\/p>\n<p style=\"text-align: justify;\">A presen\u00e7a de ambos foi uma sinaliza\u00e7\u00e3o a Bolsonaro de que a decis\u00e3o de suspender um ato presidencial n\u00e3o foi da institui\u00e7\u00e3o Supremo, mas uma medida monocr\u00e1tica, como o pr\u00f3prio presidente destacou em sua fala na cerim\u00f4nia.<\/p>\n<p style=\"text-align: justify;\">Nesse cen\u00e1rio, a avalia\u00e7\u00e3o de integrantes do Supremo \u00e9 a de que um eventual recurso do governo pode acabar expondo toda a corte a mais um embate pol\u00edtico &#8211; considerado desnecess\u00e1rio. Caso Bolsonaro decida recorrer da decis\u00e3o de Moraes, a defini\u00e7\u00e3o cabe ao plen\u00e1rio do Supremo, com seus onze ministros.<\/p>\n<p style=\"text-align: justify;\">Embora parte da Corte entenda que, ao revogar a nomea\u00e7\u00e3o de Ramagem, n\u00e3o h\u00e1 mais espa\u00e7o para discuss\u00e3o no tribunal, uma ala do Pal\u00e1cio do Planalto enxerga uma brecha jur\u00eddica, uma vez que Bolsonaro, ao anular o ato, apenas cumpriu uma decis\u00e3o judicial.<\/p>\n<p style=\"text-align: justify;\">Bolsonaro afirmou nesta quarta-feira que vai recorrer da decis\u00e3o de Moraes. Em conversa com jornalistas ap\u00f3s uma caminhada no Pal\u00e1cio da Alvorada, o presidente disse que houve \u201cinger\u00eancia\u201d em seu ato.<\/p>\n<p style=\"text-align: justify;\">Questionado sobre o posicionamento informado mais cedo pela Advocacia-Geral da Uni\u00e3o, de que n\u00e3o iria recorrer, ele respondeu:<\/p>\n<p style=\"text-align: justify;\">\u2014 Quem manda sou eu.<\/p>\n<p style=\"text-align: justify;\">O presidente diz que far\u00e1 &#8220;de tudo&#8221; para que sua indica\u00e7\u00e3o seja aceita.<\/p>\n<p style=\"text-align: justify;\">\u2014 Eu quero o Ramagem l\u00e1. \u00c9 uma inger\u00eancia, n\u00e9? Mas vamos fazer de tudo. Se n\u00e3o for, vai chegar a hora dele e eu vou colocar outra pessoa (&#8230;) \u00c9 dever dela [AGU] recorrer, eu vou fazer de tudo para colocar o Ramagem \u2014 afirmou.<\/p>\n<p style=\"text-align: justify;\"><strong><em>Precedentes<\/em><\/strong><br \/>\nA discuss\u00e3o sobre a possibilidade de o Supremo intervir em atos do Executivo tem precedente na corte. Em maio de 2019, por exemplo, o plen\u00e1rio julgou constitucional, por 7 votos a 4, um indulto de Natal assinado pelo ex-presidente Michel Temer (MDB) em dezembro de 2017. A maioria dos ministros entendeu que o presidente da Rep\u00fablica tem a atribui\u00e7\u00e3o constitucional de editar o decreto da forma como quiser.<\/p>\n<p style=\"text-align: justify;\">Naquela \u00e9poca, a ent\u00e3o procuradora-geral da Rep\u00fablica, Raquel Dodge, questionou trechos do ato que, entre outros pontos, perdoou condenados por corrup\u00e7\u00e3o e lavagem de dinheiro que tinham, at\u00e9 aquela data, cumprido um quinto da pena. Durante o recesso do Judici\u00e1rio, a ministra C\u00e1rmen L\u00facia, ent\u00e3o presidente do Supremo, atendeu ao pedido da Procuradoria e suspendeu os trechos contestados.<\/p>\n<p style=\"text-align: justify;\">Em outros momentos, decis\u00f5es monocr\u00e1ticas como a de Moraes sobre Ramagem tamb\u00e9m geraram pol\u00eamica e colocaram o STF no centro do debate pol\u00edtico. Em atos semelhantes, Gilmar Mendes suspendeu, em 2016, a posse do ex-presidente Luiz In\u00e1cio Lula da Silva (PT) como ministro da Casa Civil do governo da ent\u00e3o presidente Dilma Rousseff (PT); e C\u00e1rmen L\u00facia, em janeiro de 2018, sustou a posse da deputada federal Cristiane Brasil (PTB-RJ) no comando do Minist\u00e9rio do Trabalho do governo Michel Temer.<\/p>\n<p style=\"text-align: justify;\">Quase um ano antes, em fevereiro de 2017, o decano Celso de Mello rejeitou o pedido de partidos de oposi\u00e7\u00e3o e manteve no cargo o ministro da Secretaria-Geral da Presid\u00eancia de Temer, Moreira Franco.<\/p>\n<p style=\"text-align: justify;\"><strong><em>Fonte: O Globo<\/em><\/strong><\/p>\n","protected":false},"excerpt":{"rendered":"<p>Para uma ala da Corte, neste momento em que o ambiente pol\u00edtico est\u00e1 sob clima de extrema tens\u00e3o, o Supremo deveria se manter distante de discuss\u00f5es inflamadas. A decis\u00e3o do ministro Alexandre de Moraes, do Supremo Tribunal Federal (STF), de suspender a nomea\u00e7\u00e3o de Alexandre Ramagem para a diretoria-geral da Pol\u00edcia Federal dividiu a Corte. &hellip;<\/p>\n","protected":false},"author":4,"featured_media":52298,"comment_status":"open","ping_status":"open","sticky":false,"template":"","format":"standard","meta":{"content-type":"","rop_custom_images_group":[],"rop_custom_messages_group":[],"rop_publish_now":"initial","rop_publish_now_accounts":{"facebook_2648258775420054_1618374048415101":""},"rop_publish_now_history":[],"rop_publish_now_status":"pending","footnotes":"","_jetpack_memberships_contains_paid_content":false},"categories":[125],"tags":[976,4290,2527],"yoast_head":"<!-- This site is optimized with the Yoast SEO plugin v22.3 - https:\/\/yoast.com\/wordpress\/plugins\/seo\/ -->\n<title>Decis\u00e3o de Alexandre de Moraes divide Supremo; Toffoli e Gilmar fazem gesto a Bolsonaro<\/title>\n<meta name=\"robots\" content=\"index, follow, max-snippet:-1, max-image-preview:large, max-video-preview:-1\" \/>\n<link rel=\"canonical\" href=\"https:\/\/portalnpm.com\/index.php\/2020\/04\/30\/decisao-de-alexandre-de-moraes-divide-supremo-toffoli-e-gilmar-fazem-gesto-a-bolsonaro\/\" \/>\n<meta property=\"og:locale\" content=\"pt_BR\" \/>\n<meta property=\"og:type\" content=\"article\" \/>\n<meta property=\"og:title\" content=\"Decis\u00e3o de Alexandre de Moraes divide Supremo; Toffoli e Gilmar fazem gesto a Bolsonaro\" \/>\n<meta property=\"og:description\" content=\"Para uma ala da Corte, neste momento em que o ambiente pol\u00edtico est\u00e1 sob clima de extrema tens\u00e3o, o Supremo deveria se manter distante de discuss\u00f5es inflamadas. A decis\u00e3o do ministro Alexandre de Moraes, do Supremo Tribunal Federal (STF), de suspender a nomea\u00e7\u00e3o de Alexandre Ramagem para a diretoria-geral da Pol\u00edcia Federal dividiu a Corte. &hellip;\" \/>\n<meta property=\"og:url\" content=\"https:\/\/portalnpm.com\/index.php\/2020\/04\/30\/decisao-de-alexandre-de-moraes-divide-supremo-toffoli-e-gilmar-fazem-gesto-a-bolsonaro\/\" \/>\n<meta property=\"og:site_name\" content=\"Portal NPM\" \/>\n<meta property=\"article:published_time\" content=\"2020-04-30T10:43:06+00:00\" \/>\n<meta property=\"og:image\" content=\"https:\/\/portalnpm.com\/wp-content\/uploads\/2024\/01\/06-40-09-5b8573f4f90ed1dc87991821d23ca0c4.png\" \/>\n\t<meta property=\"og:image:width\" content=\"800\" \/>\n\t<meta property=\"og:image:height\" content=\"450\" \/>\n\t<meta property=\"og:image:type\" content=\"image\/png\" \/>\n<meta name=\"author\" content=\"Reda\u00e7\u00e3o\" \/>\n<meta name=\"twitter:card\" content=\"summary_large_image\" \/>\n<meta name=\"twitter:label1\" content=\"Escrito por\" \/>\n\t<meta name=\"twitter:data1\" content=\"Reda\u00e7\u00e3o\" \/>\n\t<meta name=\"twitter:label2\" content=\"Est. tempo de leitura\" \/>\n\t<meta name=\"twitter:data2\" content=\"4 minutos\" \/>\n<script type=\"application\/ld+json\" class=\"yoast-schema-graph\">{\"@context\":\"https:\/\/schema.org\",\"@graph\":[{\"@type\":\"WebPage\",\"@id\":\"https:\/\/portalnpm.com\/index.php\/2020\/04\/30\/decisao-de-alexandre-de-moraes-divide-supremo-toffoli-e-gilmar-fazem-gesto-a-bolsonaro\/\",\"url\":\"https:\/\/portalnpm.com\/index.php\/2020\/04\/30\/decisao-de-alexandre-de-moraes-divide-supremo-toffoli-e-gilmar-fazem-gesto-a-bolsonaro\/\",\"name\":\"Decis\u00e3o de Alexandre de Moraes divide Supremo; Toffoli e Gilmar fazem gesto a Bolsonaro\",\"isPartOf\":{\"@id\":\"https:\/\/portalnpm.com\/#website\"},\"primaryImageOfPage\":{\"@id\":\"https:\/\/portalnpm.com\/index.php\/2020\/04\/30\/decisao-de-alexandre-de-moraes-divide-supremo-toffoli-e-gilmar-fazem-gesto-a-bolsonaro\/#primaryimage\"},\"image\":{\"@id\":\"https:\/\/portalnpm.com\/index.php\/2020\/04\/30\/decisao-de-alexandre-de-moraes-divide-supremo-toffoli-e-gilmar-fazem-gesto-a-bolsonaro\/#primaryimage\"},\"thumbnailUrl\":\"https:\/\/portalnpm.com\/wp-content\/uploads\/2024\/01\/06-40-09-5b8573f4f90ed1dc87991821d23ca0c4.png\",\"datePublished\":\"2020-04-30T10:43:06+00:00\",\"dateModified\":\"2020-04-30T10:43:06+00:00\",\"author\":{\"@id\":\"https:\/\/portalnpm.com\/#\/schema\/person\/0b5f230ec96cee25504fa328e7f2b733\"},\"breadcrumb\":{\"@id\":\"https:\/\/portalnpm.com\/index.php\/2020\/04\/30\/decisao-de-alexandre-de-moraes-divide-supremo-toffoli-e-gilmar-fazem-gesto-a-bolsonaro\/#breadcrumb\"},\"inLanguage\":\"pt-BR\",\"potentialAction\":[{\"@type\":\"ReadAction\",\"target\":[\"https:\/\/portalnpm.com\/index.php\/2020\/04\/30\/decisao-de-alexandre-de-moraes-divide-supremo-toffoli-e-gilmar-fazem-gesto-a-bolsonaro\/\"]}]},{\"@type\":\"ImageObject\",\"inLanguage\":\"pt-BR\",\"@id\":\"https:\/\/portalnpm.com\/index.php\/2020\/04\/30\/decisao-de-alexandre-de-moraes-divide-supremo-toffoli-e-gilmar-fazem-gesto-a-bolsonaro\/#primaryimage\",\"url\":\"https:\/\/portalnpm.com\/wp-content\/uploads\/2024\/01\/06-40-09-5b8573f4f90ed1dc87991821d23ca0c4.png\",\"contentUrl\":\"https:\/\/portalnpm.com\/wp-content\/uploads\/2024\/01\/06-40-09-5b8573f4f90ed1dc87991821d23ca0c4.png\",\"width\":800,\"height\":450},{\"@type\":\"BreadcrumbList\",\"@id\":\"https:\/\/portalnpm.com\/index.php\/2020\/04\/30\/decisao-de-alexandre-de-moraes-divide-supremo-toffoli-e-gilmar-fazem-gesto-a-bolsonaro\/#breadcrumb\",\"itemListElement\":[{\"@type\":\"ListItem\",\"position\":1,\"name\":\"In\u00edcio\",\"item\":\"https:\/\/portalnpm.com\/\"},{\"@type\":\"ListItem\",\"position\":2,\"name\":\"Decis\u00e3o de Alexandre de Moraes divide Supremo; Toffoli e Gilmar fazem gesto a Bolsonaro\"}]},{\"@type\":\"WebSite\",\"@id\":\"https:\/\/portalnpm.com\/#website\",\"url\":\"https:\/\/portalnpm.com\/\",\"name\":\"Portal NPM\",\"description\":\"Not\u00edcias em Primeira M\u00e3o\",\"potentialAction\":[{\"@type\":\"SearchAction\",\"target\":{\"@type\":\"EntryPoint\",\"urlTemplate\":\"https:\/\/portalnpm.com\/?s={search_term_string}\"},\"query-input\":\"required name=search_term_string\"}],\"inLanguage\":\"pt-BR\"},{\"@type\":\"Person\",\"@id\":\"https:\/\/portalnpm.com\/#\/schema\/person\/0b5f230ec96cee25504fa328e7f2b733\",\"name\":\"Reda\u00e7\u00e3o\",\"image\":{\"@type\":\"ImageObject\",\"inLanguage\":\"pt-BR\",\"@id\":\"https:\/\/portalnpm.com\/#\/schema\/person\/image\/\",\"url\":\"https:\/\/portalnpm.com\/wp-content\/uploads\/2024\/03\/avatar_user_4_1710097212-96x96.png\",\"contentUrl\":\"https:\/\/portalnpm.com\/wp-content\/uploads\/2024\/03\/avatar_user_4_1710097212-96x96.png\",\"caption\":\"Reda\u00e7\u00e3o\"},\"url\":\"https:\/\/portalnpm.com\/index.php\/author\/redacao\/\"}]}<\/script>\n<!-- \/ Yoast SEO plugin. -->","yoast_head_json":{"title":"Decis\u00e3o de Alexandre de Moraes divide Supremo; Toffoli e Gilmar fazem gesto a Bolsonaro","robots":{"index":"index","follow":"follow","max-snippet":"max-snippet:-1","max-image-preview":"max-image-preview:large","max-video-preview":"max-video-preview:-1"},"canonical":"https:\/\/portalnpm.com\/index.php\/2020\/04\/30\/decisao-de-alexandre-de-moraes-divide-supremo-toffoli-e-gilmar-fazem-gesto-a-bolsonaro\/","og_locale":"pt_BR","og_type":"article","og_title":"Decis\u00e3o de Alexandre de Moraes divide Supremo; Toffoli e Gilmar fazem gesto a Bolsonaro","og_description":"Para uma ala da Corte, neste momento em que o ambiente pol\u00edtico est\u00e1 sob clima de extrema tens\u00e3o, o Supremo deveria se manter distante de discuss\u00f5es inflamadas. A decis\u00e3o do ministro Alexandre de Moraes, do Supremo Tribunal Federal (STF), de suspender a nomea\u00e7\u00e3o de Alexandre Ramagem para a diretoria-geral da Pol\u00edcia Federal dividiu a Corte. &hellip;","og_url":"https:\/\/portalnpm.com\/index.php\/2020\/04\/30\/decisao-de-alexandre-de-moraes-divide-supremo-toffoli-e-gilmar-fazem-gesto-a-bolsonaro\/","og_site_name":"Portal NPM","article_published_time":"2020-04-30T10:43:06+00:00","og_image":[{"width":800,"height":450,"url":"https:\/\/portalnpm.com\/wp-content\/uploads\/2024\/01\/06-40-09-5b8573f4f90ed1dc87991821d23ca0c4.png","type":"image\/png"}],"author":"Reda\u00e7\u00e3o","twitter_card":"summary_large_image","twitter_misc":{"Escrito por":"Reda\u00e7\u00e3o","Est. tempo de leitura":"4 minutos"},"schema":{"@context":"https:\/\/schema.org","@graph":[{"@type":"WebPage","@id":"https:\/\/portalnpm.com\/index.php\/2020\/04\/30\/decisao-de-alexandre-de-moraes-divide-supremo-toffoli-e-gilmar-fazem-gesto-a-bolsonaro\/","url":"https:\/\/portalnpm.com\/index.php\/2020\/04\/30\/decisao-de-alexandre-de-moraes-divide-supremo-toffoli-e-gilmar-fazem-gesto-a-bolsonaro\/","name":"Decis\u00e3o de Alexandre de Moraes divide Supremo; Toffoli e Gilmar fazem gesto a Bolsonaro","isPartOf":{"@id":"https:\/\/portalnpm.com\/#website"},"primaryImageOfPage":{"@id":"https:\/\/portalnpm.com\/index.php\/2020\/04\/30\/decisao-de-alexandre-de-moraes-divide-supremo-toffoli-e-gilmar-fazem-gesto-a-bolsonaro\/#primaryimage"},"image":{"@id":"https:\/\/portalnpm.com\/index.php\/2020\/04\/30\/decisao-de-alexandre-de-moraes-divide-supremo-toffoli-e-gilmar-fazem-gesto-a-bolsonaro\/#primaryimage"},"thumbnailUrl":"https:\/\/portalnpm.com\/wp-content\/uploads\/2024\/01\/06-40-09-5b8573f4f90ed1dc87991821d23ca0c4.png","datePublished":"2020-04-30T10:43:06+00:00","dateModified":"2020-04-30T10:43:06+00:00","author":{"@id":"https:\/\/portalnpm.com\/#\/schema\/person\/0b5f230ec96cee25504fa328e7f2b733"},"breadcrumb":{"@id":"https:\/\/portalnpm.com\/index.php\/2020\/04\/30\/decisao-de-alexandre-de-moraes-divide-supremo-toffoli-e-gilmar-fazem-gesto-a-bolsonaro\/#breadcrumb"},"inLanguage":"pt-BR","potentialAction":[{"@type":"ReadAction","target":["https:\/\/portalnpm.com\/index.php\/2020\/04\/30\/decisao-de-alexandre-de-moraes-divide-supremo-toffoli-e-gilmar-fazem-gesto-a-bolsonaro\/"]}]},{"@type":"ImageObject","inLanguage":"pt-BR","@id":"https:\/\/portalnpm.com\/index.php\/2020\/04\/30\/decisao-de-alexandre-de-moraes-divide-supremo-toffoli-e-gilmar-fazem-gesto-a-bolsonaro\/#primaryimage","url":"https:\/\/portalnpm.com\/wp-content\/uploads\/2024\/01\/06-40-09-5b8573f4f90ed1dc87991821d23ca0c4.png","contentUrl":"https:\/\/portalnpm.com\/wp-content\/uploads\/2024\/01\/06-40-09-5b8573f4f90ed1dc87991821d23ca0c4.png","width":800,"height":450},{"@type":"BreadcrumbList","@id":"https:\/\/portalnpm.com\/index.php\/2020\/04\/30\/decisao-de-alexandre-de-moraes-divide-supremo-toffoli-e-gilmar-fazem-gesto-a-bolsonaro\/#breadcrumb","itemListElement":[{"@type":"ListItem","position":1,"name":"In\u00edcio","item":"https:\/\/portalnpm.com\/"},{"@type":"ListItem","position":2,"name":"Decis\u00e3o de Alexandre de Moraes divide Supremo; Toffoli e Gilmar fazem gesto a Bolsonaro"}]},{"@type":"WebSite","@id":"https:\/\/portalnpm.com\/#website","url":"https:\/\/portalnpm.com\/","name":"Portal NPM","description":"Not\u00edcias em Primeira M\u00e3o","potentialAction":[{"@type":"SearchAction","target":{"@type":"EntryPoint","urlTemplate":"https:\/\/portalnpm.com\/?s={search_term_string}"},"query-input":"required name=search_term_string"}],"inLanguage":"pt-BR"},{"@type":"Person","@id":"https:\/\/portalnpm.com\/#\/schema\/person\/0b5f230ec96cee25504fa328e7f2b733","name":"Reda\u00e7\u00e3o","image":{"@type":"ImageObject","inLanguage":"pt-BR","@id":"https:\/\/portalnpm.com\/#\/schema\/person\/image\/","url":"https:\/\/portalnpm.com\/wp-content\/uploads\/2024\/03\/avatar_user_4_1710097212-96x96.png","contentUrl":"https:\/\/portalnpm.com\/wp-content\/uploads\/2024\/03\/avatar_user_4_1710097212-96x96.png","caption":"Reda\u00e7\u00e3o"},"url":"https:\/\/portalnpm.com\/index.php\/author\/redacao\/"}]}},"jetpack_sharing_enabled":true,"jetpack_featured_media_url":"https:\/\/portalnpm.com\/wp-content\/uploads\/2024\/01\/06-40-09-5b8573f4f90ed1dc87991821d23ca0c4.png","_links":{"self":[{"href":"https:\/\/portalnpm.com\/index.php\/wp-json\/wp\/v2\/posts\/52297"}],"collection":[{"href":"https:\/\/portalnpm.com\/index.php\/wp-json\/wp\/v2\/posts"}],"about":[{"href":"https:\/\/portalnpm.com\/index.php\/wp-json\/wp\/v2\/types\/post"}],"author":[{"embeddable":true,"href":"https:\/\/portalnpm.com\/index.php\/wp-json\/wp\/v2\/users\/4"}],"replies":[{"embeddable":true,"href":"https:\/\/portalnpm.com\/index.php\/wp-json\/wp\/v2\/comments?post=52297"}],"version-history":[{"count":0,"href":"https:\/\/portalnpm.com\/index.php\/wp-json\/wp\/v2\/posts\/52297\/revisions"}],"wp:featuredmedia":[{"embeddable":true,"href":"https:\/\/portalnpm.com\/index.php\/wp-json\/wp\/v2\/media\/52298"}],"wp:attachment":[{"href":"https:\/\/portalnpm.com\/index.php\/wp-json\/wp\/v2\/media?parent=52297"}],"wp:term":[{"taxonomy":"category","embeddable":true,"href":"https:\/\/portalnpm.com\/index.php\/wp-json\/wp\/v2\/categories?post=52297"},{"taxonomy":"post_tag","embeddable":true,"href":"https:\/\/portalnpm.com\/index.php\/wp-json\/wp\/v2\/tags?post=52297"}],"curies":[{"name":"wp","href":"https:\/\/api.w.org\/{rel}","templated":true}]}}