{"id":52302,"date":"2020-05-01T17:38:40","date_gmt":"2020-05-01T20:38:40","guid":{"rendered":"https:\/\/portalnpm.com\/index.php\/2020\/05\/01\/ex-participante-do-the-voice-kids-tuca-almeida-e-morto-a-tiros-aos-15-anos\/"},"modified":"2020-05-01T17:38:40","modified_gmt":"2020-05-01T20:38:40","slug":"ex-participante-do-the-voice-kids-tuca-almeida-e-morto-a-tiros-aos-15-anos","status":"publish","type":"post","link":"https:\/\/portalnpm.com\/index.php\/2020\/05\/01\/ex-participante-do-the-voice-kids-tuca-almeida-e-morto-a-tiros-aos-15-anos\/","title":{"rendered":"Ex-participante do The Voice Kids, Tuca Almeida \u00e9 morto a tiros aos 15 anos"},"content":{"rendered":"<p style=\"text-align: justify;\">Um adolescente de 15 anos de idade foi morto a tiros, na tarde desta quinta-feira (30), no bairro de Candeias, em\u00a0Jaboat\u00e3o dos Guararapes, no Grande\u00a0Recife. Segundo a Pol\u00edcia Militar (PM), a v\u00edtima foi Tuca Almeida, que participou do programa\u00a0The Voice Kids, da\u00a0<strong>TV Globo<\/strong>, em 2018, quando tinha 13 anos de idade.<\/p>\n<p>\u00a0<\/p>\n<p style=\"text-align: justify;\">Ainda de acordo com a PM, cerca de 15 tiros foram disparados. Em nota, a Pol\u00edcia Civil disse que o homic\u00eddio aconteceu por volta das 17h e que, segundo informa\u00e7\u00f5es preliminares, seis homens encapuzados entraram atirando em um estabelecimento comercial.<\/p>\n<p style=\"text-align: justify;\">\u201cProcuravam, supostamente, pelo cunhado da v\u00edtima, que estava no local acompanhando o jovem e conseguiu fugir. Esse cunhado, pelas investiga\u00e7\u00f5es iniciais, \u00e9 um presidi\u00e1rio posto em liberdade como\u00a0medida de preven\u00e7\u00e3o \u00e0 dissemina\u00e7\u00e3o da Covid-19 no sistema penitenci\u00e1rio\u201d, disse a Pol\u00edcia Civil no texto.<\/p>\n<p style=\"text-align: justify;\">O caso foi registrado pela equipe da For\u00e7a Tarefa de Homic\u00eddios Metropolitana Sul, coordenada pelo delegado F\u00e1bio Lacerda. A investiga\u00e7\u00e3o fica por conta do delegado \u00cdcaro Schneider. A Pol\u00edcia Civil afirmou que vai se pronunciar sobre o caso ao t\u00e9rmino da investiga\u00e7\u00e3o, \u201cque n\u00e3o cessar\u00e1 at\u00e9 a devida elucida\u00e7\u00e3o e captura dos respons\u00e1veis\u201d.<\/p>\n<p style=\"text-align: justify;\">Informa\u00e7\u00f5es sobre data, hor\u00e1rio e local do sepultamento do corpo de Tuca Almeida n\u00e3o foram divulgadas at\u00e9 a \u00faltima atualiza\u00e7\u00e3o desta reportagem.<\/p>\n<h2 style=\"text-align: justify;\">Homic\u00eddios em Pernambuco<\/h2>\n<p style=\"text-align: justify;\">Pernambuco\u00a0registrou um aumento de 14,2% nos casos de homic\u00eddios\u00a0ocorridos em mar\u00e7o de 2020, segundo os dados divulgados pela Secretaria de Defesa Social (SDS). O n\u00famero subiu de 316 para 361, comparando o m\u00eas com o mesmo per\u00edodo de 2019, apesar das medidas de restri\u00e7\u00e3o implementadas para incentivar o isolamento social e conter a pandemia do\u00a0novo coronav\u00edrus.<\/p>\n<p style=\"text-align: justify;\"><strong>Fonte: G1<\/strong><\/p>\n","protected":false},"excerpt":{"rendered":"<p>Um adolescente de 15 anos de idade foi morto a tiros, na tarde desta quinta-feira (30), no bairro de Candeias, em\u00a0Jaboat\u00e3o dos Guararapes, no Grande\u00a0Recife. Segundo a Pol\u00edcia Militar (PM), a v\u00edtima foi Tuca Almeida, que participou do programa\u00a0The Voice Kids, da\u00a0TV Globo, em 2018, quando tinha 13 anos de idade. \u00a0 Ainda de acordo &hellip;<\/p>\n","protected":false},"author":8,"featured_media":19843,"comment_status":"open","ping_status":"open","sticky":false,"template":"","format":"standard","meta":{"content-type":"","rop_custom_images_group":[],"rop_custom_messages_group":[],"rop_publish_now":"initial","rop_publish_now_accounts":{"facebook_2648258775420054_1618374048415101":""},"rop_publish_now_history":[],"rop_publish_now_status":"pending","footnotes":"","_jetpack_memberships_contains_paid_content":false},"categories":[125,118],"tags":[4296,4297,4298],"yoast_head":"<!-- This site is optimized with the Yoast SEO plugin v22.3 - https:\/\/yoast.com\/wordpress\/plugins\/seo\/ -->\n<title>Ex-participante do The Voice Kids, Tuca Almeida \u00e9 morto a tiros aos 15 anos<\/title>\n<meta name=\"robots\" content=\"index, follow, max-snippet:-1, max-image-preview:large, max-video-preview:-1\" \/>\n<link rel=\"canonical\" href=\"https:\/\/portalnpm.com\/index.php\/2020\/05\/01\/ex-participante-do-the-voice-kids-tuca-almeida-e-morto-a-tiros-aos-15-anos\/\" \/>\n<meta property=\"og:locale\" content=\"pt_BR\" \/>\n<meta property=\"og:type\" content=\"article\" \/>\n<meta property=\"og:title\" content=\"Ex-participante do The Voice Kids, Tuca Almeida \u00e9 morto a tiros aos 15 anos\" \/>\n<meta property=\"og:description\" content=\"Um adolescente de 15 anos de idade foi morto a tiros, na tarde desta quinta-feira (30), no bairro de Candeias, em\u00a0Jaboat\u00e3o dos Guararapes, no Grande\u00a0Recife. Segundo a Pol\u00edcia Militar (PM), a v\u00edtima foi Tuca Almeida, que participou do programa\u00a0The Voice Kids, da\u00a0TV Globo, em 2018, quando tinha 13 anos de idade. \u00a0 Ainda de acordo &hellip;\" \/>\n<meta property=\"og:url\" content=\"https:\/\/portalnpm.com\/index.php\/2020\/05\/01\/ex-participante-do-the-voice-kids-tuca-almeida-e-morto-a-tiros-aos-15-anos\/\" \/>\n<meta property=\"og:site_name\" content=\"Portal NPM\" \/>\n<meta property=\"article:published_time\" content=\"2020-05-01T20:38:40+00:00\" \/>\n<meta name=\"author\" content=\"Zenilton Lima\" \/>\n<meta name=\"twitter:card\" content=\"summary_large_image\" \/>\n<meta name=\"twitter:label1\" content=\"Escrito por\" \/>\n\t<meta name=\"twitter:data1\" content=\"Zenilton Lima\" \/>\n\t<meta name=\"twitter:label2\" content=\"Est. tempo de leitura\" \/>\n\t<meta name=\"twitter:data2\" content=\"2 minutos\" \/>\n<script type=\"application\/ld+json\" class=\"yoast-schema-graph\">{\"@context\":\"https:\/\/schema.org\",\"@graph\":[{\"@type\":\"WebPage\",\"@id\":\"https:\/\/portalnpm.com\/index.php\/2020\/05\/01\/ex-participante-do-the-voice-kids-tuca-almeida-e-morto-a-tiros-aos-15-anos\/\",\"url\":\"https:\/\/portalnpm.com\/index.php\/2020\/05\/01\/ex-participante-do-the-voice-kids-tuca-almeida-e-morto-a-tiros-aos-15-anos\/\",\"name\":\"Ex-participante do The Voice Kids, Tuca Almeida \u00e9 morto a tiros aos 15 anos\",\"isPartOf\":{\"@id\":\"https:\/\/portalnpm.com\/#website\"},\"primaryImageOfPage\":{\"@id\":\"https:\/\/portalnpm.com\/index.php\/2020\/05\/01\/ex-participante-do-the-voice-kids-tuca-almeida-e-morto-a-tiros-aos-15-anos\/#primaryimage\"},\"image\":{\"@id\":\"https:\/\/portalnpm.com\/index.php\/2020\/05\/01\/ex-participante-do-the-voice-kids-tuca-almeida-e-morto-a-tiros-aos-15-anos\/#primaryimage\"},\"thumbnailUrl\":\"\",\"datePublished\":\"2020-05-01T20:38:40+00:00\",\"dateModified\":\"2020-05-01T20:38:40+00:00\",\"author\":{\"@id\":\"https:\/\/portalnpm.com\/#\/schema\/person\/35cb55186eae3f074b6783da6d35591e\"},\"breadcrumb\":{\"@id\":\"https:\/\/portalnpm.com\/index.php\/2020\/05\/01\/ex-participante-do-the-voice-kids-tuca-almeida-e-morto-a-tiros-aos-15-anos\/#breadcrumb\"},\"inLanguage\":\"pt-BR\",\"potentialAction\":[{\"@type\":\"ReadAction\",\"target\":[\"https:\/\/portalnpm.com\/index.php\/2020\/05\/01\/ex-participante-do-the-voice-kids-tuca-almeida-e-morto-a-tiros-aos-15-anos\/\"]}]},{\"@type\":\"ImageObject\",\"inLanguage\":\"pt-BR\",\"@id\":\"https:\/\/portalnpm.com\/index.php\/2020\/05\/01\/ex-participante-do-the-voice-kids-tuca-almeida-e-morto-a-tiros-aos-15-anos\/#primaryimage\",\"url\":\"\",\"contentUrl\":\"\"},{\"@type\":\"BreadcrumbList\",\"@id\":\"https:\/\/portalnpm.com\/index.php\/2020\/05\/01\/ex-participante-do-the-voice-kids-tuca-almeida-e-morto-a-tiros-aos-15-anos\/#breadcrumb\",\"itemListElement\":[{\"@type\":\"ListItem\",\"position\":1,\"name\":\"In\u00edcio\",\"item\":\"https:\/\/portalnpm.com\/\"},{\"@type\":\"ListItem\",\"position\":2,\"name\":\"Ex-participante do The Voice Kids, Tuca Almeida \u00e9 morto a tiros aos 15 anos\"}]},{\"@type\":\"WebSite\",\"@id\":\"https:\/\/portalnpm.com\/#website\",\"url\":\"https:\/\/portalnpm.com\/\",\"name\":\"Portal NPM\",\"description\":\"Not\u00edcias em Primeira M\u00e3o\",\"potentialAction\":[{\"@type\":\"SearchAction\",\"target\":{\"@type\":\"EntryPoint\",\"urlTemplate\":\"https:\/\/portalnpm.com\/?s={search_term_string}\"},\"query-input\":\"required name=search_term_string\"}],\"inLanguage\":\"pt-BR\"},{\"@type\":\"Person\",\"@id\":\"https:\/\/portalnpm.com\/#\/schema\/person\/35cb55186eae3f074b6783da6d35591e\",\"name\":\"Zenilton Lima\",\"image\":{\"@type\":\"ImageObject\",\"inLanguage\":\"pt-BR\",\"@id\":\"https:\/\/portalnpm.com\/#\/schema\/person\/image\/\",\"url\":\"https:\/\/portalnpm.com\/wp-content\/uploads\/2024\/12\/avatar_user_8_1733658137-96x96.jpeg\",\"contentUrl\":\"https:\/\/portalnpm.com\/wp-content\/uploads\/2024\/12\/avatar_user_8_1733658137-96x96.jpeg\",\"caption\":\"Zenilton Lima\"},\"url\":\"https:\/\/portalnpm.com\/index.php\/author\/zenilton\/\"}]}<\/script>\n<!-- \/ Yoast SEO plugin. -->","yoast_head_json":{"title":"Ex-participante do The Voice Kids, Tuca Almeida \u00e9 morto a tiros aos 15 anos","robots":{"index":"index","follow":"follow","max-snippet":"max-snippet:-1","max-image-preview":"max-image-preview:large","max-video-preview":"max-video-preview:-1"},"canonical":"https:\/\/portalnpm.com\/index.php\/2020\/05\/01\/ex-participante-do-the-voice-kids-tuca-almeida-e-morto-a-tiros-aos-15-anos\/","og_locale":"pt_BR","og_type":"article","og_title":"Ex-participante do The Voice Kids, Tuca Almeida \u00e9 morto a tiros aos 15 anos","og_description":"Um adolescente de 15 anos de idade foi morto a tiros, na tarde desta quinta-feira (30), no bairro de Candeias, em\u00a0Jaboat\u00e3o dos Guararapes, no Grande\u00a0Recife. Segundo a Pol\u00edcia Militar (PM), a v\u00edtima foi Tuca Almeida, que participou do programa\u00a0The Voice Kids, da\u00a0TV Globo, em 2018, quando tinha 13 anos de idade. \u00a0 Ainda de acordo &hellip;","og_url":"https:\/\/portalnpm.com\/index.php\/2020\/05\/01\/ex-participante-do-the-voice-kids-tuca-almeida-e-morto-a-tiros-aos-15-anos\/","og_site_name":"Portal NPM","article_published_time":"2020-05-01T20:38:40+00:00","author":"Zenilton Lima","twitter_card":"summary_large_image","twitter_misc":{"Escrito por":"Zenilton Lima","Est. tempo de leitura":"2 minutos"},"schema":{"@context":"https:\/\/schema.org","@graph":[{"@type":"WebPage","@id":"https:\/\/portalnpm.com\/index.php\/2020\/05\/01\/ex-participante-do-the-voice-kids-tuca-almeida-e-morto-a-tiros-aos-15-anos\/","url":"https:\/\/portalnpm.com\/index.php\/2020\/05\/01\/ex-participante-do-the-voice-kids-tuca-almeida-e-morto-a-tiros-aos-15-anos\/","name":"Ex-participante do The Voice Kids, Tuca Almeida \u00e9 morto a tiros aos 15 anos","isPartOf":{"@id":"https:\/\/portalnpm.com\/#website"},"primaryImageOfPage":{"@id":"https:\/\/portalnpm.com\/index.php\/2020\/05\/01\/ex-participante-do-the-voice-kids-tuca-almeida-e-morto-a-tiros-aos-15-anos\/#primaryimage"},"image":{"@id":"https:\/\/portalnpm.com\/index.php\/2020\/05\/01\/ex-participante-do-the-voice-kids-tuca-almeida-e-morto-a-tiros-aos-15-anos\/#primaryimage"},"thumbnailUrl":"","datePublished":"2020-05-01T20:38:40+00:00","dateModified":"2020-05-01T20:38:40+00:00","author":{"@id":"https:\/\/portalnpm.com\/#\/schema\/person\/35cb55186eae3f074b6783da6d35591e"},"breadcrumb":{"@id":"https:\/\/portalnpm.com\/index.php\/2020\/05\/01\/ex-participante-do-the-voice-kids-tuca-almeida-e-morto-a-tiros-aos-15-anos\/#breadcrumb"},"inLanguage":"pt-BR","potentialAction":[{"@type":"ReadAction","target":["https:\/\/portalnpm.com\/index.php\/2020\/05\/01\/ex-participante-do-the-voice-kids-tuca-almeida-e-morto-a-tiros-aos-15-anos\/"]}]},{"@type":"ImageObject","inLanguage":"pt-BR","@id":"https:\/\/portalnpm.com\/index.php\/2020\/05\/01\/ex-participante-do-the-voice-kids-tuca-almeida-e-morto-a-tiros-aos-15-anos\/#primaryimage","url":"","contentUrl":""},{"@type":"BreadcrumbList","@id":"https:\/\/portalnpm.com\/index.php\/2020\/05\/01\/ex-participante-do-the-voice-kids-tuca-almeida-e-morto-a-tiros-aos-15-anos\/#breadcrumb","itemListElement":[{"@type":"ListItem","position":1,"name":"In\u00edcio","item":"https:\/\/portalnpm.com\/"},{"@type":"ListItem","position":2,"name":"Ex-participante do The Voice Kids, Tuca Almeida \u00e9 morto a tiros aos 15 anos"}]},{"@type":"WebSite","@id":"https:\/\/portalnpm.com\/#website","url":"https:\/\/portalnpm.com\/","name":"Portal NPM","description":"Not\u00edcias em Primeira M\u00e3o","potentialAction":[{"@type":"SearchAction","target":{"@type":"EntryPoint","urlTemplate":"https:\/\/portalnpm.com\/?s={search_term_string}"},"query-input":"required name=search_term_string"}],"inLanguage":"pt-BR"},{"@type":"Person","@id":"https:\/\/portalnpm.com\/#\/schema\/person\/35cb55186eae3f074b6783da6d35591e","name":"Zenilton Lima","image":{"@type":"ImageObject","inLanguage":"pt-BR","@id":"https:\/\/portalnpm.com\/#\/schema\/person\/image\/","url":"https:\/\/portalnpm.com\/wp-content\/uploads\/2024\/12\/avatar_user_8_1733658137-96x96.jpeg","contentUrl":"https:\/\/portalnpm.com\/wp-content\/uploads\/2024\/12\/avatar_user_8_1733658137-96x96.jpeg","caption":"Zenilton Lima"},"url":"https:\/\/portalnpm.com\/index.php\/author\/zenilton\/"}]}},"jetpack_sharing_enabled":true,"jetpack_featured_media_url":"","_links":{"self":[{"href":"https:\/\/portalnpm.com\/index.php\/wp-json\/wp\/v2\/posts\/52302"}],"collection":[{"href":"https:\/\/portalnpm.com\/index.php\/wp-json\/wp\/v2\/posts"}],"about":[{"href":"https:\/\/portalnpm.com\/index.php\/wp-json\/wp\/v2\/types\/post"}],"author":[{"embeddable":true,"href":"https:\/\/portalnpm.com\/index.php\/wp-json\/wp\/v2\/users\/8"}],"replies":[{"embeddable":true,"href":"https:\/\/portalnpm.com\/index.php\/wp-json\/wp\/v2\/comments?post=52302"}],"version-history":[{"count":0,"href":"https:\/\/portalnpm.com\/index.php\/wp-json\/wp\/v2\/posts\/52302\/revisions"}],"wp:featuredmedia":[{"embeddable":true,"href":"https:\/\/portalnpm.com\/index.php\/wp-json\/"}],"wp:attachment":[{"href":"https:\/\/portalnpm.com\/index.php\/wp-json\/wp\/v2\/media?parent=52302"}],"wp:term":[{"taxonomy":"category","embeddable":true,"href":"https:\/\/portalnpm.com\/index.php\/wp-json\/wp\/v2\/categories?post=52302"},{"taxonomy":"post_tag","embeddable":true,"href":"https:\/\/portalnpm.com\/index.php\/wp-json\/wp\/v2\/tags?post=52302"}],"curies":[{"name":"wp","href":"https:\/\/api.w.org\/{rel}","templated":true}]}}