{"id":5237,"date":"2019-01-26T20:49:04","date_gmt":"2019-01-26T22:49:04","guid":{"rendered":"http:\/\/srv.portalnpm.com.br\/?p=5237"},"modified":"2019-01-26T20:49:04","modified_gmt":"2019-01-26T22:49:04","slug":"idoso-desaparece-durante-festa-de-aniversario-de-campo-grande-do-piaui-e-familia-pede-ajuda-para-encontra-lo","status":"publish","type":"post","link":"https:\/\/portalnpm.com\/index.php\/2019\/01\/26\/idoso-desaparece-durante-festa-de-aniversario-de-campo-grande-do-piaui-e-familia-pede-ajuda-para-encontra-lo\/","title":{"rendered":"Idoso desaparece durante festa de anivers\u00e1rio de Campo Grande do Piau\u00ed e fam\u00edlia pede ajuda para encontr\u00e1-lo"},"content":{"rendered":"<p style=\"text-align: justify;\">Um idoso identificado por Adauto Jos\u00e9 Rodrigues, de 70 anos, que reside no munic\u00edpio de Campo Grande do Piau\u00ed encontra-se desaparecido desde a noite desta sexta-feira, 25 de janeiro.<\/p>\n<p style=\"text-align: justify;\">De acordo com familiares, \u201cSeu Adauto\u201d, que sofre de depress\u00e3o e s\u00edndrome do p\u00e2nico saiu de sua resid\u00eancia para acompanhar as festividades alusivas ao 25\u00ba anivers\u00e1rio de Campo Grande do Piau\u00ed e desde ent\u00e3o ningu\u00e9m mais soube not\u00edcias de seu paradeiro.<\/p>\n<p style=\"text-align: justify;\">\u201cEle saiu pelas pelas portas dos fundos e foi para a festa. Minha v\u00f3 s\u00f3 veio perceber hoje pela manh\u00e3. Desde ent\u00e3o estamos todos aflitos e \u00e0 sua procura\u201d, disse sua neta Nen\u00e9m Rodrigues, \u00e0 reda\u00e7\u00e3o do <strong>Portal \u00c9 Not\u00edcias.<\/strong><\/p>\n<p style=\"text-align: justify;\">Desesperada, a fam\u00edlia pede a quem souber de alguma informa\u00e7\u00e3o, por favor, entrar em contato pelos seguintes telefones:<\/p>\n<p style=\"text-align: justify;\">(89) 99406-8987 \u2013 Claro<br \/>\n(89) 99465-8784 \u2013 Claro<br \/>\n(89) 98108-8686 \u2013 Vivo<\/p>\n<p><strong>Fonte<\/strong>: Portal \u00c9 Not\u00edcias<\/p>\n","protected":false},"excerpt":{"rendered":"<p>Um idoso identificado por Adauto Jos\u00e9 Rodrigues, de 70 anos, que reside no munic\u00edpio de Campo Grande do Piau\u00ed encontra-se desaparecido desde a noite desta sexta-feira, 25 de janeiro. De acordo com familiares, \u201cSeu Adauto\u201d, que sofre de depress\u00e3o e s\u00edndrome do p\u00e2nico saiu de sua resid\u00eancia para acompanhar as festividades alusivas ao 25\u00ba anivers\u00e1rio &hellip;<\/p>\n","protected":false},"author":8,"featured_media":5238,"comment_status":"open","ping_status":"open","sticky":false,"template":"","format":"standard","meta":{"content-type":"","rop_custom_images_group":[],"rop_custom_messages_group":[],"rop_publish_now":"initial","rop_publish_now_accounts":{"facebook_2648258775420054_1618374048415101":""},"rop_publish_now_history":[],"rop_publish_now_status":"pending","footnotes":"","_jetpack_memberships_contains_paid_content":false},"categories":[138,109,118],"tags":[1609,651,610],"yoast_head":"<!-- This site is optimized with the Yoast SEO plugin v22.3 - https:\/\/yoast.com\/wordpress\/plugins\/seo\/ -->\n<title>Idoso desaparece durante festa de anivers\u00e1rio de Campo Grande do Piau\u00ed e fam\u00edlia pede ajuda para encontr\u00e1-lo - Portal NPM<\/title>\n<meta name=\"robots\" content=\"index, follow, max-snippet:-1, max-image-preview:large, max-video-preview:-1\" \/>\n<link rel=\"canonical\" href=\"https:\/\/portalnpm.com\/index.php\/2019\/01\/26\/idoso-desaparece-durante-festa-de-aniversario-de-campo-grande-do-piaui-e-familia-pede-ajuda-para-encontra-lo\/\" \/>\n<meta property=\"og:locale\" content=\"pt_BR\" \/>\n<meta property=\"og:type\" content=\"article\" \/>\n<meta property=\"og:title\" content=\"Idoso desaparece durante festa de anivers\u00e1rio de Campo Grande do Piau\u00ed e fam\u00edlia pede ajuda para encontr\u00e1-lo - Portal NPM\" \/>\n<meta property=\"og:description\" content=\"Um idoso identificado por Adauto Jos\u00e9 Rodrigues, de 70 anos, que reside no munic\u00edpio de Campo Grande do Piau\u00ed encontra-se desaparecido desde a noite desta sexta-feira, 25 de janeiro. De acordo com familiares, \u201cSeu Adauto\u201d, que sofre de depress\u00e3o e s\u00edndrome do p\u00e2nico saiu de sua resid\u00eancia para acompanhar as festividades alusivas ao 25\u00ba anivers\u00e1rio &hellip;\" \/>\n<meta property=\"og:url\" content=\"https:\/\/portalnpm.com\/index.php\/2019\/01\/26\/idoso-desaparece-durante-festa-de-aniversario-de-campo-grande-do-piaui-e-familia-pede-ajuda-para-encontra-lo\/\" \/>\n<meta property=\"og:site_name\" content=\"Portal NPM\" \/>\n<meta property=\"article:published_time\" content=\"2019-01-26T22:49:04+00:00\" \/>\n<meta name=\"author\" content=\"Zenilton Lima\" \/>\n<meta name=\"twitter:card\" content=\"summary_large_image\" \/>\n<meta name=\"twitter:label1\" content=\"Escrito por\" \/>\n\t<meta name=\"twitter:data1\" content=\"Zenilton Lima\" \/>\n\t<meta name=\"twitter:label2\" content=\"Est. tempo de leitura\" \/>\n\t<meta name=\"twitter:data2\" content=\"1 minuto\" \/>\n<script type=\"application\/ld+json\" class=\"yoast-schema-graph\">{\"@context\":\"https:\/\/schema.org\",\"@graph\":[{\"@type\":\"WebPage\",\"@id\":\"https:\/\/portalnpm.com\/index.php\/2019\/01\/26\/idoso-desaparece-durante-festa-de-aniversario-de-campo-grande-do-piaui-e-familia-pede-ajuda-para-encontra-lo\/\",\"url\":\"https:\/\/portalnpm.com\/index.php\/2019\/01\/26\/idoso-desaparece-durante-festa-de-aniversario-de-campo-grande-do-piaui-e-familia-pede-ajuda-para-encontra-lo\/\",\"name\":\"Idoso desaparece durante festa de anivers\u00e1rio de Campo Grande do Piau\u00ed e fam\u00edlia pede ajuda para encontr\u00e1-lo - Portal NPM\",\"isPartOf\":{\"@id\":\"https:\/\/portalnpm.com\/#website\"},\"primaryImageOfPage\":{\"@id\":\"https:\/\/portalnpm.com\/index.php\/2019\/01\/26\/idoso-desaparece-durante-festa-de-aniversario-de-campo-grande-do-piaui-e-familia-pede-ajuda-para-encontra-lo\/#primaryimage\"},\"image\":{\"@id\":\"https:\/\/portalnpm.com\/index.php\/2019\/01\/26\/idoso-desaparece-durante-festa-de-aniversario-de-campo-grande-do-piaui-e-familia-pede-ajuda-para-encontra-lo\/#primaryimage\"},\"thumbnailUrl\":\"\",\"datePublished\":\"2019-01-26T22:49:04+00:00\",\"dateModified\":\"2019-01-26T22:49:04+00:00\",\"author\":{\"@id\":\"https:\/\/portalnpm.com\/#\/schema\/person\/35cb55186eae3f074b6783da6d35591e\"},\"breadcrumb\":{\"@id\":\"https:\/\/portalnpm.com\/index.php\/2019\/01\/26\/idoso-desaparece-durante-festa-de-aniversario-de-campo-grande-do-piaui-e-familia-pede-ajuda-para-encontra-lo\/#breadcrumb\"},\"inLanguage\":\"pt-BR\",\"potentialAction\":[{\"@type\":\"ReadAction\",\"target\":[\"https:\/\/portalnpm.com\/index.php\/2019\/01\/26\/idoso-desaparece-durante-festa-de-aniversario-de-campo-grande-do-piaui-e-familia-pede-ajuda-para-encontra-lo\/\"]}]},{\"@type\":\"ImageObject\",\"inLanguage\":\"pt-BR\",\"@id\":\"https:\/\/portalnpm.com\/index.php\/2019\/01\/26\/idoso-desaparece-durante-festa-de-aniversario-de-campo-grande-do-piaui-e-familia-pede-ajuda-para-encontra-lo\/#primaryimage\",\"url\":\"\",\"contentUrl\":\"\"},{\"@type\":\"BreadcrumbList\",\"@id\":\"https:\/\/portalnpm.com\/index.php\/2019\/01\/26\/idoso-desaparece-durante-festa-de-aniversario-de-campo-grande-do-piaui-e-familia-pede-ajuda-para-encontra-lo\/#breadcrumb\",\"itemListElement\":[{\"@type\":\"ListItem\",\"position\":1,\"name\":\"In\u00edcio\",\"item\":\"https:\/\/portalnpm.com\/\"},{\"@type\":\"ListItem\",\"position\":2,\"name\":\"Idoso desaparece durante festa de anivers\u00e1rio de Campo Grande do Piau\u00ed e fam\u00edlia pede ajuda para encontr\u00e1-lo\"}]},{\"@type\":\"WebSite\",\"@id\":\"https:\/\/portalnpm.com\/#website\",\"url\":\"https:\/\/portalnpm.com\/\",\"name\":\"Portal NPM\",\"description\":\"Not\u00edcias em Primeira M\u00e3o\",\"potentialAction\":[{\"@type\":\"SearchAction\",\"target\":{\"@type\":\"EntryPoint\",\"urlTemplate\":\"https:\/\/portalnpm.com\/?s={search_term_string}\"},\"query-input\":\"required name=search_term_string\"}],\"inLanguage\":\"pt-BR\"},{\"@type\":\"Person\",\"@id\":\"https:\/\/portalnpm.com\/#\/schema\/person\/35cb55186eae3f074b6783da6d35591e\",\"name\":\"Zenilton Lima\",\"image\":{\"@type\":\"ImageObject\",\"inLanguage\":\"pt-BR\",\"@id\":\"https:\/\/portalnpm.com\/#\/schema\/person\/image\/\",\"url\":\"https:\/\/portalnpm.com\/wp-content\/uploads\/2024\/12\/avatar_user_8_1733658137-96x96.jpeg\",\"contentUrl\":\"https:\/\/portalnpm.com\/wp-content\/uploads\/2024\/12\/avatar_user_8_1733658137-96x96.jpeg\",\"caption\":\"Zenilton Lima\"},\"url\":\"https:\/\/portalnpm.com\/index.php\/author\/zenilton\/\"}]}<\/script>\n<!-- \/ Yoast SEO plugin. -->","yoast_head_json":{"title":"Idoso desaparece durante festa de anivers\u00e1rio de Campo Grande do Piau\u00ed e fam\u00edlia pede ajuda para encontr\u00e1-lo - Portal NPM","robots":{"index":"index","follow":"follow","max-snippet":"max-snippet:-1","max-image-preview":"max-image-preview:large","max-video-preview":"max-video-preview:-1"},"canonical":"https:\/\/portalnpm.com\/index.php\/2019\/01\/26\/idoso-desaparece-durante-festa-de-aniversario-de-campo-grande-do-piaui-e-familia-pede-ajuda-para-encontra-lo\/","og_locale":"pt_BR","og_type":"article","og_title":"Idoso desaparece durante festa de anivers\u00e1rio de Campo Grande do Piau\u00ed e fam\u00edlia pede ajuda para encontr\u00e1-lo - Portal NPM","og_description":"Um idoso identificado por Adauto Jos\u00e9 Rodrigues, de 70 anos, que reside no munic\u00edpio de Campo Grande do Piau\u00ed encontra-se desaparecido desde a noite desta sexta-feira, 25 de janeiro. De acordo com familiares, \u201cSeu Adauto\u201d, que sofre de depress\u00e3o e s\u00edndrome do p\u00e2nico saiu de sua resid\u00eancia para acompanhar as festividades alusivas ao 25\u00ba anivers\u00e1rio &hellip;","og_url":"https:\/\/portalnpm.com\/index.php\/2019\/01\/26\/idoso-desaparece-durante-festa-de-aniversario-de-campo-grande-do-piaui-e-familia-pede-ajuda-para-encontra-lo\/","og_site_name":"Portal NPM","article_published_time":"2019-01-26T22:49:04+00:00","author":"Zenilton Lima","twitter_card":"summary_large_image","twitter_misc":{"Escrito por":"Zenilton Lima","Est. tempo de leitura":"1 minuto"},"schema":{"@context":"https:\/\/schema.org","@graph":[{"@type":"WebPage","@id":"https:\/\/portalnpm.com\/index.php\/2019\/01\/26\/idoso-desaparece-durante-festa-de-aniversario-de-campo-grande-do-piaui-e-familia-pede-ajuda-para-encontra-lo\/","url":"https:\/\/portalnpm.com\/index.php\/2019\/01\/26\/idoso-desaparece-durante-festa-de-aniversario-de-campo-grande-do-piaui-e-familia-pede-ajuda-para-encontra-lo\/","name":"Idoso desaparece durante festa de anivers\u00e1rio de Campo Grande do Piau\u00ed e fam\u00edlia pede ajuda para encontr\u00e1-lo - Portal NPM","isPartOf":{"@id":"https:\/\/portalnpm.com\/#website"},"primaryImageOfPage":{"@id":"https:\/\/portalnpm.com\/index.php\/2019\/01\/26\/idoso-desaparece-durante-festa-de-aniversario-de-campo-grande-do-piaui-e-familia-pede-ajuda-para-encontra-lo\/#primaryimage"},"image":{"@id":"https:\/\/portalnpm.com\/index.php\/2019\/01\/26\/idoso-desaparece-durante-festa-de-aniversario-de-campo-grande-do-piaui-e-familia-pede-ajuda-para-encontra-lo\/#primaryimage"},"thumbnailUrl":"","datePublished":"2019-01-26T22:49:04+00:00","dateModified":"2019-01-26T22:49:04+00:00","author":{"@id":"https:\/\/portalnpm.com\/#\/schema\/person\/35cb55186eae3f074b6783da6d35591e"},"breadcrumb":{"@id":"https:\/\/portalnpm.com\/index.php\/2019\/01\/26\/idoso-desaparece-durante-festa-de-aniversario-de-campo-grande-do-piaui-e-familia-pede-ajuda-para-encontra-lo\/#breadcrumb"},"inLanguage":"pt-BR","potentialAction":[{"@type":"ReadAction","target":["https:\/\/portalnpm.com\/index.php\/2019\/01\/26\/idoso-desaparece-durante-festa-de-aniversario-de-campo-grande-do-piaui-e-familia-pede-ajuda-para-encontra-lo\/"]}]},{"@type":"ImageObject","inLanguage":"pt-BR","@id":"https:\/\/portalnpm.com\/index.php\/2019\/01\/26\/idoso-desaparece-durante-festa-de-aniversario-de-campo-grande-do-piaui-e-familia-pede-ajuda-para-encontra-lo\/#primaryimage","url":"","contentUrl":""},{"@type":"BreadcrumbList","@id":"https:\/\/portalnpm.com\/index.php\/2019\/01\/26\/idoso-desaparece-durante-festa-de-aniversario-de-campo-grande-do-piaui-e-familia-pede-ajuda-para-encontra-lo\/#breadcrumb","itemListElement":[{"@type":"ListItem","position":1,"name":"In\u00edcio","item":"https:\/\/portalnpm.com\/"},{"@type":"ListItem","position":2,"name":"Idoso desaparece durante festa de anivers\u00e1rio de Campo Grande do Piau\u00ed e fam\u00edlia pede ajuda para encontr\u00e1-lo"}]},{"@type":"WebSite","@id":"https:\/\/portalnpm.com\/#website","url":"https:\/\/portalnpm.com\/","name":"Portal NPM","description":"Not\u00edcias em Primeira M\u00e3o","potentialAction":[{"@type":"SearchAction","target":{"@type":"EntryPoint","urlTemplate":"https:\/\/portalnpm.com\/?s={search_term_string}"},"query-input":"required name=search_term_string"}],"inLanguage":"pt-BR"},{"@type":"Person","@id":"https:\/\/portalnpm.com\/#\/schema\/person\/35cb55186eae3f074b6783da6d35591e","name":"Zenilton Lima","image":{"@type":"ImageObject","inLanguage":"pt-BR","@id":"https:\/\/portalnpm.com\/#\/schema\/person\/image\/","url":"https:\/\/portalnpm.com\/wp-content\/uploads\/2024\/12\/avatar_user_8_1733658137-96x96.jpeg","contentUrl":"https:\/\/portalnpm.com\/wp-content\/uploads\/2024\/12\/avatar_user_8_1733658137-96x96.jpeg","caption":"Zenilton Lima"},"url":"https:\/\/portalnpm.com\/index.php\/author\/zenilton\/"}]}},"jetpack_sharing_enabled":true,"jetpack_featured_media_url":"","_links":{"self":[{"href":"https:\/\/portalnpm.com\/index.php\/wp-json\/wp\/v2\/posts\/5237"}],"collection":[{"href":"https:\/\/portalnpm.com\/index.php\/wp-json\/wp\/v2\/posts"}],"about":[{"href":"https:\/\/portalnpm.com\/index.php\/wp-json\/wp\/v2\/types\/post"}],"author":[{"embeddable":true,"href":"https:\/\/portalnpm.com\/index.php\/wp-json\/wp\/v2\/users\/8"}],"replies":[{"embeddable":true,"href":"https:\/\/portalnpm.com\/index.php\/wp-json\/wp\/v2\/comments?post=5237"}],"version-history":[{"count":0,"href":"https:\/\/portalnpm.com\/index.php\/wp-json\/wp\/v2\/posts\/5237\/revisions"}],"wp:featuredmedia":[{"embeddable":true,"href":"https:\/\/portalnpm.com\/index.php\/wp-json\/"}],"wp:attachment":[{"href":"https:\/\/portalnpm.com\/index.php\/wp-json\/wp\/v2\/media?parent=5237"}],"wp:term":[{"taxonomy":"category","embeddable":true,"href":"https:\/\/portalnpm.com\/index.php\/wp-json\/wp\/v2\/categories?post=5237"},{"taxonomy":"post_tag","embeddable":true,"href":"https:\/\/portalnpm.com\/index.php\/wp-json\/wp\/v2\/tags?post=5237"}],"curies":[{"name":"wp","href":"https:\/\/api.w.org\/{rel}","templated":true}]}}