{"id":52382,"date":"2020-05-01T18:05:51","date_gmt":"2020-05-01T21:05:51","guid":{"rendered":"https:\/\/portalnpm.com\/index.php\/2020\/05\/01\/ministerio-publico-vai-investigar-precos-abusivos-de-farmacias-e-supermercados-em-28-cidades-do-piaui\/"},"modified":"2020-05-01T18:05:51","modified_gmt":"2020-05-01T21:05:51","slug":"ministerio-publico-vai-investigar-precos-abusivos-de-farmacias-e-supermercados-em-28-cidades-do-piaui","status":"publish","type":"post","link":"https:\/\/portalnpm.com\/index.php\/2020\/05\/01\/ministerio-publico-vai-investigar-precos-abusivos-de-farmacias-e-supermercados-em-28-cidades-do-piaui\/","title":{"rendered":"Minist\u00e9rio P\u00fablico vai investigar pre\u00e7os abusivos de farm\u00e1cias e supermercados em 28 cidades do Piau\u00ed"},"content":{"rendered":"<p style=\"text-align: justify;\">O Grupo de Promotorias Integradas no Acompanhamento da Covid-19 \u2013 Regional de Piripiri instaurou, nessa quarta-feira (29), um procedimento administrativo para fomentar e subsidiar a atua\u00e7\u00e3o dos promotores de Justi\u00e7a que integram o grupo de trabalho, no eixo \u201cSa\u00fade Suplementar e Rela\u00e7\u00f5es de Consumo: insumos e quest\u00f5es consumeristas\u201d. A portaria \u00e9 assinada pelo coordenador do grupo, Nivaldo Ribeiro.<\/p>\n<p>\u00a0<\/p>\n<p style=\"text-align: justify;\">O Grupo Regional de Piripiri \u00e9 formado por promotores de Justi\u00e7a que atuam em 28 munic\u00edpios. A primeira medida a ser adotada \u00e9 fazer um levantamento nas redes sociais e na imprensa dos estabelecimentos do com\u00e9rcio varejista e atacadista de produtos aliment\u00edcios e farmac\u00eauticos, das cidades do Grupo Regional, com autua\u00e7\u00f5es e reclama\u00e7\u00f5es protocoladas ou veiculadas.<\/p>\n<p style=\"text-align: justify;\">Ap\u00f3s o levantamento, os representantes dos com\u00e9rcios ser\u00e3o notificados a apresentar as notas fiscais de entradas e sa\u00eddas, dos meses de janeiro a abril de 2019 e 2020, de itens de cesta b\u00e1sica, como carnes, feij\u00e3o, arroz, frutas, verduras, entre outros. O prazo para encaminhar essas informa\u00e7\u00f5es ao MPPI ser\u00e1 de 15 dias \u00fateis. No mesmo per\u00edodo de tempo, os propriet\u00e1rios dos com\u00e9rcios dever\u00e3o informar a tabela atual de pre\u00e7os dos itens da cesta b\u00e1sica.<\/p>\n<p style=\"text-align: justify;\">Em seguida, os promotores de Justi\u00e7a v\u00e3o solicitar as notas fiscais dos produtos para a preven\u00e7\u00e3o e combate ao novo coronav\u00edrus, sobretudo o \u00e1lcool em gel 70%, m\u00e1scaras cir\u00fargicas, m\u00e1scaras descart\u00e1veis el\u00e1sticas, luvas e medicamentos. Os comerciantes ter\u00e3o mais 15 dias \u00fateis para enviar ao Minist\u00e9rio P\u00fablico as informa\u00e7\u00f5es. As notas devem ser dos tr\u00eas \u00faltimos meses de 2019 e a dos quatro primeiro meses deste ano.<\/p>\n<p style=\"text-align: justify;\">Sobre as empresas fabricantes de medicamentos, saneantes e cosm\u00e9ticos regularizadas, o grupo vai requisitar notas das compras de mat\u00e9ria-prima do \u00e1lcool em gel e da venda ao consumidor final, dos meses de janeiro, fevereiro, mar\u00e7o e abril de 2020.<\/p>\n<p style=\"text-align: justify;\">Os fornecedores podem, de forma facultativa, juntar aos autos o Demonstrativo de Resultado do Exerc\u00edcio (DRE) do ano anterior ou, na falta deste, a Declara\u00e7\u00e3o de Imposto de Renda.<\/p>\n<p style=\"text-align: justify;\">O promotor de Justi\u00e7a Nivaldo Ribeiro pede aos membros do grupo que encaminhem aos notificados a Nota T\u00e9cnica 01\/2020 do Procon, que aborda a eleva\u00e7\u00e3o de pre\u00e7os sem justa causa no mercado de consumo.<\/p>\n<p style=\"text-align: justify;\"><strong>Fonte:\u00a0MPPI<\/strong><\/p>\n","protected":false},"excerpt":{"rendered":"<p>O Grupo de Promotorias Integradas no Acompanhamento da Covid-19 \u2013 Regional de Piripiri instaurou, nessa quarta-feira (29), um procedimento administrativo para fomentar e subsidiar a atua\u00e7\u00e3o dos promotores de Justi\u00e7a que integram o grupo de trabalho, no eixo \u201cSa\u00fade Suplementar e Rela\u00e7\u00f5es de Consumo: insumos e quest\u00f5es consumeristas\u201d. A portaria \u00e9 assinada pelo coordenador do &hellip;<\/p>\n","protected":false},"author":8,"featured_media":52383,"comment_status":"open","ping_status":"open","sticky":false,"template":"","format":"standard","meta":{"content-type":"","rop_custom_images_group":[],"rop_custom_messages_group":[],"rop_publish_now":"initial","rop_publish_now_accounts":{"facebook_2648258775420054_1618374048415101":""},"rop_publish_now_history":[],"rop_publish_now_status":"pending","footnotes":"","_jetpack_memberships_contains_paid_content":false},"categories":[109],"tags":[4306,1564,4307],"yoast_head":"<!-- This site is optimized with the Yoast SEO plugin v22.3 - https:\/\/yoast.com\/wordpress\/plugins\/seo\/ -->\n<title>Minist\u00e9rio P\u00fablico vai investigar pre\u00e7os abusivos de farm\u00e1cias e supermercados em 28 cidades do Piau\u00ed<\/title>\n<meta name=\"robots\" content=\"index, follow, max-snippet:-1, max-image-preview:large, max-video-preview:-1\" \/>\n<link rel=\"canonical\" href=\"https:\/\/portalnpm.com\/index.php\/2020\/05\/01\/ministerio-publico-vai-investigar-precos-abusivos-de-farmacias-e-supermercados-em-28-cidades-do-piaui\/\" \/>\n<meta property=\"og:locale\" content=\"pt_BR\" \/>\n<meta property=\"og:type\" content=\"article\" \/>\n<meta property=\"og:title\" content=\"Minist\u00e9rio P\u00fablico vai investigar pre\u00e7os abusivos de farm\u00e1cias e supermercados em 28 cidades do Piau\u00ed\" \/>\n<meta property=\"og:description\" content=\"O Grupo de Promotorias Integradas no Acompanhamento da Covid-19 \u2013 Regional de Piripiri instaurou, nessa quarta-feira (29), um procedimento administrativo para fomentar e subsidiar a atua\u00e7\u00e3o dos promotores de Justi\u00e7a que integram o grupo de trabalho, no eixo \u201cSa\u00fade Suplementar e Rela\u00e7\u00f5es de Consumo: insumos e quest\u00f5es consumeristas\u201d. A portaria \u00e9 assinada pelo coordenador do &hellip;\" \/>\n<meta property=\"og:url\" content=\"https:\/\/portalnpm.com\/index.php\/2020\/05\/01\/ministerio-publico-vai-investigar-precos-abusivos-de-farmacias-e-supermercados-em-28-cidades-do-piaui\/\" \/>\n<meta property=\"og:site_name\" content=\"Portal NPM\" \/>\n<meta property=\"article:published_time\" content=\"2020-05-01T21:05:51+00:00\" \/>\n<meta property=\"og:image\" content=\"https:\/\/portalnpm.com\/wp-content\/uploads\/2024\/01\/PPN-IMG-e87bd112d3c02794912e.jpg\" \/>\n\t<meta property=\"og:image:width\" content=\"768\" \/>\n\t<meta property=\"og:image:height\" content=\"512\" \/>\n\t<meta property=\"og:image:type\" content=\"image\/jpeg\" \/>\n<meta name=\"author\" content=\"Zenilton Lima\" \/>\n<meta name=\"twitter:card\" content=\"summary_large_image\" \/>\n<meta name=\"twitter:label1\" content=\"Escrito por\" \/>\n\t<meta name=\"twitter:data1\" content=\"Zenilton Lima\" \/>\n\t<meta name=\"twitter:label2\" content=\"Est. tempo de leitura\" \/>\n\t<meta name=\"twitter:data2\" content=\"2 minutos\" \/>\n<script type=\"application\/ld+json\" class=\"yoast-schema-graph\">{\"@context\":\"https:\/\/schema.org\",\"@graph\":[{\"@type\":\"WebPage\",\"@id\":\"https:\/\/portalnpm.com\/index.php\/2020\/05\/01\/ministerio-publico-vai-investigar-precos-abusivos-de-farmacias-e-supermercados-em-28-cidades-do-piaui\/\",\"url\":\"https:\/\/portalnpm.com\/index.php\/2020\/05\/01\/ministerio-publico-vai-investigar-precos-abusivos-de-farmacias-e-supermercados-em-28-cidades-do-piaui\/\",\"name\":\"Minist\u00e9rio P\u00fablico vai investigar pre\u00e7os abusivos de farm\u00e1cias e supermercados em 28 cidades do Piau\u00ed\",\"isPartOf\":{\"@id\":\"https:\/\/portalnpm.com\/#website\"},\"primaryImageOfPage\":{\"@id\":\"https:\/\/portalnpm.com\/index.php\/2020\/05\/01\/ministerio-publico-vai-investigar-precos-abusivos-de-farmacias-e-supermercados-em-28-cidades-do-piaui\/#primaryimage\"},\"image\":{\"@id\":\"https:\/\/portalnpm.com\/index.php\/2020\/05\/01\/ministerio-publico-vai-investigar-precos-abusivos-de-farmacias-e-supermercados-em-28-cidades-do-piaui\/#primaryimage\"},\"thumbnailUrl\":\"https:\/\/portalnpm.com\/wp-content\/uploads\/2024\/01\/PPN-IMG-e87bd112d3c02794912e.jpg\",\"datePublished\":\"2020-05-01T21:05:51+00:00\",\"dateModified\":\"2020-05-01T21:05:51+00:00\",\"author\":{\"@id\":\"https:\/\/portalnpm.com\/#\/schema\/person\/35cb55186eae3f074b6783da6d35591e\"},\"breadcrumb\":{\"@id\":\"https:\/\/portalnpm.com\/index.php\/2020\/05\/01\/ministerio-publico-vai-investigar-precos-abusivos-de-farmacias-e-supermercados-em-28-cidades-do-piaui\/#breadcrumb\"},\"inLanguage\":\"pt-BR\",\"potentialAction\":[{\"@type\":\"ReadAction\",\"target\":[\"https:\/\/portalnpm.com\/index.php\/2020\/05\/01\/ministerio-publico-vai-investigar-precos-abusivos-de-farmacias-e-supermercados-em-28-cidades-do-piaui\/\"]}]},{\"@type\":\"ImageObject\",\"inLanguage\":\"pt-BR\",\"@id\":\"https:\/\/portalnpm.com\/index.php\/2020\/05\/01\/ministerio-publico-vai-investigar-precos-abusivos-de-farmacias-e-supermercados-em-28-cidades-do-piaui\/#primaryimage\",\"url\":\"https:\/\/portalnpm.com\/wp-content\/uploads\/2024\/01\/PPN-IMG-e87bd112d3c02794912e.jpg\",\"contentUrl\":\"https:\/\/portalnpm.com\/wp-content\/uploads\/2024\/01\/PPN-IMG-e87bd112d3c02794912e.jpg\",\"width\":768,\"height\":512},{\"@type\":\"BreadcrumbList\",\"@id\":\"https:\/\/portalnpm.com\/index.php\/2020\/05\/01\/ministerio-publico-vai-investigar-precos-abusivos-de-farmacias-e-supermercados-em-28-cidades-do-piaui\/#breadcrumb\",\"itemListElement\":[{\"@type\":\"ListItem\",\"position\":1,\"name\":\"In\u00edcio\",\"item\":\"https:\/\/portalnpm.com\/\"},{\"@type\":\"ListItem\",\"position\":2,\"name\":\"Minist\u00e9rio P\u00fablico vai investigar pre\u00e7os abusivos de farm\u00e1cias e supermercados em 28 cidades do Piau\u00ed\"}]},{\"@type\":\"WebSite\",\"@id\":\"https:\/\/portalnpm.com\/#website\",\"url\":\"https:\/\/portalnpm.com\/\",\"name\":\"Portal NPM\",\"description\":\"Not\u00edcias em Primeira M\u00e3o\",\"potentialAction\":[{\"@type\":\"SearchAction\",\"target\":{\"@type\":\"EntryPoint\",\"urlTemplate\":\"https:\/\/portalnpm.com\/?s={search_term_string}\"},\"query-input\":\"required name=search_term_string\"}],\"inLanguage\":\"pt-BR\"},{\"@type\":\"Person\",\"@id\":\"https:\/\/portalnpm.com\/#\/schema\/person\/35cb55186eae3f074b6783da6d35591e\",\"name\":\"Zenilton Lima\",\"image\":{\"@type\":\"ImageObject\",\"inLanguage\":\"pt-BR\",\"@id\":\"https:\/\/portalnpm.com\/#\/schema\/person\/image\/\",\"url\":\"https:\/\/portalnpm.com\/wp-content\/uploads\/2024\/12\/avatar_user_8_1733658137-96x96.jpeg\",\"contentUrl\":\"https:\/\/portalnpm.com\/wp-content\/uploads\/2024\/12\/avatar_user_8_1733658137-96x96.jpeg\",\"caption\":\"Zenilton Lima\"},\"url\":\"https:\/\/portalnpm.com\/index.php\/author\/zenilton\/\"}]}<\/script>\n<!-- \/ Yoast SEO plugin. -->","yoast_head_json":{"title":"Minist\u00e9rio P\u00fablico vai investigar pre\u00e7os abusivos de farm\u00e1cias e supermercados em 28 cidades do Piau\u00ed","robots":{"index":"index","follow":"follow","max-snippet":"max-snippet:-1","max-image-preview":"max-image-preview:large","max-video-preview":"max-video-preview:-1"},"canonical":"https:\/\/portalnpm.com\/index.php\/2020\/05\/01\/ministerio-publico-vai-investigar-precos-abusivos-de-farmacias-e-supermercados-em-28-cidades-do-piaui\/","og_locale":"pt_BR","og_type":"article","og_title":"Minist\u00e9rio P\u00fablico vai investigar pre\u00e7os abusivos de farm\u00e1cias e supermercados em 28 cidades do Piau\u00ed","og_description":"O Grupo de Promotorias Integradas no Acompanhamento da Covid-19 \u2013 Regional de Piripiri instaurou, nessa quarta-feira (29), um procedimento administrativo para fomentar e subsidiar a atua\u00e7\u00e3o dos promotores de Justi\u00e7a que integram o grupo de trabalho, no eixo \u201cSa\u00fade Suplementar e Rela\u00e7\u00f5es de Consumo: insumos e quest\u00f5es consumeristas\u201d. A portaria \u00e9 assinada pelo coordenador do &hellip;","og_url":"https:\/\/portalnpm.com\/index.php\/2020\/05\/01\/ministerio-publico-vai-investigar-precos-abusivos-de-farmacias-e-supermercados-em-28-cidades-do-piaui\/","og_site_name":"Portal NPM","article_published_time":"2020-05-01T21:05:51+00:00","og_image":[{"width":768,"height":512,"url":"https:\/\/portalnpm.com\/wp-content\/uploads\/2024\/01\/PPN-IMG-e87bd112d3c02794912e.jpg","type":"image\/jpeg"}],"author":"Zenilton Lima","twitter_card":"summary_large_image","twitter_misc":{"Escrito por":"Zenilton Lima","Est. tempo de leitura":"2 minutos"},"schema":{"@context":"https:\/\/schema.org","@graph":[{"@type":"WebPage","@id":"https:\/\/portalnpm.com\/index.php\/2020\/05\/01\/ministerio-publico-vai-investigar-precos-abusivos-de-farmacias-e-supermercados-em-28-cidades-do-piaui\/","url":"https:\/\/portalnpm.com\/index.php\/2020\/05\/01\/ministerio-publico-vai-investigar-precos-abusivos-de-farmacias-e-supermercados-em-28-cidades-do-piaui\/","name":"Minist\u00e9rio P\u00fablico vai investigar pre\u00e7os abusivos de farm\u00e1cias e supermercados em 28 cidades do Piau\u00ed","isPartOf":{"@id":"https:\/\/portalnpm.com\/#website"},"primaryImageOfPage":{"@id":"https:\/\/portalnpm.com\/index.php\/2020\/05\/01\/ministerio-publico-vai-investigar-precos-abusivos-de-farmacias-e-supermercados-em-28-cidades-do-piaui\/#primaryimage"},"image":{"@id":"https:\/\/portalnpm.com\/index.php\/2020\/05\/01\/ministerio-publico-vai-investigar-precos-abusivos-de-farmacias-e-supermercados-em-28-cidades-do-piaui\/#primaryimage"},"thumbnailUrl":"https:\/\/portalnpm.com\/wp-content\/uploads\/2024\/01\/PPN-IMG-e87bd112d3c02794912e.jpg","datePublished":"2020-05-01T21:05:51+00:00","dateModified":"2020-05-01T21:05:51+00:00","author":{"@id":"https:\/\/portalnpm.com\/#\/schema\/person\/35cb55186eae3f074b6783da6d35591e"},"breadcrumb":{"@id":"https:\/\/portalnpm.com\/index.php\/2020\/05\/01\/ministerio-publico-vai-investigar-precos-abusivos-de-farmacias-e-supermercados-em-28-cidades-do-piaui\/#breadcrumb"},"inLanguage":"pt-BR","potentialAction":[{"@type":"ReadAction","target":["https:\/\/portalnpm.com\/index.php\/2020\/05\/01\/ministerio-publico-vai-investigar-precos-abusivos-de-farmacias-e-supermercados-em-28-cidades-do-piaui\/"]}]},{"@type":"ImageObject","inLanguage":"pt-BR","@id":"https:\/\/portalnpm.com\/index.php\/2020\/05\/01\/ministerio-publico-vai-investigar-precos-abusivos-de-farmacias-e-supermercados-em-28-cidades-do-piaui\/#primaryimage","url":"https:\/\/portalnpm.com\/wp-content\/uploads\/2024\/01\/PPN-IMG-e87bd112d3c02794912e.jpg","contentUrl":"https:\/\/portalnpm.com\/wp-content\/uploads\/2024\/01\/PPN-IMG-e87bd112d3c02794912e.jpg","width":768,"height":512},{"@type":"BreadcrumbList","@id":"https:\/\/portalnpm.com\/index.php\/2020\/05\/01\/ministerio-publico-vai-investigar-precos-abusivos-de-farmacias-e-supermercados-em-28-cidades-do-piaui\/#breadcrumb","itemListElement":[{"@type":"ListItem","position":1,"name":"In\u00edcio","item":"https:\/\/portalnpm.com\/"},{"@type":"ListItem","position":2,"name":"Minist\u00e9rio P\u00fablico vai investigar pre\u00e7os abusivos de farm\u00e1cias e supermercados em 28 cidades do Piau\u00ed"}]},{"@type":"WebSite","@id":"https:\/\/portalnpm.com\/#website","url":"https:\/\/portalnpm.com\/","name":"Portal NPM","description":"Not\u00edcias em Primeira M\u00e3o","potentialAction":[{"@type":"SearchAction","target":{"@type":"EntryPoint","urlTemplate":"https:\/\/portalnpm.com\/?s={search_term_string}"},"query-input":"required name=search_term_string"}],"inLanguage":"pt-BR"},{"@type":"Person","@id":"https:\/\/portalnpm.com\/#\/schema\/person\/35cb55186eae3f074b6783da6d35591e","name":"Zenilton Lima","image":{"@type":"ImageObject","inLanguage":"pt-BR","@id":"https:\/\/portalnpm.com\/#\/schema\/person\/image\/","url":"https:\/\/portalnpm.com\/wp-content\/uploads\/2024\/12\/avatar_user_8_1733658137-96x96.jpeg","contentUrl":"https:\/\/portalnpm.com\/wp-content\/uploads\/2024\/12\/avatar_user_8_1733658137-96x96.jpeg","caption":"Zenilton Lima"},"url":"https:\/\/portalnpm.com\/index.php\/author\/zenilton\/"}]}},"jetpack_sharing_enabled":true,"jetpack_featured_media_url":"https:\/\/portalnpm.com\/wp-content\/uploads\/2024\/01\/PPN-IMG-e87bd112d3c02794912e.jpg","_links":{"self":[{"href":"https:\/\/portalnpm.com\/index.php\/wp-json\/wp\/v2\/posts\/52382"}],"collection":[{"href":"https:\/\/portalnpm.com\/index.php\/wp-json\/wp\/v2\/posts"}],"about":[{"href":"https:\/\/portalnpm.com\/index.php\/wp-json\/wp\/v2\/types\/post"}],"author":[{"embeddable":true,"href":"https:\/\/portalnpm.com\/index.php\/wp-json\/wp\/v2\/users\/8"}],"replies":[{"embeddable":true,"href":"https:\/\/portalnpm.com\/index.php\/wp-json\/wp\/v2\/comments?post=52382"}],"version-history":[{"count":0,"href":"https:\/\/portalnpm.com\/index.php\/wp-json\/wp\/v2\/posts\/52382\/revisions"}],"wp:featuredmedia":[{"embeddable":true,"href":"https:\/\/portalnpm.com\/index.php\/wp-json\/wp\/v2\/media\/52383"}],"wp:attachment":[{"href":"https:\/\/portalnpm.com\/index.php\/wp-json\/wp\/v2\/media?parent=52382"}],"wp:term":[{"taxonomy":"category","embeddable":true,"href":"https:\/\/portalnpm.com\/index.php\/wp-json\/wp\/v2\/categories?post=52382"},{"taxonomy":"post_tag","embeddable":true,"href":"https:\/\/portalnpm.com\/index.php\/wp-json\/wp\/v2\/tags?post=52382"}],"curies":[{"name":"wp","href":"https:\/\/api.w.org\/{rel}","templated":true}]}}