{"id":52387,"date":"2020-05-02T12:30:37","date_gmt":"2020-05-02T15:30:37","guid":{"rendered":"https:\/\/portalnpm.com\/index.php\/2020\/05\/02\/colisao-entre-motos-deixa-duas-pessoas-mortas-em-belem-do-piaui\/"},"modified":"2024-01-15T18:28:49","modified_gmt":"2024-01-15T21:28:49","slug":"colisao-entre-motos-deixa-duas-pessoas-mortas-em-belem-do-piaui","status":"publish","type":"post","link":"https:\/\/portalnpm.com\/index.php\/2020\/05\/02\/colisao-entre-motos-deixa-duas-pessoas-mortas-em-belem-do-piaui\/","title":{"rendered":"Colis\u00e3o entre motos deixa duas pessoas mortas em Bel\u00e9m do Piau\u00ed"},"content":{"rendered":"<p><p style=\"text-align: justify;\">Uma trag&eacute;dia abalou os moradores do munic&iacute;pio de Bel&eacute;m do Piau&iacute; no in&iacute;cio da noite dessa sexta-feira, 01. Dois homens morreram e uma mulher ficou ferida em uma colis&atilde;o envolvendo duas motocicletas na PI-243, pr&oacute;ximo a localidade Chapada, Zona Rural do munic&iacute;pio.<\/p>\n<p>&nbsp;<\/p>\n<p style=\"text-align: justify;\">Segundo informa&ccedil;&otilde;es da Pol&iacute;cia Militar, as duas motocicletas vinham em sentido contr&aacute;rio, quando por motivo ainda desconhecido, colidiram de frente. Com o forte impacto as duas v&iacute;timas identificadas como Lindomar Martinho de Carvalho, de 48 anos, e Jo&atilde;o Manoel de aproximadamente 47 anos, vieram a &oacute;bito ainda no local.<\/p>\n<p style=\"text-align: justify;\">Segundo informa&ccedil;&otilde;es de populares que estavam no local, o professor da rede p&uacute;blica, Jo&atilde;o Manoel, seguia no sentido Jaic&oacute;s a Bel&eacute;m em uma motocicleta modelo Yamaha vermelha de placa NIJ-9688, e Lindomar seguia no sentido Bel&eacute;m a Jaic&oacute;s acompanhado de sua mulher de nome ainda n&atilde;o identificado, em uma moto Honda Fan 125 de placa PEJ-1971 de Bodoc&oacute;-PE.<\/p>\n<figure id=\"attachment_19881\" aria-describedby=\"caption-attachment-19881\" style=\"width: 630px\" class=\"wp-caption aligncenter\"><img fetchpriority=\"high\" decoding=\"async\" class=\"size-full wp-image-19881\" src=\"https:\/\/portalnpm.com\/wp-content\/uploads\/2024\/01\/vitimasbelem.jpg\" alt=\"\" width=\"630\" height=\"330\"><figcaption id=\"caption-attachment-19881\" class=\"wp-caption-text\">V&iacute;timas<\/figcaption><\/figure>\n<p style=\"text-align: justify;\">A passageira foi socorrida pelo Servi&ccedil;o de Atendimento M&oacute;vel de Urg&ecirc;ncia (SAMU) e encaminhada para o hospital de Jaic&oacute;s, Florisa Silva.<\/p>\n<p style=\"text-align: justify;\">Al&eacute;m de professor, Jo&atilde;o Manoel, &eacute; presidente do Sindicato dos Servidores P&uacute;blicos Municipais, e Lindomar &eacute; filho do &lsquo;Martim de Chiquinho Beja&rsquo;. No ano de 2013 Lindomar j&aacute; havia sofrido outro grave acidente de motocicleta.<\/p>\n<p style=\"text-align: justify;\">Os corpos das v&iacute;timas fatais foram recolhidos pela equipe medica de Bel&eacute;m do Piau&iacute; e em seguida encaminhados ao IML para realiza&ccedil;&atilde;o dos devidos procedimentos.<\/p>\n<p style=\"text-align: justify;\">A guarni&ccedil;&atilde;o do GPM da Pol&iacute;cia Militar de Bel&eacute;m, representada pelo Comandante Coelho e pelo Cabo Lucas, estiveram no local realizando os procedimentos necess&aacute;rios.<\/p>\n<p><img decoding=\"async\" class=\"aligncenter size-full wp-image-19882\" src=\"https:\/\/portalnpm.com\/wp-content\/uploads\/2024\/01\/4f621d76-9986-45f1-9d44-e0f3777eca89-scaled.jpg\" alt=\"\" width=\"768\" height=\"1024\"><img decoding=\"async\" class=\"aligncenter size-medium wp-image-19883\" src=\"\" alt=\"\" width=\"768\" height=\"576\"><img loading=\"lazy\" decoding=\"async\" class=\"aligncenter size-medium wp-image-19884\" src=\"\" alt=\"\" width=\"768\" height=\"576\"><img loading=\"lazy\" decoding=\"async\" class=\"aligncenter size-medium wp-image-19885\" src=\"\" alt=\"\" width=\"768\" height=\"576\"><img loading=\"lazy\" decoding=\"async\" class=\"aligncenter size-medium wp-image-19886\" src=\"\" alt=\"\" width=\"768\" height=\"576\"><img loading=\"lazy\" decoding=\"async\" class=\"aligncenter size-medium wp-image-19887\" src=\"\" alt=\"\" width=\"768\" height=\"576\"><strong>Fonte: InfoNewss<\/strong><\/p>\n","protected":false},"excerpt":{"rendered":"<p>Uma trag&eacute;dia abalou os moradores do munic&iacute;pio de Bel&eacute;m do Piau&iacute; no in&iacute;cio da noite dessa sexta-feira, 01. Dois homens morreram e uma mulher ficou ferida em uma colis&atilde;o envolvendo duas motocicletas na PI-243, pr&oacute;ximo a localidade Chapada, Zona Rural do munic&iacute;pio. &nbsp; Segundo informa&ccedil;&otilde;es da Pol&iacute;cia Militar, as duas motocicletas vinham em sentido contr&aacute;rio, &hellip;<\/p>\n","protected":false},"author":8,"featured_media":19888,"comment_status":"open","ping_status":"open","sticky":false,"template":"","format":"standard","meta":{"content-type":"","rop_custom_images_group":[],"rop_custom_messages_group":[],"rop_publish_now":"initial","rop_publish_now_accounts":{"facebook_2648258775420054_1618374048415101":""},"rop_publish_now_history":[],"rop_publish_now_status":"pending","footnotes":"","_jetpack_memberships_contains_paid_content":false},"categories":[106,109],"tags":[2910,1370,2758,2911,546],"yoast_head":"<!-- This site is optimized with the Yoast SEO plugin v22.3 - https:\/\/yoast.com\/wordpress\/plugins\/seo\/ -->\n<title>Colis\u00e3o entre motos deixa duas pessoas mortas em Bel\u00e9m do Piau\u00ed<\/title>\n<meta name=\"robots\" content=\"index, follow, max-snippet:-1, max-image-preview:large, max-video-preview:-1\" \/>\n<link rel=\"canonical\" href=\"https:\/\/portalnpm.com\/index.php\/2020\/05\/02\/colisao-entre-motos-deixa-duas-pessoas-mortas-em-belem-do-piaui\/\" \/>\n<meta property=\"og:locale\" content=\"pt_BR\" \/>\n<meta property=\"og:type\" content=\"article\" \/>\n<meta property=\"og:title\" content=\"Colis\u00e3o entre motos deixa duas pessoas mortas em Bel\u00e9m do Piau\u00ed\" \/>\n<meta property=\"og:description\" content=\"Uma trag&eacute;dia abalou os moradores do munic&iacute;pio de Bel&eacute;m do Piau&iacute; no in&iacute;cio da noite dessa sexta-feira, 01. Dois homens morreram e uma mulher ficou ferida em uma colis&atilde;o envolvendo duas motocicletas na PI-243, pr&oacute;ximo a localidade Chapada, Zona Rural do munic&iacute;pio. &nbsp; Segundo informa&ccedil;&otilde;es da Pol&iacute;cia Militar, as duas motocicletas vinham em sentido contr&aacute;rio, &hellip;\" \/>\n<meta property=\"og:url\" content=\"https:\/\/portalnpm.com\/index.php\/2020\/05\/02\/colisao-entre-motos-deixa-duas-pessoas-mortas-em-belem-do-piaui\/\" \/>\n<meta property=\"og:site_name\" content=\"Portal NPM\" \/>\n<meta property=\"article:published_time\" content=\"2020-05-02T15:30:37+00:00\" \/>\n<meta property=\"article:modified_time\" content=\"2024-01-15T21:28:49+00:00\" \/>\n<meta name=\"author\" content=\"Zenilton Lima\" \/>\n<meta name=\"twitter:card\" content=\"summary_large_image\" \/>\n<meta name=\"twitter:label1\" content=\"Escrito por\" \/>\n\t<meta name=\"twitter:data1\" content=\"Zenilton Lima\" \/>\n\t<meta name=\"twitter:label2\" content=\"Est. tempo de leitura\" \/>\n\t<meta name=\"twitter:data2\" content=\"2 minutos\" \/>\n<script type=\"application\/ld+json\" class=\"yoast-schema-graph\">{\"@context\":\"https:\/\/schema.org\",\"@graph\":[{\"@type\":\"WebPage\",\"@id\":\"https:\/\/portalnpm.com\/index.php\/2020\/05\/02\/colisao-entre-motos-deixa-duas-pessoas-mortas-em-belem-do-piaui\/\",\"url\":\"https:\/\/portalnpm.com\/index.php\/2020\/05\/02\/colisao-entre-motos-deixa-duas-pessoas-mortas-em-belem-do-piaui\/\",\"name\":\"Colis\u00e3o entre motos deixa duas pessoas mortas em Bel\u00e9m do Piau\u00ed\",\"isPartOf\":{\"@id\":\"https:\/\/portalnpm.com\/#website\"},\"primaryImageOfPage\":{\"@id\":\"https:\/\/portalnpm.com\/index.php\/2020\/05\/02\/colisao-entre-motos-deixa-duas-pessoas-mortas-em-belem-do-piaui\/#primaryimage\"},\"image\":{\"@id\":\"https:\/\/portalnpm.com\/index.php\/2020\/05\/02\/colisao-entre-motos-deixa-duas-pessoas-mortas-em-belem-do-piaui\/#primaryimage\"},\"thumbnailUrl\":\"\",\"datePublished\":\"2020-05-02T15:30:37+00:00\",\"dateModified\":\"2024-01-15T21:28:49+00:00\",\"author\":{\"@id\":\"https:\/\/portalnpm.com\/#\/schema\/person\/35cb55186eae3f074b6783da6d35591e\"},\"breadcrumb\":{\"@id\":\"https:\/\/portalnpm.com\/index.php\/2020\/05\/02\/colisao-entre-motos-deixa-duas-pessoas-mortas-em-belem-do-piaui\/#breadcrumb\"},\"inLanguage\":\"pt-BR\",\"potentialAction\":[{\"@type\":\"ReadAction\",\"target\":[\"https:\/\/portalnpm.com\/index.php\/2020\/05\/02\/colisao-entre-motos-deixa-duas-pessoas-mortas-em-belem-do-piaui\/\"]}]},{\"@type\":\"ImageObject\",\"inLanguage\":\"pt-BR\",\"@id\":\"https:\/\/portalnpm.com\/index.php\/2020\/05\/02\/colisao-entre-motos-deixa-duas-pessoas-mortas-em-belem-do-piaui\/#primaryimage\",\"url\":\"\",\"contentUrl\":\"\"},{\"@type\":\"BreadcrumbList\",\"@id\":\"https:\/\/portalnpm.com\/index.php\/2020\/05\/02\/colisao-entre-motos-deixa-duas-pessoas-mortas-em-belem-do-piaui\/#breadcrumb\",\"itemListElement\":[{\"@type\":\"ListItem\",\"position\":1,\"name\":\"In\u00edcio\",\"item\":\"https:\/\/portalnpm.com\/\"},{\"@type\":\"ListItem\",\"position\":2,\"name\":\"Colis\u00e3o entre motos deixa duas pessoas mortas em Bel\u00e9m do Piau\u00ed\"}]},{\"@type\":\"WebSite\",\"@id\":\"https:\/\/portalnpm.com\/#website\",\"url\":\"https:\/\/portalnpm.com\/\",\"name\":\"Portal NPM\",\"description\":\"Not\u00edcias em Primeira M\u00e3o\",\"potentialAction\":[{\"@type\":\"SearchAction\",\"target\":{\"@type\":\"EntryPoint\",\"urlTemplate\":\"https:\/\/portalnpm.com\/?s={search_term_string}\"},\"query-input\":\"required name=search_term_string\"}],\"inLanguage\":\"pt-BR\"},{\"@type\":\"Person\",\"@id\":\"https:\/\/portalnpm.com\/#\/schema\/person\/35cb55186eae3f074b6783da6d35591e\",\"name\":\"Zenilton Lima\",\"image\":{\"@type\":\"ImageObject\",\"inLanguage\":\"pt-BR\",\"@id\":\"https:\/\/portalnpm.com\/#\/schema\/person\/image\/\",\"url\":\"https:\/\/portalnpm.com\/wp-content\/uploads\/2024\/12\/avatar_user_8_1733658137-96x96.jpeg\",\"contentUrl\":\"https:\/\/portalnpm.com\/wp-content\/uploads\/2024\/12\/avatar_user_8_1733658137-96x96.jpeg\",\"caption\":\"Zenilton Lima\"},\"url\":\"https:\/\/portalnpm.com\/index.php\/author\/zenilton\/\"}]}<\/script>\n<!-- \/ Yoast SEO plugin. -->","yoast_head_json":{"title":"Colis\u00e3o entre motos deixa duas pessoas mortas em Bel\u00e9m do Piau\u00ed","robots":{"index":"index","follow":"follow","max-snippet":"max-snippet:-1","max-image-preview":"max-image-preview:large","max-video-preview":"max-video-preview:-1"},"canonical":"https:\/\/portalnpm.com\/index.php\/2020\/05\/02\/colisao-entre-motos-deixa-duas-pessoas-mortas-em-belem-do-piaui\/","og_locale":"pt_BR","og_type":"article","og_title":"Colis\u00e3o entre motos deixa duas pessoas mortas em Bel\u00e9m do Piau\u00ed","og_description":"Uma trag&eacute;dia abalou os moradores do munic&iacute;pio de Bel&eacute;m do Piau&iacute; no in&iacute;cio da noite dessa sexta-feira, 01. Dois homens morreram e uma mulher ficou ferida em uma colis&atilde;o envolvendo duas motocicletas na PI-243, pr&oacute;ximo a localidade Chapada, Zona Rural do munic&iacute;pio. &nbsp; Segundo informa&ccedil;&otilde;es da Pol&iacute;cia Militar, as duas motocicletas vinham em sentido contr&aacute;rio, &hellip;","og_url":"https:\/\/portalnpm.com\/index.php\/2020\/05\/02\/colisao-entre-motos-deixa-duas-pessoas-mortas-em-belem-do-piaui\/","og_site_name":"Portal NPM","article_published_time":"2020-05-02T15:30:37+00:00","article_modified_time":"2024-01-15T21:28:49+00:00","author":"Zenilton Lima","twitter_card":"summary_large_image","twitter_misc":{"Escrito por":"Zenilton Lima","Est. tempo de leitura":"2 minutos"},"schema":{"@context":"https:\/\/schema.org","@graph":[{"@type":"WebPage","@id":"https:\/\/portalnpm.com\/index.php\/2020\/05\/02\/colisao-entre-motos-deixa-duas-pessoas-mortas-em-belem-do-piaui\/","url":"https:\/\/portalnpm.com\/index.php\/2020\/05\/02\/colisao-entre-motos-deixa-duas-pessoas-mortas-em-belem-do-piaui\/","name":"Colis\u00e3o entre motos deixa duas pessoas mortas em Bel\u00e9m do Piau\u00ed","isPartOf":{"@id":"https:\/\/portalnpm.com\/#website"},"primaryImageOfPage":{"@id":"https:\/\/portalnpm.com\/index.php\/2020\/05\/02\/colisao-entre-motos-deixa-duas-pessoas-mortas-em-belem-do-piaui\/#primaryimage"},"image":{"@id":"https:\/\/portalnpm.com\/index.php\/2020\/05\/02\/colisao-entre-motos-deixa-duas-pessoas-mortas-em-belem-do-piaui\/#primaryimage"},"thumbnailUrl":"","datePublished":"2020-05-02T15:30:37+00:00","dateModified":"2024-01-15T21:28:49+00:00","author":{"@id":"https:\/\/portalnpm.com\/#\/schema\/person\/35cb55186eae3f074b6783da6d35591e"},"breadcrumb":{"@id":"https:\/\/portalnpm.com\/index.php\/2020\/05\/02\/colisao-entre-motos-deixa-duas-pessoas-mortas-em-belem-do-piaui\/#breadcrumb"},"inLanguage":"pt-BR","potentialAction":[{"@type":"ReadAction","target":["https:\/\/portalnpm.com\/index.php\/2020\/05\/02\/colisao-entre-motos-deixa-duas-pessoas-mortas-em-belem-do-piaui\/"]}]},{"@type":"ImageObject","inLanguage":"pt-BR","@id":"https:\/\/portalnpm.com\/index.php\/2020\/05\/02\/colisao-entre-motos-deixa-duas-pessoas-mortas-em-belem-do-piaui\/#primaryimage","url":"","contentUrl":""},{"@type":"BreadcrumbList","@id":"https:\/\/portalnpm.com\/index.php\/2020\/05\/02\/colisao-entre-motos-deixa-duas-pessoas-mortas-em-belem-do-piaui\/#breadcrumb","itemListElement":[{"@type":"ListItem","position":1,"name":"In\u00edcio","item":"https:\/\/portalnpm.com\/"},{"@type":"ListItem","position":2,"name":"Colis\u00e3o entre motos deixa duas pessoas mortas em Bel\u00e9m do Piau\u00ed"}]},{"@type":"WebSite","@id":"https:\/\/portalnpm.com\/#website","url":"https:\/\/portalnpm.com\/","name":"Portal NPM","description":"Not\u00edcias em Primeira M\u00e3o","potentialAction":[{"@type":"SearchAction","target":{"@type":"EntryPoint","urlTemplate":"https:\/\/portalnpm.com\/?s={search_term_string}"},"query-input":"required name=search_term_string"}],"inLanguage":"pt-BR"},{"@type":"Person","@id":"https:\/\/portalnpm.com\/#\/schema\/person\/35cb55186eae3f074b6783da6d35591e","name":"Zenilton Lima","image":{"@type":"ImageObject","inLanguage":"pt-BR","@id":"https:\/\/portalnpm.com\/#\/schema\/person\/image\/","url":"https:\/\/portalnpm.com\/wp-content\/uploads\/2024\/12\/avatar_user_8_1733658137-96x96.jpeg","contentUrl":"https:\/\/portalnpm.com\/wp-content\/uploads\/2024\/12\/avatar_user_8_1733658137-96x96.jpeg","caption":"Zenilton Lima"},"url":"https:\/\/portalnpm.com\/index.php\/author\/zenilton\/"}]}},"jetpack_sharing_enabled":true,"jetpack_featured_media_url":"","_links":{"self":[{"href":"https:\/\/portalnpm.com\/index.php\/wp-json\/wp\/v2\/posts\/52387"}],"collection":[{"href":"https:\/\/portalnpm.com\/index.php\/wp-json\/wp\/v2\/posts"}],"about":[{"href":"https:\/\/portalnpm.com\/index.php\/wp-json\/wp\/v2\/types\/post"}],"author":[{"embeddable":true,"href":"https:\/\/portalnpm.com\/index.php\/wp-json\/wp\/v2\/users\/8"}],"replies":[{"embeddable":true,"href":"https:\/\/portalnpm.com\/index.php\/wp-json\/wp\/v2\/comments?post=52387"}],"version-history":[{"count":1,"href":"https:\/\/portalnpm.com\/index.php\/wp-json\/wp\/v2\/posts\/52387\/revisions"}],"predecessor-version":[{"id":52392,"href":"https:\/\/portalnpm.com\/index.php\/wp-json\/wp\/v2\/posts\/52387\/revisions\/52392"}],"wp:featuredmedia":[{"embeddable":true,"href":"https:\/\/portalnpm.com\/index.php\/wp-json\/"}],"wp:attachment":[{"href":"https:\/\/portalnpm.com\/index.php\/wp-json\/wp\/v2\/media?parent=52387"}],"wp:term":[{"taxonomy":"category","embeddable":true,"href":"https:\/\/portalnpm.com\/index.php\/wp-json\/wp\/v2\/categories?post=52387"},{"taxonomy":"post_tag","embeddable":true,"href":"https:\/\/portalnpm.com\/index.php\/wp-json\/wp\/v2\/tags?post=52387"}],"curies":[{"name":"wp","href":"https:\/\/api.w.org\/{rel}","templated":true}]}}