{"id":52396,"date":"2020-05-02T16:10:38","date_gmt":"2020-05-02T19:10:38","guid":{"rendered":"https:\/\/portalnpm.com\/index.php\/2020\/05\/02\/peco-desculpas-porque-errei-diz-wilson-witzel-governador-do-rj-sobre-apoio-a-bolsonaro\/"},"modified":"2020-05-02T16:10:38","modified_gmt":"2020-05-02T19:10:38","slug":"peco-desculpas-porque-errei-diz-wilson-witzel-governador-do-rj-sobre-apoio-a-bolsonaro","status":"publish","type":"post","link":"https:\/\/portalnpm.com\/index.php\/2020\/05\/02\/peco-desculpas-porque-errei-diz-wilson-witzel-governador-do-rj-sobre-apoio-a-bolsonaro\/","title":{"rendered":"&#8220;Pe\u00e7o desculpas, porque errei&#8221;, diz Wilson Witzel, governador do RJ, sobre apoio a Bolsonaro"},"content":{"rendered":"<p style=\"text-align: justify;\">Em v\u00eddeo gravado para marcar o Dia do Trabalho, nesta sexta-feira (1\u00ba), o governador do Rio de Janeiro, Wilson Witzel (PSC), pediu desculpas por ter acreditado &#8220;num projeto com o presidente Jair Bolsonaro&#8221;, a quem chamou de irrespons\u00e1vel.<\/p>\n<p style=\"text-align: justify;\">&#8220;Aproveito, neste primeiro de maio, para pedir desculpas ao povo. Porque eu errei. Erramos. Escolhemos um presidente que \u00e9 irrespons\u00e1vel, que n\u00e3o entendeu a responsabilidade do cargo que ocupa. Ele, hoje, s\u00f3 pensa nas elei\u00e7\u00f5es de 2022 e n\u00e3o exerce aquilo que esper\u00e1vamos que ele exercesse, que \u00e9 governar, fazer as reformas necess\u00e1rias que o Brasil precisa&#8221;, disse Witzel.<\/p>\n<p style=\"text-align: justify;\">O governador afirmou que, caso Bolsonaro estivesse comprometido com as reformas, a economia poderiam ser menos afetada pelas consequ\u00eancias da pandemia do novo coronav\u00edrus. Defendeu reformas tribut\u00e1ria e ambiental \u2014 segundo ele, &#8220;reformas que esper\u00e1vamos que esse governo que prometeu uma nova pol\u00edtica fizesse para voc\u00ea, trabalhador&#8221;.<\/p>\n<p style=\"text-align: justify;\">Witzel disse que gravou o v\u00eddeo a convite de centrais sindicais e agradeceu o deputado federal Paulinho da For\u00e7a (Solidariedade-SP). O fluminense dedicou sua fala aos trabalhadores da sa\u00fade, da seguran\u00e7a p\u00fablica, ind\u00fastrias, postos de gasolina e os que ajudam &#8220;minimamente a manter o pa\u00eds e a economia funcionando&#8221;.<\/p>\n<p style=\"text-align: justify;\">Mais tarde, em entrevista \u00e0 GloboNews, Witzel voltou a afirmar que o presidente est\u00e1 em campanha e que age prejudicando os estados do Sul e Sudeste.<\/p>\n<p style=\"text-align: justify;\">&#8220;A todo momento, preocupado com a campanha de 2022, ele (Bolsonaro) olha para os estados do Sul e do Sudeste e v\u00ea advers\u00e1rios. Em raz\u00e3o disso ele orienta os seus l\u00edderes no Senado, na C\u00e2mara, no sentido de prejudicar os estados&#8221;, afirmou. &#8220;Se o presidente n\u00e3o entender que \u00e9 preciso governar e n\u00e3o asfixiar os estados do Sul e do Sudeste, que \u00e9 o que ele vem tentando desde o come\u00e7o e agora mais ainda, n\u00f3s vamos ter um problema grav\u00edssimo no Brasil, que \u00e9 a completa destrui\u00e7\u00e3o das economias do Sudeste.&#8221;<\/p>\n<p style=\"text-align: justify;\">Ex-juiz federal, Witzel abandonou a magistratura para se candidatar ao governo fluminense em 2018. Sua campanha surfou a onda bolsonarista do pleito e garantiu ao candidato estreante na pol\u00edtica uma arrancada que lhe garantiu o segundo turno contra Eduardo Paes. Desde o ano passado, por\u00e9m, o governador come\u00e7ou a se distanciar do presidente e tem subido o tom de suas declara\u00e7\u00f5es sobre o ex-aliado.<\/p>\n<p style=\"text-align: justify;\">Em mar\u00e7o, j\u00e1 em meio \u00e0 crise do coronav\u00edrus, Wtizel afirmou que o Bolsonaro (sem partido) pode ser acusado de crimes contra a humanidade por desrespeitar reiteradamente as determina\u00e7\u00f5es sanit\u00e1rias no combate \u00e0 covid-19.<\/p>\n<p>https:\/\/tv.uol\/18Rgr<\/p>\n<p style=\"text-align: justify;\"><strong><em>Fonte: UOL<\/em><\/strong><\/p>\n","protected":false},"excerpt":{"rendered":"<p>Em v\u00eddeo gravado para marcar o Dia do Trabalho, nesta sexta-feira (1\u00ba), o governador do Rio de Janeiro, Wilson Witzel (PSC), pediu desculpas por ter acreditado &#8220;num projeto com o presidente Jair Bolsonaro&#8221;, a quem chamou de irrespons\u00e1vel. &#8220;Aproveito, neste primeiro de maio, para pedir desculpas ao povo. Porque eu errei. Erramos. Escolhemos um presidente &hellip;<\/p>\n","protected":false},"author":4,"featured_media":52397,"comment_status":"open","ping_status":"open","sticky":false,"template":"","format":"standard","meta":{"content-type":"","rop_custom_images_group":[],"rop_custom_messages_group":[],"rop_publish_now":"initial","rop_publish_now_accounts":{"facebook_2648258775420054_1618374048415101":""},"rop_publish_now_history":[],"rop_publish_now_status":"pending","footnotes":"","_jetpack_memberships_contains_paid_content":false},"categories":[113,130],"tags":[680,402,1082,1083],"yoast_head":"<!-- This site is optimized with the Yoast SEO plugin v22.3 - https:\/\/yoast.com\/wordpress\/plugins\/seo\/ -->\n<title>&quot;Pe\u00e7o desculpas, porque errei&quot;, diz Wilson Witzel, governador do RJ, sobre apoio a Bolsonaro<\/title>\n<meta name=\"robots\" content=\"index, follow, max-snippet:-1, max-image-preview:large, max-video-preview:-1\" \/>\n<link rel=\"canonical\" href=\"https:\/\/portalnpm.com\/index.php\/2020\/05\/02\/peco-desculpas-porque-errei-diz-wilson-witzel-governador-do-rj-sobre-apoio-a-bolsonaro\/\" \/>\n<meta property=\"og:locale\" content=\"pt_BR\" \/>\n<meta property=\"og:type\" content=\"article\" \/>\n<meta property=\"og:title\" content=\"&quot;Pe\u00e7o desculpas, porque errei&quot;, diz Wilson Witzel, governador do RJ, sobre apoio a Bolsonaro\" \/>\n<meta property=\"og:description\" content=\"Em v\u00eddeo gravado para marcar o Dia do Trabalho, nesta sexta-feira (1\u00ba), o governador do Rio de Janeiro, Wilson Witzel (PSC), pediu desculpas por ter acreditado &#8220;num projeto com o presidente Jair Bolsonaro&#8221;, a quem chamou de irrespons\u00e1vel. &#8220;Aproveito, neste primeiro de maio, para pedir desculpas ao povo. Porque eu errei. Erramos. Escolhemos um presidente &hellip;\" \/>\n<meta property=\"og:url\" content=\"https:\/\/portalnpm.com\/index.php\/2020\/05\/02\/peco-desculpas-porque-errei-diz-wilson-witzel-governador-do-rj-sobre-apoio-a-bolsonaro\/\" \/>\n<meta property=\"og:site_name\" content=\"Portal NPM\" \/>\n<meta property=\"article:published_time\" content=\"2020-05-02T19:10:38+00:00\" \/>\n<meta property=\"og:image\" content=\"https:\/\/portalnpm.com\/wp-content\/uploads\/2024\/01\/IMG-20200502-WA0439.jpg\" \/>\n\t<meta property=\"og:image:width\" content=\"1080\" \/>\n\t<meta property=\"og:image:height\" content=\"616\" \/>\n\t<meta property=\"og:image:type\" content=\"image\/jpeg\" \/>\n<meta name=\"author\" content=\"Reda\u00e7\u00e3o\" \/>\n<meta name=\"twitter:card\" content=\"summary_large_image\" \/>\n<meta name=\"twitter:label1\" content=\"Escrito por\" \/>\n\t<meta name=\"twitter:data1\" content=\"Reda\u00e7\u00e3o\" \/>\n\t<meta name=\"twitter:label2\" content=\"Est. tempo de leitura\" \/>\n\t<meta name=\"twitter:data2\" content=\"2 minutos\" \/>\n<script type=\"application\/ld+json\" class=\"yoast-schema-graph\">{\"@context\":\"https:\/\/schema.org\",\"@graph\":[{\"@type\":\"WebPage\",\"@id\":\"https:\/\/portalnpm.com\/index.php\/2020\/05\/02\/peco-desculpas-porque-errei-diz-wilson-witzel-governador-do-rj-sobre-apoio-a-bolsonaro\/\",\"url\":\"https:\/\/portalnpm.com\/index.php\/2020\/05\/02\/peco-desculpas-porque-errei-diz-wilson-witzel-governador-do-rj-sobre-apoio-a-bolsonaro\/\",\"name\":\"\\\"Pe\u00e7o desculpas, porque errei\\\", diz Wilson Witzel, governador do RJ, sobre apoio a Bolsonaro\",\"isPartOf\":{\"@id\":\"https:\/\/portalnpm.com\/#website\"},\"primaryImageOfPage\":{\"@id\":\"https:\/\/portalnpm.com\/index.php\/2020\/05\/02\/peco-desculpas-porque-errei-diz-wilson-witzel-governador-do-rj-sobre-apoio-a-bolsonaro\/#primaryimage\"},\"image\":{\"@id\":\"https:\/\/portalnpm.com\/index.php\/2020\/05\/02\/peco-desculpas-porque-errei-diz-wilson-witzel-governador-do-rj-sobre-apoio-a-bolsonaro\/#primaryimage\"},\"thumbnailUrl\":\"https:\/\/portalnpm.com\/wp-content\/uploads\/2024\/01\/IMG-20200502-WA0439.jpg\",\"datePublished\":\"2020-05-02T19:10:38+00:00\",\"dateModified\":\"2020-05-02T19:10:38+00:00\",\"author\":{\"@id\":\"https:\/\/portalnpm.com\/#\/schema\/person\/0b5f230ec96cee25504fa328e7f2b733\"},\"breadcrumb\":{\"@id\":\"https:\/\/portalnpm.com\/index.php\/2020\/05\/02\/peco-desculpas-porque-errei-diz-wilson-witzel-governador-do-rj-sobre-apoio-a-bolsonaro\/#breadcrumb\"},\"inLanguage\":\"pt-BR\",\"potentialAction\":[{\"@type\":\"ReadAction\",\"target\":[\"https:\/\/portalnpm.com\/index.php\/2020\/05\/02\/peco-desculpas-porque-errei-diz-wilson-witzel-governador-do-rj-sobre-apoio-a-bolsonaro\/\"]}]},{\"@type\":\"ImageObject\",\"inLanguage\":\"pt-BR\",\"@id\":\"https:\/\/portalnpm.com\/index.php\/2020\/05\/02\/peco-desculpas-porque-errei-diz-wilson-witzel-governador-do-rj-sobre-apoio-a-bolsonaro\/#primaryimage\",\"url\":\"https:\/\/portalnpm.com\/wp-content\/uploads\/2024\/01\/IMG-20200502-WA0439.jpg\",\"contentUrl\":\"https:\/\/portalnpm.com\/wp-content\/uploads\/2024\/01\/IMG-20200502-WA0439.jpg\",\"width\":1080,\"height\":616},{\"@type\":\"BreadcrumbList\",\"@id\":\"https:\/\/portalnpm.com\/index.php\/2020\/05\/02\/peco-desculpas-porque-errei-diz-wilson-witzel-governador-do-rj-sobre-apoio-a-bolsonaro\/#breadcrumb\",\"itemListElement\":[{\"@type\":\"ListItem\",\"position\":1,\"name\":\"In\u00edcio\",\"item\":\"https:\/\/portalnpm.com\/\"},{\"@type\":\"ListItem\",\"position\":2,\"name\":\"&#8220;Pe\u00e7o desculpas, porque errei&#8221;, diz Wilson Witzel, governador do RJ, sobre apoio a Bolsonaro\"}]},{\"@type\":\"WebSite\",\"@id\":\"https:\/\/portalnpm.com\/#website\",\"url\":\"https:\/\/portalnpm.com\/\",\"name\":\"Portal NPM\",\"description\":\"Not\u00edcias em Primeira M\u00e3o\",\"potentialAction\":[{\"@type\":\"SearchAction\",\"target\":{\"@type\":\"EntryPoint\",\"urlTemplate\":\"https:\/\/portalnpm.com\/?s={search_term_string}\"},\"query-input\":\"required name=search_term_string\"}],\"inLanguage\":\"pt-BR\"},{\"@type\":\"Person\",\"@id\":\"https:\/\/portalnpm.com\/#\/schema\/person\/0b5f230ec96cee25504fa328e7f2b733\",\"name\":\"Reda\u00e7\u00e3o\",\"image\":{\"@type\":\"ImageObject\",\"inLanguage\":\"pt-BR\",\"@id\":\"https:\/\/portalnpm.com\/#\/schema\/person\/image\/\",\"url\":\"https:\/\/portalnpm.com\/wp-content\/uploads\/2024\/03\/avatar_user_4_1710097212-96x96.png\",\"contentUrl\":\"https:\/\/portalnpm.com\/wp-content\/uploads\/2024\/03\/avatar_user_4_1710097212-96x96.png\",\"caption\":\"Reda\u00e7\u00e3o\"},\"url\":\"https:\/\/portalnpm.com\/index.php\/author\/redacao\/\"}]}<\/script>\n<!-- \/ Yoast SEO plugin. -->","yoast_head_json":{"title":"\"Pe\u00e7o desculpas, porque errei\", diz Wilson Witzel, governador do RJ, sobre apoio a Bolsonaro","robots":{"index":"index","follow":"follow","max-snippet":"max-snippet:-1","max-image-preview":"max-image-preview:large","max-video-preview":"max-video-preview:-1"},"canonical":"https:\/\/portalnpm.com\/index.php\/2020\/05\/02\/peco-desculpas-porque-errei-diz-wilson-witzel-governador-do-rj-sobre-apoio-a-bolsonaro\/","og_locale":"pt_BR","og_type":"article","og_title":"\"Pe\u00e7o desculpas, porque errei\", diz Wilson Witzel, governador do RJ, sobre apoio a Bolsonaro","og_description":"Em v\u00eddeo gravado para marcar o Dia do Trabalho, nesta sexta-feira (1\u00ba), o governador do Rio de Janeiro, Wilson Witzel (PSC), pediu desculpas por ter acreditado &#8220;num projeto com o presidente Jair Bolsonaro&#8221;, a quem chamou de irrespons\u00e1vel. &#8220;Aproveito, neste primeiro de maio, para pedir desculpas ao povo. Porque eu errei. Erramos. Escolhemos um presidente &hellip;","og_url":"https:\/\/portalnpm.com\/index.php\/2020\/05\/02\/peco-desculpas-porque-errei-diz-wilson-witzel-governador-do-rj-sobre-apoio-a-bolsonaro\/","og_site_name":"Portal NPM","article_published_time":"2020-05-02T19:10:38+00:00","og_image":[{"width":1080,"height":616,"url":"https:\/\/portalnpm.com\/wp-content\/uploads\/2024\/01\/IMG-20200502-WA0439.jpg","type":"image\/jpeg"}],"author":"Reda\u00e7\u00e3o","twitter_card":"summary_large_image","twitter_misc":{"Escrito por":"Reda\u00e7\u00e3o","Est. tempo de leitura":"2 minutos"},"schema":{"@context":"https:\/\/schema.org","@graph":[{"@type":"WebPage","@id":"https:\/\/portalnpm.com\/index.php\/2020\/05\/02\/peco-desculpas-porque-errei-diz-wilson-witzel-governador-do-rj-sobre-apoio-a-bolsonaro\/","url":"https:\/\/portalnpm.com\/index.php\/2020\/05\/02\/peco-desculpas-porque-errei-diz-wilson-witzel-governador-do-rj-sobre-apoio-a-bolsonaro\/","name":"\"Pe\u00e7o desculpas, porque errei\", diz Wilson Witzel, governador do RJ, sobre apoio a Bolsonaro","isPartOf":{"@id":"https:\/\/portalnpm.com\/#website"},"primaryImageOfPage":{"@id":"https:\/\/portalnpm.com\/index.php\/2020\/05\/02\/peco-desculpas-porque-errei-diz-wilson-witzel-governador-do-rj-sobre-apoio-a-bolsonaro\/#primaryimage"},"image":{"@id":"https:\/\/portalnpm.com\/index.php\/2020\/05\/02\/peco-desculpas-porque-errei-diz-wilson-witzel-governador-do-rj-sobre-apoio-a-bolsonaro\/#primaryimage"},"thumbnailUrl":"https:\/\/portalnpm.com\/wp-content\/uploads\/2024\/01\/IMG-20200502-WA0439.jpg","datePublished":"2020-05-02T19:10:38+00:00","dateModified":"2020-05-02T19:10:38+00:00","author":{"@id":"https:\/\/portalnpm.com\/#\/schema\/person\/0b5f230ec96cee25504fa328e7f2b733"},"breadcrumb":{"@id":"https:\/\/portalnpm.com\/index.php\/2020\/05\/02\/peco-desculpas-porque-errei-diz-wilson-witzel-governador-do-rj-sobre-apoio-a-bolsonaro\/#breadcrumb"},"inLanguage":"pt-BR","potentialAction":[{"@type":"ReadAction","target":["https:\/\/portalnpm.com\/index.php\/2020\/05\/02\/peco-desculpas-porque-errei-diz-wilson-witzel-governador-do-rj-sobre-apoio-a-bolsonaro\/"]}]},{"@type":"ImageObject","inLanguage":"pt-BR","@id":"https:\/\/portalnpm.com\/index.php\/2020\/05\/02\/peco-desculpas-porque-errei-diz-wilson-witzel-governador-do-rj-sobre-apoio-a-bolsonaro\/#primaryimage","url":"https:\/\/portalnpm.com\/wp-content\/uploads\/2024\/01\/IMG-20200502-WA0439.jpg","contentUrl":"https:\/\/portalnpm.com\/wp-content\/uploads\/2024\/01\/IMG-20200502-WA0439.jpg","width":1080,"height":616},{"@type":"BreadcrumbList","@id":"https:\/\/portalnpm.com\/index.php\/2020\/05\/02\/peco-desculpas-porque-errei-diz-wilson-witzel-governador-do-rj-sobre-apoio-a-bolsonaro\/#breadcrumb","itemListElement":[{"@type":"ListItem","position":1,"name":"In\u00edcio","item":"https:\/\/portalnpm.com\/"},{"@type":"ListItem","position":2,"name":"&#8220;Pe\u00e7o desculpas, porque errei&#8221;, diz Wilson Witzel, governador do RJ, sobre apoio a Bolsonaro"}]},{"@type":"WebSite","@id":"https:\/\/portalnpm.com\/#website","url":"https:\/\/portalnpm.com\/","name":"Portal NPM","description":"Not\u00edcias em Primeira M\u00e3o","potentialAction":[{"@type":"SearchAction","target":{"@type":"EntryPoint","urlTemplate":"https:\/\/portalnpm.com\/?s={search_term_string}"},"query-input":"required name=search_term_string"}],"inLanguage":"pt-BR"},{"@type":"Person","@id":"https:\/\/portalnpm.com\/#\/schema\/person\/0b5f230ec96cee25504fa328e7f2b733","name":"Reda\u00e7\u00e3o","image":{"@type":"ImageObject","inLanguage":"pt-BR","@id":"https:\/\/portalnpm.com\/#\/schema\/person\/image\/","url":"https:\/\/portalnpm.com\/wp-content\/uploads\/2024\/03\/avatar_user_4_1710097212-96x96.png","contentUrl":"https:\/\/portalnpm.com\/wp-content\/uploads\/2024\/03\/avatar_user_4_1710097212-96x96.png","caption":"Reda\u00e7\u00e3o"},"url":"https:\/\/portalnpm.com\/index.php\/author\/redacao\/"}]}},"jetpack_sharing_enabled":true,"jetpack_featured_media_url":"https:\/\/portalnpm.com\/wp-content\/uploads\/2024\/01\/IMG-20200502-WA0439.jpg","_links":{"self":[{"href":"https:\/\/portalnpm.com\/index.php\/wp-json\/wp\/v2\/posts\/52396"}],"collection":[{"href":"https:\/\/portalnpm.com\/index.php\/wp-json\/wp\/v2\/posts"}],"about":[{"href":"https:\/\/portalnpm.com\/index.php\/wp-json\/wp\/v2\/types\/post"}],"author":[{"embeddable":true,"href":"https:\/\/portalnpm.com\/index.php\/wp-json\/wp\/v2\/users\/4"}],"replies":[{"embeddable":true,"href":"https:\/\/portalnpm.com\/index.php\/wp-json\/wp\/v2\/comments?post=52396"}],"version-history":[{"count":0,"href":"https:\/\/portalnpm.com\/index.php\/wp-json\/wp\/v2\/posts\/52396\/revisions"}],"wp:featuredmedia":[{"embeddable":true,"href":"https:\/\/portalnpm.com\/index.php\/wp-json\/wp\/v2\/media\/52397"}],"wp:attachment":[{"href":"https:\/\/portalnpm.com\/index.php\/wp-json\/wp\/v2\/media?parent=52396"}],"wp:term":[{"taxonomy":"category","embeddable":true,"href":"https:\/\/portalnpm.com\/index.php\/wp-json\/wp\/v2\/categories?post=52396"},{"taxonomy":"post_tag","embeddable":true,"href":"https:\/\/portalnpm.com\/index.php\/wp-json\/wp\/v2\/tags?post=52396"}],"curies":[{"name":"wp","href":"https:\/\/api.w.org\/{rel}","templated":true}]}}