{"id":52399,"date":"2020-05-03T10:20:49","date_gmt":"2020-05-03T13:20:49","guid":{"rendered":"https:\/\/portalnpm.com\/index.php\/2020\/05\/03\/em-vila-nova-do-piaui-duas-pessoas-testam-positivo-para-coronavirus-veja\/"},"modified":"2024-01-15T18:29:05","modified_gmt":"2024-01-15T21:29:05","slug":"em-vila-nova-do-piaui-duas-pessoas-testam-positivo-para-coronavirus-veja","status":"publish","type":"post","link":"https:\/\/portalnpm.com\/index.php\/2020\/05\/03\/em-vila-nova-do-piaui-duas-pessoas-testam-positivo-para-coronavirus-veja\/","title":{"rendered":"Em Vila Nova do Piau\u00ed, duas pessoas testam positivo para Coronav\u00edrus; Veja!"},"content":{"rendered":"<p><p style=\"text-align: justify;\">Duas pessoas testaram positivo para o novo Coronav&iacute;rus (Covid &ndash; 19) no municipio de Vila Nova do Piau&iacute;. A informa&ccedil;&atilde;o &eacute; da Secretaria Municipal de Sa&uacute;de, que divulgou uma nota oficial na noite deste s&aacute;bado, dia 02 de maio.<\/p>\n<p style=\"text-align: justify;\">\n<p style=\"text-align: justify;\">Os pacientes em quest&atilde;o &eacute; uma mulher de 52 anos e um homem de 55 anos, que residem em Vila Nova do Piau&iacute; e chegaram recentemente do Estado de S&atilde;o Paulo.<\/p>\n<p style=\"text-align: justify;\">De acordo com a nota divulgada, as duas pessoas que testaram positivo para a doen&ccedil;a&nbsp; apresentaram os sintomas ainda em S&atilde;o Paulo, aguardaram o desaparecimento e fizeram o trajeto at&eacute; Vila Nova em um carro particular, onde foram recebidos no dia 25 de abril, pela equipe da Secretaria de Sa&uacute;de, Vigil&acirc;ncia Sanit&aacute;ria e o Grupamento de Pol&iacute;cia Militar, ainda na BR-316 e direcionados a quarentena. Por conta dos sintomas passados, no 8&deg; dia de monitoramento foi realizado o teste para&nbsp;<strong>COVID-19<\/strong>, testando assim&nbsp;<strong>POSITIVO.<\/strong><\/p>\n<p style=\"text-align: justify;\">A Secretaria informou ainda que os pacientes em quest&atilde;o seguem assintom&aacute;ticos e sem nenhuma altera&ccedil;&atilde;o do quadro cl&iacute;nico e que os mesmos seguem em isolamento domiciliar, com monitoramento di&aacute;rio e em 7 dias ser&atilde;o testados novamente para considerar poss&iacute;vel melhora do quadro infeccioso.<\/p>\n<p style=\"text-align: justify;\">A nota destaca tamb&eacute;m que os pacientes n&atilde;o tiveram contato com nenhuma outra pessoa desde que chegaram no municipio.<\/p>\n<p style=\"text-align: justify;\"><a class=\"cboxElement\" href=\"https:\/\/cidadesnanet.com\/news\/wp-content\/uploads\/2020\/05\/WhatsApp-Image-2020-05-02-at-22.47.59.jpeg\"><img fetchpriority=\"high\" decoding=\"async\" class=\"aligncenter size-full wp-image-924272 colorbox-924270 lazyloaded\" src=\"https:\/\/portalnpm.com\/wp-content\/uploads\/2024\/01\/WhatsApp-Image-2020-05-02-at-22.47.59.jpeg\" sizes=\"(max-width: 1280px) 100vw, 1280px\" srcset=\"https:\/\/cidadesnanet.com\/news\/wp-content\/uploads\/2020\/05\/WhatsApp-Image-2020-05-02-at-22.47.59.jpeg 1280w, https:\/\/cidadesnanet.com\/news\/wp-content\/uploads\/2020\/05\/WhatsApp-Image-2020-05-02-at-22.47.59-150x150.jpeg 150w, https:\/\/cidadesnanet.com\/news\/wp-content\/uploads\/2020\/05\/WhatsApp-Image-2020-05-02-at-22.47.59-300x300.jpeg 300w, https:\/\/cidadesnanet.com\/news\/wp-content\/uploads\/2020\/05\/WhatsApp-Image-2020-05-02-at-22.47.59-768x768.jpeg 768w, https:\/\/cidadesnanet.com\/news\/wp-content\/uploads\/2020\/05\/WhatsApp-Image-2020-05-02-at-22.47.59-1024x1024.jpeg 1024w\" alt=\"\" width=\"1280\" height=\"1280\" data-lazy-src=\"https:\/\/cidadesnanet.com\/news\/wp-content\/uploads\/2020\/05\/WhatsApp-Image-2020-05-02-at-22.47.59.jpeg\" data-lazy-srcset=\"https:\/\/cidadesnanet.com\/news\/wp-content\/uploads\/2020\/05\/WhatsApp-Image-2020-05-02-at-22.47.59.jpeg 1280w, https:\/\/cidadesnanet.com\/news\/wp-content\/uploads\/2020\/05\/WhatsApp-Image-2020-05-02-at-22.47.59-150x150.jpeg 150w, https:\/\/cidadesnanet.com\/news\/wp-content\/uploads\/2020\/05\/WhatsApp-Image-2020-05-02-at-22.47.59-300x300.jpeg 300w, https:\/\/cidadesnanet.com\/news\/wp-content\/uploads\/2020\/05\/WhatsApp-Image-2020-05-02-at-22.47.59-768x768.jpeg 768w, https:\/\/cidadesnanet.com\/news\/wp-content\/uploads\/2020\/05\/WhatsApp-Image-2020-05-02-at-22.47.59-1024x1024.jpeg 1024w\" data-lazy-sizes=\"(max-width: 1280px) 100vw, 1280px\" data-was-processed=\"true\"><\/a><\/p>\n<p style=\"text-align: justify;\">Desta maneira, at&eacute; aqui, a situa&ccedil;&atilde;o de Vila Nova do Piau&iacute; se apresenta da seguinte forma: 00 (zero) casos suspeitos, 03 (tr&ecirc;s) casos notificados, 01 (um) caso descartado, 02 (dois) casos confirmados e 00 (zero) &oacute;bitos do coronav&iacute;rus.<\/p>\n<p style=\"text-align: justify;\">Ainda na nota, a Secretaria refor&ccedil;ou que a gest&atilde;o tem feito seu dever de casa, realizando diariamente a&ccedil;&otilde;es que evitam a prolifera&ccedil;&atilde;o do v&iacute;rus e pediu mais uma vez que as pessoas fiquem em casa. &ldquo;Respeitem o isolamento social. Colocamos &mdash; nos a inteira disposi&ccedil;&atilde;o de todos para qualquer d&uacute;vida ou esclarecimentos&rdquo;, destaca a secret&aacute;ria da pasta.<\/p>\n<hr>\n<p style=\"text-align: justify;\"><a href=\"https:\/\/cidadesnanet.com\/news\/wp-content\/uploads\/2020\/05\/NOTA-P%C3%9ABLICA-1%C2%BA-CASO-SUSPEITO-DA-COVID-19-EM-VILA-NOVA-convertido.pdf\"><strong>CLIQUE AQUI E VEJA A NOTA NA &Iacute;NTEGRA<\/strong><\/a><\/p>\n<p style=\"text-align: justify;\"><strong><em>Fonte: Cidades na Net<\/em><\/strong><\/p><\/p>\n","protected":false},"excerpt":{"rendered":"<p>Duas pessoas testaram positivo para o novo Coronav&iacute;rus (Covid &ndash; 19) no municipio de Vila Nova do Piau&iacute;. A informa&ccedil;&atilde;o &eacute; da Secretaria Municipal de Sa&uacute;de, que divulgou uma nota oficial na noite deste s&aacute;bado, dia 02 de maio. Os pacientes em quest&atilde;o &eacute; uma mulher de 52 anos e um homem de 55 anos, &hellip;<\/p>\n","protected":false},"author":4,"featured_media":19910,"comment_status":"open","ping_status":"open","sticky":false,"template":"","format":"standard","meta":{"content-type":"","rop_custom_images_group":[],"rop_custom_messages_group":[],"rop_publish_now":"initial","rop_publish_now_accounts":{"facebook_2648258775420054_1618374048415101":""},"rop_publish_now_history":[],"rop_publish_now_status":"pending","footnotes":"","_jetpack_memberships_contains_paid_content":false},"categories":[113,109,574],"tags":[3760,4316,1538,575],"yoast_head":"<!-- This site is optimized with the Yoast SEO plugin v22.3 - https:\/\/yoast.com\/wordpress\/plugins\/seo\/ -->\n<title>Em Vila Nova do Piau\u00ed, duas pessoas testam positivo para Coronav\u00edrus; Veja!<\/title>\n<meta name=\"robots\" content=\"index, follow, max-snippet:-1, max-image-preview:large, max-video-preview:-1\" \/>\n<link rel=\"canonical\" href=\"https:\/\/portalnpm.com\/index.php\/2020\/05\/03\/em-vila-nova-do-piaui-duas-pessoas-testam-positivo-para-coronavirus-veja\/\" \/>\n<meta property=\"og:locale\" content=\"pt_BR\" \/>\n<meta property=\"og:type\" content=\"article\" \/>\n<meta property=\"og:title\" content=\"Em Vila Nova do Piau\u00ed, duas pessoas testam positivo para Coronav\u00edrus; Veja!\" \/>\n<meta property=\"og:description\" content=\"Duas pessoas testaram positivo para o novo Coronav&iacute;rus (Covid &ndash; 19) no municipio de Vila Nova do Piau&iacute;. A informa&ccedil;&atilde;o &eacute; da Secretaria Municipal de Sa&uacute;de, que divulgou uma nota oficial na noite deste s&aacute;bado, dia 02 de maio. Os pacientes em quest&atilde;o &eacute; uma mulher de 52 anos e um homem de 55 anos, &hellip;\" \/>\n<meta property=\"og:url\" content=\"https:\/\/portalnpm.com\/index.php\/2020\/05\/03\/em-vila-nova-do-piaui-duas-pessoas-testam-positivo-para-coronavirus-veja\/\" \/>\n<meta property=\"og:site_name\" content=\"Portal NPM\" \/>\n<meta property=\"article:published_time\" content=\"2020-05-03T13:20:49+00:00\" \/>\n<meta property=\"article:modified_time\" content=\"2024-01-15T21:29:05+00:00\" \/>\n<meta name=\"author\" content=\"Reda\u00e7\u00e3o\" \/>\n<meta name=\"twitter:card\" content=\"summary_large_image\" \/>\n<meta name=\"twitter:label1\" content=\"Escrito por\" \/>\n\t<meta name=\"twitter:data1\" content=\"Reda\u00e7\u00e3o\" \/>\n\t<meta name=\"twitter:label2\" content=\"Est. tempo de leitura\" \/>\n\t<meta name=\"twitter:data2\" content=\"2 minutos\" \/>\n<script type=\"application\/ld+json\" class=\"yoast-schema-graph\">{\"@context\":\"https:\/\/schema.org\",\"@graph\":[{\"@type\":\"WebPage\",\"@id\":\"https:\/\/portalnpm.com\/index.php\/2020\/05\/03\/em-vila-nova-do-piaui-duas-pessoas-testam-positivo-para-coronavirus-veja\/\",\"url\":\"https:\/\/portalnpm.com\/index.php\/2020\/05\/03\/em-vila-nova-do-piaui-duas-pessoas-testam-positivo-para-coronavirus-veja\/\",\"name\":\"Em Vila Nova do Piau\u00ed, duas pessoas testam positivo para Coronav\u00edrus; Veja!\",\"isPartOf\":{\"@id\":\"https:\/\/portalnpm.com\/#website\"},\"primaryImageOfPage\":{\"@id\":\"https:\/\/portalnpm.com\/index.php\/2020\/05\/03\/em-vila-nova-do-piaui-duas-pessoas-testam-positivo-para-coronavirus-veja\/#primaryimage\"},\"image\":{\"@id\":\"https:\/\/portalnpm.com\/index.php\/2020\/05\/03\/em-vila-nova-do-piaui-duas-pessoas-testam-positivo-para-coronavirus-veja\/#primaryimage\"},\"thumbnailUrl\":\"\",\"datePublished\":\"2020-05-03T13:20:49+00:00\",\"dateModified\":\"2024-01-15T21:29:05+00:00\",\"author\":{\"@id\":\"https:\/\/portalnpm.com\/#\/schema\/person\/0b5f230ec96cee25504fa328e7f2b733\"},\"breadcrumb\":{\"@id\":\"https:\/\/portalnpm.com\/index.php\/2020\/05\/03\/em-vila-nova-do-piaui-duas-pessoas-testam-positivo-para-coronavirus-veja\/#breadcrumb\"},\"inLanguage\":\"pt-BR\",\"potentialAction\":[{\"@type\":\"ReadAction\",\"target\":[\"https:\/\/portalnpm.com\/index.php\/2020\/05\/03\/em-vila-nova-do-piaui-duas-pessoas-testam-positivo-para-coronavirus-veja\/\"]}]},{\"@type\":\"ImageObject\",\"inLanguage\":\"pt-BR\",\"@id\":\"https:\/\/portalnpm.com\/index.php\/2020\/05\/03\/em-vila-nova-do-piaui-duas-pessoas-testam-positivo-para-coronavirus-veja\/#primaryimage\",\"url\":\"\",\"contentUrl\":\"\"},{\"@type\":\"BreadcrumbList\",\"@id\":\"https:\/\/portalnpm.com\/index.php\/2020\/05\/03\/em-vila-nova-do-piaui-duas-pessoas-testam-positivo-para-coronavirus-veja\/#breadcrumb\",\"itemListElement\":[{\"@type\":\"ListItem\",\"position\":1,\"name\":\"In\u00edcio\",\"item\":\"https:\/\/portalnpm.com\/\"},{\"@type\":\"ListItem\",\"position\":2,\"name\":\"Em Vila Nova do Piau\u00ed, duas pessoas testam positivo para Coronav\u00edrus; Veja!\"}]},{\"@type\":\"WebSite\",\"@id\":\"https:\/\/portalnpm.com\/#website\",\"url\":\"https:\/\/portalnpm.com\/\",\"name\":\"Portal NPM\",\"description\":\"Not\u00edcias em Primeira M\u00e3o\",\"potentialAction\":[{\"@type\":\"SearchAction\",\"target\":{\"@type\":\"EntryPoint\",\"urlTemplate\":\"https:\/\/portalnpm.com\/?s={search_term_string}\"},\"query-input\":\"required name=search_term_string\"}],\"inLanguage\":\"pt-BR\"},{\"@type\":\"Person\",\"@id\":\"https:\/\/portalnpm.com\/#\/schema\/person\/0b5f230ec96cee25504fa328e7f2b733\",\"name\":\"Reda\u00e7\u00e3o\",\"image\":{\"@type\":\"ImageObject\",\"inLanguage\":\"pt-BR\",\"@id\":\"https:\/\/portalnpm.com\/#\/schema\/person\/image\/\",\"url\":\"https:\/\/portalnpm.com\/wp-content\/uploads\/2024\/03\/avatar_user_4_1710097212-96x96.png\",\"contentUrl\":\"https:\/\/portalnpm.com\/wp-content\/uploads\/2024\/03\/avatar_user_4_1710097212-96x96.png\",\"caption\":\"Reda\u00e7\u00e3o\"},\"url\":\"https:\/\/portalnpm.com\/index.php\/author\/redacao\/\"}]}<\/script>\n<!-- \/ Yoast SEO plugin. -->","yoast_head_json":{"title":"Em Vila Nova do Piau\u00ed, duas pessoas testam positivo para Coronav\u00edrus; Veja!","robots":{"index":"index","follow":"follow","max-snippet":"max-snippet:-1","max-image-preview":"max-image-preview:large","max-video-preview":"max-video-preview:-1"},"canonical":"https:\/\/portalnpm.com\/index.php\/2020\/05\/03\/em-vila-nova-do-piaui-duas-pessoas-testam-positivo-para-coronavirus-veja\/","og_locale":"pt_BR","og_type":"article","og_title":"Em Vila Nova do Piau\u00ed, duas pessoas testam positivo para Coronav\u00edrus; Veja!","og_description":"Duas pessoas testaram positivo para o novo Coronav&iacute;rus (Covid &ndash; 19) no municipio de Vila Nova do Piau&iacute;. A informa&ccedil;&atilde;o &eacute; da Secretaria Municipal de Sa&uacute;de, que divulgou uma nota oficial na noite deste s&aacute;bado, dia 02 de maio. Os pacientes em quest&atilde;o &eacute; uma mulher de 52 anos e um homem de 55 anos, &hellip;","og_url":"https:\/\/portalnpm.com\/index.php\/2020\/05\/03\/em-vila-nova-do-piaui-duas-pessoas-testam-positivo-para-coronavirus-veja\/","og_site_name":"Portal NPM","article_published_time":"2020-05-03T13:20:49+00:00","article_modified_time":"2024-01-15T21:29:05+00:00","author":"Reda\u00e7\u00e3o","twitter_card":"summary_large_image","twitter_misc":{"Escrito por":"Reda\u00e7\u00e3o","Est. tempo de leitura":"2 minutos"},"schema":{"@context":"https:\/\/schema.org","@graph":[{"@type":"WebPage","@id":"https:\/\/portalnpm.com\/index.php\/2020\/05\/03\/em-vila-nova-do-piaui-duas-pessoas-testam-positivo-para-coronavirus-veja\/","url":"https:\/\/portalnpm.com\/index.php\/2020\/05\/03\/em-vila-nova-do-piaui-duas-pessoas-testam-positivo-para-coronavirus-veja\/","name":"Em Vila Nova do Piau\u00ed, duas pessoas testam positivo para Coronav\u00edrus; Veja!","isPartOf":{"@id":"https:\/\/portalnpm.com\/#website"},"primaryImageOfPage":{"@id":"https:\/\/portalnpm.com\/index.php\/2020\/05\/03\/em-vila-nova-do-piaui-duas-pessoas-testam-positivo-para-coronavirus-veja\/#primaryimage"},"image":{"@id":"https:\/\/portalnpm.com\/index.php\/2020\/05\/03\/em-vila-nova-do-piaui-duas-pessoas-testam-positivo-para-coronavirus-veja\/#primaryimage"},"thumbnailUrl":"","datePublished":"2020-05-03T13:20:49+00:00","dateModified":"2024-01-15T21:29:05+00:00","author":{"@id":"https:\/\/portalnpm.com\/#\/schema\/person\/0b5f230ec96cee25504fa328e7f2b733"},"breadcrumb":{"@id":"https:\/\/portalnpm.com\/index.php\/2020\/05\/03\/em-vila-nova-do-piaui-duas-pessoas-testam-positivo-para-coronavirus-veja\/#breadcrumb"},"inLanguage":"pt-BR","potentialAction":[{"@type":"ReadAction","target":["https:\/\/portalnpm.com\/index.php\/2020\/05\/03\/em-vila-nova-do-piaui-duas-pessoas-testam-positivo-para-coronavirus-veja\/"]}]},{"@type":"ImageObject","inLanguage":"pt-BR","@id":"https:\/\/portalnpm.com\/index.php\/2020\/05\/03\/em-vila-nova-do-piaui-duas-pessoas-testam-positivo-para-coronavirus-veja\/#primaryimage","url":"","contentUrl":""},{"@type":"BreadcrumbList","@id":"https:\/\/portalnpm.com\/index.php\/2020\/05\/03\/em-vila-nova-do-piaui-duas-pessoas-testam-positivo-para-coronavirus-veja\/#breadcrumb","itemListElement":[{"@type":"ListItem","position":1,"name":"In\u00edcio","item":"https:\/\/portalnpm.com\/"},{"@type":"ListItem","position":2,"name":"Em Vila Nova do Piau\u00ed, duas pessoas testam positivo para Coronav\u00edrus; Veja!"}]},{"@type":"WebSite","@id":"https:\/\/portalnpm.com\/#website","url":"https:\/\/portalnpm.com\/","name":"Portal NPM","description":"Not\u00edcias em Primeira M\u00e3o","potentialAction":[{"@type":"SearchAction","target":{"@type":"EntryPoint","urlTemplate":"https:\/\/portalnpm.com\/?s={search_term_string}"},"query-input":"required name=search_term_string"}],"inLanguage":"pt-BR"},{"@type":"Person","@id":"https:\/\/portalnpm.com\/#\/schema\/person\/0b5f230ec96cee25504fa328e7f2b733","name":"Reda\u00e7\u00e3o","image":{"@type":"ImageObject","inLanguage":"pt-BR","@id":"https:\/\/portalnpm.com\/#\/schema\/person\/image\/","url":"https:\/\/portalnpm.com\/wp-content\/uploads\/2024\/03\/avatar_user_4_1710097212-96x96.png","contentUrl":"https:\/\/portalnpm.com\/wp-content\/uploads\/2024\/03\/avatar_user_4_1710097212-96x96.png","caption":"Reda\u00e7\u00e3o"},"url":"https:\/\/portalnpm.com\/index.php\/author\/redacao\/"}]}},"jetpack_sharing_enabled":true,"jetpack_featured_media_url":"","_links":{"self":[{"href":"https:\/\/portalnpm.com\/index.php\/wp-json\/wp\/v2\/posts\/52399"}],"collection":[{"href":"https:\/\/portalnpm.com\/index.php\/wp-json\/wp\/v2\/posts"}],"about":[{"href":"https:\/\/portalnpm.com\/index.php\/wp-json\/wp\/v2\/types\/post"}],"author":[{"embeddable":true,"href":"https:\/\/portalnpm.com\/index.php\/wp-json\/wp\/v2\/users\/4"}],"replies":[{"embeddable":true,"href":"https:\/\/portalnpm.com\/index.php\/wp-json\/wp\/v2\/comments?post=52399"}],"version-history":[{"count":1,"href":"https:\/\/portalnpm.com\/index.php\/wp-json\/wp\/v2\/posts\/52399\/revisions"}],"predecessor-version":[{"id":52407,"href":"https:\/\/portalnpm.com\/index.php\/wp-json\/wp\/v2\/posts\/52399\/revisions\/52407"}],"wp:featuredmedia":[{"embeddable":true,"href":"https:\/\/portalnpm.com\/index.php\/wp-json\/"}],"wp:attachment":[{"href":"https:\/\/portalnpm.com\/index.php\/wp-json\/wp\/v2\/media?parent=52399"}],"wp:term":[{"taxonomy":"category","embeddable":true,"href":"https:\/\/portalnpm.com\/index.php\/wp-json\/wp\/v2\/categories?post=52399"},{"taxonomy":"post_tag","embeddable":true,"href":"https:\/\/portalnpm.com\/index.php\/wp-json\/wp\/v2\/tags?post=52399"}],"curies":[{"name":"wp","href":"https:\/\/api.w.org\/{rel}","templated":true}]}}