{"id":52428,"date":"2020-05-06T09:04:10","date_gmt":"2020-05-06T12:04:10","guid":{"rendered":"https:\/\/portalnpm.com\/index.php\/2020\/05\/06\/espinhela-caida-inveja-quebranto-voce-acredita-no-poder-das-rezas-benzeduras\/"},"modified":"2020-05-06T09:04:10","modified_gmt":"2020-05-06T12:04:10","slug":"espinhela-caida-inveja-quebranto-voce-acredita-no-poder-das-rezas-benzeduras","status":"publish","type":"post","link":"https:\/\/portalnpm.com\/index.php\/2020\/05\/06\/espinhela-caida-inveja-quebranto-voce-acredita-no-poder-das-rezas-benzeduras\/","title":{"rendered":"\u2018Espinhela Ca\u00edda\u2019 \u2018inveja\u2019 \u2018Quebranto\u2019 ? Voc\u00ea acredita no poder das rezas, benzeduras?&#8230;"},"content":{"rendered":"<p>\u00a0<\/p>\n<p style=\"text-align: justify;\">No Alto Sert\u00e3o Nordestino \u00e9 comum as pessoas buscarem aux\u00edlio nas rezas e benzeduras. Esta procura n\u00e3o \u00e9 restrita as pessoas leigas ou de segmentos menos favorecidas da popula\u00e7\u00e3o, estende-se tamb\u00e9m \u00e0s classes sociais mais altas, que, acreditam no poder de prote\u00e7\u00e3o e cura das palavras ditas na reza, que atravessam s\u00e9culos. Enquanto os galhos do vegetal \u00e9 conduzido metodicamente ao redor do corpo, palavras articuladas s\u00e3o ditas como forma de reverter a situa\u00e7\u00e3o de desconforto que se encontra ou afirma.<\/p>\n<p style=\"text-align: justify;\">Pesquisando relatos sobre rezas e benzeduras no sert\u00e3o Baiano, nos deparamos com um estudo realizado por Adriana de Jesus Sacramento sobre umas rezadeiras de Caetit\u00e9 chamada El\u00edsia Maria da Concei\u00e7\u00e3o. No texto h\u00e1 a seguinte afirma\u00e7\u00e3o: \u2019Al\u00e9m da elabora\u00e7\u00e3o de rem\u00e9dios, D.El\u00edsia nos descreve como ela diagnostica doen\u00e7as que ela costuma rezar em seu meio social. Doen\u00e7as como: \u201cespinhela ca\u00edda\u201d, \u201derisipela\u201d, \u201ccarne quebrada\u201d, \u201cvento ca\u00eddo\u201d, \u201colho gordo\u201d e outras. Assim ela nos diz como as crian\u00e7as adquirem o \u201cvento ca\u00eddo\u201d:\u201c\u2026 chama vento ca\u00eddo \u00e0 dita, pega no espanto. O jeito que pega a crian\u00e7a e levanta no aberto ou ficar com medo e d\u00e1 aquele espanto naquela crian\u00e7a ou apoiar e botar do lado e correr e da correria. Aquilo chama vento ca\u00eddo, mas os m\u00e9dicos n\u00e3o sabem n\u00e3o. Eles n\u00e3o entendem, mas os m\u00e9dicos n\u00e3o sabem n\u00e3o .Eles n\u00e3o entendem o que \u00e9 isso\u201d. (Entrevista concedida por D.El\u00edsia Maria da Concei\u00e7\u00e3o.\u201d<\/p>\n<p style=\"text-align: justify;\">Outro par\u00e1grafo que nos chama a aten\u00e7\u00e3o \u00e9 como muitas rezadeiras utilizam a palavra Mar como estrat\u00e9gia de Limpeza. Nesta abordagem entendemos: \u201cAs for\u00e7as da natureza, como o mar nessa benzedura caracterizam a limpeza, a pureza, anula as for\u00e7as mal\u00e9ficas. A refer\u00eancia ao mar \u00e9 um recurso largamente utilizados em rezas para o tratamento da espinhela ca\u00edda e outras doen\u00e7as como a erisipela.\u201d<\/p>\n<p style=\"text-align: justify;\">Nos tempos atuais muitas pessoas relatam que tem diminu\u00eddo o n\u00famero de rezadeiras e benzedeiras no Nordeste.<\/p>\n<p style=\"text-align: justify;\">Na sua opini\u00e3o, as rezas ajudam a pessoa a ficar melhor?<\/p>\n<p style=\"text-align: justify;\"><strong><em>Fonte: Acontece na Bahia<\/em><\/strong><\/p>\n","protected":false},"excerpt":{"rendered":"<p>\u00a0 No Alto Sert\u00e3o Nordestino \u00e9 comum as pessoas buscarem aux\u00edlio nas rezas e benzeduras. Esta procura n\u00e3o \u00e9 restrita as pessoas leigas ou de segmentos menos favorecidas da popula\u00e7\u00e3o, estende-se tamb\u00e9m \u00e0s classes sociais mais altas, que, acreditam no poder de prote\u00e7\u00e3o e cura das palavras ditas na reza, que atravessam s\u00e9culos. Enquanto os &hellip;<\/p>\n","protected":false},"author":4,"featured_media":52429,"comment_status":"open","ping_status":"open","sticky":false,"template":"","format":"standard","meta":{"content-type":"","rop_custom_images_group":[],"rop_custom_messages_group":[],"rop_publish_now":"initial","rop_publish_now_accounts":{"facebook_2648258775420054_1618374048415101":""},"rop_publish_now_history":[],"rop_publish_now_status":"pending","footnotes":"","_jetpack_memberships_contains_paid_content":false},"categories":[125],"tags":[4343,2803,4161],"yoast_head":"<!-- This site is optimized with the Yoast SEO plugin v22.3 - https:\/\/yoast.com\/wordpress\/plugins\/seo\/ -->\n<title>\u2018Espinhela Ca\u00edda\u2019 \u2018inveja\u2019 \u2018Quebranto\u2019 ? Voc\u00ea acredita no poder das rezas, benzeduras?...<\/title>\n<meta name=\"robots\" content=\"index, follow, max-snippet:-1, max-image-preview:large, max-video-preview:-1\" \/>\n<link rel=\"canonical\" href=\"https:\/\/portalnpm.com\/index.php\/2020\/05\/06\/espinhela-caida-inveja-quebranto-voce-acredita-no-poder-das-rezas-benzeduras\/\" \/>\n<meta property=\"og:locale\" content=\"pt_BR\" \/>\n<meta property=\"og:type\" content=\"article\" \/>\n<meta property=\"og:title\" content=\"\u2018Espinhela Ca\u00edda\u2019 \u2018inveja\u2019 \u2018Quebranto\u2019 ? Voc\u00ea acredita no poder das rezas, benzeduras?...\" \/>\n<meta property=\"og:description\" content=\"\u00a0 No Alto Sert\u00e3o Nordestino \u00e9 comum as pessoas buscarem aux\u00edlio nas rezas e benzeduras. Esta procura n\u00e3o \u00e9 restrita as pessoas leigas ou de segmentos menos favorecidas da popula\u00e7\u00e3o, estende-se tamb\u00e9m \u00e0s classes sociais mais altas, que, acreditam no poder de prote\u00e7\u00e3o e cura das palavras ditas na reza, que atravessam s\u00e9culos. Enquanto os &hellip;\" \/>\n<meta property=\"og:url\" content=\"https:\/\/portalnpm.com\/index.php\/2020\/05\/06\/espinhela-caida-inveja-quebranto-voce-acredita-no-poder-das-rezas-benzeduras\/\" \/>\n<meta property=\"og:site_name\" content=\"Portal NPM\" \/>\n<meta property=\"article:published_time\" content=\"2020-05-06T12:04:10+00:00\" \/>\n<meta property=\"og:image\" content=\"https:\/\/portalnpm.com\/wp-content\/uploads\/2024\/01\/IMG_20200506_080254.jpg\" \/>\n\t<meta property=\"og:image:width\" content=\"1080\" \/>\n\t<meta property=\"og:image:height\" content=\"731\" \/>\n\t<meta property=\"og:image:type\" content=\"image\/jpeg\" \/>\n<meta name=\"author\" content=\"Reda\u00e7\u00e3o\" \/>\n<meta name=\"twitter:card\" content=\"summary_large_image\" \/>\n<meta name=\"twitter:label1\" content=\"Escrito por\" \/>\n\t<meta name=\"twitter:data1\" content=\"Reda\u00e7\u00e3o\" \/>\n\t<meta name=\"twitter:label2\" content=\"Est. tempo de leitura\" \/>\n\t<meta name=\"twitter:data2\" content=\"2 minutos\" \/>\n<script type=\"application\/ld+json\" class=\"yoast-schema-graph\">{\"@context\":\"https:\/\/schema.org\",\"@graph\":[{\"@type\":\"WebPage\",\"@id\":\"https:\/\/portalnpm.com\/index.php\/2020\/05\/06\/espinhela-caida-inveja-quebranto-voce-acredita-no-poder-das-rezas-benzeduras\/\",\"url\":\"https:\/\/portalnpm.com\/index.php\/2020\/05\/06\/espinhela-caida-inveja-quebranto-voce-acredita-no-poder-das-rezas-benzeduras\/\",\"name\":\"\u2018Espinhela Ca\u00edda\u2019 \u2018inveja\u2019 \u2018Quebranto\u2019 ? Voc\u00ea acredita no poder das rezas, benzeduras?...\",\"isPartOf\":{\"@id\":\"https:\/\/portalnpm.com\/#website\"},\"primaryImageOfPage\":{\"@id\":\"https:\/\/portalnpm.com\/index.php\/2020\/05\/06\/espinhela-caida-inveja-quebranto-voce-acredita-no-poder-das-rezas-benzeduras\/#primaryimage\"},\"image\":{\"@id\":\"https:\/\/portalnpm.com\/index.php\/2020\/05\/06\/espinhela-caida-inveja-quebranto-voce-acredita-no-poder-das-rezas-benzeduras\/#primaryimage\"},\"thumbnailUrl\":\"https:\/\/portalnpm.com\/wp-content\/uploads\/2024\/01\/IMG_20200506_080254.jpg\",\"datePublished\":\"2020-05-06T12:04:10+00:00\",\"dateModified\":\"2020-05-06T12:04:10+00:00\",\"author\":{\"@id\":\"https:\/\/portalnpm.com\/#\/schema\/person\/0b5f230ec96cee25504fa328e7f2b733\"},\"breadcrumb\":{\"@id\":\"https:\/\/portalnpm.com\/index.php\/2020\/05\/06\/espinhela-caida-inveja-quebranto-voce-acredita-no-poder-das-rezas-benzeduras\/#breadcrumb\"},\"inLanguage\":\"pt-BR\",\"potentialAction\":[{\"@type\":\"ReadAction\",\"target\":[\"https:\/\/portalnpm.com\/index.php\/2020\/05\/06\/espinhela-caida-inveja-quebranto-voce-acredita-no-poder-das-rezas-benzeduras\/\"]}]},{\"@type\":\"ImageObject\",\"inLanguage\":\"pt-BR\",\"@id\":\"https:\/\/portalnpm.com\/index.php\/2020\/05\/06\/espinhela-caida-inveja-quebranto-voce-acredita-no-poder-das-rezas-benzeduras\/#primaryimage\",\"url\":\"https:\/\/portalnpm.com\/wp-content\/uploads\/2024\/01\/IMG_20200506_080254.jpg\",\"contentUrl\":\"https:\/\/portalnpm.com\/wp-content\/uploads\/2024\/01\/IMG_20200506_080254.jpg\",\"width\":1080,\"height\":731},{\"@type\":\"BreadcrumbList\",\"@id\":\"https:\/\/portalnpm.com\/index.php\/2020\/05\/06\/espinhela-caida-inveja-quebranto-voce-acredita-no-poder-das-rezas-benzeduras\/#breadcrumb\",\"itemListElement\":[{\"@type\":\"ListItem\",\"position\":1,\"name\":\"In\u00edcio\",\"item\":\"https:\/\/portalnpm.com\/\"},{\"@type\":\"ListItem\",\"position\":2,\"name\":\"\u2018Espinhela Ca\u00edda\u2019 \u2018inveja\u2019 \u2018Quebranto\u2019 ? Voc\u00ea acredita no poder das rezas, benzeduras?&#8230;\"}]},{\"@type\":\"WebSite\",\"@id\":\"https:\/\/portalnpm.com\/#website\",\"url\":\"https:\/\/portalnpm.com\/\",\"name\":\"Portal NPM\",\"description\":\"Not\u00edcias em Primeira M\u00e3o\",\"potentialAction\":[{\"@type\":\"SearchAction\",\"target\":{\"@type\":\"EntryPoint\",\"urlTemplate\":\"https:\/\/portalnpm.com\/?s={search_term_string}\"},\"query-input\":\"required name=search_term_string\"}],\"inLanguage\":\"pt-BR\"},{\"@type\":\"Person\",\"@id\":\"https:\/\/portalnpm.com\/#\/schema\/person\/0b5f230ec96cee25504fa328e7f2b733\",\"name\":\"Reda\u00e7\u00e3o\",\"image\":{\"@type\":\"ImageObject\",\"inLanguage\":\"pt-BR\",\"@id\":\"https:\/\/portalnpm.com\/#\/schema\/person\/image\/\",\"url\":\"https:\/\/portalnpm.com\/wp-content\/uploads\/2024\/03\/avatar_user_4_1710097212-96x96.png\",\"contentUrl\":\"https:\/\/portalnpm.com\/wp-content\/uploads\/2024\/03\/avatar_user_4_1710097212-96x96.png\",\"caption\":\"Reda\u00e7\u00e3o\"},\"url\":\"https:\/\/portalnpm.com\/index.php\/author\/redacao\/\"}]}<\/script>\n<!-- \/ Yoast SEO plugin. -->","yoast_head_json":{"title":"\u2018Espinhela Ca\u00edda\u2019 \u2018inveja\u2019 \u2018Quebranto\u2019 ? Voc\u00ea acredita no poder das rezas, benzeduras?...","robots":{"index":"index","follow":"follow","max-snippet":"max-snippet:-1","max-image-preview":"max-image-preview:large","max-video-preview":"max-video-preview:-1"},"canonical":"https:\/\/portalnpm.com\/index.php\/2020\/05\/06\/espinhela-caida-inveja-quebranto-voce-acredita-no-poder-das-rezas-benzeduras\/","og_locale":"pt_BR","og_type":"article","og_title":"\u2018Espinhela Ca\u00edda\u2019 \u2018inveja\u2019 \u2018Quebranto\u2019 ? Voc\u00ea acredita no poder das rezas, benzeduras?...","og_description":"\u00a0 No Alto Sert\u00e3o Nordestino \u00e9 comum as pessoas buscarem aux\u00edlio nas rezas e benzeduras. Esta procura n\u00e3o \u00e9 restrita as pessoas leigas ou de segmentos menos favorecidas da popula\u00e7\u00e3o, estende-se tamb\u00e9m \u00e0s classes sociais mais altas, que, acreditam no poder de prote\u00e7\u00e3o e cura das palavras ditas na reza, que atravessam s\u00e9culos. Enquanto os &hellip;","og_url":"https:\/\/portalnpm.com\/index.php\/2020\/05\/06\/espinhela-caida-inveja-quebranto-voce-acredita-no-poder-das-rezas-benzeduras\/","og_site_name":"Portal NPM","article_published_time":"2020-05-06T12:04:10+00:00","og_image":[{"width":1080,"height":731,"url":"https:\/\/portalnpm.com\/wp-content\/uploads\/2024\/01\/IMG_20200506_080254.jpg","type":"image\/jpeg"}],"author":"Reda\u00e7\u00e3o","twitter_card":"summary_large_image","twitter_misc":{"Escrito por":"Reda\u00e7\u00e3o","Est. tempo de leitura":"2 minutos"},"schema":{"@context":"https:\/\/schema.org","@graph":[{"@type":"WebPage","@id":"https:\/\/portalnpm.com\/index.php\/2020\/05\/06\/espinhela-caida-inveja-quebranto-voce-acredita-no-poder-das-rezas-benzeduras\/","url":"https:\/\/portalnpm.com\/index.php\/2020\/05\/06\/espinhela-caida-inveja-quebranto-voce-acredita-no-poder-das-rezas-benzeduras\/","name":"\u2018Espinhela Ca\u00edda\u2019 \u2018inveja\u2019 \u2018Quebranto\u2019 ? Voc\u00ea acredita no poder das rezas, benzeduras?...","isPartOf":{"@id":"https:\/\/portalnpm.com\/#website"},"primaryImageOfPage":{"@id":"https:\/\/portalnpm.com\/index.php\/2020\/05\/06\/espinhela-caida-inveja-quebranto-voce-acredita-no-poder-das-rezas-benzeduras\/#primaryimage"},"image":{"@id":"https:\/\/portalnpm.com\/index.php\/2020\/05\/06\/espinhela-caida-inveja-quebranto-voce-acredita-no-poder-das-rezas-benzeduras\/#primaryimage"},"thumbnailUrl":"https:\/\/portalnpm.com\/wp-content\/uploads\/2024\/01\/IMG_20200506_080254.jpg","datePublished":"2020-05-06T12:04:10+00:00","dateModified":"2020-05-06T12:04:10+00:00","author":{"@id":"https:\/\/portalnpm.com\/#\/schema\/person\/0b5f230ec96cee25504fa328e7f2b733"},"breadcrumb":{"@id":"https:\/\/portalnpm.com\/index.php\/2020\/05\/06\/espinhela-caida-inveja-quebranto-voce-acredita-no-poder-das-rezas-benzeduras\/#breadcrumb"},"inLanguage":"pt-BR","potentialAction":[{"@type":"ReadAction","target":["https:\/\/portalnpm.com\/index.php\/2020\/05\/06\/espinhela-caida-inveja-quebranto-voce-acredita-no-poder-das-rezas-benzeduras\/"]}]},{"@type":"ImageObject","inLanguage":"pt-BR","@id":"https:\/\/portalnpm.com\/index.php\/2020\/05\/06\/espinhela-caida-inveja-quebranto-voce-acredita-no-poder-das-rezas-benzeduras\/#primaryimage","url":"https:\/\/portalnpm.com\/wp-content\/uploads\/2024\/01\/IMG_20200506_080254.jpg","contentUrl":"https:\/\/portalnpm.com\/wp-content\/uploads\/2024\/01\/IMG_20200506_080254.jpg","width":1080,"height":731},{"@type":"BreadcrumbList","@id":"https:\/\/portalnpm.com\/index.php\/2020\/05\/06\/espinhela-caida-inveja-quebranto-voce-acredita-no-poder-das-rezas-benzeduras\/#breadcrumb","itemListElement":[{"@type":"ListItem","position":1,"name":"In\u00edcio","item":"https:\/\/portalnpm.com\/"},{"@type":"ListItem","position":2,"name":"\u2018Espinhela Ca\u00edda\u2019 \u2018inveja\u2019 \u2018Quebranto\u2019 ? Voc\u00ea acredita no poder das rezas, benzeduras?&#8230;"}]},{"@type":"WebSite","@id":"https:\/\/portalnpm.com\/#website","url":"https:\/\/portalnpm.com\/","name":"Portal NPM","description":"Not\u00edcias em Primeira M\u00e3o","potentialAction":[{"@type":"SearchAction","target":{"@type":"EntryPoint","urlTemplate":"https:\/\/portalnpm.com\/?s={search_term_string}"},"query-input":"required name=search_term_string"}],"inLanguage":"pt-BR"},{"@type":"Person","@id":"https:\/\/portalnpm.com\/#\/schema\/person\/0b5f230ec96cee25504fa328e7f2b733","name":"Reda\u00e7\u00e3o","image":{"@type":"ImageObject","inLanguage":"pt-BR","@id":"https:\/\/portalnpm.com\/#\/schema\/person\/image\/","url":"https:\/\/portalnpm.com\/wp-content\/uploads\/2024\/03\/avatar_user_4_1710097212-96x96.png","contentUrl":"https:\/\/portalnpm.com\/wp-content\/uploads\/2024\/03\/avatar_user_4_1710097212-96x96.png","caption":"Reda\u00e7\u00e3o"},"url":"https:\/\/portalnpm.com\/index.php\/author\/redacao\/"}]}},"jetpack_sharing_enabled":true,"jetpack_featured_media_url":"https:\/\/portalnpm.com\/wp-content\/uploads\/2024\/01\/IMG_20200506_080254.jpg","_links":{"self":[{"href":"https:\/\/portalnpm.com\/index.php\/wp-json\/wp\/v2\/posts\/52428"}],"collection":[{"href":"https:\/\/portalnpm.com\/index.php\/wp-json\/wp\/v2\/posts"}],"about":[{"href":"https:\/\/portalnpm.com\/index.php\/wp-json\/wp\/v2\/types\/post"}],"author":[{"embeddable":true,"href":"https:\/\/portalnpm.com\/index.php\/wp-json\/wp\/v2\/users\/4"}],"replies":[{"embeddable":true,"href":"https:\/\/portalnpm.com\/index.php\/wp-json\/wp\/v2\/comments?post=52428"}],"version-history":[{"count":0,"href":"https:\/\/portalnpm.com\/index.php\/wp-json\/wp\/v2\/posts\/52428\/revisions"}],"wp:featuredmedia":[{"embeddable":true,"href":"https:\/\/portalnpm.com\/index.php\/wp-json\/wp\/v2\/media\/52429"}],"wp:attachment":[{"href":"https:\/\/portalnpm.com\/index.php\/wp-json\/wp\/v2\/media?parent=52428"}],"wp:term":[{"taxonomy":"category","embeddable":true,"href":"https:\/\/portalnpm.com\/index.php\/wp-json\/wp\/v2\/categories?post=52428"},{"taxonomy":"post_tag","embeddable":true,"href":"https:\/\/portalnpm.com\/index.php\/wp-json\/wp\/v2\/tags?post=52428"}],"curies":[{"name":"wp","href":"https:\/\/api.w.org\/{rel}","templated":true}]}}