{"id":52437,"date":"2020-05-07T20:56:56","date_gmt":"2020-05-07T23:56:56","guid":{"rendered":"https:\/\/portalnpm.com\/index.php\/2020\/05\/07\/data-da-2a-parcela-do-auxilio-emergencial-deve-ser-anunciada-amanha\/"},"modified":"2020-05-07T20:56:56","modified_gmt":"2020-05-07T23:56:56","slug":"data-da-2a-parcela-do-auxilio-emergencial-deve-ser-anunciada-amanha","status":"publish","type":"post","link":"https:\/\/portalnpm.com\/index.php\/2020\/05\/07\/data-da-2a-parcela-do-auxilio-emergencial-deve-ser-anunciada-amanha\/","title":{"rendered":"Data da 2\u00aa parcela do aux\u00edlio emergencial deve ser anunciada amanh\u00e3"},"content":{"rendered":"<p style=\"text-align: justify;\">O calend\u00e1rio para pagamento da segunda parcela do aux\u00edlio emergencial de R$ 600, que ser\u00e1 feito a partir da semana que vem, dever\u00e1 ser divulgado at\u00e9 amanh\u00e3 (8). A informa\u00e7\u00e3o foi dada nesta quinta-feira (7) pelo ministro da Cidadania, Onyx Lorenzoni, em reuni\u00e3o virtual da comiss\u00e3o mista de deputados e senadores que acompanha as medidas do governo federal para o enfrentamento\u00a0da covid-19.<\/p>\n<p style=\"text-align: justify;\">\n<p style=\"text-align: justify;\">Onyx informou tamb\u00e9m que uma parceria com os Correios est\u00e1 prestes a ser anunciada. Segundo o ministro, a ideia \u00e9 que a empresa auxilie pessoas que n\u00e3o t\u00eam acesso \u00e0 internet a fazer o cadastro para receber o benef\u00edcio. O aux\u00edlio est\u00e1 previsto para ser pago em tr\u00eas parcelas at\u00e9 junho. Mesmo quem n\u00e3o recebeu a primeira parte e se enquadra nos pr\u00e9-requisitos do aux\u00edlio poder\u00e1 receber as tr\u00eas parcelas.<\/p>\n<p style=\"text-align: justify;\">O ministro da Cidadania adiantou aos parlamentares que a pasta vai publicar ainda hoje uma portaria que transferir\u00e1 R$ 580 milh\u00f5es para o Sistema \u00danico de Assist\u00eancia Social a serem usados por munic\u00edpios. O dinheiro poder\u00e1 ser aplicado na compra de equipamento completo de prote\u00e7\u00e3o individual para todos os trabalhadores do Sistema\u00a0\u00danico\u00a0de Sa\u00fade (SUS) dos munic\u00edpios e de alimentos que ser\u00e3o distribu\u00eddos para pessoas em situa\u00e7\u00e3o de vulnerabilidade social.<\/p>\n<h2 style=\"text-align: justify;\">Balan\u00e7o<\/h2>\n<p style=\"text-align: justify;\">De acordo com o ministro, cerca de 96,9 milh\u00f5es de pessoas acessaram o aplicativo da Caixa para tentar obter o aux\u00edlio.<\/p>\n<p style=\"text-align: justify;\">Destas, cerca de 50,5 milh\u00f5es foram consideradas eleg\u00edveis e 32 milh\u00f5es, inaptas para receber o benef\u00edcio. Parte dessas pessoas tentou fraudar o direito ao cr\u00e9dito.<\/p>\n<p style=\"text-align: justify;\">Com informa\u00e7\u00f5es da Ag\u00eancia Brasil.<\/p>\n","protected":false},"excerpt":{"rendered":"<p>O calend\u00e1rio para pagamento da segunda parcela do aux\u00edlio emergencial de R$ 600, que ser\u00e1 feito a partir da semana que vem, dever\u00e1 ser divulgado at\u00e9 amanh\u00e3 (8). A informa\u00e7\u00e3o foi dada nesta quinta-feira (7) pelo ministro da Cidadania, Onyx Lorenzoni, em reuni\u00e3o virtual da comiss\u00e3o mista de deputados e senadores que acompanha as medidas &hellip;<\/p>\n","protected":false},"author":8,"featured_media":20004,"comment_status":"open","ping_status":"open","sticky":false,"template":"","format":"standard","meta":{"content-type":"","rop_custom_images_group":[],"rop_custom_messages_group":[],"rop_publish_now":"initial","rop_publish_now_accounts":{"facebook_2648258775420054_1618374048415101":""},"rop_publish_now_history":[],"rop_publish_now_status":"pending","footnotes":"","_jetpack_memberships_contains_paid_content":false},"categories":[125],"tags":[4348,3975,549],"yoast_head":"<!-- This site is optimized with the Yoast SEO plugin v22.3 - https:\/\/yoast.com\/wordpress\/plugins\/seo\/ -->\n<title>Data da 2\u00aa parcela do aux\u00edlio emergencial deve ser anunciada amanh\u00e3<\/title>\n<meta name=\"robots\" content=\"index, follow, max-snippet:-1, max-image-preview:large, max-video-preview:-1\" \/>\n<link rel=\"canonical\" href=\"https:\/\/portalnpm.com\/index.php\/2020\/05\/07\/data-da-2a-parcela-do-auxilio-emergencial-deve-ser-anunciada-amanha\/\" \/>\n<meta property=\"og:locale\" content=\"pt_BR\" \/>\n<meta property=\"og:type\" content=\"article\" \/>\n<meta property=\"og:title\" content=\"Data da 2\u00aa parcela do aux\u00edlio emergencial deve ser anunciada amanh\u00e3\" \/>\n<meta property=\"og:description\" content=\"O calend\u00e1rio para pagamento da segunda parcela do aux\u00edlio emergencial de R$ 600, que ser\u00e1 feito a partir da semana que vem, dever\u00e1 ser divulgado at\u00e9 amanh\u00e3 (8). A informa\u00e7\u00e3o foi dada nesta quinta-feira (7) pelo ministro da Cidadania, Onyx Lorenzoni, em reuni\u00e3o virtual da comiss\u00e3o mista de deputados e senadores que acompanha as medidas &hellip;\" \/>\n<meta property=\"og:url\" content=\"https:\/\/portalnpm.com\/index.php\/2020\/05\/07\/data-da-2a-parcela-do-auxilio-emergencial-deve-ser-anunciada-amanha\/\" \/>\n<meta property=\"og:site_name\" content=\"Portal NPM\" \/>\n<meta property=\"article:published_time\" content=\"2020-05-07T23:56:56+00:00\" \/>\n<meta name=\"author\" content=\"Zenilton Lima\" \/>\n<meta name=\"twitter:card\" content=\"summary_large_image\" \/>\n<meta name=\"twitter:label1\" content=\"Escrito por\" \/>\n\t<meta name=\"twitter:data1\" content=\"Zenilton Lima\" \/>\n\t<meta name=\"twitter:label2\" content=\"Est. tempo de leitura\" \/>\n\t<meta name=\"twitter:data2\" content=\"1 minuto\" \/>\n<script type=\"application\/ld+json\" class=\"yoast-schema-graph\">{\"@context\":\"https:\/\/schema.org\",\"@graph\":[{\"@type\":\"WebPage\",\"@id\":\"https:\/\/portalnpm.com\/index.php\/2020\/05\/07\/data-da-2a-parcela-do-auxilio-emergencial-deve-ser-anunciada-amanha\/\",\"url\":\"https:\/\/portalnpm.com\/index.php\/2020\/05\/07\/data-da-2a-parcela-do-auxilio-emergencial-deve-ser-anunciada-amanha\/\",\"name\":\"Data da 2\u00aa parcela do aux\u00edlio emergencial deve ser anunciada amanh\u00e3\",\"isPartOf\":{\"@id\":\"https:\/\/portalnpm.com\/#website\"},\"primaryImageOfPage\":{\"@id\":\"https:\/\/portalnpm.com\/index.php\/2020\/05\/07\/data-da-2a-parcela-do-auxilio-emergencial-deve-ser-anunciada-amanha\/#primaryimage\"},\"image\":{\"@id\":\"https:\/\/portalnpm.com\/index.php\/2020\/05\/07\/data-da-2a-parcela-do-auxilio-emergencial-deve-ser-anunciada-amanha\/#primaryimage\"},\"thumbnailUrl\":\"\",\"datePublished\":\"2020-05-07T23:56:56+00:00\",\"dateModified\":\"2020-05-07T23:56:56+00:00\",\"author\":{\"@id\":\"https:\/\/portalnpm.com\/#\/schema\/person\/35cb55186eae3f074b6783da6d35591e\"},\"breadcrumb\":{\"@id\":\"https:\/\/portalnpm.com\/index.php\/2020\/05\/07\/data-da-2a-parcela-do-auxilio-emergencial-deve-ser-anunciada-amanha\/#breadcrumb\"},\"inLanguage\":\"pt-BR\",\"potentialAction\":[{\"@type\":\"ReadAction\",\"target\":[\"https:\/\/portalnpm.com\/index.php\/2020\/05\/07\/data-da-2a-parcela-do-auxilio-emergencial-deve-ser-anunciada-amanha\/\"]}]},{\"@type\":\"ImageObject\",\"inLanguage\":\"pt-BR\",\"@id\":\"https:\/\/portalnpm.com\/index.php\/2020\/05\/07\/data-da-2a-parcela-do-auxilio-emergencial-deve-ser-anunciada-amanha\/#primaryimage\",\"url\":\"\",\"contentUrl\":\"\"},{\"@type\":\"BreadcrumbList\",\"@id\":\"https:\/\/portalnpm.com\/index.php\/2020\/05\/07\/data-da-2a-parcela-do-auxilio-emergencial-deve-ser-anunciada-amanha\/#breadcrumb\",\"itemListElement\":[{\"@type\":\"ListItem\",\"position\":1,\"name\":\"In\u00edcio\",\"item\":\"https:\/\/portalnpm.com\/\"},{\"@type\":\"ListItem\",\"position\":2,\"name\":\"Data da 2\u00aa parcela do aux\u00edlio emergencial deve ser anunciada amanh\u00e3\"}]},{\"@type\":\"WebSite\",\"@id\":\"https:\/\/portalnpm.com\/#website\",\"url\":\"https:\/\/portalnpm.com\/\",\"name\":\"Portal NPM\",\"description\":\"Not\u00edcias em Primeira M\u00e3o\",\"potentialAction\":[{\"@type\":\"SearchAction\",\"target\":{\"@type\":\"EntryPoint\",\"urlTemplate\":\"https:\/\/portalnpm.com\/?s={search_term_string}\"},\"query-input\":\"required name=search_term_string\"}],\"inLanguage\":\"pt-BR\"},{\"@type\":\"Person\",\"@id\":\"https:\/\/portalnpm.com\/#\/schema\/person\/35cb55186eae3f074b6783da6d35591e\",\"name\":\"Zenilton Lima\",\"image\":{\"@type\":\"ImageObject\",\"inLanguage\":\"pt-BR\",\"@id\":\"https:\/\/portalnpm.com\/#\/schema\/person\/image\/\",\"url\":\"https:\/\/portalnpm.com\/wp-content\/uploads\/2024\/12\/avatar_user_8_1733658137-96x96.jpeg\",\"contentUrl\":\"https:\/\/portalnpm.com\/wp-content\/uploads\/2024\/12\/avatar_user_8_1733658137-96x96.jpeg\",\"caption\":\"Zenilton Lima\"},\"url\":\"https:\/\/portalnpm.com\/index.php\/author\/zenilton\/\"}]}<\/script>\n<!-- \/ Yoast SEO plugin. -->","yoast_head_json":{"title":"Data da 2\u00aa parcela do aux\u00edlio emergencial deve ser anunciada amanh\u00e3","robots":{"index":"index","follow":"follow","max-snippet":"max-snippet:-1","max-image-preview":"max-image-preview:large","max-video-preview":"max-video-preview:-1"},"canonical":"https:\/\/portalnpm.com\/index.php\/2020\/05\/07\/data-da-2a-parcela-do-auxilio-emergencial-deve-ser-anunciada-amanha\/","og_locale":"pt_BR","og_type":"article","og_title":"Data da 2\u00aa parcela do aux\u00edlio emergencial deve ser anunciada amanh\u00e3","og_description":"O calend\u00e1rio para pagamento da segunda parcela do aux\u00edlio emergencial de R$ 600, que ser\u00e1 feito a partir da semana que vem, dever\u00e1 ser divulgado at\u00e9 amanh\u00e3 (8). A informa\u00e7\u00e3o foi dada nesta quinta-feira (7) pelo ministro da Cidadania, Onyx Lorenzoni, em reuni\u00e3o virtual da comiss\u00e3o mista de deputados e senadores que acompanha as medidas &hellip;","og_url":"https:\/\/portalnpm.com\/index.php\/2020\/05\/07\/data-da-2a-parcela-do-auxilio-emergencial-deve-ser-anunciada-amanha\/","og_site_name":"Portal NPM","article_published_time":"2020-05-07T23:56:56+00:00","author":"Zenilton Lima","twitter_card":"summary_large_image","twitter_misc":{"Escrito por":"Zenilton Lima","Est. tempo de leitura":"1 minuto"},"schema":{"@context":"https:\/\/schema.org","@graph":[{"@type":"WebPage","@id":"https:\/\/portalnpm.com\/index.php\/2020\/05\/07\/data-da-2a-parcela-do-auxilio-emergencial-deve-ser-anunciada-amanha\/","url":"https:\/\/portalnpm.com\/index.php\/2020\/05\/07\/data-da-2a-parcela-do-auxilio-emergencial-deve-ser-anunciada-amanha\/","name":"Data da 2\u00aa parcela do aux\u00edlio emergencial deve ser anunciada amanh\u00e3","isPartOf":{"@id":"https:\/\/portalnpm.com\/#website"},"primaryImageOfPage":{"@id":"https:\/\/portalnpm.com\/index.php\/2020\/05\/07\/data-da-2a-parcela-do-auxilio-emergencial-deve-ser-anunciada-amanha\/#primaryimage"},"image":{"@id":"https:\/\/portalnpm.com\/index.php\/2020\/05\/07\/data-da-2a-parcela-do-auxilio-emergencial-deve-ser-anunciada-amanha\/#primaryimage"},"thumbnailUrl":"","datePublished":"2020-05-07T23:56:56+00:00","dateModified":"2020-05-07T23:56:56+00:00","author":{"@id":"https:\/\/portalnpm.com\/#\/schema\/person\/35cb55186eae3f074b6783da6d35591e"},"breadcrumb":{"@id":"https:\/\/portalnpm.com\/index.php\/2020\/05\/07\/data-da-2a-parcela-do-auxilio-emergencial-deve-ser-anunciada-amanha\/#breadcrumb"},"inLanguage":"pt-BR","potentialAction":[{"@type":"ReadAction","target":["https:\/\/portalnpm.com\/index.php\/2020\/05\/07\/data-da-2a-parcela-do-auxilio-emergencial-deve-ser-anunciada-amanha\/"]}]},{"@type":"ImageObject","inLanguage":"pt-BR","@id":"https:\/\/portalnpm.com\/index.php\/2020\/05\/07\/data-da-2a-parcela-do-auxilio-emergencial-deve-ser-anunciada-amanha\/#primaryimage","url":"","contentUrl":""},{"@type":"BreadcrumbList","@id":"https:\/\/portalnpm.com\/index.php\/2020\/05\/07\/data-da-2a-parcela-do-auxilio-emergencial-deve-ser-anunciada-amanha\/#breadcrumb","itemListElement":[{"@type":"ListItem","position":1,"name":"In\u00edcio","item":"https:\/\/portalnpm.com\/"},{"@type":"ListItem","position":2,"name":"Data da 2\u00aa parcela do aux\u00edlio emergencial deve ser anunciada amanh\u00e3"}]},{"@type":"WebSite","@id":"https:\/\/portalnpm.com\/#website","url":"https:\/\/portalnpm.com\/","name":"Portal NPM","description":"Not\u00edcias em Primeira M\u00e3o","potentialAction":[{"@type":"SearchAction","target":{"@type":"EntryPoint","urlTemplate":"https:\/\/portalnpm.com\/?s={search_term_string}"},"query-input":"required name=search_term_string"}],"inLanguage":"pt-BR"},{"@type":"Person","@id":"https:\/\/portalnpm.com\/#\/schema\/person\/35cb55186eae3f074b6783da6d35591e","name":"Zenilton Lima","image":{"@type":"ImageObject","inLanguage":"pt-BR","@id":"https:\/\/portalnpm.com\/#\/schema\/person\/image\/","url":"https:\/\/portalnpm.com\/wp-content\/uploads\/2024\/12\/avatar_user_8_1733658137-96x96.jpeg","contentUrl":"https:\/\/portalnpm.com\/wp-content\/uploads\/2024\/12\/avatar_user_8_1733658137-96x96.jpeg","caption":"Zenilton Lima"},"url":"https:\/\/portalnpm.com\/index.php\/author\/zenilton\/"}]}},"jetpack_sharing_enabled":true,"jetpack_featured_media_url":"","_links":{"self":[{"href":"https:\/\/portalnpm.com\/index.php\/wp-json\/wp\/v2\/posts\/52437"}],"collection":[{"href":"https:\/\/portalnpm.com\/index.php\/wp-json\/wp\/v2\/posts"}],"about":[{"href":"https:\/\/portalnpm.com\/index.php\/wp-json\/wp\/v2\/types\/post"}],"author":[{"embeddable":true,"href":"https:\/\/portalnpm.com\/index.php\/wp-json\/wp\/v2\/users\/8"}],"replies":[{"embeddable":true,"href":"https:\/\/portalnpm.com\/index.php\/wp-json\/wp\/v2\/comments?post=52437"}],"version-history":[{"count":0,"href":"https:\/\/portalnpm.com\/index.php\/wp-json\/wp\/v2\/posts\/52437\/revisions"}],"wp:featuredmedia":[{"embeddable":true,"href":"https:\/\/portalnpm.com\/index.php\/wp-json\/"}],"wp:attachment":[{"href":"https:\/\/portalnpm.com\/index.php\/wp-json\/wp\/v2\/media?parent=52437"}],"wp:term":[{"taxonomy":"category","embeddable":true,"href":"https:\/\/portalnpm.com\/index.php\/wp-json\/wp\/v2\/categories?post=52437"},{"taxonomy":"post_tag","embeddable":true,"href":"https:\/\/portalnpm.com\/index.php\/wp-json\/wp\/v2\/tags?post=52437"}],"curies":[{"name":"wp","href":"https:\/\/api.w.org\/{rel}","templated":true}]}}