{"id":52453,"date":"2020-05-08T11:23:08","date_gmt":"2020-05-08T14:23:08","guid":{"rendered":"https:\/\/portalnpm.com\/index.php\/2020\/05\/08\/policia-militar-encontra-carro-usado-no-homicidio-em-padre-marcos-e-identifica-um-dos-suspeitos\/"},"modified":"2024-01-15T18:30:05","modified_gmt":"2024-01-15T21:30:05","slug":"policia-militar-encontra-carro-usado-no-homicidio-em-padre-marcos-e-identifica-um-dos-suspeitos","status":"publish","type":"post","link":"https:\/\/portalnpm.com\/index.php\/2020\/05\/08\/policia-militar-encontra-carro-usado-no-homicidio-em-padre-marcos-e-identifica-um-dos-suspeitos\/","title":{"rendered":"Pol\u00edcia Militar encontra carro usado no homic\u00eddio em Padre Marcos e identifica um dos suspeitos"},"content":{"rendered":"<p><p style=\"text-align: justify;\">A Pol&iacute;cia Militar de Jaic&oacute;s, conseguiu localizar nesta quinta-feira (07), o ve&iacute;culo modelo Ford Eco Sport, de cor preta e placa KIZ 8685, que foi utilizado durante o homic&iacute;dio ocorrido&nbsp;no Centro da cidade de Padre Marcos, que teve como v&iacute;tima C&eacute;sar Murilho de Carvalho.<\/p>\n<p style=\"text-align: justify;\"><strong><em>Mat&eacute;ria relacionada:<\/em><\/strong><\/p>\n<p><a href=\"http:\/\/portalnpm.com\/homem-e-assassinado-a-tiros-no-centro-de-padre-marcos\/\">http:\/\/portalnpm.com\/homem-e-assassinado-a-tiros-no-centro-de-padre-marcos\/<\/a><span style=\"text-align: justify;\">Segundo a PM, por volta das 10 horas da manh&atilde;, foram recebidas informa&ccedil;&otilde;es de um ve&iacute;culo passando no povoado S&atilde;o Francisco, munic&iacute;pio de Massap&ecirc; do Piau&iacute;. Diante da informa&ccedil;&atilde;o, a equipe de Massap&ecirc; se deslocou at&eacute; o povoado e foram acionadas tamb&eacute;m equipes de Patos do Piau&iacute; para ir em dire&ccedil;&atilde;o ao povoado Umbuzeiro e de Jaic&oacute;s, que se deslocou para cidade de Patos do Piau&iacute; para dar apoio na intercepta&ccedil;&atilde;o do ve&iacute;culo.<\/span><\/p>\n<p style=\"text-align: justify;\">No povoado Umbuzeiro, populares informaram que o ve&iacute;culo havia passado por l&aacute;. &ldquo;Ao chegando no povoado de Patos populares informaram que um ve&iacute;culo Ecosport preto tinha passado no dia anterior na parte da tarde com pneu atr&aacute;s, mas hoje, por volta das 10h30min passou sem o pneu e todo empoeirado, em destino a cidade Patos PI&rdquo;.<\/p>\n<p style=\"text-align: justify;\">Os policiais se deslocaram at&eacute; o posto situado na sa&iacute;da de Patos para Jacobina, onde o frentista informou que o carro tinha abastecido e sa&iacute;do em sentindo a Jacobina. A guarni&ccedil;&atilde;o seguiu em dire&ccedil;&atilde;o a cidade e conseguiu localizar o carro parado &agrave;s margens da rodovia com o pneu furado.<\/p>\n<p style=\"text-align: justify;\"><img fetchpriority=\"high\" decoding=\"async\" class=\"size-full wp-image-926198 aligncenter colorbox-926177 lazyloaded\" src=\"https:\/\/portalnpm.com\/wp-content\/uploads\/2024\/01\/Carro-H-Pe-Marcos-2.jpg\" sizes=\"(max-width: 1280px) 100vw, 1280px\" srcset=\"https:\/\/cidadesnanet.com\/news\/wp-content\/uploads\/2020\/05\/Carro-H-Pe-Marcos-2.jpg 1280w, https:\/\/cidadesnanet.com\/news\/wp-content\/uploads\/2020\/05\/Carro-H-Pe-Marcos-2-300x169.jpg 300w, https:\/\/cidadesnanet.com\/news\/wp-content\/uploads\/2020\/05\/Carro-H-Pe-Marcos-2-768x432.jpg 768w, https:\/\/cidadesnanet.com\/news\/wp-content\/uploads\/2020\/05\/Carro-H-Pe-Marcos-2-1024x576.jpg 1024w\" alt=\"\" width=\"1280\" height=\"720\" data-lazy-src=\"https:\/\/cidadesnanet.com\/news\/wp-content\/uploads\/2020\/05\/Carro-H-Pe-Marcos-2.jpg\" data-lazy-srcset=\"https:\/\/cidadesnanet.com\/news\/wp-content\/uploads\/2020\/05\/Carro-H-Pe-Marcos-2.jpg 1280w, https:\/\/cidadesnanet.com\/news\/wp-content\/uploads\/2020\/05\/Carro-H-Pe-Marcos-2-300x169.jpg 300w, https:\/\/cidadesnanet.com\/news\/wp-content\/uploads\/2020\/05\/Carro-H-Pe-Marcos-2-768x432.jpg 768w, https:\/\/cidadesnanet.com\/news\/wp-content\/uploads\/2020\/05\/Carro-H-Pe-Marcos-2-1024x576.jpg 1024w\" data-lazy-sizes=\"(max-width: 1280px) 100vw, 1280px\" data-was-processed=\"true\"><\/p>\n<p style=\"text-align: justify;\">Conforme a PM, por volta das 13 horas um borracheiro foi buscar o carro e informou quem era o propriet&aacute;rio do ve&iacute;culo, de iniciais E. X. B., um dos suspeitos do homic&iacute;dio, que mora em Jacobina h&aacute; 15 anos. &nbsp;A Pol&iacute;cia Militar foi a resid&ecirc;ncia do mesmo, mas ele j&aacute; tinha fugido em uma motocicleta. Foram realizadas rondas no intuito de localizar o suspeito, mas sem &ecirc;xito.<\/p>\n<p style=\"text-align: justify;\">Ainda segundo informa&ccedil;&otilde;es da pol&iacute;cia, h&aacute; uma segunda pessoa envolvida no homic&iacute;dio, que ainda n&atilde;o foi identificada.<\/p>\n<p style=\"text-align: justify;\">O carro usado no crime foi entregue na delegacia de Jaic&oacute;s.<\/p>\n<p style=\"text-align: justify;\"><img decoding=\"async\" class=\"wp-image-926199 aligncenter colorbox-926177 lazyloaded\" src=\"https:\/\/portalnpm.com\/wp-content\/uploads\/2024\/01\/Carro-H-Pe-Marcos-3.jpg\" sizes=\"(max-width: 599px) 100vw, 599px\" srcset=\"https:\/\/cidadesnanet.com\/news\/wp-content\/uploads\/2020\/05\/Carro-H-Pe-Marcos-3.jpg 960w, https:\/\/cidadesnanet.com\/news\/wp-content\/uploads\/2020\/05\/Carro-H-Pe-Marcos-3-225x300.jpg 225w, https:\/\/cidadesnanet.com\/news\/wp-content\/uploads\/2020\/05\/Carro-H-Pe-Marcos-3-768x1024.jpg 768w\" alt=\"\" width=\"599\" height=\"799\" data-lazy-src=\"https:\/\/cidadesnanet.com\/news\/wp-content\/uploads\/2020\/05\/Carro-H-Pe-Marcos-3.jpg\" data-lazy-srcset=\"https:\/\/cidadesnanet.com\/news\/wp-content\/uploads\/2020\/05\/Carro-H-Pe-Marcos-3.jpg 960w, https:\/\/cidadesnanet.com\/news\/wp-content\/uploads\/2020\/05\/Carro-H-Pe-Marcos-3-225x300.jpg 225w, https:\/\/cidadesnanet.com\/news\/wp-content\/uploads\/2020\/05\/Carro-H-Pe-Marcos-3-768x1024.jpg 768w\" data-lazy-sizes=\"(max-width: 599px) 100vw, 599px\" data-was-processed=\"true\"><\/p>\n<p style=\"text-align: justify;\"><strong><em>Fonte: Da reda&ccedil;&atilde;o Cidades na Net, com informa&ccedil;&otilde;es e fotos cedidas pela Pol&iacute;cia Militar<\/em><\/strong><\/p><\/p>\n","protected":false},"excerpt":{"rendered":"<p>A Pol&iacute;cia Militar de Jaic&oacute;s, conseguiu localizar nesta quinta-feira (07), o ve&iacute;culo modelo Ford Eco Sport, de cor preta e placa KIZ 8685, que foi utilizado durante o homic&iacute;dio ocorrido&nbsp;no Centro da cidade de Padre Marcos, que teve como v&iacute;tima C&eacute;sar Murilho de Carvalho. Mat&eacute;ria relacionada: http:\/\/portalnpm.com\/homem-e-assassinado-a-tiros-no-centro-de-padre-marcos\/Segundo a PM, por volta das 10 horas da &hellip;<\/p>\n","protected":false},"author":4,"featured_media":20032,"comment_status":"open","ping_status":"open","sticky":false,"template":"","format":"standard","meta":{"content-type":"","rop_custom_images_group":[],"rop_custom_messages_group":[],"rop_publish_now":"initial","rop_publish_now_accounts":{"facebook_2648258775420054_1618374048415101":""},"rop_publish_now_history":[],"rop_publish_now_status":"pending","footnotes":"","_jetpack_memberships_contains_paid_content":false},"categories":[113,145],"tags":[412,571,3263,499,4360],"yoast_head":"<!-- This site is optimized with the Yoast SEO plugin v22.3 - https:\/\/yoast.com\/wordpress\/plugins\/seo\/ -->\n<title>Pol\u00edcia Militar encontra carro usado no homic\u00eddio em Padre Marcos e identifica um dos suspeitos<\/title>\n<meta name=\"robots\" content=\"index, follow, max-snippet:-1, max-image-preview:large, max-video-preview:-1\" \/>\n<link rel=\"canonical\" href=\"https:\/\/portalnpm.com\/index.php\/2020\/05\/08\/policia-militar-encontra-carro-usado-no-homicidio-em-padre-marcos-e-identifica-um-dos-suspeitos\/\" \/>\n<meta property=\"og:locale\" content=\"pt_BR\" \/>\n<meta property=\"og:type\" content=\"article\" \/>\n<meta property=\"og:title\" content=\"Pol\u00edcia Militar encontra carro usado no homic\u00eddio em Padre Marcos e identifica um dos suspeitos\" \/>\n<meta property=\"og:description\" content=\"A Pol&iacute;cia Militar de Jaic&oacute;s, conseguiu localizar nesta quinta-feira (07), o ve&iacute;culo modelo Ford Eco Sport, de cor preta e placa KIZ 8685, que foi utilizado durante o homic&iacute;dio ocorrido&nbsp;no Centro da cidade de Padre Marcos, que teve como v&iacute;tima C&eacute;sar Murilho de Carvalho. Mat&eacute;ria relacionada: http:\/\/portalnpm.com\/homem-e-assassinado-a-tiros-no-centro-de-padre-marcos\/Segundo a PM, por volta das 10 horas da &hellip;\" \/>\n<meta property=\"og:url\" content=\"https:\/\/portalnpm.com\/index.php\/2020\/05\/08\/policia-militar-encontra-carro-usado-no-homicidio-em-padre-marcos-e-identifica-um-dos-suspeitos\/\" \/>\n<meta property=\"og:site_name\" content=\"Portal NPM\" \/>\n<meta property=\"article:published_time\" content=\"2020-05-08T14:23:08+00:00\" \/>\n<meta property=\"article:modified_time\" content=\"2024-01-15T21:30:05+00:00\" \/>\n<meta name=\"author\" content=\"Reda\u00e7\u00e3o\" \/>\n<meta name=\"twitter:card\" content=\"summary_large_image\" \/>\n<meta name=\"twitter:label1\" content=\"Escrito por\" \/>\n\t<meta name=\"twitter:data1\" content=\"Reda\u00e7\u00e3o\" \/>\n\t<meta name=\"twitter:label2\" content=\"Est. tempo de leitura\" \/>\n\t<meta name=\"twitter:data2\" content=\"2 minutos\" \/>\n<script type=\"application\/ld+json\" class=\"yoast-schema-graph\">{\"@context\":\"https:\/\/schema.org\",\"@graph\":[{\"@type\":\"WebPage\",\"@id\":\"https:\/\/portalnpm.com\/index.php\/2020\/05\/08\/policia-militar-encontra-carro-usado-no-homicidio-em-padre-marcos-e-identifica-um-dos-suspeitos\/\",\"url\":\"https:\/\/portalnpm.com\/index.php\/2020\/05\/08\/policia-militar-encontra-carro-usado-no-homicidio-em-padre-marcos-e-identifica-um-dos-suspeitos\/\",\"name\":\"Pol\u00edcia Militar encontra carro usado no homic\u00eddio em Padre Marcos e identifica um dos suspeitos\",\"isPartOf\":{\"@id\":\"https:\/\/portalnpm.com\/#website\"},\"primaryImageOfPage\":{\"@id\":\"https:\/\/portalnpm.com\/index.php\/2020\/05\/08\/policia-militar-encontra-carro-usado-no-homicidio-em-padre-marcos-e-identifica-um-dos-suspeitos\/#primaryimage\"},\"image\":{\"@id\":\"https:\/\/portalnpm.com\/index.php\/2020\/05\/08\/policia-militar-encontra-carro-usado-no-homicidio-em-padre-marcos-e-identifica-um-dos-suspeitos\/#primaryimage\"},\"thumbnailUrl\":\"\",\"datePublished\":\"2020-05-08T14:23:08+00:00\",\"dateModified\":\"2024-01-15T21:30:05+00:00\",\"author\":{\"@id\":\"https:\/\/portalnpm.com\/#\/schema\/person\/0b5f230ec96cee25504fa328e7f2b733\"},\"breadcrumb\":{\"@id\":\"https:\/\/portalnpm.com\/index.php\/2020\/05\/08\/policia-militar-encontra-carro-usado-no-homicidio-em-padre-marcos-e-identifica-um-dos-suspeitos\/#breadcrumb\"},\"inLanguage\":\"pt-BR\",\"potentialAction\":[{\"@type\":\"ReadAction\",\"target\":[\"https:\/\/portalnpm.com\/index.php\/2020\/05\/08\/policia-militar-encontra-carro-usado-no-homicidio-em-padre-marcos-e-identifica-um-dos-suspeitos\/\"]}]},{\"@type\":\"ImageObject\",\"inLanguage\":\"pt-BR\",\"@id\":\"https:\/\/portalnpm.com\/index.php\/2020\/05\/08\/policia-militar-encontra-carro-usado-no-homicidio-em-padre-marcos-e-identifica-um-dos-suspeitos\/#primaryimage\",\"url\":\"\",\"contentUrl\":\"\"},{\"@type\":\"BreadcrumbList\",\"@id\":\"https:\/\/portalnpm.com\/index.php\/2020\/05\/08\/policia-militar-encontra-carro-usado-no-homicidio-em-padre-marcos-e-identifica-um-dos-suspeitos\/#breadcrumb\",\"itemListElement\":[{\"@type\":\"ListItem\",\"position\":1,\"name\":\"In\u00edcio\",\"item\":\"https:\/\/portalnpm.com\/\"},{\"@type\":\"ListItem\",\"position\":2,\"name\":\"Pol\u00edcia Militar encontra carro usado no homic\u00eddio em Padre Marcos e identifica um dos suspeitos\"}]},{\"@type\":\"WebSite\",\"@id\":\"https:\/\/portalnpm.com\/#website\",\"url\":\"https:\/\/portalnpm.com\/\",\"name\":\"Portal NPM\",\"description\":\"Not\u00edcias em Primeira M\u00e3o\",\"potentialAction\":[{\"@type\":\"SearchAction\",\"target\":{\"@type\":\"EntryPoint\",\"urlTemplate\":\"https:\/\/portalnpm.com\/?s={search_term_string}\"},\"query-input\":\"required name=search_term_string\"}],\"inLanguage\":\"pt-BR\"},{\"@type\":\"Person\",\"@id\":\"https:\/\/portalnpm.com\/#\/schema\/person\/0b5f230ec96cee25504fa328e7f2b733\",\"name\":\"Reda\u00e7\u00e3o\",\"image\":{\"@type\":\"ImageObject\",\"inLanguage\":\"pt-BR\",\"@id\":\"https:\/\/portalnpm.com\/#\/schema\/person\/image\/\",\"url\":\"https:\/\/portalnpm.com\/wp-content\/uploads\/2024\/03\/avatar_user_4_1710097212-96x96.png\",\"contentUrl\":\"https:\/\/portalnpm.com\/wp-content\/uploads\/2024\/03\/avatar_user_4_1710097212-96x96.png\",\"caption\":\"Reda\u00e7\u00e3o\"},\"url\":\"https:\/\/portalnpm.com\/index.php\/author\/redacao\/\"}]}<\/script>\n<!-- \/ Yoast SEO plugin. -->","yoast_head_json":{"title":"Pol\u00edcia Militar encontra carro usado no homic\u00eddio em Padre Marcos e identifica um dos suspeitos","robots":{"index":"index","follow":"follow","max-snippet":"max-snippet:-1","max-image-preview":"max-image-preview:large","max-video-preview":"max-video-preview:-1"},"canonical":"https:\/\/portalnpm.com\/index.php\/2020\/05\/08\/policia-militar-encontra-carro-usado-no-homicidio-em-padre-marcos-e-identifica-um-dos-suspeitos\/","og_locale":"pt_BR","og_type":"article","og_title":"Pol\u00edcia Militar encontra carro usado no homic\u00eddio em Padre Marcos e identifica um dos suspeitos","og_description":"A Pol&iacute;cia Militar de Jaic&oacute;s, conseguiu localizar nesta quinta-feira (07), o ve&iacute;culo modelo Ford Eco Sport, de cor preta e placa KIZ 8685, que foi utilizado durante o homic&iacute;dio ocorrido&nbsp;no Centro da cidade de Padre Marcos, que teve como v&iacute;tima C&eacute;sar Murilho de Carvalho. Mat&eacute;ria relacionada: http:\/\/portalnpm.com\/homem-e-assassinado-a-tiros-no-centro-de-padre-marcos\/Segundo a PM, por volta das 10 horas da &hellip;","og_url":"https:\/\/portalnpm.com\/index.php\/2020\/05\/08\/policia-militar-encontra-carro-usado-no-homicidio-em-padre-marcos-e-identifica-um-dos-suspeitos\/","og_site_name":"Portal NPM","article_published_time":"2020-05-08T14:23:08+00:00","article_modified_time":"2024-01-15T21:30:05+00:00","author":"Reda\u00e7\u00e3o","twitter_card":"summary_large_image","twitter_misc":{"Escrito por":"Reda\u00e7\u00e3o","Est. tempo de leitura":"2 minutos"},"schema":{"@context":"https:\/\/schema.org","@graph":[{"@type":"WebPage","@id":"https:\/\/portalnpm.com\/index.php\/2020\/05\/08\/policia-militar-encontra-carro-usado-no-homicidio-em-padre-marcos-e-identifica-um-dos-suspeitos\/","url":"https:\/\/portalnpm.com\/index.php\/2020\/05\/08\/policia-militar-encontra-carro-usado-no-homicidio-em-padre-marcos-e-identifica-um-dos-suspeitos\/","name":"Pol\u00edcia Militar encontra carro usado no homic\u00eddio em Padre Marcos e identifica um dos suspeitos","isPartOf":{"@id":"https:\/\/portalnpm.com\/#website"},"primaryImageOfPage":{"@id":"https:\/\/portalnpm.com\/index.php\/2020\/05\/08\/policia-militar-encontra-carro-usado-no-homicidio-em-padre-marcos-e-identifica-um-dos-suspeitos\/#primaryimage"},"image":{"@id":"https:\/\/portalnpm.com\/index.php\/2020\/05\/08\/policia-militar-encontra-carro-usado-no-homicidio-em-padre-marcos-e-identifica-um-dos-suspeitos\/#primaryimage"},"thumbnailUrl":"","datePublished":"2020-05-08T14:23:08+00:00","dateModified":"2024-01-15T21:30:05+00:00","author":{"@id":"https:\/\/portalnpm.com\/#\/schema\/person\/0b5f230ec96cee25504fa328e7f2b733"},"breadcrumb":{"@id":"https:\/\/portalnpm.com\/index.php\/2020\/05\/08\/policia-militar-encontra-carro-usado-no-homicidio-em-padre-marcos-e-identifica-um-dos-suspeitos\/#breadcrumb"},"inLanguage":"pt-BR","potentialAction":[{"@type":"ReadAction","target":["https:\/\/portalnpm.com\/index.php\/2020\/05\/08\/policia-militar-encontra-carro-usado-no-homicidio-em-padre-marcos-e-identifica-um-dos-suspeitos\/"]}]},{"@type":"ImageObject","inLanguage":"pt-BR","@id":"https:\/\/portalnpm.com\/index.php\/2020\/05\/08\/policia-militar-encontra-carro-usado-no-homicidio-em-padre-marcos-e-identifica-um-dos-suspeitos\/#primaryimage","url":"","contentUrl":""},{"@type":"BreadcrumbList","@id":"https:\/\/portalnpm.com\/index.php\/2020\/05\/08\/policia-militar-encontra-carro-usado-no-homicidio-em-padre-marcos-e-identifica-um-dos-suspeitos\/#breadcrumb","itemListElement":[{"@type":"ListItem","position":1,"name":"In\u00edcio","item":"https:\/\/portalnpm.com\/"},{"@type":"ListItem","position":2,"name":"Pol\u00edcia Militar encontra carro usado no homic\u00eddio em Padre Marcos e identifica um dos suspeitos"}]},{"@type":"WebSite","@id":"https:\/\/portalnpm.com\/#website","url":"https:\/\/portalnpm.com\/","name":"Portal NPM","description":"Not\u00edcias em Primeira M\u00e3o","potentialAction":[{"@type":"SearchAction","target":{"@type":"EntryPoint","urlTemplate":"https:\/\/portalnpm.com\/?s={search_term_string}"},"query-input":"required name=search_term_string"}],"inLanguage":"pt-BR"},{"@type":"Person","@id":"https:\/\/portalnpm.com\/#\/schema\/person\/0b5f230ec96cee25504fa328e7f2b733","name":"Reda\u00e7\u00e3o","image":{"@type":"ImageObject","inLanguage":"pt-BR","@id":"https:\/\/portalnpm.com\/#\/schema\/person\/image\/","url":"https:\/\/portalnpm.com\/wp-content\/uploads\/2024\/03\/avatar_user_4_1710097212-96x96.png","contentUrl":"https:\/\/portalnpm.com\/wp-content\/uploads\/2024\/03\/avatar_user_4_1710097212-96x96.png","caption":"Reda\u00e7\u00e3o"},"url":"https:\/\/portalnpm.com\/index.php\/author\/redacao\/"}]}},"jetpack_sharing_enabled":true,"jetpack_featured_media_url":"","_links":{"self":[{"href":"https:\/\/portalnpm.com\/index.php\/wp-json\/wp\/v2\/posts\/52453"}],"collection":[{"href":"https:\/\/portalnpm.com\/index.php\/wp-json\/wp\/v2\/posts"}],"about":[{"href":"https:\/\/portalnpm.com\/index.php\/wp-json\/wp\/v2\/types\/post"}],"author":[{"embeddable":true,"href":"https:\/\/portalnpm.com\/index.php\/wp-json\/wp\/v2\/users\/4"}],"replies":[{"embeddable":true,"href":"https:\/\/portalnpm.com\/index.php\/wp-json\/wp\/v2\/comments?post=52453"}],"version-history":[{"count":1,"href":"https:\/\/portalnpm.com\/index.php\/wp-json\/wp\/v2\/posts\/52453\/revisions"}],"predecessor-version":[{"id":52464,"href":"https:\/\/portalnpm.com\/index.php\/wp-json\/wp\/v2\/posts\/52453\/revisions\/52464"}],"wp:featuredmedia":[{"embeddable":true,"href":"https:\/\/portalnpm.com\/index.php\/wp-json\/"}],"wp:attachment":[{"href":"https:\/\/portalnpm.com\/index.php\/wp-json\/wp\/v2\/media?parent=52453"}],"wp:term":[{"taxonomy":"category","embeddable":true,"href":"https:\/\/portalnpm.com\/index.php\/wp-json\/wp\/v2\/categories?post=52453"},{"taxonomy":"post_tag","embeddable":true,"href":"https:\/\/portalnpm.com\/index.php\/wp-json\/wp\/v2\/tags?post=52453"}],"curies":[{"name":"wp","href":"https:\/\/api.w.org\/{rel}","templated":true}]}}