{"id":52454,"date":"2020-05-08T14:48:06","date_gmt":"2020-05-08T17:48:06","guid":{"rendered":"https:\/\/portalnpm.com\/index.php\/2020\/05\/08\/mulher-descobre-ser-presidente-da-republica-ao-ter-auxilio-emergencial-negado\/"},"modified":"2020-05-08T14:48:06","modified_gmt":"2020-05-08T17:48:06","slug":"mulher-descobre-ser-presidente-da-republica-ao-ter-auxilio-emergencial-negado","status":"publish","type":"post","link":"https:\/\/portalnpm.com\/index.php\/2020\/05\/08\/mulher-descobre-ser-presidente-da-republica-ao-ter-auxilio-emergencial-negado\/","title":{"rendered":"Mulher descobre ser &#8216;presidente da Rep\u00fablica&#8217; ao ter aux\u00edlio emergencial negado"},"content":{"rendered":"<p style=\"text-align: justify;\">Ao ter o aux\u00edlio emergencial negado, a desempregada Adeyula Dias Barbosa Rodrigues, de 31 anos, descobriu que tem dois empregos em aberto. Num deles, ocupa o cargo de &#8220;presidente da Rep\u00fablica&#8221; pela secretaria de Estado de Educa\u00e7\u00e3o (Sedu) do Esp\u00edrito Santo.<\/p>\n<p style=\"text-align: justify;\">\n<p style=\"text-align: justify;\">A carteira de trabalho digital da mulher diz ainda que ela \u00e9 auxiliar de secretaria pela prefeitura de Vila Velha.<\/p>\n<p style=\"text-align: justify;\">Segundo &#8216;A Gazeta&#8217;, a mulher chegou a trabalhar na Sedu como cuidadora infantil, mas desde agosto de 2019 seu contrato foi encerrado. Mesmo assim, a Rela\u00e7\u00e3o Anual de Informa\u00e7\u00f5es Sociais (Rais), usada na an\u00e1lise do aux\u00edlio emergencial, aponta Adeyula como servidora.<\/p>\n<p style=\"text-align: justify;\">At\u00e9 agora, a desempregada n\u00e3o conseguiu tratar com a Sedu nem com a prefeitura para resolver sobre o v\u00ednculo empregat\u00edcio informado na Carteira de Trabalho Digital, nem o porqu\u00ea de o seu cargo ser &#8220;presidente da Rep\u00fablica&#8221;.<\/p>\n<p style=\"text-align: justify;\">&#8220;Ningu\u00e9m d\u00e1 um direcionamento do que devo fazer. Eu ligo para o 111 (n\u00famero do aux\u00edlio emergencial) e eles alegam que n\u00e3o tenho direito ao aux\u00edlio emergencial&#8221;, disse ao site &#8220;A Gazeta&#8221;.<\/p>\n<p style=\"text-align: justify;\"><a href=\"https:\/\/www.agazeta.com.br\/es\/economia\/capixaba-descobre-ser-presidente-da-republica-ao-pedir-auxilio-de-r-600-0520\" target=\"_blank\" rel=\"noopener noreferrer\">Clique aqui para ler a mat\u00e9ria completa.<\/a><\/p>\n<p style=\"text-align: justify;\"><strong><em>Fonte:180graus<\/em><\/strong><\/p>\n","protected":false},"excerpt":{"rendered":"<p>Ao ter o aux\u00edlio emergencial negado, a desempregada Adeyula Dias Barbosa Rodrigues, de 31 anos, descobriu que tem dois empregos em aberto. Num deles, ocupa o cargo de &#8220;presidente da Rep\u00fablica&#8221; pela secretaria de Estado de Educa\u00e7\u00e3o (Sedu) do Esp\u00edrito Santo. A carteira de trabalho digital da mulher diz ainda que ela \u00e9 auxiliar de &hellip;<\/p>\n","protected":false},"author":4,"featured_media":52455,"comment_status":"open","ping_status":"open","sticky":false,"template":"","format":"standard","meta":{"content-type":"","rop_custom_images_group":[],"rop_custom_messages_group":[],"rop_publish_now":"initial","rop_publish_now_accounts":{"facebook_2648258775420054_1618374048415101":""},"rop_publish_now_history":[],"rop_publish_now_status":"pending","footnotes":"","_jetpack_memberships_contains_paid_content":false},"categories":[113,125],"tags":[3975,485,4361],"yoast_head":"<!-- This site is optimized with the Yoast SEO plugin v22.3 - https:\/\/yoast.com\/wordpress\/plugins\/seo\/ -->\n<title>Mulher descobre ser &#039;presidente da Rep\u00fablica&#039; ao ter aux\u00edlio emergencial negado<\/title>\n<meta name=\"robots\" content=\"index, follow, max-snippet:-1, max-image-preview:large, max-video-preview:-1\" \/>\n<link rel=\"canonical\" href=\"https:\/\/portalnpm.com\/index.php\/2020\/05\/08\/mulher-descobre-ser-presidente-da-republica-ao-ter-auxilio-emergencial-negado\/\" \/>\n<meta property=\"og:locale\" content=\"pt_BR\" \/>\n<meta property=\"og:type\" content=\"article\" \/>\n<meta property=\"og:title\" content=\"Mulher descobre ser &#039;presidente da Rep\u00fablica&#039; ao ter aux\u00edlio emergencial negado\" \/>\n<meta property=\"og:description\" content=\"Ao ter o aux\u00edlio emergencial negado, a desempregada Adeyula Dias Barbosa Rodrigues, de 31 anos, descobriu que tem dois empregos em aberto. Num deles, ocupa o cargo de &#8220;presidente da Rep\u00fablica&#8221; pela secretaria de Estado de Educa\u00e7\u00e3o (Sedu) do Esp\u00edrito Santo. A carteira de trabalho digital da mulher diz ainda que ela \u00e9 auxiliar de &hellip;\" \/>\n<meta property=\"og:url\" content=\"https:\/\/portalnpm.com\/index.php\/2020\/05\/08\/mulher-descobre-ser-presidente-da-republica-ao-ter-auxilio-emergencial-negado\/\" \/>\n<meta property=\"og:site_name\" content=\"Portal NPM\" \/>\n<meta property=\"article:published_time\" content=\"2020-05-08T17:48:06+00:00\" \/>\n<meta property=\"og:image\" content=\"https:\/\/portalnpm.com\/wp-content\/uploads\/2024\/01\/IMG_20200508_134724.jpg\" \/>\n\t<meta property=\"og:image:width\" content=\"1021\" \/>\n\t<meta property=\"og:image:height\" content=\"642\" \/>\n\t<meta property=\"og:image:type\" content=\"image\/jpeg\" \/>\n<meta name=\"author\" content=\"Reda\u00e7\u00e3o\" \/>\n<meta name=\"twitter:card\" content=\"summary_large_image\" \/>\n<meta name=\"twitter:label1\" content=\"Escrito por\" \/>\n\t<meta name=\"twitter:data1\" content=\"Reda\u00e7\u00e3o\" \/>\n\t<meta name=\"twitter:label2\" content=\"Est. tempo de leitura\" \/>\n\t<meta name=\"twitter:data2\" content=\"1 minuto\" \/>\n<script type=\"application\/ld+json\" class=\"yoast-schema-graph\">{\"@context\":\"https:\/\/schema.org\",\"@graph\":[{\"@type\":\"WebPage\",\"@id\":\"https:\/\/portalnpm.com\/index.php\/2020\/05\/08\/mulher-descobre-ser-presidente-da-republica-ao-ter-auxilio-emergencial-negado\/\",\"url\":\"https:\/\/portalnpm.com\/index.php\/2020\/05\/08\/mulher-descobre-ser-presidente-da-republica-ao-ter-auxilio-emergencial-negado\/\",\"name\":\"Mulher descobre ser 'presidente da Rep\u00fablica' ao ter aux\u00edlio emergencial negado\",\"isPartOf\":{\"@id\":\"https:\/\/portalnpm.com\/#website\"},\"primaryImageOfPage\":{\"@id\":\"https:\/\/portalnpm.com\/index.php\/2020\/05\/08\/mulher-descobre-ser-presidente-da-republica-ao-ter-auxilio-emergencial-negado\/#primaryimage\"},\"image\":{\"@id\":\"https:\/\/portalnpm.com\/index.php\/2020\/05\/08\/mulher-descobre-ser-presidente-da-republica-ao-ter-auxilio-emergencial-negado\/#primaryimage\"},\"thumbnailUrl\":\"https:\/\/portalnpm.com\/wp-content\/uploads\/2024\/01\/IMG_20200508_134724.jpg\",\"datePublished\":\"2020-05-08T17:48:06+00:00\",\"dateModified\":\"2020-05-08T17:48:06+00:00\",\"author\":{\"@id\":\"https:\/\/portalnpm.com\/#\/schema\/person\/0b5f230ec96cee25504fa328e7f2b733\"},\"breadcrumb\":{\"@id\":\"https:\/\/portalnpm.com\/index.php\/2020\/05\/08\/mulher-descobre-ser-presidente-da-republica-ao-ter-auxilio-emergencial-negado\/#breadcrumb\"},\"inLanguage\":\"pt-BR\",\"potentialAction\":[{\"@type\":\"ReadAction\",\"target\":[\"https:\/\/portalnpm.com\/index.php\/2020\/05\/08\/mulher-descobre-ser-presidente-da-republica-ao-ter-auxilio-emergencial-negado\/\"]}]},{\"@type\":\"ImageObject\",\"inLanguage\":\"pt-BR\",\"@id\":\"https:\/\/portalnpm.com\/index.php\/2020\/05\/08\/mulher-descobre-ser-presidente-da-republica-ao-ter-auxilio-emergencial-negado\/#primaryimage\",\"url\":\"https:\/\/portalnpm.com\/wp-content\/uploads\/2024\/01\/IMG_20200508_134724.jpg\",\"contentUrl\":\"https:\/\/portalnpm.com\/wp-content\/uploads\/2024\/01\/IMG_20200508_134724.jpg\",\"width\":1021,\"height\":642},{\"@type\":\"BreadcrumbList\",\"@id\":\"https:\/\/portalnpm.com\/index.php\/2020\/05\/08\/mulher-descobre-ser-presidente-da-republica-ao-ter-auxilio-emergencial-negado\/#breadcrumb\",\"itemListElement\":[{\"@type\":\"ListItem\",\"position\":1,\"name\":\"In\u00edcio\",\"item\":\"https:\/\/portalnpm.com\/\"},{\"@type\":\"ListItem\",\"position\":2,\"name\":\"Mulher descobre ser &#8216;presidente da Rep\u00fablica&#8217; ao ter aux\u00edlio emergencial negado\"}]},{\"@type\":\"WebSite\",\"@id\":\"https:\/\/portalnpm.com\/#website\",\"url\":\"https:\/\/portalnpm.com\/\",\"name\":\"Portal NPM\",\"description\":\"Not\u00edcias em Primeira M\u00e3o\",\"potentialAction\":[{\"@type\":\"SearchAction\",\"target\":{\"@type\":\"EntryPoint\",\"urlTemplate\":\"https:\/\/portalnpm.com\/?s={search_term_string}\"},\"query-input\":\"required name=search_term_string\"}],\"inLanguage\":\"pt-BR\"},{\"@type\":\"Person\",\"@id\":\"https:\/\/portalnpm.com\/#\/schema\/person\/0b5f230ec96cee25504fa328e7f2b733\",\"name\":\"Reda\u00e7\u00e3o\",\"image\":{\"@type\":\"ImageObject\",\"inLanguage\":\"pt-BR\",\"@id\":\"https:\/\/portalnpm.com\/#\/schema\/person\/image\/\",\"url\":\"https:\/\/portalnpm.com\/wp-content\/uploads\/2024\/03\/avatar_user_4_1710097212-96x96.png\",\"contentUrl\":\"https:\/\/portalnpm.com\/wp-content\/uploads\/2024\/03\/avatar_user_4_1710097212-96x96.png\",\"caption\":\"Reda\u00e7\u00e3o\"},\"url\":\"https:\/\/portalnpm.com\/index.php\/author\/redacao\/\"}]}<\/script>\n<!-- \/ Yoast SEO plugin. -->","yoast_head_json":{"title":"Mulher descobre ser 'presidente da Rep\u00fablica' ao ter aux\u00edlio emergencial negado","robots":{"index":"index","follow":"follow","max-snippet":"max-snippet:-1","max-image-preview":"max-image-preview:large","max-video-preview":"max-video-preview:-1"},"canonical":"https:\/\/portalnpm.com\/index.php\/2020\/05\/08\/mulher-descobre-ser-presidente-da-republica-ao-ter-auxilio-emergencial-negado\/","og_locale":"pt_BR","og_type":"article","og_title":"Mulher descobre ser 'presidente da Rep\u00fablica' ao ter aux\u00edlio emergencial negado","og_description":"Ao ter o aux\u00edlio emergencial negado, a desempregada Adeyula Dias Barbosa Rodrigues, de 31 anos, descobriu que tem dois empregos em aberto. Num deles, ocupa o cargo de &#8220;presidente da Rep\u00fablica&#8221; pela secretaria de Estado de Educa\u00e7\u00e3o (Sedu) do Esp\u00edrito Santo. A carteira de trabalho digital da mulher diz ainda que ela \u00e9 auxiliar de &hellip;","og_url":"https:\/\/portalnpm.com\/index.php\/2020\/05\/08\/mulher-descobre-ser-presidente-da-republica-ao-ter-auxilio-emergencial-negado\/","og_site_name":"Portal NPM","article_published_time":"2020-05-08T17:48:06+00:00","og_image":[{"width":1021,"height":642,"url":"https:\/\/portalnpm.com\/wp-content\/uploads\/2024\/01\/IMG_20200508_134724.jpg","type":"image\/jpeg"}],"author":"Reda\u00e7\u00e3o","twitter_card":"summary_large_image","twitter_misc":{"Escrito por":"Reda\u00e7\u00e3o","Est. tempo de leitura":"1 minuto"},"schema":{"@context":"https:\/\/schema.org","@graph":[{"@type":"WebPage","@id":"https:\/\/portalnpm.com\/index.php\/2020\/05\/08\/mulher-descobre-ser-presidente-da-republica-ao-ter-auxilio-emergencial-negado\/","url":"https:\/\/portalnpm.com\/index.php\/2020\/05\/08\/mulher-descobre-ser-presidente-da-republica-ao-ter-auxilio-emergencial-negado\/","name":"Mulher descobre ser 'presidente da Rep\u00fablica' ao ter aux\u00edlio emergencial negado","isPartOf":{"@id":"https:\/\/portalnpm.com\/#website"},"primaryImageOfPage":{"@id":"https:\/\/portalnpm.com\/index.php\/2020\/05\/08\/mulher-descobre-ser-presidente-da-republica-ao-ter-auxilio-emergencial-negado\/#primaryimage"},"image":{"@id":"https:\/\/portalnpm.com\/index.php\/2020\/05\/08\/mulher-descobre-ser-presidente-da-republica-ao-ter-auxilio-emergencial-negado\/#primaryimage"},"thumbnailUrl":"https:\/\/portalnpm.com\/wp-content\/uploads\/2024\/01\/IMG_20200508_134724.jpg","datePublished":"2020-05-08T17:48:06+00:00","dateModified":"2020-05-08T17:48:06+00:00","author":{"@id":"https:\/\/portalnpm.com\/#\/schema\/person\/0b5f230ec96cee25504fa328e7f2b733"},"breadcrumb":{"@id":"https:\/\/portalnpm.com\/index.php\/2020\/05\/08\/mulher-descobre-ser-presidente-da-republica-ao-ter-auxilio-emergencial-negado\/#breadcrumb"},"inLanguage":"pt-BR","potentialAction":[{"@type":"ReadAction","target":["https:\/\/portalnpm.com\/index.php\/2020\/05\/08\/mulher-descobre-ser-presidente-da-republica-ao-ter-auxilio-emergencial-negado\/"]}]},{"@type":"ImageObject","inLanguage":"pt-BR","@id":"https:\/\/portalnpm.com\/index.php\/2020\/05\/08\/mulher-descobre-ser-presidente-da-republica-ao-ter-auxilio-emergencial-negado\/#primaryimage","url":"https:\/\/portalnpm.com\/wp-content\/uploads\/2024\/01\/IMG_20200508_134724.jpg","contentUrl":"https:\/\/portalnpm.com\/wp-content\/uploads\/2024\/01\/IMG_20200508_134724.jpg","width":1021,"height":642},{"@type":"BreadcrumbList","@id":"https:\/\/portalnpm.com\/index.php\/2020\/05\/08\/mulher-descobre-ser-presidente-da-republica-ao-ter-auxilio-emergencial-negado\/#breadcrumb","itemListElement":[{"@type":"ListItem","position":1,"name":"In\u00edcio","item":"https:\/\/portalnpm.com\/"},{"@type":"ListItem","position":2,"name":"Mulher descobre ser &#8216;presidente da Rep\u00fablica&#8217; ao ter aux\u00edlio emergencial negado"}]},{"@type":"WebSite","@id":"https:\/\/portalnpm.com\/#website","url":"https:\/\/portalnpm.com\/","name":"Portal NPM","description":"Not\u00edcias em Primeira M\u00e3o","potentialAction":[{"@type":"SearchAction","target":{"@type":"EntryPoint","urlTemplate":"https:\/\/portalnpm.com\/?s={search_term_string}"},"query-input":"required name=search_term_string"}],"inLanguage":"pt-BR"},{"@type":"Person","@id":"https:\/\/portalnpm.com\/#\/schema\/person\/0b5f230ec96cee25504fa328e7f2b733","name":"Reda\u00e7\u00e3o","image":{"@type":"ImageObject","inLanguage":"pt-BR","@id":"https:\/\/portalnpm.com\/#\/schema\/person\/image\/","url":"https:\/\/portalnpm.com\/wp-content\/uploads\/2024\/03\/avatar_user_4_1710097212-96x96.png","contentUrl":"https:\/\/portalnpm.com\/wp-content\/uploads\/2024\/03\/avatar_user_4_1710097212-96x96.png","caption":"Reda\u00e7\u00e3o"},"url":"https:\/\/portalnpm.com\/index.php\/author\/redacao\/"}]}},"jetpack_sharing_enabled":true,"jetpack_featured_media_url":"https:\/\/portalnpm.com\/wp-content\/uploads\/2024\/01\/IMG_20200508_134724.jpg","_links":{"self":[{"href":"https:\/\/portalnpm.com\/index.php\/wp-json\/wp\/v2\/posts\/52454"}],"collection":[{"href":"https:\/\/portalnpm.com\/index.php\/wp-json\/wp\/v2\/posts"}],"about":[{"href":"https:\/\/portalnpm.com\/index.php\/wp-json\/wp\/v2\/types\/post"}],"author":[{"embeddable":true,"href":"https:\/\/portalnpm.com\/index.php\/wp-json\/wp\/v2\/users\/4"}],"replies":[{"embeddable":true,"href":"https:\/\/portalnpm.com\/index.php\/wp-json\/wp\/v2\/comments?post=52454"}],"version-history":[{"count":0,"href":"https:\/\/portalnpm.com\/index.php\/wp-json\/wp\/v2\/posts\/52454\/revisions"}],"wp:featuredmedia":[{"embeddable":true,"href":"https:\/\/portalnpm.com\/index.php\/wp-json\/wp\/v2\/media\/52455"}],"wp:attachment":[{"href":"https:\/\/portalnpm.com\/index.php\/wp-json\/wp\/v2\/media?parent=52454"}],"wp:term":[{"taxonomy":"category","embeddable":true,"href":"https:\/\/portalnpm.com\/index.php\/wp-json\/wp\/v2\/categories?post=52454"},{"taxonomy":"post_tag","embeddable":true,"href":"https:\/\/portalnpm.com\/index.php\/wp-json\/wp\/v2\/tags?post=52454"}],"curies":[{"name":"wp","href":"https:\/\/api.w.org\/{rel}","templated":true}]}}