{"id":52456,"date":"2020-05-09T10:46:43","date_gmt":"2020-05-09T13:46:43","guid":{"rendered":"https:\/\/portalnpm.com\/index.php\/2020\/05\/09\/conheca-um-pouco-da-historia-do-irmao-gilson-joao-de-lima-presbitero-da-igreja-assembleia-de-deus-ministerio-de-missao\/"},"modified":"2020-05-09T10:46:43","modified_gmt":"2020-05-09T13:46:43","slug":"conheca-um-pouco-da-historia-do-irmao-gilson-joao-de-lima-presbitero-da-igreja-assembleia-de-deus-ministerio-de-missao","status":"publish","type":"post","link":"https:\/\/portalnpm.com\/index.php\/2020\/05\/09\/conheca-um-pouco-da-historia-do-irmao-gilson-joao-de-lima-presbitero-da-igreja-assembleia-de-deus-ministerio-de-missao\/","title":{"rendered":"Conhe\u00e7a um pouco da Hist\u00f3ria do Irm\u00e3o Gilson Jo\u00e3o de Lima, Presb\u00edtero da Igreja Assembleia de Deus Minist\u00e9rio de Miss\u00e3o"},"content":{"rendered":"<div class=\"post-body post-content\">\n<div style=\"text-align: justify;\">Portal Assembleia de Deus Minist\u00e9rio Madureira\u00a0 de S\u00e3o Juli\u00e3o, Piau\u00ed, fala um pouco do do irm\u00e3o Gilson Jo\u00e3o de Lima, de 35 anos<\/div>\n<div style=\"text-align: justify;\"><\/div>\n<div style=\"text-align: justify;\">Gilson \u00e9 natural do munic\u00edpio de S\u00e3o Juli\u00e3o, filho do Sr. Jo\u00e3o Vitalino de Lima e de Dona Teotonia da Concei\u00e7\u00e3o Lima. \u00c9 casado e pai de 3 filhas.<\/div>\n<div style=\"text-align: justify;\"><\/div>\n<div style=\"text-align: justify;\">Gilson descobriu o talento pela poesia aos 16 anos, suas primeiras publica\u00e7\u00f5es foram em sala de aula onde estudou e concluiu o ensino m\u00e9dio, depois dos estudos iniciou carreira po\u00e9tica com poesias rom\u00e2nticas.<\/div>\n<div style=\"text-align: justify;\"><\/div>\n<div style=\"text-align: justify;\">As primeiras exposi\u00e7\u00f5es de Gilson aconteceram em sala de aula, na escola Apr\u00edgio Pereira Bezerra e nas r\u00e1dios Sert\u00e3o FM 101,5 e 99,5 depois participou de um concurso de poesia promovido pela prefeitura do munic\u00edpio, onde ocupou o primeiro lugar. No dia 17 de junho\u00a0 de 2004, na busca de novas oportunidades, ele conseguiu a primeira publica\u00e7\u00e3o de sua poesia (Mist\u00e9rios Rom\u00e2nticos), atrav\u00e9s do portal de not\u00edcias Meio Norte de Teresina, capital do Estado do Piau\u00ed.<\/div>\n<div style=\"text-align: justify;\"><\/div>\n<div style=\"text-align: justify;\">Em fevereiro de 2007, Gilson sai de S\u00e3o Juli\u00e3o com destino a Cosm\u00f3polis, munic\u00edpio do estado de S\u00e3o Paulo, em busca de seus sonhos e de uma vida melhor para a sua fam\u00edlia, em junho de 2007 consegue sua primeira vaga de emprego na fun\u00e7\u00e3o de ajudante de tubula\u00e7\u00e3o, depois de um bom tempo consegue se classificar para encanador e montagens industriais, al\u00e9m disso, realizou v\u00e1rios cursos como: inform\u00e1tica avan\u00e7ada, l\u00edngua estrangeira e cursos da \u00e1rea industrial.<\/div>\n<div style=\"text-align: justify;\"><\/div>\n<div style=\"text-align: justify;\">Em maio de 2010 e nos anos de 2011 e 2013 foram publicadas mas de suas poesias pelo site do Jornal Mundo Jovem, de Porto Alegre-RS, e nos sites de S\u00e3o Juli\u00e3o-Piau\u00ed, as poesias s\u00e3o: A gra\u00e7a Matrim\u00f4nio e Metamorfose Divina. Gilson \u00e9 um dos escritores de poesias do mundo das letras, tamb\u00e9m Presb\u00edtero\u00a0 da Assembleia de Deus Minist\u00e9rio de Miss\u00e3o do munic\u00edpio e\u00a0 Locutor do programa a voz da Assembleia de Deus, que vai ao ar aos\u00a0 domingos das 11 \u00e0s 12 horas.<\/div>\n<div style=\"text-align: justify;\"><\/div>\n<p><iframe src=\"https:\/\/www.youtube.com\/embed\/143IRu6oNwU\" width=\"560\" height=\"315\" frameborder=\"0\" allowfullscreen=\"allowfullscreen\" data-mce-fragment=\"1\"><\/iframe><b><br \/>\n<\/b><\/div>\n<div><\/div>\n<div><strong><em>Fonte: Assembl\u00e9ia de Deus Minist\u00e9rio de Madureira, com informa\u00e7\u00f5es do Valores da Terra<\/em><\/strong><\/div>\n","protected":false},"excerpt":{"rendered":"<p>Portal Assembleia de Deus Minist\u00e9rio Madureira\u00a0 de S\u00e3o Juli\u00e3o, Piau\u00ed, fala um pouco do do irm\u00e3o Gilson Jo\u00e3o de Lima, de 35 anos Gilson \u00e9 natural do munic\u00edpio de S\u00e3o Juli\u00e3o, filho do Sr. Jo\u00e3o Vitalino de Lima e de Dona Teotonia da Concei\u00e7\u00e3o Lima. \u00c9 casado e pai de 3 filhas. Gilson descobriu o &hellip;<\/p>\n","protected":false},"author":4,"featured_media":52457,"comment_status":"open","ping_status":"open","sticky":false,"template":"","format":"standard","meta":{"content-type":"","rop_custom_images_group":[],"rop_custom_messages_group":[],"rop_publish_now":"initial","rop_publish_now_accounts":{"facebook_2648258775420054_1618374048415101":""},"rop_publish_now_history":[],"rop_publish_now_status":"pending","footnotes":"","_jetpack_memberships_contains_paid_content":false},"categories":[147,136],"tags":[4362,207,137],"yoast_head":"<!-- This site is optimized with the Yoast SEO plugin v22.3 - https:\/\/yoast.com\/wordpress\/plugins\/seo\/ -->\n<title>Conhe\u00e7a um pouco da Hist\u00f3ria do Irm\u00e3o Gilson Jo\u00e3o de Lima, Presb\u00edtero da Igreja Assembleia de Deus Minist\u00e9rio de Miss\u00e3o<\/title>\n<meta name=\"robots\" content=\"index, follow, max-snippet:-1, max-image-preview:large, max-video-preview:-1\" \/>\n<link rel=\"canonical\" href=\"https:\/\/portalnpm.com\/index.php\/2020\/05\/09\/conheca-um-pouco-da-historia-do-irmao-gilson-joao-de-lima-presbitero-da-igreja-assembleia-de-deus-ministerio-de-missao\/\" \/>\n<meta property=\"og:locale\" content=\"pt_BR\" \/>\n<meta property=\"og:type\" content=\"article\" \/>\n<meta property=\"og:title\" content=\"Conhe\u00e7a um pouco da Hist\u00f3ria do Irm\u00e3o Gilson Jo\u00e3o de Lima, Presb\u00edtero da Igreja Assembleia de Deus Minist\u00e9rio de Miss\u00e3o\" \/>\n<meta property=\"og:description\" content=\"Portal Assembleia de Deus Minist\u00e9rio Madureira\u00a0 de S\u00e3o Juli\u00e3o, Piau\u00ed, fala um pouco do do irm\u00e3o Gilson Jo\u00e3o de Lima, de 35 anos Gilson \u00e9 natural do munic\u00edpio de S\u00e3o Juli\u00e3o, filho do Sr. Jo\u00e3o Vitalino de Lima e de Dona Teotonia da Concei\u00e7\u00e3o Lima. \u00c9 casado e pai de 3 filhas. Gilson descobriu o &hellip;\" \/>\n<meta property=\"og:url\" content=\"https:\/\/portalnpm.com\/index.php\/2020\/05\/09\/conheca-um-pouco-da-historia-do-irmao-gilson-joao-de-lima-presbitero-da-igreja-assembleia-de-deus-ministerio-de-missao\/\" \/>\n<meta property=\"og:site_name\" content=\"Portal NPM\" \/>\n<meta property=\"article:published_time\" content=\"2020-05-09T13:46:43+00:00\" \/>\n<meta property=\"og:image\" content=\"https:\/\/portalnpm.com\/wp-content\/uploads\/2024\/01\/09-38-23-CYMERA_20200508_151443.jpg\" \/>\n\t<meta property=\"og:image:width\" content=\"320\" \/>\n\t<meta property=\"og:image:height\" content=\"320\" \/>\n\t<meta property=\"og:image:type\" content=\"image\/jpeg\" \/>\n<meta name=\"author\" content=\"Reda\u00e7\u00e3o\" \/>\n<meta name=\"twitter:card\" content=\"summary_large_image\" \/>\n<meta name=\"twitter:label1\" content=\"Escrito por\" \/>\n\t<meta name=\"twitter:data1\" content=\"Reda\u00e7\u00e3o\" \/>\n\t<meta name=\"twitter:label2\" content=\"Est. tempo de leitura\" \/>\n\t<meta name=\"twitter:data2\" content=\"2 minutos\" \/>\n<script type=\"application\/ld+json\" class=\"yoast-schema-graph\">{\"@context\":\"https:\/\/schema.org\",\"@graph\":[{\"@type\":\"WebPage\",\"@id\":\"https:\/\/portalnpm.com\/index.php\/2020\/05\/09\/conheca-um-pouco-da-historia-do-irmao-gilson-joao-de-lima-presbitero-da-igreja-assembleia-de-deus-ministerio-de-missao\/\",\"url\":\"https:\/\/portalnpm.com\/index.php\/2020\/05\/09\/conheca-um-pouco-da-historia-do-irmao-gilson-joao-de-lima-presbitero-da-igreja-assembleia-de-deus-ministerio-de-missao\/\",\"name\":\"Conhe\u00e7a um pouco da Hist\u00f3ria do Irm\u00e3o Gilson Jo\u00e3o de Lima, Presb\u00edtero da Igreja Assembleia de Deus Minist\u00e9rio de Miss\u00e3o\",\"isPartOf\":{\"@id\":\"https:\/\/portalnpm.com\/#website\"},\"primaryImageOfPage\":{\"@id\":\"https:\/\/portalnpm.com\/index.php\/2020\/05\/09\/conheca-um-pouco-da-historia-do-irmao-gilson-joao-de-lima-presbitero-da-igreja-assembleia-de-deus-ministerio-de-missao\/#primaryimage\"},\"image\":{\"@id\":\"https:\/\/portalnpm.com\/index.php\/2020\/05\/09\/conheca-um-pouco-da-historia-do-irmao-gilson-joao-de-lima-presbitero-da-igreja-assembleia-de-deus-ministerio-de-missao\/#primaryimage\"},\"thumbnailUrl\":\"https:\/\/portalnpm.com\/wp-content\/uploads\/2024\/01\/09-38-23-CYMERA_20200508_151443.jpg\",\"datePublished\":\"2020-05-09T13:46:43+00:00\",\"dateModified\":\"2020-05-09T13:46:43+00:00\",\"author\":{\"@id\":\"https:\/\/portalnpm.com\/#\/schema\/person\/0b5f230ec96cee25504fa328e7f2b733\"},\"breadcrumb\":{\"@id\":\"https:\/\/portalnpm.com\/index.php\/2020\/05\/09\/conheca-um-pouco-da-historia-do-irmao-gilson-joao-de-lima-presbitero-da-igreja-assembleia-de-deus-ministerio-de-missao\/#breadcrumb\"},\"inLanguage\":\"pt-BR\",\"potentialAction\":[{\"@type\":\"ReadAction\",\"target\":[\"https:\/\/portalnpm.com\/index.php\/2020\/05\/09\/conheca-um-pouco-da-historia-do-irmao-gilson-joao-de-lima-presbitero-da-igreja-assembleia-de-deus-ministerio-de-missao\/\"]}]},{\"@type\":\"ImageObject\",\"inLanguage\":\"pt-BR\",\"@id\":\"https:\/\/portalnpm.com\/index.php\/2020\/05\/09\/conheca-um-pouco-da-historia-do-irmao-gilson-joao-de-lima-presbitero-da-igreja-assembleia-de-deus-ministerio-de-missao\/#primaryimage\",\"url\":\"https:\/\/portalnpm.com\/wp-content\/uploads\/2024\/01\/09-38-23-CYMERA_20200508_151443.jpg\",\"contentUrl\":\"https:\/\/portalnpm.com\/wp-content\/uploads\/2024\/01\/09-38-23-CYMERA_20200508_151443.jpg\",\"width\":320,\"height\":320},{\"@type\":\"BreadcrumbList\",\"@id\":\"https:\/\/portalnpm.com\/index.php\/2020\/05\/09\/conheca-um-pouco-da-historia-do-irmao-gilson-joao-de-lima-presbitero-da-igreja-assembleia-de-deus-ministerio-de-missao\/#breadcrumb\",\"itemListElement\":[{\"@type\":\"ListItem\",\"position\":1,\"name\":\"In\u00edcio\",\"item\":\"https:\/\/portalnpm.com\/\"},{\"@type\":\"ListItem\",\"position\":2,\"name\":\"Conhe\u00e7a um pouco da Hist\u00f3ria do Irm\u00e3o Gilson Jo\u00e3o de Lima, Presb\u00edtero da Igreja Assembleia de Deus Minist\u00e9rio de Miss\u00e3o\"}]},{\"@type\":\"WebSite\",\"@id\":\"https:\/\/portalnpm.com\/#website\",\"url\":\"https:\/\/portalnpm.com\/\",\"name\":\"Portal NPM\",\"description\":\"Not\u00edcias em Primeira M\u00e3o\",\"potentialAction\":[{\"@type\":\"SearchAction\",\"target\":{\"@type\":\"EntryPoint\",\"urlTemplate\":\"https:\/\/portalnpm.com\/?s={search_term_string}\"},\"query-input\":\"required name=search_term_string\"}],\"inLanguage\":\"pt-BR\"},{\"@type\":\"Person\",\"@id\":\"https:\/\/portalnpm.com\/#\/schema\/person\/0b5f230ec96cee25504fa328e7f2b733\",\"name\":\"Reda\u00e7\u00e3o\",\"image\":{\"@type\":\"ImageObject\",\"inLanguage\":\"pt-BR\",\"@id\":\"https:\/\/portalnpm.com\/#\/schema\/person\/image\/\",\"url\":\"https:\/\/portalnpm.com\/wp-content\/uploads\/2024\/03\/avatar_user_4_1710097212-96x96.png\",\"contentUrl\":\"https:\/\/portalnpm.com\/wp-content\/uploads\/2024\/03\/avatar_user_4_1710097212-96x96.png\",\"caption\":\"Reda\u00e7\u00e3o\"},\"url\":\"https:\/\/portalnpm.com\/index.php\/author\/redacao\/\"}]}<\/script>\n<!-- \/ Yoast SEO plugin. -->","yoast_head_json":{"title":"Conhe\u00e7a um pouco da Hist\u00f3ria do Irm\u00e3o Gilson Jo\u00e3o de Lima, Presb\u00edtero da Igreja Assembleia de Deus Minist\u00e9rio de Miss\u00e3o","robots":{"index":"index","follow":"follow","max-snippet":"max-snippet:-1","max-image-preview":"max-image-preview:large","max-video-preview":"max-video-preview:-1"},"canonical":"https:\/\/portalnpm.com\/index.php\/2020\/05\/09\/conheca-um-pouco-da-historia-do-irmao-gilson-joao-de-lima-presbitero-da-igreja-assembleia-de-deus-ministerio-de-missao\/","og_locale":"pt_BR","og_type":"article","og_title":"Conhe\u00e7a um pouco da Hist\u00f3ria do Irm\u00e3o Gilson Jo\u00e3o de Lima, Presb\u00edtero da Igreja Assembleia de Deus Minist\u00e9rio de Miss\u00e3o","og_description":"Portal Assembleia de Deus Minist\u00e9rio Madureira\u00a0 de S\u00e3o Juli\u00e3o, Piau\u00ed, fala um pouco do do irm\u00e3o Gilson Jo\u00e3o de Lima, de 35 anos Gilson \u00e9 natural do munic\u00edpio de S\u00e3o Juli\u00e3o, filho do Sr. Jo\u00e3o Vitalino de Lima e de Dona Teotonia da Concei\u00e7\u00e3o Lima. \u00c9 casado e pai de 3 filhas. Gilson descobriu o &hellip;","og_url":"https:\/\/portalnpm.com\/index.php\/2020\/05\/09\/conheca-um-pouco-da-historia-do-irmao-gilson-joao-de-lima-presbitero-da-igreja-assembleia-de-deus-ministerio-de-missao\/","og_site_name":"Portal NPM","article_published_time":"2020-05-09T13:46:43+00:00","og_image":[{"width":320,"height":320,"url":"https:\/\/portalnpm.com\/wp-content\/uploads\/2024\/01\/09-38-23-CYMERA_20200508_151443.jpg","type":"image\/jpeg"}],"author":"Reda\u00e7\u00e3o","twitter_card":"summary_large_image","twitter_misc":{"Escrito por":"Reda\u00e7\u00e3o","Est. tempo de leitura":"2 minutos"},"schema":{"@context":"https:\/\/schema.org","@graph":[{"@type":"WebPage","@id":"https:\/\/portalnpm.com\/index.php\/2020\/05\/09\/conheca-um-pouco-da-historia-do-irmao-gilson-joao-de-lima-presbitero-da-igreja-assembleia-de-deus-ministerio-de-missao\/","url":"https:\/\/portalnpm.com\/index.php\/2020\/05\/09\/conheca-um-pouco-da-historia-do-irmao-gilson-joao-de-lima-presbitero-da-igreja-assembleia-de-deus-ministerio-de-missao\/","name":"Conhe\u00e7a um pouco da Hist\u00f3ria do Irm\u00e3o Gilson Jo\u00e3o de Lima, Presb\u00edtero da Igreja Assembleia de Deus Minist\u00e9rio de Miss\u00e3o","isPartOf":{"@id":"https:\/\/portalnpm.com\/#website"},"primaryImageOfPage":{"@id":"https:\/\/portalnpm.com\/index.php\/2020\/05\/09\/conheca-um-pouco-da-historia-do-irmao-gilson-joao-de-lima-presbitero-da-igreja-assembleia-de-deus-ministerio-de-missao\/#primaryimage"},"image":{"@id":"https:\/\/portalnpm.com\/index.php\/2020\/05\/09\/conheca-um-pouco-da-historia-do-irmao-gilson-joao-de-lima-presbitero-da-igreja-assembleia-de-deus-ministerio-de-missao\/#primaryimage"},"thumbnailUrl":"https:\/\/portalnpm.com\/wp-content\/uploads\/2024\/01\/09-38-23-CYMERA_20200508_151443.jpg","datePublished":"2020-05-09T13:46:43+00:00","dateModified":"2020-05-09T13:46:43+00:00","author":{"@id":"https:\/\/portalnpm.com\/#\/schema\/person\/0b5f230ec96cee25504fa328e7f2b733"},"breadcrumb":{"@id":"https:\/\/portalnpm.com\/index.php\/2020\/05\/09\/conheca-um-pouco-da-historia-do-irmao-gilson-joao-de-lima-presbitero-da-igreja-assembleia-de-deus-ministerio-de-missao\/#breadcrumb"},"inLanguage":"pt-BR","potentialAction":[{"@type":"ReadAction","target":["https:\/\/portalnpm.com\/index.php\/2020\/05\/09\/conheca-um-pouco-da-historia-do-irmao-gilson-joao-de-lima-presbitero-da-igreja-assembleia-de-deus-ministerio-de-missao\/"]}]},{"@type":"ImageObject","inLanguage":"pt-BR","@id":"https:\/\/portalnpm.com\/index.php\/2020\/05\/09\/conheca-um-pouco-da-historia-do-irmao-gilson-joao-de-lima-presbitero-da-igreja-assembleia-de-deus-ministerio-de-missao\/#primaryimage","url":"https:\/\/portalnpm.com\/wp-content\/uploads\/2024\/01\/09-38-23-CYMERA_20200508_151443.jpg","contentUrl":"https:\/\/portalnpm.com\/wp-content\/uploads\/2024\/01\/09-38-23-CYMERA_20200508_151443.jpg","width":320,"height":320},{"@type":"BreadcrumbList","@id":"https:\/\/portalnpm.com\/index.php\/2020\/05\/09\/conheca-um-pouco-da-historia-do-irmao-gilson-joao-de-lima-presbitero-da-igreja-assembleia-de-deus-ministerio-de-missao\/#breadcrumb","itemListElement":[{"@type":"ListItem","position":1,"name":"In\u00edcio","item":"https:\/\/portalnpm.com\/"},{"@type":"ListItem","position":2,"name":"Conhe\u00e7a um pouco da Hist\u00f3ria do Irm\u00e3o Gilson Jo\u00e3o de Lima, Presb\u00edtero da Igreja Assembleia de Deus Minist\u00e9rio de Miss\u00e3o"}]},{"@type":"WebSite","@id":"https:\/\/portalnpm.com\/#website","url":"https:\/\/portalnpm.com\/","name":"Portal NPM","description":"Not\u00edcias em Primeira M\u00e3o","potentialAction":[{"@type":"SearchAction","target":{"@type":"EntryPoint","urlTemplate":"https:\/\/portalnpm.com\/?s={search_term_string}"},"query-input":"required name=search_term_string"}],"inLanguage":"pt-BR"},{"@type":"Person","@id":"https:\/\/portalnpm.com\/#\/schema\/person\/0b5f230ec96cee25504fa328e7f2b733","name":"Reda\u00e7\u00e3o","image":{"@type":"ImageObject","inLanguage":"pt-BR","@id":"https:\/\/portalnpm.com\/#\/schema\/person\/image\/","url":"https:\/\/portalnpm.com\/wp-content\/uploads\/2024\/03\/avatar_user_4_1710097212-96x96.png","contentUrl":"https:\/\/portalnpm.com\/wp-content\/uploads\/2024\/03\/avatar_user_4_1710097212-96x96.png","caption":"Reda\u00e7\u00e3o"},"url":"https:\/\/portalnpm.com\/index.php\/author\/redacao\/"}]}},"jetpack_sharing_enabled":true,"jetpack_featured_media_url":"https:\/\/portalnpm.com\/wp-content\/uploads\/2024\/01\/09-38-23-CYMERA_20200508_151443.jpg","_links":{"self":[{"href":"https:\/\/portalnpm.com\/index.php\/wp-json\/wp\/v2\/posts\/52456"}],"collection":[{"href":"https:\/\/portalnpm.com\/index.php\/wp-json\/wp\/v2\/posts"}],"about":[{"href":"https:\/\/portalnpm.com\/index.php\/wp-json\/wp\/v2\/types\/post"}],"author":[{"embeddable":true,"href":"https:\/\/portalnpm.com\/index.php\/wp-json\/wp\/v2\/users\/4"}],"replies":[{"embeddable":true,"href":"https:\/\/portalnpm.com\/index.php\/wp-json\/wp\/v2\/comments?post=52456"}],"version-history":[{"count":0,"href":"https:\/\/portalnpm.com\/index.php\/wp-json\/wp\/v2\/posts\/52456\/revisions"}],"wp:featuredmedia":[{"embeddable":true,"href":"https:\/\/portalnpm.com\/index.php\/wp-json\/wp\/v2\/media\/52457"}],"wp:attachment":[{"href":"https:\/\/portalnpm.com\/index.php\/wp-json\/wp\/v2\/media?parent=52456"}],"wp:term":[{"taxonomy":"category","embeddable":true,"href":"https:\/\/portalnpm.com\/index.php\/wp-json\/wp\/v2\/categories?post=52456"},{"taxonomy":"post_tag","embeddable":true,"href":"https:\/\/portalnpm.com\/index.php\/wp-json\/wp\/v2\/tags?post=52456"}],"curies":[{"name":"wp","href":"https:\/\/api.w.org\/{rel}","templated":true}]}}