{"id":52494,"date":"2020-05-11T20:04:02","date_gmt":"2020-05-11T23:04:02","guid":{"rendered":"https:\/\/portalnpm.com\/index.php\/2020\/05\/11\/hospital-regional-de-picos-registra-3a-morte-por-coronavirus-em-24-horas\/"},"modified":"2020-05-11T20:04:02","modified_gmt":"2020-05-11T23:04:02","slug":"hospital-regional-de-picos-registra-3a-morte-por-coronavirus-em-24-horas","status":"publish","type":"post","link":"https:\/\/portalnpm.com\/index.php\/2020\/05\/11\/hospital-regional-de-picos-registra-3a-morte-por-coronavirus-em-24-horas\/","title":{"rendered":"Hospital Regional de Picos registra 3\u00aa morte por coronav\u00edrus em 24 horas"},"content":{"rendered":"<p style=\"text-align: justify;\">Nesta segunda-feira (11), a assessoria de comunica\u00e7\u00e3o do Hospital Regional Justino Luz confirmou a terceira morte pelo coronav\u00edrus em Picos em 24 horas. Trata-se de um homem de 51 anos, que n\u00e3o tinha comorbidades.<\/p>\n<p>\u00a0<\/p>\n<p style=\"text-align: justify;\">Esta \u00e9 a quarta morte de v\u00edtimas acometidas pelo Covid-19 internadas no hospital em Picos. Neste domingo (10) a unidade informou a morte de um eletricista de 47 anos, propriet\u00e1rio de uma oficina de motos de Monsenhor Hip\u00f3lito, que estava internado em Picos desde o dia 4 de maio. Ele n\u00e3o tinha comorbidades \u2013 outra doen\u00e7a que contribu\u00edsse para o agravamento do seu quadro de sa\u00fade.<\/p>\n<p style=\"text-align: justify;\">Tamb\u00e9m no hospital Justino Luz, foi confirmada ontem (10), a morte de uma mulher de 64 anos, que sofria de diabetes.<\/p>\n<p style=\"text-align: justify;\">O primeiro \u00f3bito no munic\u00edpio, foi de uma mulher de 79 anos, rec\u00e9m chegada do estado de S\u00e3o Paulo, ela residia na localidade Cajazeiras dos Gon\u00e7alves, zona rural de Picos. A v\u00edtima possu\u00eda hist\u00f3rico de hipertens\u00e3o e faleceu no Hospital Regional Justino Luz no dia 18 de abril.<\/p>\n<p style=\"text-align: justify;\"><strong>\u00d3bitos no HRJL:<br \/>\n<\/strong><strong>Picos: 03<br \/>\n<\/strong><strong>Monsenhor Hip\u00f3lito: 01<\/strong><\/p>\n<p style=\"text-align: justify;\">O Hospital Regional emitiu uma nota sobre o falecimento da v\u00edtima acometida pelo Covi-d 19 nesta segunda (11).<\/p>\n<p style=\"text-align: justify;\"><strong>Nota<\/strong><\/p>\n<p style=\"text-align: justify;\"><em>O HRJL resgistrou na tarde desta segunda-feira, 11 de maio o quarto \u00f3bito por Covid.<\/em><\/p>\n<p style=\"text-align: justify;\"><em>A v\u00edtima era um senhor de 51 anos e n\u00e3o apresentava outra comorbidade. Ele deu entrada na UTI Covid do Justino Luz no dia 26 de abril, passando 16 dias em terapia intensiva. O \u00f3bito aconteceu \u00e0s 14h10min de hoje.<\/em><\/p>\n<p style=\"text-align: justify;\"><em>Ele era natural de Caselo do Piau\u00ed, mas tem fam\u00edlia em Picos e passava maior parte do tempo por aqui.<\/em><\/p>\n<p style=\"text-align: justify;\"><b>Fonte: Grande Picos<\/b><\/p>\n","protected":false},"excerpt":{"rendered":"<p>Nesta segunda-feira (11), a assessoria de comunica\u00e7\u00e3o do Hospital Regional Justino Luz confirmou a terceira morte pelo coronav\u00edrus em Picos em 24 horas. Trata-se de um homem de 51 anos, que n\u00e3o tinha comorbidades. \u00a0 Esta \u00e9 a quarta morte de v\u00edtimas acometidas pelo Covid-19 internadas no hospital em Picos. Neste domingo (10) a unidade &hellip;<\/p>\n","protected":false},"author":8,"featured_media":52495,"comment_status":"open","ping_status":"open","sticky":false,"template":"","format":"standard","meta":{"content-type":"","rop_custom_images_group":[],"rop_custom_messages_group":[],"rop_publish_now":"initial","rop_publish_now_accounts":{"facebook_2648258775420054_1618374048415101":""},"rop_publish_now_history":[],"rop_publish_now_status":"pending","footnotes":"","_jetpack_memberships_contains_paid_content":false},"categories":[109,127],"tags":[3760,2986,128],"yoast_head":"<!-- This site is optimized with the Yoast SEO plugin v22.3 - https:\/\/yoast.com\/wordpress\/plugins\/seo\/ -->\n<title>Hospital Regional de Picos registra 3\u00aa morte por coronav\u00edrus em 24 horas<\/title>\n<meta name=\"robots\" content=\"index, follow, max-snippet:-1, max-image-preview:large, max-video-preview:-1\" \/>\n<link rel=\"canonical\" href=\"https:\/\/portalnpm.com\/index.php\/2020\/05\/11\/hospital-regional-de-picos-registra-3a-morte-por-coronavirus-em-24-horas\/\" \/>\n<meta property=\"og:locale\" content=\"pt_BR\" \/>\n<meta property=\"og:type\" content=\"article\" \/>\n<meta property=\"og:title\" content=\"Hospital Regional de Picos registra 3\u00aa morte por coronav\u00edrus em 24 horas\" \/>\n<meta property=\"og:description\" content=\"Nesta segunda-feira (11), a assessoria de comunica\u00e7\u00e3o do Hospital Regional Justino Luz confirmou a terceira morte pelo coronav\u00edrus em Picos em 24 horas. Trata-se de um homem de 51 anos, que n\u00e3o tinha comorbidades. \u00a0 Esta \u00e9 a quarta morte de v\u00edtimas acometidas pelo Covid-19 internadas no hospital em Picos. Neste domingo (10) a unidade &hellip;\" \/>\n<meta property=\"og:url\" content=\"https:\/\/portalnpm.com\/index.php\/2020\/05\/11\/hospital-regional-de-picos-registra-3a-morte-por-coronavirus-em-24-horas\/\" \/>\n<meta property=\"og:site_name\" content=\"Portal NPM\" \/>\n<meta property=\"article:published_time\" content=\"2020-05-11T23:04:02+00:00\" \/>\n<meta property=\"og:image\" content=\"https:\/\/portalnpm.com\/wp-content\/uploads\/2024\/01\/18-48-24-1f975cbf-57ef-421f-99a6-c2923e455f42.jpg\" \/>\n\t<meta property=\"og:image:width\" content=\"640\" \/>\n\t<meta property=\"og:image:height\" content=\"360\" \/>\n\t<meta property=\"og:image:type\" content=\"image\/jpeg\" \/>\n<meta name=\"author\" content=\"Zenilton Lima\" \/>\n<meta name=\"twitter:card\" content=\"summary_large_image\" \/>\n<meta name=\"twitter:label1\" content=\"Escrito por\" \/>\n\t<meta name=\"twitter:data1\" content=\"Zenilton Lima\" \/>\n\t<meta name=\"twitter:label2\" content=\"Est. tempo de leitura\" \/>\n\t<meta name=\"twitter:data2\" content=\"1 minuto\" \/>\n<script type=\"application\/ld+json\" class=\"yoast-schema-graph\">{\"@context\":\"https:\/\/schema.org\",\"@graph\":[{\"@type\":\"WebPage\",\"@id\":\"https:\/\/portalnpm.com\/index.php\/2020\/05\/11\/hospital-regional-de-picos-registra-3a-morte-por-coronavirus-em-24-horas\/\",\"url\":\"https:\/\/portalnpm.com\/index.php\/2020\/05\/11\/hospital-regional-de-picos-registra-3a-morte-por-coronavirus-em-24-horas\/\",\"name\":\"Hospital Regional de Picos registra 3\u00aa morte por coronav\u00edrus em 24 horas\",\"isPartOf\":{\"@id\":\"https:\/\/portalnpm.com\/#website\"},\"primaryImageOfPage\":{\"@id\":\"https:\/\/portalnpm.com\/index.php\/2020\/05\/11\/hospital-regional-de-picos-registra-3a-morte-por-coronavirus-em-24-horas\/#primaryimage\"},\"image\":{\"@id\":\"https:\/\/portalnpm.com\/index.php\/2020\/05\/11\/hospital-regional-de-picos-registra-3a-morte-por-coronavirus-em-24-horas\/#primaryimage\"},\"thumbnailUrl\":\"https:\/\/portalnpm.com\/wp-content\/uploads\/2024\/01\/18-48-24-1f975cbf-57ef-421f-99a6-c2923e455f42.jpg\",\"datePublished\":\"2020-05-11T23:04:02+00:00\",\"dateModified\":\"2020-05-11T23:04:02+00:00\",\"author\":{\"@id\":\"https:\/\/portalnpm.com\/#\/schema\/person\/35cb55186eae3f074b6783da6d35591e\"},\"breadcrumb\":{\"@id\":\"https:\/\/portalnpm.com\/index.php\/2020\/05\/11\/hospital-regional-de-picos-registra-3a-morte-por-coronavirus-em-24-horas\/#breadcrumb\"},\"inLanguage\":\"pt-BR\",\"potentialAction\":[{\"@type\":\"ReadAction\",\"target\":[\"https:\/\/portalnpm.com\/index.php\/2020\/05\/11\/hospital-regional-de-picos-registra-3a-morte-por-coronavirus-em-24-horas\/\"]}]},{\"@type\":\"ImageObject\",\"inLanguage\":\"pt-BR\",\"@id\":\"https:\/\/portalnpm.com\/index.php\/2020\/05\/11\/hospital-regional-de-picos-registra-3a-morte-por-coronavirus-em-24-horas\/#primaryimage\",\"url\":\"https:\/\/portalnpm.com\/wp-content\/uploads\/2024\/01\/18-48-24-1f975cbf-57ef-421f-99a6-c2923e455f42.jpg\",\"contentUrl\":\"https:\/\/portalnpm.com\/wp-content\/uploads\/2024\/01\/18-48-24-1f975cbf-57ef-421f-99a6-c2923e455f42.jpg\",\"width\":640,\"height\":360},{\"@type\":\"BreadcrumbList\",\"@id\":\"https:\/\/portalnpm.com\/index.php\/2020\/05\/11\/hospital-regional-de-picos-registra-3a-morte-por-coronavirus-em-24-horas\/#breadcrumb\",\"itemListElement\":[{\"@type\":\"ListItem\",\"position\":1,\"name\":\"In\u00edcio\",\"item\":\"https:\/\/portalnpm.com\/\"},{\"@type\":\"ListItem\",\"position\":2,\"name\":\"Hospital Regional de Picos registra 3\u00aa morte por coronav\u00edrus em 24 horas\"}]},{\"@type\":\"WebSite\",\"@id\":\"https:\/\/portalnpm.com\/#website\",\"url\":\"https:\/\/portalnpm.com\/\",\"name\":\"Portal NPM\",\"description\":\"Not\u00edcias em Primeira M\u00e3o\",\"potentialAction\":[{\"@type\":\"SearchAction\",\"target\":{\"@type\":\"EntryPoint\",\"urlTemplate\":\"https:\/\/portalnpm.com\/?s={search_term_string}\"},\"query-input\":\"required name=search_term_string\"}],\"inLanguage\":\"pt-BR\"},{\"@type\":\"Person\",\"@id\":\"https:\/\/portalnpm.com\/#\/schema\/person\/35cb55186eae3f074b6783da6d35591e\",\"name\":\"Zenilton Lima\",\"image\":{\"@type\":\"ImageObject\",\"inLanguage\":\"pt-BR\",\"@id\":\"https:\/\/portalnpm.com\/#\/schema\/person\/image\/\",\"url\":\"https:\/\/portalnpm.com\/wp-content\/uploads\/2024\/12\/avatar_user_8_1733658137-96x96.jpeg\",\"contentUrl\":\"https:\/\/portalnpm.com\/wp-content\/uploads\/2024\/12\/avatar_user_8_1733658137-96x96.jpeg\",\"caption\":\"Zenilton Lima\"},\"url\":\"https:\/\/portalnpm.com\/index.php\/author\/zenilton\/\"}]}<\/script>\n<!-- \/ Yoast SEO plugin. -->","yoast_head_json":{"title":"Hospital Regional de Picos registra 3\u00aa morte por coronav\u00edrus em 24 horas","robots":{"index":"index","follow":"follow","max-snippet":"max-snippet:-1","max-image-preview":"max-image-preview:large","max-video-preview":"max-video-preview:-1"},"canonical":"https:\/\/portalnpm.com\/index.php\/2020\/05\/11\/hospital-regional-de-picos-registra-3a-morte-por-coronavirus-em-24-horas\/","og_locale":"pt_BR","og_type":"article","og_title":"Hospital Regional de Picos registra 3\u00aa morte por coronav\u00edrus em 24 horas","og_description":"Nesta segunda-feira (11), a assessoria de comunica\u00e7\u00e3o do Hospital Regional Justino Luz confirmou a terceira morte pelo coronav\u00edrus em Picos em 24 horas. Trata-se de um homem de 51 anos, que n\u00e3o tinha comorbidades. \u00a0 Esta \u00e9 a quarta morte de v\u00edtimas acometidas pelo Covid-19 internadas no hospital em Picos. Neste domingo (10) a unidade &hellip;","og_url":"https:\/\/portalnpm.com\/index.php\/2020\/05\/11\/hospital-regional-de-picos-registra-3a-morte-por-coronavirus-em-24-horas\/","og_site_name":"Portal NPM","article_published_time":"2020-05-11T23:04:02+00:00","og_image":[{"width":640,"height":360,"url":"https:\/\/portalnpm.com\/wp-content\/uploads\/2024\/01\/18-48-24-1f975cbf-57ef-421f-99a6-c2923e455f42.jpg","type":"image\/jpeg"}],"author":"Zenilton Lima","twitter_card":"summary_large_image","twitter_misc":{"Escrito por":"Zenilton Lima","Est. tempo de leitura":"1 minuto"},"schema":{"@context":"https:\/\/schema.org","@graph":[{"@type":"WebPage","@id":"https:\/\/portalnpm.com\/index.php\/2020\/05\/11\/hospital-regional-de-picos-registra-3a-morte-por-coronavirus-em-24-horas\/","url":"https:\/\/portalnpm.com\/index.php\/2020\/05\/11\/hospital-regional-de-picos-registra-3a-morte-por-coronavirus-em-24-horas\/","name":"Hospital Regional de Picos registra 3\u00aa morte por coronav\u00edrus em 24 horas","isPartOf":{"@id":"https:\/\/portalnpm.com\/#website"},"primaryImageOfPage":{"@id":"https:\/\/portalnpm.com\/index.php\/2020\/05\/11\/hospital-regional-de-picos-registra-3a-morte-por-coronavirus-em-24-horas\/#primaryimage"},"image":{"@id":"https:\/\/portalnpm.com\/index.php\/2020\/05\/11\/hospital-regional-de-picos-registra-3a-morte-por-coronavirus-em-24-horas\/#primaryimage"},"thumbnailUrl":"https:\/\/portalnpm.com\/wp-content\/uploads\/2024\/01\/18-48-24-1f975cbf-57ef-421f-99a6-c2923e455f42.jpg","datePublished":"2020-05-11T23:04:02+00:00","dateModified":"2020-05-11T23:04:02+00:00","author":{"@id":"https:\/\/portalnpm.com\/#\/schema\/person\/35cb55186eae3f074b6783da6d35591e"},"breadcrumb":{"@id":"https:\/\/portalnpm.com\/index.php\/2020\/05\/11\/hospital-regional-de-picos-registra-3a-morte-por-coronavirus-em-24-horas\/#breadcrumb"},"inLanguage":"pt-BR","potentialAction":[{"@type":"ReadAction","target":["https:\/\/portalnpm.com\/index.php\/2020\/05\/11\/hospital-regional-de-picos-registra-3a-morte-por-coronavirus-em-24-horas\/"]}]},{"@type":"ImageObject","inLanguage":"pt-BR","@id":"https:\/\/portalnpm.com\/index.php\/2020\/05\/11\/hospital-regional-de-picos-registra-3a-morte-por-coronavirus-em-24-horas\/#primaryimage","url":"https:\/\/portalnpm.com\/wp-content\/uploads\/2024\/01\/18-48-24-1f975cbf-57ef-421f-99a6-c2923e455f42.jpg","contentUrl":"https:\/\/portalnpm.com\/wp-content\/uploads\/2024\/01\/18-48-24-1f975cbf-57ef-421f-99a6-c2923e455f42.jpg","width":640,"height":360},{"@type":"BreadcrumbList","@id":"https:\/\/portalnpm.com\/index.php\/2020\/05\/11\/hospital-regional-de-picos-registra-3a-morte-por-coronavirus-em-24-horas\/#breadcrumb","itemListElement":[{"@type":"ListItem","position":1,"name":"In\u00edcio","item":"https:\/\/portalnpm.com\/"},{"@type":"ListItem","position":2,"name":"Hospital Regional de Picos registra 3\u00aa morte por coronav\u00edrus em 24 horas"}]},{"@type":"WebSite","@id":"https:\/\/portalnpm.com\/#website","url":"https:\/\/portalnpm.com\/","name":"Portal NPM","description":"Not\u00edcias em Primeira M\u00e3o","potentialAction":[{"@type":"SearchAction","target":{"@type":"EntryPoint","urlTemplate":"https:\/\/portalnpm.com\/?s={search_term_string}"},"query-input":"required name=search_term_string"}],"inLanguage":"pt-BR"},{"@type":"Person","@id":"https:\/\/portalnpm.com\/#\/schema\/person\/35cb55186eae3f074b6783da6d35591e","name":"Zenilton Lima","image":{"@type":"ImageObject","inLanguage":"pt-BR","@id":"https:\/\/portalnpm.com\/#\/schema\/person\/image\/","url":"https:\/\/portalnpm.com\/wp-content\/uploads\/2024\/12\/avatar_user_8_1733658137-96x96.jpeg","contentUrl":"https:\/\/portalnpm.com\/wp-content\/uploads\/2024\/12\/avatar_user_8_1733658137-96x96.jpeg","caption":"Zenilton Lima"},"url":"https:\/\/portalnpm.com\/index.php\/author\/zenilton\/"}]}},"jetpack_sharing_enabled":true,"jetpack_featured_media_url":"https:\/\/portalnpm.com\/wp-content\/uploads\/2024\/01\/18-48-24-1f975cbf-57ef-421f-99a6-c2923e455f42.jpg","_links":{"self":[{"href":"https:\/\/portalnpm.com\/index.php\/wp-json\/wp\/v2\/posts\/52494"}],"collection":[{"href":"https:\/\/portalnpm.com\/index.php\/wp-json\/wp\/v2\/posts"}],"about":[{"href":"https:\/\/portalnpm.com\/index.php\/wp-json\/wp\/v2\/types\/post"}],"author":[{"embeddable":true,"href":"https:\/\/portalnpm.com\/index.php\/wp-json\/wp\/v2\/users\/8"}],"replies":[{"embeddable":true,"href":"https:\/\/portalnpm.com\/index.php\/wp-json\/wp\/v2\/comments?post=52494"}],"version-history":[{"count":0,"href":"https:\/\/portalnpm.com\/index.php\/wp-json\/wp\/v2\/posts\/52494\/revisions"}],"wp:featuredmedia":[{"embeddable":true,"href":"https:\/\/portalnpm.com\/index.php\/wp-json\/wp\/v2\/media\/52495"}],"wp:attachment":[{"href":"https:\/\/portalnpm.com\/index.php\/wp-json\/wp\/v2\/media?parent=52494"}],"wp:term":[{"taxonomy":"category","embeddable":true,"href":"https:\/\/portalnpm.com\/index.php\/wp-json\/wp\/v2\/categories?post=52494"},{"taxonomy":"post_tag","embeddable":true,"href":"https:\/\/portalnpm.com\/index.php\/wp-json\/wp\/v2\/tags?post=52494"}],"curies":[{"name":"wp","href":"https:\/\/api.w.org\/{rel}","templated":true}]}}