{"id":52598,"date":"2020-05-15T13:17:31","date_gmt":"2020-05-15T16:17:31","guid":{"rendered":"https:\/\/portalnpm.com\/index.php\/2020\/05\/15\/colaboradores-do-trecho-de-sao-juliao-e-regiao-retornam-ao-parana-exames-testam-negativo-para-covid-19\/"},"modified":"2024-01-15T18:32:36","modified_gmt":"2024-01-15T21:32:36","slug":"colaboradores-do-trecho-de-sao-juliao-e-regiao-retornam-ao-parana-exames-testam-negativo-para-covid-19","status":"publish","type":"post","link":"https:\/\/portalnpm.com\/index.php\/2020\/05\/15\/colaboradores-do-trecho-de-sao-juliao-e-regiao-retornam-ao-parana-exames-testam-negativo-para-covid-19\/","title":{"rendered":"Colaboradores do trecho de S\u00e3o Juli\u00e3o e regi\u00e3o retornam ao Paran\u00e1; exames testam negativo para Covid-19"},"content":{"rendered":"<p><p style=\"text-align: justify;\">Uma equipe de colaboradores do trecho dos munic&iacute;pios de S&atilde;o Juli&atilde;o, Alegrete e Vila Nova do Piau&iacute;, retornaram ao estado do Paran&aacute; para as suas atividades de trabalho pela empresa Enesa. <img fetchpriority=\"high\" decoding=\"async\" class=\"alignnone size-full wp-image-20157\" src=\"https:\/\/portalnpm.com\/wp-content\/uploads\/2024\/01\/IMG_20200515_115818.jpg\" alt=\"\" width=\"720\" height=\"379\"><\/p>\n<p style=\"text-align: justify;\">Com o in&iacute;cio da pandemia, os colaboradores foram dispensados das suas atividades e, com isso, retornaram as suas cidades natal. Nenhum deles foi contaminado pelo coronav&iacute;rus, e chegando em suas resid&ecirc;ncias, respeitaram as normas, ficando em quarentena.<\/p>\n<p style=\"text-align: justify;\">Recentemente, os &#8220;Pe&otilde;es do Trecho&#8221; termo popularmente conhecido, foram chamados pela empresa a retomar suas respectivas atividades, por&eacute;m, seguindo um rigoroso cronograma para evitar se infectar pelo coronav&iacute;rus. Medidas como distanciamento, &aacute;lcool gel, m&aacute;scaras e isolamento, por exemplo, foram tomadas para evitar a contamina&ccedil;&atilde;o.<\/p>\n<p style=\"text-align: justify;\">\nChegando na cidade de Tel&ecirc;maco Borba, estado do Paran&aacute;, local onde est&aacute; instalado a montagem de amplia&ccedil;&atilde;o de uma f&aacute;brica de celulose atrav&eacute;s da empresa Enesa, os colaboradores passaram por todos os procedimentos, inclusive, teste de Covid-19, nenhum deles testou positivo. Entretanto, ambos est&atilde;o em isolamento por sete dias, em um hotel com despesas pagas pela empresa e cada integrante em quarto separado, j&aacute; que passaram por locais de riscos, como rodovi&aacute;rias e aeroportos.<\/p>\n<p style=\"text-align: justify;\">Vale ressaltar que, o coordenador Agnaldo Ramos foi quem conseguiu essas vagas de empregos, podendo surgir novas vagas ap&oacute;s essa pandemia. Agnaldo est&aacute; retornando hoje (15\/05), para retomar as atividades de trabalho, seguindo todos procedimento para evitar a contamina&ccedil;&atilde;o do Covid-19.<\/p>\n<p><img decoding=\"async\" class=\"alignnone size-medium wp-image-20158\" src=\"https:\/\/portalnpm.com\/wp-content\/uploads\/2024\/01\/IMG-20200515-WA0271.jpg\" alt=\"\" width=\"1280\" height=\"956\"><img decoding=\"async\" class=\"alignnone size-medium wp-image-20159\" src=\"https:\/\/portalnpm.com\/wp-content\/uploads\/2024\/01\/IMG-20200515-WA0497.jpg\" alt=\"\" width=\"648\" height=\"1152\"><img loading=\"lazy\" decoding=\"async\" class=\"alignnone size-medium wp-image-20160\" src=\"https:\/\/portalnpm.com\/wp-content\/uploads\/2024\/01\/IMG-20200515-WA0498.jpg\" alt=\"\" width=\"780\" height=\"1040\"><img loading=\"lazy\" decoding=\"async\" class=\"alignnone size-medium wp-image-20161\" src=\"https:\/\/portalnpm.com\/wp-content\/uploads\/2024\/01\/IMG-20200515-WA0491.jpg\" alt=\"\" width=\"1280\" height=\"720\"><img loading=\"lazy\" decoding=\"async\" class=\"alignnone size-medium wp-image-20162\" src=\"https:\/\/portalnpm.com\/wp-content\/uploads\/2024\/01\/IMG-20200515-WA0494.jpg\" alt=\"\" width=\"1280\" height=\"960\"><img loading=\"lazy\" decoding=\"async\" class=\"alignnone size-medium wp-image-20163\" src=\"https:\/\/portalnpm.com\/wp-content\/uploads\/2024\/01\/IMG-20200515-WA0495.jpg\" alt=\"\" width=\"1280\" height=\"640\"><img loading=\"lazy\" decoding=\"async\" class=\"alignnone size-medium wp-image-20164\" src=\"https:\/\/portalnpm.com\/wp-content\/uploads\/2024\/01\/IMG-20200515-WA0496.jpg\" alt=\"\" width=\"1280\" height=\"960\"><\/p>\n","protected":false},"excerpt":{"rendered":"<p>Uma equipe de colaboradores do trecho dos munic&iacute;pios de S&atilde;o Juli&atilde;o, Alegrete e Vila Nova do Piau&iacute;, retornaram ao estado do Paran&aacute; para as suas atividades de trabalho pela empresa Enesa. Com o in&iacute;cio da pandemia, os colaboradores foram dispensados das suas atividades e, com isso, retornaram as suas cidades natal. Nenhum deles foi contaminado &hellip;<\/p>\n","protected":false},"author":3,"featured_media":52599,"comment_status":"open","ping_status":"open","sticky":false,"template":"","format":"standard","meta":{"content-type":"","rop_custom_images_group":[],"rop_custom_messages_group":[],"rop_publish_now":"initial","rop_publish_now_accounts":{"facebook_2648258775420054_1618374048415101":""},"rop_publish_now_history":[],"rop_publish_now_status":"pending","footnotes":"","_jetpack_memberships_contains_paid_content":false},"categories":[113,109,136],"tags":[4388,637,137,149],"yoast_head":"<!-- This site is optimized with the Yoast SEO plugin v22.3 - https:\/\/yoast.com\/wordpress\/plugins\/seo\/ -->\n<title>Colaboradores do trecho de S\u00e3o Juli\u00e3o e regi\u00e3o retornam ao Paran\u00e1; exames testam negativo para Covid-19<\/title>\n<meta name=\"robots\" content=\"index, follow, max-snippet:-1, max-image-preview:large, max-video-preview:-1\" \/>\n<link rel=\"canonical\" href=\"https:\/\/portalnpm.com\/index.php\/2020\/05\/15\/colaboradores-do-trecho-de-sao-juliao-e-regiao-retornam-ao-parana-exames-testam-negativo-para-covid-19\/\" \/>\n<meta property=\"og:locale\" content=\"pt_BR\" \/>\n<meta property=\"og:type\" content=\"article\" \/>\n<meta property=\"og:title\" content=\"Colaboradores do trecho de S\u00e3o Juli\u00e3o e regi\u00e3o retornam ao Paran\u00e1; exames testam negativo para Covid-19\" \/>\n<meta property=\"og:description\" content=\"Uma equipe de colaboradores do trecho dos munic&iacute;pios de S&atilde;o Juli&atilde;o, Alegrete e Vila Nova do Piau&iacute;, retornaram ao estado do Paran&aacute; para as suas atividades de trabalho pela empresa Enesa. Com o in&iacute;cio da pandemia, os colaboradores foram dispensados das suas atividades e, com isso, retornaram as suas cidades natal. Nenhum deles foi contaminado &hellip;\" \/>\n<meta property=\"og:url\" content=\"https:\/\/portalnpm.com\/index.php\/2020\/05\/15\/colaboradores-do-trecho-de-sao-juliao-e-regiao-retornam-ao-parana-exames-testam-negativo-para-covid-19\/\" \/>\n<meta property=\"og:site_name\" content=\"Portal NPM\" \/>\n<meta property=\"article:published_time\" content=\"2020-05-15T16:17:31+00:00\" \/>\n<meta property=\"article:modified_time\" content=\"2024-01-15T21:32:36+00:00\" \/>\n<meta property=\"og:image\" content=\"https:\/\/portalnpm.com\/wp-content\/uploads\/2024\/01\/IMG-20200515-WA0273.jpg\" \/>\n\t<meta property=\"og:image:width\" content=\"1280\" \/>\n\t<meta property=\"og:image:height\" content=\"956\" \/>\n\t<meta property=\"og:image:type\" content=\"image\/jpeg\" \/>\n<meta name=\"author\" content=\"Luis Alberto\" \/>\n<meta name=\"twitter:card\" content=\"summary_large_image\" \/>\n<meta name=\"twitter:label1\" content=\"Escrito por\" \/>\n\t<meta name=\"twitter:data1\" content=\"Luis Alberto\" \/>\n\t<meta name=\"twitter:label2\" content=\"Est. tempo de leitura\" \/>\n\t<meta name=\"twitter:data2\" content=\"1 minuto\" \/>\n<script type=\"application\/ld+json\" class=\"yoast-schema-graph\">{\"@context\":\"https:\/\/schema.org\",\"@graph\":[{\"@type\":\"WebPage\",\"@id\":\"https:\/\/portalnpm.com\/index.php\/2020\/05\/15\/colaboradores-do-trecho-de-sao-juliao-e-regiao-retornam-ao-parana-exames-testam-negativo-para-covid-19\/\",\"url\":\"https:\/\/portalnpm.com\/index.php\/2020\/05\/15\/colaboradores-do-trecho-de-sao-juliao-e-regiao-retornam-ao-parana-exames-testam-negativo-para-covid-19\/\",\"name\":\"Colaboradores do trecho de S\u00e3o Juli\u00e3o e regi\u00e3o retornam ao Paran\u00e1; exames testam negativo para Covid-19\",\"isPartOf\":{\"@id\":\"https:\/\/portalnpm.com\/#website\"},\"primaryImageOfPage\":{\"@id\":\"https:\/\/portalnpm.com\/index.php\/2020\/05\/15\/colaboradores-do-trecho-de-sao-juliao-e-regiao-retornam-ao-parana-exames-testam-negativo-para-covid-19\/#primaryimage\"},\"image\":{\"@id\":\"https:\/\/portalnpm.com\/index.php\/2020\/05\/15\/colaboradores-do-trecho-de-sao-juliao-e-regiao-retornam-ao-parana-exames-testam-negativo-para-covid-19\/#primaryimage\"},\"thumbnailUrl\":\"https:\/\/portalnpm.com\/wp-content\/uploads\/2024\/01\/IMG-20200515-WA0273.jpg\",\"datePublished\":\"2020-05-15T16:17:31+00:00\",\"dateModified\":\"2024-01-15T21:32:36+00:00\",\"author\":{\"@id\":\"https:\/\/portalnpm.com\/#\/schema\/person\/5c8006acdf71774cd4e7a5ab98482152\"},\"breadcrumb\":{\"@id\":\"https:\/\/portalnpm.com\/index.php\/2020\/05\/15\/colaboradores-do-trecho-de-sao-juliao-e-regiao-retornam-ao-parana-exames-testam-negativo-para-covid-19\/#breadcrumb\"},\"inLanguage\":\"pt-BR\",\"potentialAction\":[{\"@type\":\"ReadAction\",\"target\":[\"https:\/\/portalnpm.com\/index.php\/2020\/05\/15\/colaboradores-do-trecho-de-sao-juliao-e-regiao-retornam-ao-parana-exames-testam-negativo-para-covid-19\/\"]}]},{\"@type\":\"ImageObject\",\"inLanguage\":\"pt-BR\",\"@id\":\"https:\/\/portalnpm.com\/index.php\/2020\/05\/15\/colaboradores-do-trecho-de-sao-juliao-e-regiao-retornam-ao-parana-exames-testam-negativo-para-covid-19\/#primaryimage\",\"url\":\"https:\/\/portalnpm.com\/wp-content\/uploads\/2024\/01\/IMG-20200515-WA0273.jpg\",\"contentUrl\":\"https:\/\/portalnpm.com\/wp-content\/uploads\/2024\/01\/IMG-20200515-WA0273.jpg\",\"width\":1280,\"height\":956},{\"@type\":\"BreadcrumbList\",\"@id\":\"https:\/\/portalnpm.com\/index.php\/2020\/05\/15\/colaboradores-do-trecho-de-sao-juliao-e-regiao-retornam-ao-parana-exames-testam-negativo-para-covid-19\/#breadcrumb\",\"itemListElement\":[{\"@type\":\"ListItem\",\"position\":1,\"name\":\"In\u00edcio\",\"item\":\"https:\/\/portalnpm.com\/\"},{\"@type\":\"ListItem\",\"position\":2,\"name\":\"Colaboradores do trecho de S\u00e3o Juli\u00e3o e regi\u00e3o retornam ao Paran\u00e1; exames testam negativo para Covid-19\"}]},{\"@type\":\"WebSite\",\"@id\":\"https:\/\/portalnpm.com\/#website\",\"url\":\"https:\/\/portalnpm.com\/\",\"name\":\"Portal NPM\",\"description\":\"Not\u00edcias em Primeira M\u00e3o\",\"potentialAction\":[{\"@type\":\"SearchAction\",\"target\":{\"@type\":\"EntryPoint\",\"urlTemplate\":\"https:\/\/portalnpm.com\/?s={search_term_string}\"},\"query-input\":\"required name=search_term_string\"}],\"inLanguage\":\"pt-BR\"},{\"@type\":\"Person\",\"@id\":\"https:\/\/portalnpm.com\/#\/schema\/person\/5c8006acdf71774cd4e7a5ab98482152\",\"name\":\"Luis Alberto\",\"image\":{\"@type\":\"ImageObject\",\"inLanguage\":\"pt-BR\",\"@id\":\"https:\/\/portalnpm.com\/#\/schema\/person\/image\/\",\"url\":\"https:\/\/portalnpm.com\/wp-content\/uploads\/2024\/12\/avatar_user_3_1734699769-96x96.jpeg\",\"contentUrl\":\"https:\/\/portalnpm.com\/wp-content\/uploads\/2024\/12\/avatar_user_3_1734699769-96x96.jpeg\",\"caption\":\"Luis Alberto\"},\"description\":\"Editor-geral do Portal NPM, \u00e9 formado como T\u00e9cnico em Seguran\u00e7a do Trabalho pela Escola Metropolitana de Cursos T\u00e9cnicos. Det\u00e9m ainda licenciatura em Educa\u00e7\u00e3o F\u00edsica e bacharelado em Ci\u00eancias Pol\u00edticas, ambos obtidos pela institui\u00e7\u00e3o Anhanguera\/UNOPAR.\",\"url\":\"https:\/\/portalnpm.com\/index.php\/author\/pereira\/\"}]}<\/script>\n<!-- \/ Yoast SEO plugin. -->","yoast_head_json":{"title":"Colaboradores do trecho de S\u00e3o Juli\u00e3o e regi\u00e3o retornam ao Paran\u00e1; exames testam negativo para Covid-19","robots":{"index":"index","follow":"follow","max-snippet":"max-snippet:-1","max-image-preview":"max-image-preview:large","max-video-preview":"max-video-preview:-1"},"canonical":"https:\/\/portalnpm.com\/index.php\/2020\/05\/15\/colaboradores-do-trecho-de-sao-juliao-e-regiao-retornam-ao-parana-exames-testam-negativo-para-covid-19\/","og_locale":"pt_BR","og_type":"article","og_title":"Colaboradores do trecho de S\u00e3o Juli\u00e3o e regi\u00e3o retornam ao Paran\u00e1; exames testam negativo para Covid-19","og_description":"Uma equipe de colaboradores do trecho dos munic&iacute;pios de S&atilde;o Juli&atilde;o, Alegrete e Vila Nova do Piau&iacute;, retornaram ao estado do Paran&aacute; para as suas atividades de trabalho pela empresa Enesa. Com o in&iacute;cio da pandemia, os colaboradores foram dispensados das suas atividades e, com isso, retornaram as suas cidades natal. Nenhum deles foi contaminado &hellip;","og_url":"https:\/\/portalnpm.com\/index.php\/2020\/05\/15\/colaboradores-do-trecho-de-sao-juliao-e-regiao-retornam-ao-parana-exames-testam-negativo-para-covid-19\/","og_site_name":"Portal NPM","article_published_time":"2020-05-15T16:17:31+00:00","article_modified_time":"2024-01-15T21:32:36+00:00","og_image":[{"width":1280,"height":956,"url":"https:\/\/portalnpm.com\/wp-content\/uploads\/2024\/01\/IMG-20200515-WA0273.jpg","type":"image\/jpeg"}],"author":"Luis Alberto","twitter_card":"summary_large_image","twitter_misc":{"Escrito por":"Luis Alberto","Est. tempo de leitura":"1 minuto"},"schema":{"@context":"https:\/\/schema.org","@graph":[{"@type":"WebPage","@id":"https:\/\/portalnpm.com\/index.php\/2020\/05\/15\/colaboradores-do-trecho-de-sao-juliao-e-regiao-retornam-ao-parana-exames-testam-negativo-para-covid-19\/","url":"https:\/\/portalnpm.com\/index.php\/2020\/05\/15\/colaboradores-do-trecho-de-sao-juliao-e-regiao-retornam-ao-parana-exames-testam-negativo-para-covid-19\/","name":"Colaboradores do trecho de S\u00e3o Juli\u00e3o e regi\u00e3o retornam ao Paran\u00e1; exames testam negativo para Covid-19","isPartOf":{"@id":"https:\/\/portalnpm.com\/#website"},"primaryImageOfPage":{"@id":"https:\/\/portalnpm.com\/index.php\/2020\/05\/15\/colaboradores-do-trecho-de-sao-juliao-e-regiao-retornam-ao-parana-exames-testam-negativo-para-covid-19\/#primaryimage"},"image":{"@id":"https:\/\/portalnpm.com\/index.php\/2020\/05\/15\/colaboradores-do-trecho-de-sao-juliao-e-regiao-retornam-ao-parana-exames-testam-negativo-para-covid-19\/#primaryimage"},"thumbnailUrl":"https:\/\/portalnpm.com\/wp-content\/uploads\/2024\/01\/IMG-20200515-WA0273.jpg","datePublished":"2020-05-15T16:17:31+00:00","dateModified":"2024-01-15T21:32:36+00:00","author":{"@id":"https:\/\/portalnpm.com\/#\/schema\/person\/5c8006acdf71774cd4e7a5ab98482152"},"breadcrumb":{"@id":"https:\/\/portalnpm.com\/index.php\/2020\/05\/15\/colaboradores-do-trecho-de-sao-juliao-e-regiao-retornam-ao-parana-exames-testam-negativo-para-covid-19\/#breadcrumb"},"inLanguage":"pt-BR","potentialAction":[{"@type":"ReadAction","target":["https:\/\/portalnpm.com\/index.php\/2020\/05\/15\/colaboradores-do-trecho-de-sao-juliao-e-regiao-retornam-ao-parana-exames-testam-negativo-para-covid-19\/"]}]},{"@type":"ImageObject","inLanguage":"pt-BR","@id":"https:\/\/portalnpm.com\/index.php\/2020\/05\/15\/colaboradores-do-trecho-de-sao-juliao-e-regiao-retornam-ao-parana-exames-testam-negativo-para-covid-19\/#primaryimage","url":"https:\/\/portalnpm.com\/wp-content\/uploads\/2024\/01\/IMG-20200515-WA0273.jpg","contentUrl":"https:\/\/portalnpm.com\/wp-content\/uploads\/2024\/01\/IMG-20200515-WA0273.jpg","width":1280,"height":956},{"@type":"BreadcrumbList","@id":"https:\/\/portalnpm.com\/index.php\/2020\/05\/15\/colaboradores-do-trecho-de-sao-juliao-e-regiao-retornam-ao-parana-exames-testam-negativo-para-covid-19\/#breadcrumb","itemListElement":[{"@type":"ListItem","position":1,"name":"In\u00edcio","item":"https:\/\/portalnpm.com\/"},{"@type":"ListItem","position":2,"name":"Colaboradores do trecho de S\u00e3o Juli\u00e3o e regi\u00e3o retornam ao Paran\u00e1; exames testam negativo para Covid-19"}]},{"@type":"WebSite","@id":"https:\/\/portalnpm.com\/#website","url":"https:\/\/portalnpm.com\/","name":"Portal NPM","description":"Not\u00edcias em Primeira M\u00e3o","potentialAction":[{"@type":"SearchAction","target":{"@type":"EntryPoint","urlTemplate":"https:\/\/portalnpm.com\/?s={search_term_string}"},"query-input":"required name=search_term_string"}],"inLanguage":"pt-BR"},{"@type":"Person","@id":"https:\/\/portalnpm.com\/#\/schema\/person\/5c8006acdf71774cd4e7a5ab98482152","name":"Luis Alberto","image":{"@type":"ImageObject","inLanguage":"pt-BR","@id":"https:\/\/portalnpm.com\/#\/schema\/person\/image\/","url":"https:\/\/portalnpm.com\/wp-content\/uploads\/2024\/12\/avatar_user_3_1734699769-96x96.jpeg","contentUrl":"https:\/\/portalnpm.com\/wp-content\/uploads\/2024\/12\/avatar_user_3_1734699769-96x96.jpeg","caption":"Luis Alberto"},"description":"Editor-geral do Portal NPM, \u00e9 formado como T\u00e9cnico em Seguran\u00e7a do Trabalho pela Escola Metropolitana de Cursos T\u00e9cnicos. Det\u00e9m ainda licenciatura em Educa\u00e7\u00e3o F\u00edsica e bacharelado em Ci\u00eancias Pol\u00edticas, ambos obtidos pela institui\u00e7\u00e3o Anhanguera\/UNOPAR.","url":"https:\/\/portalnpm.com\/index.php\/author\/pereira\/"}]}},"jetpack_sharing_enabled":true,"jetpack_featured_media_url":"https:\/\/portalnpm.com\/wp-content\/uploads\/2024\/01\/IMG-20200515-WA0273.jpg","_links":{"self":[{"href":"https:\/\/portalnpm.com\/index.php\/wp-json\/wp\/v2\/posts\/52598"}],"collection":[{"href":"https:\/\/portalnpm.com\/index.php\/wp-json\/wp\/v2\/posts"}],"about":[{"href":"https:\/\/portalnpm.com\/index.php\/wp-json\/wp\/v2\/types\/post"}],"author":[{"embeddable":true,"href":"https:\/\/portalnpm.com\/index.php\/wp-json\/wp\/v2\/users\/3"}],"replies":[{"embeddable":true,"href":"https:\/\/portalnpm.com\/index.php\/wp-json\/wp\/v2\/comments?post=52598"}],"version-history":[{"count":1,"href":"https:\/\/portalnpm.com\/index.php\/wp-json\/wp\/v2\/posts\/52598\/revisions"}],"predecessor-version":[{"id":52615,"href":"https:\/\/portalnpm.com\/index.php\/wp-json\/wp\/v2\/posts\/52598\/revisions\/52615"}],"wp:featuredmedia":[{"embeddable":true,"href":"https:\/\/portalnpm.com\/index.php\/wp-json\/wp\/v2\/media\/52599"}],"wp:attachment":[{"href":"https:\/\/portalnpm.com\/index.php\/wp-json\/wp\/v2\/media?parent=52598"}],"wp:term":[{"taxonomy":"category","embeddable":true,"href":"https:\/\/portalnpm.com\/index.php\/wp-json\/wp\/v2\/categories?post=52598"},{"taxonomy":"post_tag","embeddable":true,"href":"https:\/\/portalnpm.com\/index.php\/wp-json\/wp\/v2\/tags?post=52598"}],"curies":[{"name":"wp","href":"https:\/\/api.w.org\/{rel}","templated":true}]}}