{"id":52694,"date":"2020-05-19T14:23:38","date_gmt":"2020-05-19T17:23:38","guid":{"rendered":"https:\/\/portalnpm.com\/index.php\/2020\/05\/19\/sao-juliao-sobe-para-8-o-numero-de-infectados-por-coronavirus\/"},"modified":"2024-01-15T18:34:03","modified_gmt":"2024-01-15T21:34:03","slug":"sao-juliao-sobe-para-8-o-numero-de-infectados-por-coronavirus","status":"publish","type":"post","link":"https:\/\/portalnpm.com\/index.php\/2020\/05\/19\/sao-juliao-sobe-para-8-o-numero-de-infectados-por-coronavirus\/","title":{"rendered":"S\u00c3O JULI\u00c3O| Sobe para 8 o n\u00famero de infectados por coronav\u00edrus"},"content":{"rendered":"<p><p style=\"text-align: justify;\">O munic&iacute;pio de S&atilde;o Juli&atilde;o &ndash; PI, na regi&atilde;o de Picos registrou nesta ter&ccedil;a-feira, 19 de maio, mais um novo caso de pessoa infectada pelo novo coronav&iacute;rus.<\/p>\n<p>&nbsp;<\/p>\n<p style=\"text-align: justify;\">Com isso o n&uacute;mero saltou para 8 casos confirmados de covid-19 desde no munic&iacute;pio desde o in&iacute;cio da pandemia.<\/p>\n<p style=\"text-align: justify;\">A Secretaria Municial de Sa&uacute;de informou ao&nbsp;<a href=\"https:\/\/www.facebook.com\/ENoticiasOficial\/\"><em>Portal &Eacute; Not&iacute;cias<\/em><\/a>&nbsp;que todas as medidas necess&aacute;rias e pr&eacute;-estabelecidas pelos protocolos do Minist&eacute;rio da Sa&uacute;de est&atilde;o sendo cumpridas e pede que todos fa&ccedil;am a sua parte mantendo o isolamento e distanciamento social.<\/p>\n<p style=\"text-align: justify;\"><strong>Veja boletim oficial:<\/strong><\/p>\n<p><img fetchpriority=\"high\" decoding=\"async\" class=\"aligncenter size-full wp-image-20299\" src=\"https:\/\/portalnpm.com\/wp-content\/uploads\/2024\/01\/IMG-20200519-WA0230.jpg\" alt=\"\" width=\"938\" height=\"714\"><strong>Fonte<\/strong><\/p>\n<p>: Portal &Eacute; Not&iacute;cias<\/p><\/p>\n","protected":false},"excerpt":{"rendered":"<p>O munic&iacute;pio de S&atilde;o Juli&atilde;o &ndash; PI, na regi&atilde;o de Picos registrou nesta ter&ccedil;a-feira, 19 de maio, mais um novo caso de pessoa infectada pelo novo coronav&iacute;rus. &nbsp; Com isso o n&uacute;mero saltou para 8 casos confirmados de covid-19 desde no munic&iacute;pio desde o in&iacute;cio da pandemia. A Secretaria Municial de Sa&uacute;de informou ao&nbsp;Portal &Eacute; &hellip;<\/p>\n","protected":false},"author":8,"featured_media":2702,"comment_status":"open","ping_status":"open","sticky":false,"template":"","format":"standard","meta":{"content-type":"","rop_custom_images_group":[],"rop_custom_messages_group":[],"rop_publish_now":"initial","rop_publish_now_accounts":{"facebook_2648258775420054_1618374048415101":""},"rop_publish_now_history":[],"rop_publish_now_status":"pending","footnotes":"","_jetpack_memberships_contains_paid_content":false},"categories":[136],"tags":[3760,4217,941,137],"yoast_head":"<!-- This site is optimized with the Yoast SEO plugin v22.3 - https:\/\/yoast.com\/wordpress\/plugins\/seo\/ -->\n<title>S\u00c3O JULI\u00c3O| Sobe para 8 o n\u00famero de infectados por coronav\u00edrus<\/title>\n<meta name=\"robots\" content=\"index, follow, max-snippet:-1, max-image-preview:large, max-video-preview:-1\" \/>\n<link rel=\"canonical\" href=\"https:\/\/portalnpm.com\/index.php\/2020\/05\/19\/sao-juliao-sobe-para-8-o-numero-de-infectados-por-coronavirus\/\" \/>\n<meta property=\"og:locale\" content=\"pt_BR\" \/>\n<meta property=\"og:type\" content=\"article\" \/>\n<meta property=\"og:title\" content=\"S\u00c3O JULI\u00c3O| Sobe para 8 o n\u00famero de infectados por coronav\u00edrus\" \/>\n<meta property=\"og:description\" content=\"O munic&iacute;pio de S&atilde;o Juli&atilde;o &ndash; PI, na regi&atilde;o de Picos registrou nesta ter&ccedil;a-feira, 19 de maio, mais um novo caso de pessoa infectada pelo novo coronav&iacute;rus. &nbsp; Com isso o n&uacute;mero saltou para 8 casos confirmados de covid-19 desde no munic&iacute;pio desde o in&iacute;cio da pandemia. A Secretaria Municial de Sa&uacute;de informou ao&nbsp;Portal &Eacute; &hellip;\" \/>\n<meta property=\"og:url\" content=\"https:\/\/portalnpm.com\/index.php\/2020\/05\/19\/sao-juliao-sobe-para-8-o-numero-de-infectados-por-coronavirus\/\" \/>\n<meta property=\"og:site_name\" content=\"Portal NPM\" \/>\n<meta property=\"article:published_time\" content=\"2020-05-19T17:23:38+00:00\" \/>\n<meta property=\"article:modified_time\" content=\"2024-01-15T21:34:03+00:00\" \/>\n<meta property=\"og:image\" content=\"https:\/\/portalnpm.com\/wp-content\/uploads\/2018\/11\/images-1.jpeg\" \/>\n\t<meta property=\"og:image:width\" content=\"516\" \/>\n\t<meta property=\"og:image:height\" content=\"285\" \/>\n\t<meta property=\"og:image:type\" content=\"image\/jpeg\" \/>\n<meta name=\"author\" content=\"Zenilton Lima\" \/>\n<meta name=\"twitter:card\" content=\"summary_large_image\" \/>\n<meta name=\"twitter:label1\" content=\"Escrito por\" \/>\n\t<meta name=\"twitter:data1\" content=\"Zenilton Lima\" \/>\n\t<meta name=\"twitter:label2\" content=\"Est. tempo de leitura\" \/>\n\t<meta name=\"twitter:data2\" content=\"1 minuto\" \/>\n<script type=\"application\/ld+json\" class=\"yoast-schema-graph\">{\"@context\":\"https:\/\/schema.org\",\"@graph\":[{\"@type\":\"WebPage\",\"@id\":\"https:\/\/portalnpm.com\/index.php\/2020\/05\/19\/sao-juliao-sobe-para-8-o-numero-de-infectados-por-coronavirus\/\",\"url\":\"https:\/\/portalnpm.com\/index.php\/2020\/05\/19\/sao-juliao-sobe-para-8-o-numero-de-infectados-por-coronavirus\/\",\"name\":\"S\u00c3O JULI\u00c3O| Sobe para 8 o n\u00famero de infectados por coronav\u00edrus\",\"isPartOf\":{\"@id\":\"https:\/\/portalnpm.com\/#website\"},\"primaryImageOfPage\":{\"@id\":\"https:\/\/portalnpm.com\/index.php\/2020\/05\/19\/sao-juliao-sobe-para-8-o-numero-de-infectados-por-coronavirus\/#primaryimage\"},\"image\":{\"@id\":\"https:\/\/portalnpm.com\/index.php\/2020\/05\/19\/sao-juliao-sobe-para-8-o-numero-de-infectados-por-coronavirus\/#primaryimage\"},\"thumbnailUrl\":\"https:\/\/portalnpm.com\/wp-content\/uploads\/2018\/11\/images-1.jpeg\",\"datePublished\":\"2020-05-19T17:23:38+00:00\",\"dateModified\":\"2024-01-15T21:34:03+00:00\",\"author\":{\"@id\":\"https:\/\/portalnpm.com\/#\/schema\/person\/35cb55186eae3f074b6783da6d35591e\"},\"breadcrumb\":{\"@id\":\"https:\/\/portalnpm.com\/index.php\/2020\/05\/19\/sao-juliao-sobe-para-8-o-numero-de-infectados-por-coronavirus\/#breadcrumb\"},\"inLanguage\":\"pt-BR\",\"potentialAction\":[{\"@type\":\"ReadAction\",\"target\":[\"https:\/\/portalnpm.com\/index.php\/2020\/05\/19\/sao-juliao-sobe-para-8-o-numero-de-infectados-por-coronavirus\/\"]}]},{\"@type\":\"ImageObject\",\"inLanguage\":\"pt-BR\",\"@id\":\"https:\/\/portalnpm.com\/index.php\/2020\/05\/19\/sao-juliao-sobe-para-8-o-numero-de-infectados-por-coronavirus\/#primaryimage\",\"url\":\"https:\/\/portalnpm.com\/wp-content\/uploads\/2018\/11\/images-1.jpeg\",\"contentUrl\":\"https:\/\/portalnpm.com\/wp-content\/uploads\/2018\/11\/images-1.jpeg\",\"width\":516,\"height\":285},{\"@type\":\"BreadcrumbList\",\"@id\":\"https:\/\/portalnpm.com\/index.php\/2020\/05\/19\/sao-juliao-sobe-para-8-o-numero-de-infectados-por-coronavirus\/#breadcrumb\",\"itemListElement\":[{\"@type\":\"ListItem\",\"position\":1,\"name\":\"In\u00edcio\",\"item\":\"https:\/\/portalnpm.com\/\"},{\"@type\":\"ListItem\",\"position\":2,\"name\":\"S\u00c3O JULI\u00c3O| Sobe para 8 o n\u00famero de infectados por coronav\u00edrus\"}]},{\"@type\":\"WebSite\",\"@id\":\"https:\/\/portalnpm.com\/#website\",\"url\":\"https:\/\/portalnpm.com\/\",\"name\":\"Portal NPM\",\"description\":\"Not\u00edcias em Primeira M\u00e3o\",\"potentialAction\":[{\"@type\":\"SearchAction\",\"target\":{\"@type\":\"EntryPoint\",\"urlTemplate\":\"https:\/\/portalnpm.com\/?s={search_term_string}\"},\"query-input\":\"required name=search_term_string\"}],\"inLanguage\":\"pt-BR\"},{\"@type\":\"Person\",\"@id\":\"https:\/\/portalnpm.com\/#\/schema\/person\/35cb55186eae3f074b6783da6d35591e\",\"name\":\"Zenilton Lima\",\"image\":{\"@type\":\"ImageObject\",\"inLanguage\":\"pt-BR\",\"@id\":\"https:\/\/portalnpm.com\/#\/schema\/person\/image\/\",\"url\":\"https:\/\/portalnpm.com\/wp-content\/uploads\/2024\/12\/avatar_user_8_1733658137-96x96.jpeg\",\"contentUrl\":\"https:\/\/portalnpm.com\/wp-content\/uploads\/2024\/12\/avatar_user_8_1733658137-96x96.jpeg\",\"caption\":\"Zenilton Lima\"},\"url\":\"https:\/\/portalnpm.com\/index.php\/author\/zenilton\/\"}]}<\/script>\n<!-- \/ Yoast SEO plugin. -->","yoast_head_json":{"title":"S\u00c3O JULI\u00c3O| Sobe para 8 o n\u00famero de infectados por coronav\u00edrus","robots":{"index":"index","follow":"follow","max-snippet":"max-snippet:-1","max-image-preview":"max-image-preview:large","max-video-preview":"max-video-preview:-1"},"canonical":"https:\/\/portalnpm.com\/index.php\/2020\/05\/19\/sao-juliao-sobe-para-8-o-numero-de-infectados-por-coronavirus\/","og_locale":"pt_BR","og_type":"article","og_title":"S\u00c3O JULI\u00c3O| Sobe para 8 o n\u00famero de infectados por coronav\u00edrus","og_description":"O munic&iacute;pio de S&atilde;o Juli&atilde;o &ndash; PI, na regi&atilde;o de Picos registrou nesta ter&ccedil;a-feira, 19 de maio, mais um novo caso de pessoa infectada pelo novo coronav&iacute;rus. &nbsp; Com isso o n&uacute;mero saltou para 8 casos confirmados de covid-19 desde no munic&iacute;pio desde o in&iacute;cio da pandemia. A Secretaria Municial de Sa&uacute;de informou ao&nbsp;Portal &Eacute; &hellip;","og_url":"https:\/\/portalnpm.com\/index.php\/2020\/05\/19\/sao-juliao-sobe-para-8-o-numero-de-infectados-por-coronavirus\/","og_site_name":"Portal NPM","article_published_time":"2020-05-19T17:23:38+00:00","article_modified_time":"2024-01-15T21:34:03+00:00","og_image":[{"width":516,"height":285,"url":"https:\/\/portalnpm.com\/wp-content\/uploads\/2018\/11\/images-1.jpeg","type":"image\/jpeg"}],"author":"Zenilton Lima","twitter_card":"summary_large_image","twitter_misc":{"Escrito por":"Zenilton Lima","Est. tempo de leitura":"1 minuto"},"schema":{"@context":"https:\/\/schema.org","@graph":[{"@type":"WebPage","@id":"https:\/\/portalnpm.com\/index.php\/2020\/05\/19\/sao-juliao-sobe-para-8-o-numero-de-infectados-por-coronavirus\/","url":"https:\/\/portalnpm.com\/index.php\/2020\/05\/19\/sao-juliao-sobe-para-8-o-numero-de-infectados-por-coronavirus\/","name":"S\u00c3O JULI\u00c3O| Sobe para 8 o n\u00famero de infectados por coronav\u00edrus","isPartOf":{"@id":"https:\/\/portalnpm.com\/#website"},"primaryImageOfPage":{"@id":"https:\/\/portalnpm.com\/index.php\/2020\/05\/19\/sao-juliao-sobe-para-8-o-numero-de-infectados-por-coronavirus\/#primaryimage"},"image":{"@id":"https:\/\/portalnpm.com\/index.php\/2020\/05\/19\/sao-juliao-sobe-para-8-o-numero-de-infectados-por-coronavirus\/#primaryimage"},"thumbnailUrl":"https:\/\/portalnpm.com\/wp-content\/uploads\/2018\/11\/images-1.jpeg","datePublished":"2020-05-19T17:23:38+00:00","dateModified":"2024-01-15T21:34:03+00:00","author":{"@id":"https:\/\/portalnpm.com\/#\/schema\/person\/35cb55186eae3f074b6783da6d35591e"},"breadcrumb":{"@id":"https:\/\/portalnpm.com\/index.php\/2020\/05\/19\/sao-juliao-sobe-para-8-o-numero-de-infectados-por-coronavirus\/#breadcrumb"},"inLanguage":"pt-BR","potentialAction":[{"@type":"ReadAction","target":["https:\/\/portalnpm.com\/index.php\/2020\/05\/19\/sao-juliao-sobe-para-8-o-numero-de-infectados-por-coronavirus\/"]}]},{"@type":"ImageObject","inLanguage":"pt-BR","@id":"https:\/\/portalnpm.com\/index.php\/2020\/05\/19\/sao-juliao-sobe-para-8-o-numero-de-infectados-por-coronavirus\/#primaryimage","url":"https:\/\/portalnpm.com\/wp-content\/uploads\/2018\/11\/images-1.jpeg","contentUrl":"https:\/\/portalnpm.com\/wp-content\/uploads\/2018\/11\/images-1.jpeg","width":516,"height":285},{"@type":"BreadcrumbList","@id":"https:\/\/portalnpm.com\/index.php\/2020\/05\/19\/sao-juliao-sobe-para-8-o-numero-de-infectados-por-coronavirus\/#breadcrumb","itemListElement":[{"@type":"ListItem","position":1,"name":"In\u00edcio","item":"https:\/\/portalnpm.com\/"},{"@type":"ListItem","position":2,"name":"S\u00c3O JULI\u00c3O| Sobe para 8 o n\u00famero de infectados por coronav\u00edrus"}]},{"@type":"WebSite","@id":"https:\/\/portalnpm.com\/#website","url":"https:\/\/portalnpm.com\/","name":"Portal NPM","description":"Not\u00edcias em Primeira M\u00e3o","potentialAction":[{"@type":"SearchAction","target":{"@type":"EntryPoint","urlTemplate":"https:\/\/portalnpm.com\/?s={search_term_string}"},"query-input":"required name=search_term_string"}],"inLanguage":"pt-BR"},{"@type":"Person","@id":"https:\/\/portalnpm.com\/#\/schema\/person\/35cb55186eae3f074b6783da6d35591e","name":"Zenilton Lima","image":{"@type":"ImageObject","inLanguage":"pt-BR","@id":"https:\/\/portalnpm.com\/#\/schema\/person\/image\/","url":"https:\/\/portalnpm.com\/wp-content\/uploads\/2024\/12\/avatar_user_8_1733658137-96x96.jpeg","contentUrl":"https:\/\/portalnpm.com\/wp-content\/uploads\/2024\/12\/avatar_user_8_1733658137-96x96.jpeg","caption":"Zenilton Lima"},"url":"https:\/\/portalnpm.com\/index.php\/author\/zenilton\/"}]}},"jetpack_sharing_enabled":true,"jetpack_featured_media_url":"https:\/\/portalnpm.com\/wp-content\/uploads\/2018\/11\/images-1.jpeg","_links":{"self":[{"href":"https:\/\/portalnpm.com\/index.php\/wp-json\/wp\/v2\/posts\/52694"}],"collection":[{"href":"https:\/\/portalnpm.com\/index.php\/wp-json\/wp\/v2\/posts"}],"about":[{"href":"https:\/\/portalnpm.com\/index.php\/wp-json\/wp\/v2\/types\/post"}],"author":[{"embeddable":true,"href":"https:\/\/portalnpm.com\/index.php\/wp-json\/wp\/v2\/users\/8"}],"replies":[{"embeddable":true,"href":"https:\/\/portalnpm.com\/index.php\/wp-json\/wp\/v2\/comments?post=52694"}],"version-history":[{"count":1,"href":"https:\/\/portalnpm.com\/index.php\/wp-json\/wp\/v2\/posts\/52694\/revisions"}],"predecessor-version":[{"id":52701,"href":"https:\/\/portalnpm.com\/index.php\/wp-json\/wp\/v2\/posts\/52694\/revisions\/52701"}],"wp:featuredmedia":[{"embeddable":true,"href":"https:\/\/portalnpm.com\/index.php\/wp-json\/wp\/v2\/media\/2702"}],"wp:attachment":[{"href":"https:\/\/portalnpm.com\/index.php\/wp-json\/wp\/v2\/media?parent=52694"}],"wp:term":[{"taxonomy":"category","embeddable":true,"href":"https:\/\/portalnpm.com\/index.php\/wp-json\/wp\/v2\/categories?post=52694"},{"taxonomy":"post_tag","embeddable":true,"href":"https:\/\/portalnpm.com\/index.php\/wp-json\/wp\/v2\/tags?post=52694"}],"curies":[{"name":"wp","href":"https:\/\/api.w.org\/{rel}","templated":true}]}}