{"id":52730,"date":"2020-05-22T17:52:45","date_gmt":"2020-05-22T20:52:45","guid":{"rendered":"https:\/\/portalnpm.com\/index.php\/2020\/05\/22\/hospital-regional-de-picos-registra-duas-mortes-por-covid-19\/"},"modified":"2020-05-22T17:52:45","modified_gmt":"2020-05-22T20:52:45","slug":"hospital-regional-de-picos-registra-duas-mortes-por-covid-19","status":"publish","type":"post","link":"https:\/\/portalnpm.com\/index.php\/2020\/05\/22\/hospital-regional-de-picos-registra-duas-mortes-por-covid-19\/","title":{"rendered":"Hospital Regional de Picos registra duas mortes por Covid-19"},"content":{"rendered":"<p style=\"text-align: justify;\">O Hospital Regional Justino Luz, em Picos, registrou dois novos \u00f3bitos de pacientes confirmados com Covid-19. As v\u00edtimas s\u00e3o um homem, de 72 anos, de Bel\u00e9m do Piau\u00ed e um homem, de 62 anos, de Inhuma-PI.<\/p>\n<p>\u00a0<\/p>\n<p style=\"text-align: justify;\">Segundo informa\u00e7\u00f5es preliminares, o primeiro \u00f3bito (paciente de Bel\u00e9m do Piau\u00ed)\u00a0foi registrado na noite desta quinta-feira (21), por volta de 20h45min. O homem deu entrada no Hospital ainda na noite de ontem. O mesmo era hipertenso e diab\u00e9tico.<\/p>\n<p style=\"text-align: justify;\">O segundo \u00f3bito (paciente de Inhuma-PI) morreu na manh\u00e3 desta sexta-feira (22). O homem estava internado na UTI Covid desde 11 de mar\u00e7o.<\/p>\n<p style=\"text-align: justify;\">O Hospital Regional de Picos j\u00e1 registrou sete \u00f3bitos decorrentes da Covid-19.<\/p>\n<p style=\"text-align: justify;\"><strong>Fonte: Folha Atual<\/strong><\/p>\n","protected":false},"excerpt":{"rendered":"<p>O Hospital Regional Justino Luz, em Picos, registrou dois novos \u00f3bitos de pacientes confirmados com Covid-19. As v\u00edtimas s\u00e3o um homem, de 72 anos, de Bel\u00e9m do Piau\u00ed e um homem, de 62 anos, de Inhuma-PI. \u00a0 Segundo informa\u00e7\u00f5es preliminares, o primeiro \u00f3bito (paciente de Bel\u00e9m do Piau\u00ed)\u00a0foi registrado na noite desta quinta-feira (21), por &hellip;<\/p>\n","protected":false},"author":8,"featured_media":52731,"comment_status":"open","ping_status":"open","sticky":false,"template":"","format":"standard","meta":{"content-type":"","rop_custom_images_group":[],"rop_custom_messages_group":[],"rop_publish_now":"initial","rop_publish_now_accounts":{"facebook_2648258775420054_1618374048415101":""},"rop_publish_now_history":[],"rop_publish_now_status":"pending","footnotes":"","_jetpack_memberships_contains_paid_content":false},"categories":[127],"tags":[1113,2986,566,128,540],"yoast_head":"<!-- This site is optimized with the Yoast SEO plugin v22.3 - https:\/\/yoast.com\/wordpress\/plugins\/seo\/ -->\n<title>Hospital Regional de Picos registra duas mortes por Covid-19<\/title>\n<meta name=\"robots\" content=\"index, follow, max-snippet:-1, max-image-preview:large, max-video-preview:-1\" \/>\n<link rel=\"canonical\" href=\"https:\/\/portalnpm.com\/index.php\/2020\/05\/22\/hospital-regional-de-picos-registra-duas-mortes-por-covid-19\/\" \/>\n<meta property=\"og:locale\" content=\"pt_BR\" \/>\n<meta property=\"og:type\" content=\"article\" \/>\n<meta property=\"og:title\" content=\"Hospital Regional de Picos registra duas mortes por Covid-19\" \/>\n<meta property=\"og:description\" content=\"O Hospital Regional Justino Luz, em Picos, registrou dois novos \u00f3bitos de pacientes confirmados com Covid-19. As v\u00edtimas s\u00e3o um homem, de 72 anos, de Bel\u00e9m do Piau\u00ed e um homem, de 62 anos, de Inhuma-PI. \u00a0 Segundo informa\u00e7\u00f5es preliminares, o primeiro \u00f3bito (paciente de Bel\u00e9m do Piau\u00ed)\u00a0foi registrado na noite desta quinta-feira (21), por &hellip;\" \/>\n<meta property=\"og:url\" content=\"https:\/\/portalnpm.com\/index.php\/2020\/05\/22\/hospital-regional-de-picos-registra-duas-mortes-por-covid-19\/\" \/>\n<meta property=\"og:site_name\" content=\"Portal NPM\" \/>\n<meta property=\"article:published_time\" content=\"2020-05-22T20:52:45+00:00\" \/>\n<meta property=\"og:image\" content=\"https:\/\/portalnpm.com\/wp-content\/uploads\/2024\/01\/FA-IMG-cac2ce459136d7fda859.jpg\" \/>\n\t<meta property=\"og:image:width\" content=\"768\" \/>\n\t<meta property=\"og:image:height\" content=\"516\" \/>\n\t<meta property=\"og:image:type\" content=\"image\/jpeg\" \/>\n<meta name=\"author\" content=\"Zenilton Lima\" \/>\n<meta name=\"twitter:card\" content=\"summary_large_image\" \/>\n<meta name=\"twitter:label1\" content=\"Escrito por\" \/>\n\t<meta name=\"twitter:data1\" content=\"Zenilton Lima\" \/>\n\t<meta name=\"twitter:label2\" content=\"Est. tempo de leitura\" \/>\n\t<meta name=\"twitter:data2\" content=\"1 minuto\" \/>\n<script type=\"application\/ld+json\" class=\"yoast-schema-graph\">{\"@context\":\"https:\/\/schema.org\",\"@graph\":[{\"@type\":\"WebPage\",\"@id\":\"https:\/\/portalnpm.com\/index.php\/2020\/05\/22\/hospital-regional-de-picos-registra-duas-mortes-por-covid-19\/\",\"url\":\"https:\/\/portalnpm.com\/index.php\/2020\/05\/22\/hospital-regional-de-picos-registra-duas-mortes-por-covid-19\/\",\"name\":\"Hospital Regional de Picos registra duas mortes por Covid-19\",\"isPartOf\":{\"@id\":\"https:\/\/portalnpm.com\/#website\"},\"primaryImageOfPage\":{\"@id\":\"https:\/\/portalnpm.com\/index.php\/2020\/05\/22\/hospital-regional-de-picos-registra-duas-mortes-por-covid-19\/#primaryimage\"},\"image\":{\"@id\":\"https:\/\/portalnpm.com\/index.php\/2020\/05\/22\/hospital-regional-de-picos-registra-duas-mortes-por-covid-19\/#primaryimage\"},\"thumbnailUrl\":\"https:\/\/portalnpm.com\/wp-content\/uploads\/2024\/01\/FA-IMG-cac2ce459136d7fda859.jpg\",\"datePublished\":\"2020-05-22T20:52:45+00:00\",\"dateModified\":\"2020-05-22T20:52:45+00:00\",\"author\":{\"@id\":\"https:\/\/portalnpm.com\/#\/schema\/person\/35cb55186eae3f074b6783da6d35591e\"},\"breadcrumb\":{\"@id\":\"https:\/\/portalnpm.com\/index.php\/2020\/05\/22\/hospital-regional-de-picos-registra-duas-mortes-por-covid-19\/#breadcrumb\"},\"inLanguage\":\"pt-BR\",\"potentialAction\":[{\"@type\":\"ReadAction\",\"target\":[\"https:\/\/portalnpm.com\/index.php\/2020\/05\/22\/hospital-regional-de-picos-registra-duas-mortes-por-covid-19\/\"]}]},{\"@type\":\"ImageObject\",\"inLanguage\":\"pt-BR\",\"@id\":\"https:\/\/portalnpm.com\/index.php\/2020\/05\/22\/hospital-regional-de-picos-registra-duas-mortes-por-covid-19\/#primaryimage\",\"url\":\"https:\/\/portalnpm.com\/wp-content\/uploads\/2024\/01\/FA-IMG-cac2ce459136d7fda859.jpg\",\"contentUrl\":\"https:\/\/portalnpm.com\/wp-content\/uploads\/2024\/01\/FA-IMG-cac2ce459136d7fda859.jpg\",\"width\":768,\"height\":516},{\"@type\":\"BreadcrumbList\",\"@id\":\"https:\/\/portalnpm.com\/index.php\/2020\/05\/22\/hospital-regional-de-picos-registra-duas-mortes-por-covid-19\/#breadcrumb\",\"itemListElement\":[{\"@type\":\"ListItem\",\"position\":1,\"name\":\"In\u00edcio\",\"item\":\"https:\/\/portalnpm.com\/\"},{\"@type\":\"ListItem\",\"position\":2,\"name\":\"Hospital Regional de Picos registra duas mortes por Covid-19\"}]},{\"@type\":\"WebSite\",\"@id\":\"https:\/\/portalnpm.com\/#website\",\"url\":\"https:\/\/portalnpm.com\/\",\"name\":\"Portal NPM\",\"description\":\"Not\u00edcias em Primeira M\u00e3o\",\"potentialAction\":[{\"@type\":\"SearchAction\",\"target\":{\"@type\":\"EntryPoint\",\"urlTemplate\":\"https:\/\/portalnpm.com\/?s={search_term_string}\"},\"query-input\":\"required name=search_term_string\"}],\"inLanguage\":\"pt-BR\"},{\"@type\":\"Person\",\"@id\":\"https:\/\/portalnpm.com\/#\/schema\/person\/35cb55186eae3f074b6783da6d35591e\",\"name\":\"Zenilton Lima\",\"image\":{\"@type\":\"ImageObject\",\"inLanguage\":\"pt-BR\",\"@id\":\"https:\/\/portalnpm.com\/#\/schema\/person\/image\/\",\"url\":\"https:\/\/portalnpm.com\/wp-content\/uploads\/2024\/12\/avatar_user_8_1733658137-96x96.jpeg\",\"contentUrl\":\"https:\/\/portalnpm.com\/wp-content\/uploads\/2024\/12\/avatar_user_8_1733658137-96x96.jpeg\",\"caption\":\"Zenilton Lima\"},\"url\":\"https:\/\/portalnpm.com\/index.php\/author\/zenilton\/\"}]}<\/script>\n<!-- \/ Yoast SEO plugin. -->","yoast_head_json":{"title":"Hospital Regional de Picos registra duas mortes por Covid-19","robots":{"index":"index","follow":"follow","max-snippet":"max-snippet:-1","max-image-preview":"max-image-preview:large","max-video-preview":"max-video-preview:-1"},"canonical":"https:\/\/portalnpm.com\/index.php\/2020\/05\/22\/hospital-regional-de-picos-registra-duas-mortes-por-covid-19\/","og_locale":"pt_BR","og_type":"article","og_title":"Hospital Regional de Picos registra duas mortes por Covid-19","og_description":"O Hospital Regional Justino Luz, em Picos, registrou dois novos \u00f3bitos de pacientes confirmados com Covid-19. As v\u00edtimas s\u00e3o um homem, de 72 anos, de Bel\u00e9m do Piau\u00ed e um homem, de 62 anos, de Inhuma-PI. \u00a0 Segundo informa\u00e7\u00f5es preliminares, o primeiro \u00f3bito (paciente de Bel\u00e9m do Piau\u00ed)\u00a0foi registrado na noite desta quinta-feira (21), por &hellip;","og_url":"https:\/\/portalnpm.com\/index.php\/2020\/05\/22\/hospital-regional-de-picos-registra-duas-mortes-por-covid-19\/","og_site_name":"Portal NPM","article_published_time":"2020-05-22T20:52:45+00:00","og_image":[{"width":768,"height":516,"url":"https:\/\/portalnpm.com\/wp-content\/uploads\/2024\/01\/FA-IMG-cac2ce459136d7fda859.jpg","type":"image\/jpeg"}],"author":"Zenilton Lima","twitter_card":"summary_large_image","twitter_misc":{"Escrito por":"Zenilton Lima","Est. tempo de leitura":"1 minuto"},"schema":{"@context":"https:\/\/schema.org","@graph":[{"@type":"WebPage","@id":"https:\/\/portalnpm.com\/index.php\/2020\/05\/22\/hospital-regional-de-picos-registra-duas-mortes-por-covid-19\/","url":"https:\/\/portalnpm.com\/index.php\/2020\/05\/22\/hospital-regional-de-picos-registra-duas-mortes-por-covid-19\/","name":"Hospital Regional de Picos registra duas mortes por Covid-19","isPartOf":{"@id":"https:\/\/portalnpm.com\/#website"},"primaryImageOfPage":{"@id":"https:\/\/portalnpm.com\/index.php\/2020\/05\/22\/hospital-regional-de-picos-registra-duas-mortes-por-covid-19\/#primaryimage"},"image":{"@id":"https:\/\/portalnpm.com\/index.php\/2020\/05\/22\/hospital-regional-de-picos-registra-duas-mortes-por-covid-19\/#primaryimage"},"thumbnailUrl":"https:\/\/portalnpm.com\/wp-content\/uploads\/2024\/01\/FA-IMG-cac2ce459136d7fda859.jpg","datePublished":"2020-05-22T20:52:45+00:00","dateModified":"2020-05-22T20:52:45+00:00","author":{"@id":"https:\/\/portalnpm.com\/#\/schema\/person\/35cb55186eae3f074b6783da6d35591e"},"breadcrumb":{"@id":"https:\/\/portalnpm.com\/index.php\/2020\/05\/22\/hospital-regional-de-picos-registra-duas-mortes-por-covid-19\/#breadcrumb"},"inLanguage":"pt-BR","potentialAction":[{"@type":"ReadAction","target":["https:\/\/portalnpm.com\/index.php\/2020\/05\/22\/hospital-regional-de-picos-registra-duas-mortes-por-covid-19\/"]}]},{"@type":"ImageObject","inLanguage":"pt-BR","@id":"https:\/\/portalnpm.com\/index.php\/2020\/05\/22\/hospital-regional-de-picos-registra-duas-mortes-por-covid-19\/#primaryimage","url":"https:\/\/portalnpm.com\/wp-content\/uploads\/2024\/01\/FA-IMG-cac2ce459136d7fda859.jpg","contentUrl":"https:\/\/portalnpm.com\/wp-content\/uploads\/2024\/01\/FA-IMG-cac2ce459136d7fda859.jpg","width":768,"height":516},{"@type":"BreadcrumbList","@id":"https:\/\/portalnpm.com\/index.php\/2020\/05\/22\/hospital-regional-de-picos-registra-duas-mortes-por-covid-19\/#breadcrumb","itemListElement":[{"@type":"ListItem","position":1,"name":"In\u00edcio","item":"https:\/\/portalnpm.com\/"},{"@type":"ListItem","position":2,"name":"Hospital Regional de Picos registra duas mortes por Covid-19"}]},{"@type":"WebSite","@id":"https:\/\/portalnpm.com\/#website","url":"https:\/\/portalnpm.com\/","name":"Portal NPM","description":"Not\u00edcias em Primeira M\u00e3o","potentialAction":[{"@type":"SearchAction","target":{"@type":"EntryPoint","urlTemplate":"https:\/\/portalnpm.com\/?s={search_term_string}"},"query-input":"required name=search_term_string"}],"inLanguage":"pt-BR"},{"@type":"Person","@id":"https:\/\/portalnpm.com\/#\/schema\/person\/35cb55186eae3f074b6783da6d35591e","name":"Zenilton Lima","image":{"@type":"ImageObject","inLanguage":"pt-BR","@id":"https:\/\/portalnpm.com\/#\/schema\/person\/image\/","url":"https:\/\/portalnpm.com\/wp-content\/uploads\/2024\/12\/avatar_user_8_1733658137-96x96.jpeg","contentUrl":"https:\/\/portalnpm.com\/wp-content\/uploads\/2024\/12\/avatar_user_8_1733658137-96x96.jpeg","caption":"Zenilton Lima"},"url":"https:\/\/portalnpm.com\/index.php\/author\/zenilton\/"}]}},"jetpack_sharing_enabled":true,"jetpack_featured_media_url":"https:\/\/portalnpm.com\/wp-content\/uploads\/2024\/01\/FA-IMG-cac2ce459136d7fda859.jpg","_links":{"self":[{"href":"https:\/\/portalnpm.com\/index.php\/wp-json\/wp\/v2\/posts\/52730"}],"collection":[{"href":"https:\/\/portalnpm.com\/index.php\/wp-json\/wp\/v2\/posts"}],"about":[{"href":"https:\/\/portalnpm.com\/index.php\/wp-json\/wp\/v2\/types\/post"}],"author":[{"embeddable":true,"href":"https:\/\/portalnpm.com\/index.php\/wp-json\/wp\/v2\/users\/8"}],"replies":[{"embeddable":true,"href":"https:\/\/portalnpm.com\/index.php\/wp-json\/wp\/v2\/comments?post=52730"}],"version-history":[{"count":0,"href":"https:\/\/portalnpm.com\/index.php\/wp-json\/wp\/v2\/posts\/52730\/revisions"}],"wp:featuredmedia":[{"embeddable":true,"href":"https:\/\/portalnpm.com\/index.php\/wp-json\/wp\/v2\/media\/52731"}],"wp:attachment":[{"href":"https:\/\/portalnpm.com\/index.php\/wp-json\/wp\/v2\/media?parent=52730"}],"wp:term":[{"taxonomy":"category","embeddable":true,"href":"https:\/\/portalnpm.com\/index.php\/wp-json\/wp\/v2\/categories?post=52730"},{"taxonomy":"post_tag","embeddable":true,"href":"https:\/\/portalnpm.com\/index.php\/wp-json\/wp\/v2\/tags?post=52730"}],"curies":[{"name":"wp","href":"https:\/\/api.w.org\/{rel}","templated":true}]}}