{"id":52874,"date":"2020-05-26T19:35:42","date_gmt":"2020-05-26T22:35:42","guid":{"rendered":"https:\/\/portalnpm.com\/index.php\/2020\/05\/26\/comocao-e-tristeza-marcam-sepultamento-do-menino-aryel-assassinado-em-fronteiras\/"},"modified":"2020-05-26T19:35:42","modified_gmt":"2020-05-26T22:35:42","slug":"comocao-e-tristeza-marcam-sepultamento-do-menino-aryel-assassinado-em-fronteiras","status":"publish","type":"post","link":"https:\/\/portalnpm.com\/index.php\/2020\/05\/26\/comocao-e-tristeza-marcam-sepultamento-do-menino-aryel-assassinado-em-fronteiras\/","title":{"rendered":"Como\u00e7\u00e3o e tristeza marcam sepultamento do menino Aryel, assassinado em Fronteiras"},"content":{"rendered":"<p style=\"text-align: justify;\">A cidade de Fronteiras parou no final da tarde desta ter\u00e7a-feira (26) para acompanhar o sepultamento do menino Aryel, assassinado durante uma tentativa de homic\u00eddio na cidade de Fronteiras.<\/p>\n<p style=\"text-align: justify;\">Cartazes, bal\u00f5es brancos, mensagens e um grande clamor popular marcou o cortejo e sepultamento ocorrido por volta das 17h30, deste fat\u00eddico dia, no Cemit\u00e9rio Local.<\/p>\n<div class=\"separator\">\u00a0<iframe id=\"BLOGGER-video-83a22bea701f696b-9961\" class=\"b-hbp-video b-uploaded litespeed-loaded\" src=\"https:\/\/www.blogger.com\/video.g?token=AD6v5dz2fvA0VNwa7CcMnGXZY-T1HATk8RuLSBa34-1uaaaDc4j53FyPl-86W6SvIFaKFRvU_6IM2LsUpSwbGW1DZ9dWitKgQnZLmRDZb7hqsK16vWdLvoI1oqbnh59j4w_DrfZ0-T8\" width=\"320\" height=\"266\" frameborder=\"0\" allowfullscreen=\"allowfullscreen\" data-lazyloaded=\"1\" data-src=\"https:\/\/www.blogger.com\/video.g?token=AD6v5dz2fvA0VNwa7CcMnGXZY-T1HATk8RuLSBa34-1uaaaDc4j53FyPl-86W6SvIFaKFRvU_6IM2LsUpSwbGW1DZ9dWitKgQnZLmRDZb7hqsK16vWdLvoI1oqbnh59j4w_DrfZ0-T8\" data-mce-fragment=\"1\" data-was-processed=\"true\"><\/iframe><\/div>\n<div class=\"separator\"><iframe id=\"BLOGGER-video-789803359928a7db-7835\" class=\"b-hbp-video b-uploaded litespeed-loaded\" src=\"https:\/\/www.blogger.com\/video.g?token=AD6v5dxuvWKlqXfLg83ylDrKx8iFVTsM-WMQLleqnc281fAZ9b5p9-EBtXIbaieUYvWqwCgKlTWyy7Gkh7-Nh9svz2eiHoprthx-fe5At69rEC-kxK32Cm0KzE6oMc2P-GmyB95aem8\" width=\"320\" height=\"266\" frameborder=\"0\" allowfullscreen=\"allowfullscreen\" data-lazyloaded=\"1\" data-src=\"https:\/\/www.blogger.com\/video.g?token=AD6v5dxuvWKlqXfLg83ylDrKx8iFVTsM-WMQLleqnc281fAZ9b5p9-EBtXIbaieUYvWqwCgKlTWyy7Gkh7-Nh9svz2eiHoprthx-fe5At69rEC-kxK32Cm0KzE6oMc2P-GmyB95aem8\" data-mce-fragment=\"1\" data-was-processed=\"true\"><\/iframe><\/div>\n<div><\/div>\n<div><strong>Fonte: Blog Fronteiras Online<\/strong><\/div>\n<div><\/div>\n<div><strong>Not\u00edcias Relacionada:<\/strong><\/div>\n<div><a href=\"http:\/\/portalnpm.com\/crianca-morre-apos-ser-baleada-durante-tentativa-de-homicidio-em-fronteiras\/\">Crian\u00e7a morre ap\u00f3s ser baleada durante tentativa de homic\u00eddio em Fronteiras<\/a><\/div>\n<div><\/div>\n<div><\/div>\n<div><a href=\"http:\/\/portalnpm.com\/crianca-e-baleada-durante-tentativa-de-homicidio-em-fronteiras\/\">Crian\u00e7a \u00e9 baleada durante tentativa de homic\u00eddio em Fronteiras<\/a><\/div>\n<div><\/div>\n","protected":false},"excerpt":{"rendered":"<p>A cidade de Fronteiras parou no final da tarde desta ter\u00e7a-feira (26) para acompanhar o sepultamento do menino Aryel, assassinado durante uma tentativa de homic\u00eddio na cidade de Fronteiras. Cartazes, bal\u00f5es brancos, mensagens e um grande clamor popular marcou o cortejo e sepultamento ocorrido por volta das 17h30, deste fat\u00eddico dia, no Cemit\u00e9rio Local. \u00a0 &hellip;<\/p>\n","protected":false},"author":8,"featured_media":52875,"comment_status":"open","ping_status":"open","sticky":false,"template":"","format":"standard","meta":{"content-type":"","rop_custom_images_group":[],"rop_custom_messages_group":[],"rop_publish_now":"initial","rop_publish_now_accounts":{"facebook_2648258775420054_1618374048415101":""},"rop_publish_now_history":[],"rop_publish_now_status":"pending","footnotes":"","_jetpack_memberships_contains_paid_content":false},"categories":[151],"tags":[189,429,3351],"yoast_head":"<!-- This site is optimized with the Yoast SEO plugin v22.3 - https:\/\/yoast.com\/wordpress\/plugins\/seo\/ -->\n<title>Como\u00e7\u00e3o e tristeza marcam sepultamento do menino Aryel, assassinado em Fronteiras<\/title>\n<meta name=\"robots\" content=\"index, follow, max-snippet:-1, max-image-preview:large, max-video-preview:-1\" \/>\n<link rel=\"canonical\" href=\"https:\/\/portalnpm.com\/index.php\/2020\/05\/26\/comocao-e-tristeza-marcam-sepultamento-do-menino-aryel-assassinado-em-fronteiras\/\" \/>\n<meta property=\"og:locale\" content=\"pt_BR\" \/>\n<meta property=\"og:type\" content=\"article\" \/>\n<meta property=\"og:title\" content=\"Como\u00e7\u00e3o e tristeza marcam sepultamento do menino Aryel, assassinado em Fronteiras\" \/>\n<meta property=\"og:description\" content=\"A cidade de Fronteiras parou no final da tarde desta ter\u00e7a-feira (26) para acompanhar o sepultamento do menino Aryel, assassinado durante uma tentativa de homic\u00eddio na cidade de Fronteiras. Cartazes, bal\u00f5es brancos, mensagens e um grande clamor popular marcou o cortejo e sepultamento ocorrido por volta das 17h30, deste fat\u00eddico dia, no Cemit\u00e9rio Local. \u00a0 &hellip;\" \/>\n<meta property=\"og:url\" content=\"https:\/\/portalnpm.com\/index.php\/2020\/05\/26\/comocao-e-tristeza-marcam-sepultamento-do-menino-aryel-assassinado-em-fronteiras\/\" \/>\n<meta property=\"og:site_name\" content=\"Portal NPM\" \/>\n<meta property=\"article:published_time\" content=\"2020-05-26T22:35:42+00:00\" \/>\n<meta property=\"og:image\" content=\"https:\/\/portalnpm.com\/wp-content\/uploads\/2024\/01\/IMG-20200525-WA0227.jpg\" \/>\n\t<meta property=\"og:image:width\" content=\"426\" \/>\n\t<meta property=\"og:image:height\" content=\"528\" \/>\n\t<meta property=\"og:image:type\" content=\"image\/jpeg\" \/>\n<meta name=\"author\" content=\"Zenilton Lima\" \/>\n<meta name=\"twitter:card\" content=\"summary_large_image\" \/>\n<meta name=\"twitter:label1\" content=\"Escrito por\" \/>\n\t<meta name=\"twitter:data1\" content=\"Zenilton Lima\" \/>\n<script type=\"application\/ld+json\" class=\"yoast-schema-graph\">{\"@context\":\"https:\/\/schema.org\",\"@graph\":[{\"@type\":\"WebPage\",\"@id\":\"https:\/\/portalnpm.com\/index.php\/2020\/05\/26\/comocao-e-tristeza-marcam-sepultamento-do-menino-aryel-assassinado-em-fronteiras\/\",\"url\":\"https:\/\/portalnpm.com\/index.php\/2020\/05\/26\/comocao-e-tristeza-marcam-sepultamento-do-menino-aryel-assassinado-em-fronteiras\/\",\"name\":\"Como\u00e7\u00e3o e tristeza marcam sepultamento do menino Aryel, assassinado em Fronteiras\",\"isPartOf\":{\"@id\":\"https:\/\/portalnpm.com\/#website\"},\"primaryImageOfPage\":{\"@id\":\"https:\/\/portalnpm.com\/index.php\/2020\/05\/26\/comocao-e-tristeza-marcam-sepultamento-do-menino-aryel-assassinado-em-fronteiras\/#primaryimage\"},\"image\":{\"@id\":\"https:\/\/portalnpm.com\/index.php\/2020\/05\/26\/comocao-e-tristeza-marcam-sepultamento-do-menino-aryel-assassinado-em-fronteiras\/#primaryimage\"},\"thumbnailUrl\":\"https:\/\/portalnpm.com\/wp-content\/uploads\/2024\/01\/IMG-20200525-WA0227.jpg\",\"datePublished\":\"2020-05-26T22:35:42+00:00\",\"dateModified\":\"2020-05-26T22:35:42+00:00\",\"author\":{\"@id\":\"https:\/\/portalnpm.com\/#\/schema\/person\/35cb55186eae3f074b6783da6d35591e\"},\"breadcrumb\":{\"@id\":\"https:\/\/portalnpm.com\/index.php\/2020\/05\/26\/comocao-e-tristeza-marcam-sepultamento-do-menino-aryel-assassinado-em-fronteiras\/#breadcrumb\"},\"inLanguage\":\"pt-BR\",\"potentialAction\":[{\"@type\":\"ReadAction\",\"target\":[\"https:\/\/portalnpm.com\/index.php\/2020\/05\/26\/comocao-e-tristeza-marcam-sepultamento-do-menino-aryel-assassinado-em-fronteiras\/\"]}]},{\"@type\":\"ImageObject\",\"inLanguage\":\"pt-BR\",\"@id\":\"https:\/\/portalnpm.com\/index.php\/2020\/05\/26\/comocao-e-tristeza-marcam-sepultamento-do-menino-aryel-assassinado-em-fronteiras\/#primaryimage\",\"url\":\"https:\/\/portalnpm.com\/wp-content\/uploads\/2024\/01\/IMG-20200525-WA0227.jpg\",\"contentUrl\":\"https:\/\/portalnpm.com\/wp-content\/uploads\/2024\/01\/IMG-20200525-WA0227.jpg\",\"width\":426,\"height\":528},{\"@type\":\"BreadcrumbList\",\"@id\":\"https:\/\/portalnpm.com\/index.php\/2020\/05\/26\/comocao-e-tristeza-marcam-sepultamento-do-menino-aryel-assassinado-em-fronteiras\/#breadcrumb\",\"itemListElement\":[{\"@type\":\"ListItem\",\"position\":1,\"name\":\"In\u00edcio\",\"item\":\"https:\/\/portalnpm.com\/\"},{\"@type\":\"ListItem\",\"position\":2,\"name\":\"Como\u00e7\u00e3o e tristeza marcam sepultamento do menino Aryel, assassinado em Fronteiras\"}]},{\"@type\":\"WebSite\",\"@id\":\"https:\/\/portalnpm.com\/#website\",\"url\":\"https:\/\/portalnpm.com\/\",\"name\":\"Portal NPM\",\"description\":\"Not\u00edcias em Primeira M\u00e3o\",\"potentialAction\":[{\"@type\":\"SearchAction\",\"target\":{\"@type\":\"EntryPoint\",\"urlTemplate\":\"https:\/\/portalnpm.com\/?s={search_term_string}\"},\"query-input\":\"required name=search_term_string\"}],\"inLanguage\":\"pt-BR\"},{\"@type\":\"Person\",\"@id\":\"https:\/\/portalnpm.com\/#\/schema\/person\/35cb55186eae3f074b6783da6d35591e\",\"name\":\"Zenilton Lima\",\"image\":{\"@type\":\"ImageObject\",\"inLanguage\":\"pt-BR\",\"@id\":\"https:\/\/portalnpm.com\/#\/schema\/person\/image\/\",\"url\":\"https:\/\/portalnpm.com\/wp-content\/uploads\/2024\/12\/avatar_user_8_1733658137-96x96.jpeg\",\"contentUrl\":\"https:\/\/portalnpm.com\/wp-content\/uploads\/2024\/12\/avatar_user_8_1733658137-96x96.jpeg\",\"caption\":\"Zenilton Lima\"},\"url\":\"https:\/\/portalnpm.com\/index.php\/author\/zenilton\/\"}]}<\/script>\n<!-- \/ Yoast SEO plugin. -->","yoast_head_json":{"title":"Como\u00e7\u00e3o e tristeza marcam sepultamento do menino Aryel, assassinado em Fronteiras","robots":{"index":"index","follow":"follow","max-snippet":"max-snippet:-1","max-image-preview":"max-image-preview:large","max-video-preview":"max-video-preview:-1"},"canonical":"https:\/\/portalnpm.com\/index.php\/2020\/05\/26\/comocao-e-tristeza-marcam-sepultamento-do-menino-aryel-assassinado-em-fronteiras\/","og_locale":"pt_BR","og_type":"article","og_title":"Como\u00e7\u00e3o e tristeza marcam sepultamento do menino Aryel, assassinado em Fronteiras","og_description":"A cidade de Fronteiras parou no final da tarde desta ter\u00e7a-feira (26) para acompanhar o sepultamento do menino Aryel, assassinado durante uma tentativa de homic\u00eddio na cidade de Fronteiras. Cartazes, bal\u00f5es brancos, mensagens e um grande clamor popular marcou o cortejo e sepultamento ocorrido por volta das 17h30, deste fat\u00eddico dia, no Cemit\u00e9rio Local. \u00a0 &hellip;","og_url":"https:\/\/portalnpm.com\/index.php\/2020\/05\/26\/comocao-e-tristeza-marcam-sepultamento-do-menino-aryel-assassinado-em-fronteiras\/","og_site_name":"Portal NPM","article_published_time":"2020-05-26T22:35:42+00:00","og_image":[{"width":426,"height":528,"url":"https:\/\/portalnpm.com\/wp-content\/uploads\/2024\/01\/IMG-20200525-WA0227.jpg","type":"image\/jpeg"}],"author":"Zenilton Lima","twitter_card":"summary_large_image","twitter_misc":{"Escrito por":"Zenilton Lima"},"schema":{"@context":"https:\/\/schema.org","@graph":[{"@type":"WebPage","@id":"https:\/\/portalnpm.com\/index.php\/2020\/05\/26\/comocao-e-tristeza-marcam-sepultamento-do-menino-aryel-assassinado-em-fronteiras\/","url":"https:\/\/portalnpm.com\/index.php\/2020\/05\/26\/comocao-e-tristeza-marcam-sepultamento-do-menino-aryel-assassinado-em-fronteiras\/","name":"Como\u00e7\u00e3o e tristeza marcam sepultamento do menino Aryel, assassinado em Fronteiras","isPartOf":{"@id":"https:\/\/portalnpm.com\/#website"},"primaryImageOfPage":{"@id":"https:\/\/portalnpm.com\/index.php\/2020\/05\/26\/comocao-e-tristeza-marcam-sepultamento-do-menino-aryel-assassinado-em-fronteiras\/#primaryimage"},"image":{"@id":"https:\/\/portalnpm.com\/index.php\/2020\/05\/26\/comocao-e-tristeza-marcam-sepultamento-do-menino-aryel-assassinado-em-fronteiras\/#primaryimage"},"thumbnailUrl":"https:\/\/portalnpm.com\/wp-content\/uploads\/2024\/01\/IMG-20200525-WA0227.jpg","datePublished":"2020-05-26T22:35:42+00:00","dateModified":"2020-05-26T22:35:42+00:00","author":{"@id":"https:\/\/portalnpm.com\/#\/schema\/person\/35cb55186eae3f074b6783da6d35591e"},"breadcrumb":{"@id":"https:\/\/portalnpm.com\/index.php\/2020\/05\/26\/comocao-e-tristeza-marcam-sepultamento-do-menino-aryel-assassinado-em-fronteiras\/#breadcrumb"},"inLanguage":"pt-BR","potentialAction":[{"@type":"ReadAction","target":["https:\/\/portalnpm.com\/index.php\/2020\/05\/26\/comocao-e-tristeza-marcam-sepultamento-do-menino-aryel-assassinado-em-fronteiras\/"]}]},{"@type":"ImageObject","inLanguage":"pt-BR","@id":"https:\/\/portalnpm.com\/index.php\/2020\/05\/26\/comocao-e-tristeza-marcam-sepultamento-do-menino-aryel-assassinado-em-fronteiras\/#primaryimage","url":"https:\/\/portalnpm.com\/wp-content\/uploads\/2024\/01\/IMG-20200525-WA0227.jpg","contentUrl":"https:\/\/portalnpm.com\/wp-content\/uploads\/2024\/01\/IMG-20200525-WA0227.jpg","width":426,"height":528},{"@type":"BreadcrumbList","@id":"https:\/\/portalnpm.com\/index.php\/2020\/05\/26\/comocao-e-tristeza-marcam-sepultamento-do-menino-aryel-assassinado-em-fronteiras\/#breadcrumb","itemListElement":[{"@type":"ListItem","position":1,"name":"In\u00edcio","item":"https:\/\/portalnpm.com\/"},{"@type":"ListItem","position":2,"name":"Como\u00e7\u00e3o e tristeza marcam sepultamento do menino Aryel, assassinado em Fronteiras"}]},{"@type":"WebSite","@id":"https:\/\/portalnpm.com\/#website","url":"https:\/\/portalnpm.com\/","name":"Portal NPM","description":"Not\u00edcias em Primeira M\u00e3o","potentialAction":[{"@type":"SearchAction","target":{"@type":"EntryPoint","urlTemplate":"https:\/\/portalnpm.com\/?s={search_term_string}"},"query-input":"required name=search_term_string"}],"inLanguage":"pt-BR"},{"@type":"Person","@id":"https:\/\/portalnpm.com\/#\/schema\/person\/35cb55186eae3f074b6783da6d35591e","name":"Zenilton Lima","image":{"@type":"ImageObject","inLanguage":"pt-BR","@id":"https:\/\/portalnpm.com\/#\/schema\/person\/image\/","url":"https:\/\/portalnpm.com\/wp-content\/uploads\/2024\/12\/avatar_user_8_1733658137-96x96.jpeg","contentUrl":"https:\/\/portalnpm.com\/wp-content\/uploads\/2024\/12\/avatar_user_8_1733658137-96x96.jpeg","caption":"Zenilton Lima"},"url":"https:\/\/portalnpm.com\/index.php\/author\/zenilton\/"}]}},"jetpack_sharing_enabled":true,"jetpack_featured_media_url":"https:\/\/portalnpm.com\/wp-content\/uploads\/2024\/01\/IMG-20200525-WA0227.jpg","_links":{"self":[{"href":"https:\/\/portalnpm.com\/index.php\/wp-json\/wp\/v2\/posts\/52874"}],"collection":[{"href":"https:\/\/portalnpm.com\/index.php\/wp-json\/wp\/v2\/posts"}],"about":[{"href":"https:\/\/portalnpm.com\/index.php\/wp-json\/wp\/v2\/types\/post"}],"author":[{"embeddable":true,"href":"https:\/\/portalnpm.com\/index.php\/wp-json\/wp\/v2\/users\/8"}],"replies":[{"embeddable":true,"href":"https:\/\/portalnpm.com\/index.php\/wp-json\/wp\/v2\/comments?post=52874"}],"version-history":[{"count":0,"href":"https:\/\/portalnpm.com\/index.php\/wp-json\/wp\/v2\/posts\/52874\/revisions"}],"wp:featuredmedia":[{"embeddable":true,"href":"https:\/\/portalnpm.com\/index.php\/wp-json\/wp\/v2\/media\/52875"}],"wp:attachment":[{"href":"https:\/\/portalnpm.com\/index.php\/wp-json\/wp\/v2\/media?parent=52874"}],"wp:term":[{"taxonomy":"category","embeddable":true,"href":"https:\/\/portalnpm.com\/index.php\/wp-json\/wp\/v2\/categories?post=52874"},{"taxonomy":"post_tag","embeddable":true,"href":"https:\/\/portalnpm.com\/index.php\/wp-json\/wp\/v2\/tags?post=52874"}],"curies":[{"name":"wp","href":"https:\/\/api.w.org\/{rel}","templated":true}]}}