{"id":52916,"date":"2020-06-02T12:28:00","date_gmt":"2020-06-02T15:28:00","guid":{"rendered":"https:\/\/portalnpm.com\/index.php\/2020\/06\/02\/hgv-e-hospital-regional-de-picos-irao-receber-novos-respiradores\/"},"modified":"2020-06-02T12:28:00","modified_gmt":"2020-06-02T15:28:00","slug":"hgv-e-hospital-regional-de-picos-irao-receber-novos-respiradores","status":"publish","type":"post","link":"https:\/\/portalnpm.com\/index.php\/2020\/06\/02\/hgv-e-hospital-regional-de-picos-irao-receber-novos-respiradores\/","title":{"rendered":"HGV e Hospital Regional de Picos ir\u00e3o receber novos respiradores"},"content":{"rendered":"<p style=\"text-align: justify;\">O Piau\u00ed recebeu na manh\u00e3 desta segunda (01),\u00a0100 novos respiradores importados da Turquia e adquiridos pelo Governo do Estado do Piau\u00ed, atrav\u00e9s da Secretaria de Estado da Sa\u00fade (Sesapi). Eles ir\u00e3o ampliar a capacidade de terapia intensiva do estado no enfrentamento da COVID-19. Os equipamentos ser\u00e3o encaminhados para os hospitais estaduais e de refer\u00eancia no combate a pandemia para garantir melhores condi\u00e7\u00f5es de atendimento \u00e0 popula\u00e7\u00e3o. Al\u00e9m dos 100 respiradores adquiridos pelo Estado, tamb\u00e9m chegaram outros 70 respiradores comprados pela Prefeitura de Teresina.<\/p>\n<p style=\"text-align: justify;\">\n<p style=\"text-align: justify;\">Segundo do secret\u00e1rio de Estado da Sa\u00fade, Florentino Neto, os equipamentos s\u00e3o fundamentais para a montagem de leitos de UTI e de Estabiliza\u00e7\u00e3o que s\u00e3o essenciais para o tratamento de pacientes da COVID-19 que apresentarem complica\u00e7\u00f5es no seu quadro cl\u00ednico. Ele relembra que na \u00faltima quarta-feira o Piau\u00ed recebeu outros 20 respiradores que fazem parte de uma compra realizada no in\u00edcio do ano pela Sesapi, de um total de 80 equipamentos, quando o governo j\u00e1 buscava formas de ampliar sua capacidade de terapia intensiva.<\/p>\n<p style=\"text-align: justify;\">Os respiradres ser\u00e3o destinados a amplia\u00e7\u00e3o de UTIs no Hospital Get\u00falio Vargas (HGV),\u00a0ao Hospital da Pol\u00edcia Militar (HPM), ser\u00e3o instalados os \u00faltimos leitos de estabiliza\u00e7\u00e3o do Hospital de Campanha do Verd\u00e3o,\u00a0e tamb\u00e9m ampliar\u00e3o a capacidade de terapia intensiva em Parna\u00edba, Picos (Hospital Regional Justino Luz), Piripiri e Floriano,\u00a0apontou o secret\u00e1rio Florentino Neto.<\/p>\n<p style=\"text-align: justify;\">Os hospitais Get\u00falio Vargas e Justino Luz (Picos), ambos gerenciados pela Funda\u00e7\u00e3o Piauiense de Servi\u00e7os Hospitalares (FEPISERH), est\u00e3o entre as unidades hospitalares que receber\u00e3o equipamentos\u00a0para ampliar a capacidade de atendimento. Atualmente, o Get\u00falio Vargas conta com 30 UTIs exclusivas para tratamento de Covid-19, e o Hospital de Picos, 8, al\u00e9m das unidades de terapia intensiva geral, para outras patologias. No total, o HGV disp\u00f5e de 46 UTIs e Picos, 18.<\/p>\n<p style=\"text-align: justify;\">Para o presidente da FEPISERH, Pablo Santos, os hospitais administrados pela Funda\u00e7\u00e3o est\u00e3o atendendo a demanda de acordo com o previsto para o est\u00e1gio inicial da pandemia. \u201cOs hospitais Get\u00falio Vargas e Justino Luz est\u00e3o estruturados com UTIs e leitos cl\u00ednicos para assistir a popula\u00e7\u00e3o at\u00e9 o momento, mas diante do aumento de casos de Covid, como j\u00e1 era aguardado, estamos ampliando a capacidade de acolhimento para acautelar um poss\u00edvel colapso, o que esperamos que n\u00e3o aconte\u00e7a. Da\u00ed, a import\u00e2ncia de manter o isolamento e evitar a sobrecarga na rede estadual\u201d, alerta Santos.<\/p>\n<p style=\"text-align: justify;\">O estado espera ainda receber mais 60 respiradores que fazem parte dos 80 adquiridos no in\u00edcio do ano pela Sesapi, e que por decis\u00e3o do STF devem chegar ao Piau\u00ed nas pr\u00f3ximas semanas.<\/p>\n<p style=\"text-align: justify;\"><em><strong>Fonte<\/strong>: SESAPI\/FEPISERH<\/em><\/p>\n","protected":false},"excerpt":{"rendered":"<p>O Piau\u00ed recebeu na manh\u00e3 desta segunda (01),\u00a0100 novos respiradores importados da Turquia e adquiridos pelo Governo do Estado do Piau\u00ed, atrav\u00e9s da Secretaria de Estado da Sa\u00fade (Sesapi). Eles ir\u00e3o ampliar a capacidade de terapia intensiva do estado no enfrentamento da COVID-19. Os equipamentos ser\u00e3o encaminhados para os hospitais estaduais e de refer\u00eancia no &hellip;<\/p>\n","protected":false},"author":8,"featured_media":20567,"comment_status":"open","ping_status":"open","sticky":false,"template":"","format":"standard","meta":{"content-type":"","rop_custom_images_group":[],"rop_custom_messages_group":[],"rop_publish_now":"initial","rop_publish_now_accounts":{"facebook_2648258775420054_1618374048415101":""},"rop_publish_now_history":[],"rop_publish_now_status":"pending","footnotes":"","_jetpack_memberships_contains_paid_content":false},"categories":[113,127],"tags":[4519,1840,128],"yoast_head":"<!-- This site is optimized with the Yoast SEO plugin v22.3 - https:\/\/yoast.com\/wordpress\/plugins\/seo\/ -->\n<title>HGV e Hospital Regional de Picos ir\u00e3o receber novos respiradores<\/title>\n<meta name=\"robots\" content=\"index, follow, max-snippet:-1, max-image-preview:large, max-video-preview:-1\" \/>\n<link rel=\"canonical\" href=\"https:\/\/portalnpm.com\/index.php\/2020\/06\/02\/hgv-e-hospital-regional-de-picos-irao-receber-novos-respiradores\/\" \/>\n<meta property=\"og:locale\" content=\"pt_BR\" \/>\n<meta property=\"og:type\" content=\"article\" \/>\n<meta property=\"og:title\" content=\"HGV e Hospital Regional de Picos ir\u00e3o receber novos respiradores\" \/>\n<meta property=\"og:description\" content=\"O Piau\u00ed recebeu na manh\u00e3 desta segunda (01),\u00a0100 novos respiradores importados da Turquia e adquiridos pelo Governo do Estado do Piau\u00ed, atrav\u00e9s da Secretaria de Estado da Sa\u00fade (Sesapi). Eles ir\u00e3o ampliar a capacidade de terapia intensiva do estado no enfrentamento da COVID-19. Os equipamentos ser\u00e3o encaminhados para os hospitais estaduais e de refer\u00eancia no &hellip;\" \/>\n<meta property=\"og:url\" content=\"https:\/\/portalnpm.com\/index.php\/2020\/06\/02\/hgv-e-hospital-regional-de-picos-irao-receber-novos-respiradores\/\" \/>\n<meta property=\"og:site_name\" content=\"Portal NPM\" \/>\n<meta property=\"article:published_time\" content=\"2020-06-02T15:28:00+00:00\" \/>\n<meta name=\"author\" content=\"Zenilton Lima\" \/>\n<meta name=\"twitter:card\" content=\"summary_large_image\" \/>\n<meta name=\"twitter:label1\" content=\"Escrito por\" \/>\n\t<meta name=\"twitter:data1\" content=\"Zenilton Lima\" \/>\n\t<meta name=\"twitter:label2\" content=\"Est. tempo de leitura\" \/>\n\t<meta name=\"twitter:data2\" content=\"2 minutos\" \/>\n<script type=\"application\/ld+json\" class=\"yoast-schema-graph\">{\"@context\":\"https:\/\/schema.org\",\"@graph\":[{\"@type\":\"WebPage\",\"@id\":\"https:\/\/portalnpm.com\/index.php\/2020\/06\/02\/hgv-e-hospital-regional-de-picos-irao-receber-novos-respiradores\/\",\"url\":\"https:\/\/portalnpm.com\/index.php\/2020\/06\/02\/hgv-e-hospital-regional-de-picos-irao-receber-novos-respiradores\/\",\"name\":\"HGV e Hospital Regional de Picos ir\u00e3o receber novos respiradores\",\"isPartOf\":{\"@id\":\"https:\/\/portalnpm.com\/#website\"},\"primaryImageOfPage\":{\"@id\":\"https:\/\/portalnpm.com\/index.php\/2020\/06\/02\/hgv-e-hospital-regional-de-picos-irao-receber-novos-respiradores\/#primaryimage\"},\"image\":{\"@id\":\"https:\/\/portalnpm.com\/index.php\/2020\/06\/02\/hgv-e-hospital-regional-de-picos-irao-receber-novos-respiradores\/#primaryimage\"},\"thumbnailUrl\":\"\",\"datePublished\":\"2020-06-02T15:28:00+00:00\",\"dateModified\":\"2020-06-02T15:28:00+00:00\",\"author\":{\"@id\":\"https:\/\/portalnpm.com\/#\/schema\/person\/35cb55186eae3f074b6783da6d35591e\"},\"breadcrumb\":{\"@id\":\"https:\/\/portalnpm.com\/index.php\/2020\/06\/02\/hgv-e-hospital-regional-de-picos-irao-receber-novos-respiradores\/#breadcrumb\"},\"inLanguage\":\"pt-BR\",\"potentialAction\":[{\"@type\":\"ReadAction\",\"target\":[\"https:\/\/portalnpm.com\/index.php\/2020\/06\/02\/hgv-e-hospital-regional-de-picos-irao-receber-novos-respiradores\/\"]}]},{\"@type\":\"ImageObject\",\"inLanguage\":\"pt-BR\",\"@id\":\"https:\/\/portalnpm.com\/index.php\/2020\/06\/02\/hgv-e-hospital-regional-de-picos-irao-receber-novos-respiradores\/#primaryimage\",\"url\":\"\",\"contentUrl\":\"\"},{\"@type\":\"BreadcrumbList\",\"@id\":\"https:\/\/portalnpm.com\/index.php\/2020\/06\/02\/hgv-e-hospital-regional-de-picos-irao-receber-novos-respiradores\/#breadcrumb\",\"itemListElement\":[{\"@type\":\"ListItem\",\"position\":1,\"name\":\"In\u00edcio\",\"item\":\"https:\/\/portalnpm.com\/\"},{\"@type\":\"ListItem\",\"position\":2,\"name\":\"HGV e Hospital Regional de Picos ir\u00e3o receber novos respiradores\"}]},{\"@type\":\"WebSite\",\"@id\":\"https:\/\/portalnpm.com\/#website\",\"url\":\"https:\/\/portalnpm.com\/\",\"name\":\"Portal NPM\",\"description\":\"Not\u00edcias em Primeira M\u00e3o\",\"potentialAction\":[{\"@type\":\"SearchAction\",\"target\":{\"@type\":\"EntryPoint\",\"urlTemplate\":\"https:\/\/portalnpm.com\/?s={search_term_string}\"},\"query-input\":\"required name=search_term_string\"}],\"inLanguage\":\"pt-BR\"},{\"@type\":\"Person\",\"@id\":\"https:\/\/portalnpm.com\/#\/schema\/person\/35cb55186eae3f074b6783da6d35591e\",\"name\":\"Zenilton Lima\",\"image\":{\"@type\":\"ImageObject\",\"inLanguage\":\"pt-BR\",\"@id\":\"https:\/\/portalnpm.com\/#\/schema\/person\/image\/\",\"url\":\"https:\/\/portalnpm.com\/wp-content\/uploads\/2024\/12\/avatar_user_8_1733658137-96x96.jpeg\",\"contentUrl\":\"https:\/\/portalnpm.com\/wp-content\/uploads\/2024\/12\/avatar_user_8_1733658137-96x96.jpeg\",\"caption\":\"Zenilton Lima\"},\"url\":\"https:\/\/portalnpm.com\/index.php\/author\/zenilton\/\"}]}<\/script>\n<!-- \/ Yoast SEO plugin. -->","yoast_head_json":{"title":"HGV e Hospital Regional de Picos ir\u00e3o receber novos respiradores","robots":{"index":"index","follow":"follow","max-snippet":"max-snippet:-1","max-image-preview":"max-image-preview:large","max-video-preview":"max-video-preview:-1"},"canonical":"https:\/\/portalnpm.com\/index.php\/2020\/06\/02\/hgv-e-hospital-regional-de-picos-irao-receber-novos-respiradores\/","og_locale":"pt_BR","og_type":"article","og_title":"HGV e Hospital Regional de Picos ir\u00e3o receber novos respiradores","og_description":"O Piau\u00ed recebeu na manh\u00e3 desta segunda (01),\u00a0100 novos respiradores importados da Turquia e adquiridos pelo Governo do Estado do Piau\u00ed, atrav\u00e9s da Secretaria de Estado da Sa\u00fade (Sesapi). Eles ir\u00e3o ampliar a capacidade de terapia intensiva do estado no enfrentamento da COVID-19. Os equipamentos ser\u00e3o encaminhados para os hospitais estaduais e de refer\u00eancia no &hellip;","og_url":"https:\/\/portalnpm.com\/index.php\/2020\/06\/02\/hgv-e-hospital-regional-de-picos-irao-receber-novos-respiradores\/","og_site_name":"Portal NPM","article_published_time":"2020-06-02T15:28:00+00:00","author":"Zenilton Lima","twitter_card":"summary_large_image","twitter_misc":{"Escrito por":"Zenilton Lima","Est. tempo de leitura":"2 minutos"},"schema":{"@context":"https:\/\/schema.org","@graph":[{"@type":"WebPage","@id":"https:\/\/portalnpm.com\/index.php\/2020\/06\/02\/hgv-e-hospital-regional-de-picos-irao-receber-novos-respiradores\/","url":"https:\/\/portalnpm.com\/index.php\/2020\/06\/02\/hgv-e-hospital-regional-de-picos-irao-receber-novos-respiradores\/","name":"HGV e Hospital Regional de Picos ir\u00e3o receber novos respiradores","isPartOf":{"@id":"https:\/\/portalnpm.com\/#website"},"primaryImageOfPage":{"@id":"https:\/\/portalnpm.com\/index.php\/2020\/06\/02\/hgv-e-hospital-regional-de-picos-irao-receber-novos-respiradores\/#primaryimage"},"image":{"@id":"https:\/\/portalnpm.com\/index.php\/2020\/06\/02\/hgv-e-hospital-regional-de-picos-irao-receber-novos-respiradores\/#primaryimage"},"thumbnailUrl":"","datePublished":"2020-06-02T15:28:00+00:00","dateModified":"2020-06-02T15:28:00+00:00","author":{"@id":"https:\/\/portalnpm.com\/#\/schema\/person\/35cb55186eae3f074b6783da6d35591e"},"breadcrumb":{"@id":"https:\/\/portalnpm.com\/index.php\/2020\/06\/02\/hgv-e-hospital-regional-de-picos-irao-receber-novos-respiradores\/#breadcrumb"},"inLanguage":"pt-BR","potentialAction":[{"@type":"ReadAction","target":["https:\/\/portalnpm.com\/index.php\/2020\/06\/02\/hgv-e-hospital-regional-de-picos-irao-receber-novos-respiradores\/"]}]},{"@type":"ImageObject","inLanguage":"pt-BR","@id":"https:\/\/portalnpm.com\/index.php\/2020\/06\/02\/hgv-e-hospital-regional-de-picos-irao-receber-novos-respiradores\/#primaryimage","url":"","contentUrl":""},{"@type":"BreadcrumbList","@id":"https:\/\/portalnpm.com\/index.php\/2020\/06\/02\/hgv-e-hospital-regional-de-picos-irao-receber-novos-respiradores\/#breadcrumb","itemListElement":[{"@type":"ListItem","position":1,"name":"In\u00edcio","item":"https:\/\/portalnpm.com\/"},{"@type":"ListItem","position":2,"name":"HGV e Hospital Regional de Picos ir\u00e3o receber novos respiradores"}]},{"@type":"WebSite","@id":"https:\/\/portalnpm.com\/#website","url":"https:\/\/portalnpm.com\/","name":"Portal NPM","description":"Not\u00edcias em Primeira M\u00e3o","potentialAction":[{"@type":"SearchAction","target":{"@type":"EntryPoint","urlTemplate":"https:\/\/portalnpm.com\/?s={search_term_string}"},"query-input":"required name=search_term_string"}],"inLanguage":"pt-BR"},{"@type":"Person","@id":"https:\/\/portalnpm.com\/#\/schema\/person\/35cb55186eae3f074b6783da6d35591e","name":"Zenilton Lima","image":{"@type":"ImageObject","inLanguage":"pt-BR","@id":"https:\/\/portalnpm.com\/#\/schema\/person\/image\/","url":"https:\/\/portalnpm.com\/wp-content\/uploads\/2024\/12\/avatar_user_8_1733658137-96x96.jpeg","contentUrl":"https:\/\/portalnpm.com\/wp-content\/uploads\/2024\/12\/avatar_user_8_1733658137-96x96.jpeg","caption":"Zenilton Lima"},"url":"https:\/\/portalnpm.com\/index.php\/author\/zenilton\/"}]}},"jetpack_sharing_enabled":true,"jetpack_featured_media_url":"","_links":{"self":[{"href":"https:\/\/portalnpm.com\/index.php\/wp-json\/wp\/v2\/posts\/52916"}],"collection":[{"href":"https:\/\/portalnpm.com\/index.php\/wp-json\/wp\/v2\/posts"}],"about":[{"href":"https:\/\/portalnpm.com\/index.php\/wp-json\/wp\/v2\/types\/post"}],"author":[{"embeddable":true,"href":"https:\/\/portalnpm.com\/index.php\/wp-json\/wp\/v2\/users\/8"}],"replies":[{"embeddable":true,"href":"https:\/\/portalnpm.com\/index.php\/wp-json\/wp\/v2\/comments?post=52916"}],"version-history":[{"count":0,"href":"https:\/\/portalnpm.com\/index.php\/wp-json\/wp\/v2\/posts\/52916\/revisions"}],"wp:featuredmedia":[{"embeddable":true,"href":"https:\/\/portalnpm.com\/index.php\/wp-json\/"}],"wp:attachment":[{"href":"https:\/\/portalnpm.com\/index.php\/wp-json\/wp\/v2\/media?parent=52916"}],"wp:term":[{"taxonomy":"category","embeddable":true,"href":"https:\/\/portalnpm.com\/index.php\/wp-json\/wp\/v2\/categories?post=52916"},{"taxonomy":"post_tag","embeddable":true,"href":"https:\/\/portalnpm.com\/index.php\/wp-json\/wp\/v2\/tags?post=52916"}],"curies":[{"name":"wp","href":"https:\/\/api.w.org\/{rel}","templated":true}]}}