{"id":52922,"date":"2020-06-03T20:13:30","date_gmt":"2020-06-03T23:13:30","guid":{"rendered":"https:\/\/portalnpm.com\/index.php\/2020\/06\/03\/bolsonaro-quer-estender-auxilio-emergencial-por-mais-tres-meses\/"},"modified":"2020-06-03T20:13:30","modified_gmt":"2020-06-03T23:13:30","slug":"bolsonaro-quer-estender-auxilio-emergencial-por-mais-tres-meses","status":"publish","type":"post","link":"https:\/\/portalnpm.com\/index.php\/2020\/06\/03\/bolsonaro-quer-estender-auxilio-emergencial-por-mais-tres-meses\/","title":{"rendered":"Bolsonaro quer estender aux\u00edlio emergencial por mais tr\u00eas meses"},"content":{"rendered":"<p style=\"text-align: justify;\">O presidente Jair Bolsonaro deseja estender o aux\u00edlio emergencial de R$ 600 por mais tr\u00eas meses como forma de evitar uma crise ainda maior devido \u00e0 pandemia do coronav\u00edrus. Ele criticou mais uma vez governadores, prefeitos e o Supremo Tribunal Federal (STF) ao afirmar que muitos estariam passando fome se n\u00e3o fosse a ajuda do governo.<\/p>\n<p>\u00a0<\/p>\n<p style=\"text-align: justify;\">\u2013 Temos mais uma parcela de R$ 600, depois mais duas acertadas com o Paulo Guedes. Falta definir a\u00ed o montante. E vamos esperar que at\u00e9 l\u00e1 os outros governadores entendam o que seja melhor para o seu estado e adotem medidas para voltar a\u00ed o povo a trabalhar.<\/p>\n<p style=\"text-align: justify;\">Bolsonaro disse que com a crise \u201co pobre est\u00e1 ficando miser\u00e1vel e a classe m\u00e9dia est\u00e1 ficando pobre\u201d. Ele reclamou que n\u00e3o faltam problemas a serem resolvidos diante dessa situa\u00e7\u00e3o do pa\u00eds.<\/p>\n<p style=\"text-align: justify;\">\u2013 Estamos fazendo o poss\u00edvel. Se n\u00e3o fossem os R$ 600, o Brasil j\u00e1 tinha entrado em crise j\u00e1. Eu penso que os 38 milh\u00f5es de informais n\u00e3o teriam o que comer mais. Agora, \u00e9 dif\u00edcil falar isso a\u00ed. O povo a\u00ed vai se conscientizando do que est\u00e1 acontecendo no Brasil.<\/p>\n<p style=\"text-align: justify;\">O aux\u00edlio emergencial de R$ 600 foi aprovado pelo Congresso no dia 1\u00ba de abril. Trabalhadores informais, desempregados, MEIs e contribuintes individuais do INSS, maiores de idade e pessoas que cumpram requisitos de renda m\u00e9dia podem receber o benef\u00edcio. J\u00e1 as mulheres que forem m\u00e3es e chefes de fam\u00edlia podem receber R$ 1.200 por m\u00eas.<\/p>\n<p style=\"text-align: justify;\"><strong><em>* Com informa\u00e7\u00f5es do Pleno News<\/em><\/strong><\/p>\n","protected":false},"excerpt":{"rendered":"<p>O presidente Jair Bolsonaro deseja estender o aux\u00edlio emergencial de R$ 600 por mais tr\u00eas meses como forma de evitar uma crise ainda maior devido \u00e0 pandemia do coronav\u00edrus. Ele criticou mais uma vez governadores, prefeitos e o Supremo Tribunal Federal (STF) ao afirmar que muitos estariam passando fome se n\u00e3o fosse a ajuda do &hellip;<\/p>\n","protected":false},"author":8,"featured_media":20578,"comment_status":"open","ping_status":"open","sticky":false,"template":"","format":"standard","meta":{"content-type":"","rop_custom_images_group":[],"rop_custom_messages_group":[],"rop_publish_now":"initial","rop_publish_now_accounts":{"facebook_2648258775420054_1618374048415101":""},"rop_publish_now_history":[],"rop_publish_now_status":"pending","footnotes":"","_jetpack_memberships_contains_paid_content":false},"categories":[113],"tags":[3975,680,702],"yoast_head":"<!-- This site is optimized with the Yoast SEO plugin v22.3 - https:\/\/yoast.com\/wordpress\/plugins\/seo\/ -->\n<title>Bolsonaro quer estender aux\u00edlio emergencial por mais tr\u00eas meses<\/title>\n<meta name=\"robots\" content=\"index, follow, max-snippet:-1, max-image-preview:large, max-video-preview:-1\" \/>\n<link rel=\"canonical\" href=\"https:\/\/portalnpm.com\/index.php\/2020\/06\/03\/bolsonaro-quer-estender-auxilio-emergencial-por-mais-tres-meses\/\" \/>\n<meta property=\"og:locale\" content=\"pt_BR\" \/>\n<meta property=\"og:type\" content=\"article\" \/>\n<meta property=\"og:title\" content=\"Bolsonaro quer estender aux\u00edlio emergencial por mais tr\u00eas meses\" \/>\n<meta property=\"og:description\" content=\"O presidente Jair Bolsonaro deseja estender o aux\u00edlio emergencial de R$ 600 por mais tr\u00eas meses como forma de evitar uma crise ainda maior devido \u00e0 pandemia do coronav\u00edrus. Ele criticou mais uma vez governadores, prefeitos e o Supremo Tribunal Federal (STF) ao afirmar que muitos estariam passando fome se n\u00e3o fosse a ajuda do &hellip;\" \/>\n<meta property=\"og:url\" content=\"https:\/\/portalnpm.com\/index.php\/2020\/06\/03\/bolsonaro-quer-estender-auxilio-emergencial-por-mais-tres-meses\/\" \/>\n<meta property=\"og:site_name\" content=\"Portal NPM\" \/>\n<meta property=\"article:published_time\" content=\"2020-06-03T23:13:30+00:00\" \/>\n<meta name=\"author\" content=\"Zenilton Lima\" \/>\n<meta name=\"twitter:card\" content=\"summary_large_image\" \/>\n<meta name=\"twitter:label1\" content=\"Escrito por\" \/>\n\t<meta name=\"twitter:data1\" content=\"Zenilton Lima\" \/>\n\t<meta name=\"twitter:label2\" content=\"Est. tempo de leitura\" \/>\n\t<meta name=\"twitter:data2\" content=\"1 minuto\" \/>\n<script type=\"application\/ld+json\" class=\"yoast-schema-graph\">{\"@context\":\"https:\/\/schema.org\",\"@graph\":[{\"@type\":\"WebPage\",\"@id\":\"https:\/\/portalnpm.com\/index.php\/2020\/06\/03\/bolsonaro-quer-estender-auxilio-emergencial-por-mais-tres-meses\/\",\"url\":\"https:\/\/portalnpm.com\/index.php\/2020\/06\/03\/bolsonaro-quer-estender-auxilio-emergencial-por-mais-tres-meses\/\",\"name\":\"Bolsonaro quer estender aux\u00edlio emergencial por mais tr\u00eas meses\",\"isPartOf\":{\"@id\":\"https:\/\/portalnpm.com\/#website\"},\"primaryImageOfPage\":{\"@id\":\"https:\/\/portalnpm.com\/index.php\/2020\/06\/03\/bolsonaro-quer-estender-auxilio-emergencial-por-mais-tres-meses\/#primaryimage\"},\"image\":{\"@id\":\"https:\/\/portalnpm.com\/index.php\/2020\/06\/03\/bolsonaro-quer-estender-auxilio-emergencial-por-mais-tres-meses\/#primaryimage\"},\"thumbnailUrl\":\"\",\"datePublished\":\"2020-06-03T23:13:30+00:00\",\"dateModified\":\"2020-06-03T23:13:30+00:00\",\"author\":{\"@id\":\"https:\/\/portalnpm.com\/#\/schema\/person\/35cb55186eae3f074b6783da6d35591e\"},\"breadcrumb\":{\"@id\":\"https:\/\/portalnpm.com\/index.php\/2020\/06\/03\/bolsonaro-quer-estender-auxilio-emergencial-por-mais-tres-meses\/#breadcrumb\"},\"inLanguage\":\"pt-BR\",\"potentialAction\":[{\"@type\":\"ReadAction\",\"target\":[\"https:\/\/portalnpm.com\/index.php\/2020\/06\/03\/bolsonaro-quer-estender-auxilio-emergencial-por-mais-tres-meses\/\"]}]},{\"@type\":\"ImageObject\",\"inLanguage\":\"pt-BR\",\"@id\":\"https:\/\/portalnpm.com\/index.php\/2020\/06\/03\/bolsonaro-quer-estender-auxilio-emergencial-por-mais-tres-meses\/#primaryimage\",\"url\":\"\",\"contentUrl\":\"\"},{\"@type\":\"BreadcrumbList\",\"@id\":\"https:\/\/portalnpm.com\/index.php\/2020\/06\/03\/bolsonaro-quer-estender-auxilio-emergencial-por-mais-tres-meses\/#breadcrumb\",\"itemListElement\":[{\"@type\":\"ListItem\",\"position\":1,\"name\":\"In\u00edcio\",\"item\":\"https:\/\/portalnpm.com\/\"},{\"@type\":\"ListItem\",\"position\":2,\"name\":\"Bolsonaro quer estender aux\u00edlio emergencial por mais tr\u00eas meses\"}]},{\"@type\":\"WebSite\",\"@id\":\"https:\/\/portalnpm.com\/#website\",\"url\":\"https:\/\/portalnpm.com\/\",\"name\":\"Portal NPM\",\"description\":\"Not\u00edcias em Primeira M\u00e3o\",\"potentialAction\":[{\"@type\":\"SearchAction\",\"target\":{\"@type\":\"EntryPoint\",\"urlTemplate\":\"https:\/\/portalnpm.com\/?s={search_term_string}\"},\"query-input\":\"required name=search_term_string\"}],\"inLanguage\":\"pt-BR\"},{\"@type\":\"Person\",\"@id\":\"https:\/\/portalnpm.com\/#\/schema\/person\/35cb55186eae3f074b6783da6d35591e\",\"name\":\"Zenilton Lima\",\"image\":{\"@type\":\"ImageObject\",\"inLanguage\":\"pt-BR\",\"@id\":\"https:\/\/portalnpm.com\/#\/schema\/person\/image\/\",\"url\":\"https:\/\/portalnpm.com\/wp-content\/uploads\/2024\/12\/avatar_user_8_1733658137-96x96.jpeg\",\"contentUrl\":\"https:\/\/portalnpm.com\/wp-content\/uploads\/2024\/12\/avatar_user_8_1733658137-96x96.jpeg\",\"caption\":\"Zenilton Lima\"},\"url\":\"https:\/\/portalnpm.com\/index.php\/author\/zenilton\/\"}]}<\/script>\n<!-- \/ Yoast SEO plugin. -->","yoast_head_json":{"title":"Bolsonaro quer estender aux\u00edlio emergencial por mais tr\u00eas meses","robots":{"index":"index","follow":"follow","max-snippet":"max-snippet:-1","max-image-preview":"max-image-preview:large","max-video-preview":"max-video-preview:-1"},"canonical":"https:\/\/portalnpm.com\/index.php\/2020\/06\/03\/bolsonaro-quer-estender-auxilio-emergencial-por-mais-tres-meses\/","og_locale":"pt_BR","og_type":"article","og_title":"Bolsonaro quer estender aux\u00edlio emergencial por mais tr\u00eas meses","og_description":"O presidente Jair Bolsonaro deseja estender o aux\u00edlio emergencial de R$ 600 por mais tr\u00eas meses como forma de evitar uma crise ainda maior devido \u00e0 pandemia do coronav\u00edrus. Ele criticou mais uma vez governadores, prefeitos e o Supremo Tribunal Federal (STF) ao afirmar que muitos estariam passando fome se n\u00e3o fosse a ajuda do &hellip;","og_url":"https:\/\/portalnpm.com\/index.php\/2020\/06\/03\/bolsonaro-quer-estender-auxilio-emergencial-por-mais-tres-meses\/","og_site_name":"Portal NPM","article_published_time":"2020-06-03T23:13:30+00:00","author":"Zenilton Lima","twitter_card":"summary_large_image","twitter_misc":{"Escrito por":"Zenilton Lima","Est. tempo de leitura":"1 minuto"},"schema":{"@context":"https:\/\/schema.org","@graph":[{"@type":"WebPage","@id":"https:\/\/portalnpm.com\/index.php\/2020\/06\/03\/bolsonaro-quer-estender-auxilio-emergencial-por-mais-tres-meses\/","url":"https:\/\/portalnpm.com\/index.php\/2020\/06\/03\/bolsonaro-quer-estender-auxilio-emergencial-por-mais-tres-meses\/","name":"Bolsonaro quer estender aux\u00edlio emergencial por mais tr\u00eas meses","isPartOf":{"@id":"https:\/\/portalnpm.com\/#website"},"primaryImageOfPage":{"@id":"https:\/\/portalnpm.com\/index.php\/2020\/06\/03\/bolsonaro-quer-estender-auxilio-emergencial-por-mais-tres-meses\/#primaryimage"},"image":{"@id":"https:\/\/portalnpm.com\/index.php\/2020\/06\/03\/bolsonaro-quer-estender-auxilio-emergencial-por-mais-tres-meses\/#primaryimage"},"thumbnailUrl":"","datePublished":"2020-06-03T23:13:30+00:00","dateModified":"2020-06-03T23:13:30+00:00","author":{"@id":"https:\/\/portalnpm.com\/#\/schema\/person\/35cb55186eae3f074b6783da6d35591e"},"breadcrumb":{"@id":"https:\/\/portalnpm.com\/index.php\/2020\/06\/03\/bolsonaro-quer-estender-auxilio-emergencial-por-mais-tres-meses\/#breadcrumb"},"inLanguage":"pt-BR","potentialAction":[{"@type":"ReadAction","target":["https:\/\/portalnpm.com\/index.php\/2020\/06\/03\/bolsonaro-quer-estender-auxilio-emergencial-por-mais-tres-meses\/"]}]},{"@type":"ImageObject","inLanguage":"pt-BR","@id":"https:\/\/portalnpm.com\/index.php\/2020\/06\/03\/bolsonaro-quer-estender-auxilio-emergencial-por-mais-tres-meses\/#primaryimage","url":"","contentUrl":""},{"@type":"BreadcrumbList","@id":"https:\/\/portalnpm.com\/index.php\/2020\/06\/03\/bolsonaro-quer-estender-auxilio-emergencial-por-mais-tres-meses\/#breadcrumb","itemListElement":[{"@type":"ListItem","position":1,"name":"In\u00edcio","item":"https:\/\/portalnpm.com\/"},{"@type":"ListItem","position":2,"name":"Bolsonaro quer estender aux\u00edlio emergencial por mais tr\u00eas meses"}]},{"@type":"WebSite","@id":"https:\/\/portalnpm.com\/#website","url":"https:\/\/portalnpm.com\/","name":"Portal NPM","description":"Not\u00edcias em Primeira M\u00e3o","potentialAction":[{"@type":"SearchAction","target":{"@type":"EntryPoint","urlTemplate":"https:\/\/portalnpm.com\/?s={search_term_string}"},"query-input":"required name=search_term_string"}],"inLanguage":"pt-BR"},{"@type":"Person","@id":"https:\/\/portalnpm.com\/#\/schema\/person\/35cb55186eae3f074b6783da6d35591e","name":"Zenilton Lima","image":{"@type":"ImageObject","inLanguage":"pt-BR","@id":"https:\/\/portalnpm.com\/#\/schema\/person\/image\/","url":"https:\/\/portalnpm.com\/wp-content\/uploads\/2024\/12\/avatar_user_8_1733658137-96x96.jpeg","contentUrl":"https:\/\/portalnpm.com\/wp-content\/uploads\/2024\/12\/avatar_user_8_1733658137-96x96.jpeg","caption":"Zenilton Lima"},"url":"https:\/\/portalnpm.com\/index.php\/author\/zenilton\/"}]}},"jetpack_sharing_enabled":true,"jetpack_featured_media_url":"","_links":{"self":[{"href":"https:\/\/portalnpm.com\/index.php\/wp-json\/wp\/v2\/posts\/52922"}],"collection":[{"href":"https:\/\/portalnpm.com\/index.php\/wp-json\/wp\/v2\/posts"}],"about":[{"href":"https:\/\/portalnpm.com\/index.php\/wp-json\/wp\/v2\/types\/post"}],"author":[{"embeddable":true,"href":"https:\/\/portalnpm.com\/index.php\/wp-json\/wp\/v2\/users\/8"}],"replies":[{"embeddable":true,"href":"https:\/\/portalnpm.com\/index.php\/wp-json\/wp\/v2\/comments?post=52922"}],"version-history":[{"count":0,"href":"https:\/\/portalnpm.com\/index.php\/wp-json\/wp\/v2\/posts\/52922\/revisions"}],"wp:featuredmedia":[{"embeddable":true,"href":"https:\/\/portalnpm.com\/index.php\/wp-json\/"}],"wp:attachment":[{"href":"https:\/\/portalnpm.com\/index.php\/wp-json\/wp\/v2\/media?parent=52922"}],"wp:term":[{"taxonomy":"category","embeddable":true,"href":"https:\/\/portalnpm.com\/index.php\/wp-json\/wp\/v2\/categories?post=52922"},{"taxonomy":"post_tag","embeddable":true,"href":"https:\/\/portalnpm.com\/index.php\/wp-json\/wp\/v2\/tags?post=52922"}],"curies":[{"name":"wp","href":"https:\/\/api.w.org\/{rel}","templated":true}]}}