{"id":53065,"date":"2020-06-08T21:22:24","date_gmt":"2020-06-09T00:22:24","guid":{"rendered":"https:\/\/portalnpm.com\/index.php\/2020\/06\/08\/nova-revelacao-da-oms-e-bombastica-pacientes-assintomaticos-nao-contribuem-para-a-propagacao-do-virus\/"},"modified":"2020-06-08T21:22:24","modified_gmt":"2020-06-09T00:22:24","slug":"nova-revelacao-da-oms-e-bombastica-pacientes-assintomaticos-nao-contribuem-para-a-propagacao-do-virus","status":"publish","type":"post","link":"https:\/\/portalnpm.com\/index.php\/2020\/06\/08\/nova-revelacao-da-oms-e-bombastica-pacientes-assintomaticos-nao-contribuem-para-a-propagacao-do-virus\/","title":{"rendered":"Nova revela\u00e7\u00e3o da OMS \u00e9 bomb\u00e1stica: Pacientes assintom\u00e1ticos n\u00e3o contribuem para a propaga\u00e7\u00e3o do v\u00edrus"},"content":{"rendered":"<p style=\"text-align: justify;\">Pacientes infectados com a Covid-19, que n\u00e3o apresentam sintomas, n\u00e3o est\u00e3o a contribuir para a propaga\u00e7\u00e3o do v\u00edrus.<\/p>\n<p style=\"text-align: justify;\">\n<p style=\"text-align: justify;\">O alerta foi dado pela Organiza\u00e7\u00e3o Mundial da Sa\u00fade (OMS), esta segunda-feira (8), lan\u00e7ando d\u00favidas sobre as preocupa\u00e7\u00f5es de alguns investigadores, de que o v\u00edrus possa ser dif\u00edcil de conter devido a casos assintom\u00e1ticos.<\/p>\n<p style=\"text-align: justify;\">\u201cA partir dos dados que temos, \u00e9 raro que uma pessoa assintom\u00e1tica realmente transmita (o v\u00edrus) para um outro indiv\u00edduo\u201d, disse Maria Van Kerkhove, diretora do programa de emerg\u00eancias sanit\u00e1rias da OMS, em entrevista \u00e0 Organiza\u00e7\u00e3o das Na\u00e7\u00f5es Unidas (ONU).<\/p>\n<p style=\"text-align: justify;\">Van Kerkhove reconheceu ainda que existem alguns estudos que deram conta de uma propaga\u00e7\u00e3o assintom\u00e1tica em lares de idosos e em ambientes residenciais. Contudo, considera que \u00e9 necess\u00e1rio investigar mais para recolher mais dados e conseguir responder verdadeiramente a essa quest\u00e3o.<\/p>\n<p style=\"text-align: justify;\">\u201cVimos v\u00e1rios relat\u00f3rios de pa\u00edses que est\u00e3o a realizar um processo de rastreio de contactos muito detalhado\u201d, disse a especialista, acrescentando: \u201c(Esses pa\u00edses) est\u00e3o a acompanhar casos assintom\u00e1ticos e os respectivos contactos, mas n\u00e3o encontram evid\u00eancias de transmiss\u00e3o secund\u00e1ria. \u00c9 muito raro\u201d, afirma.<\/p>\n<p style=\"text-align: justify;\">As respostas dos governos devem focar-se agora na detec\u00e7\u00e3o e no isolamento de pessoas infectadas com sintomas, bem como no rastreio de qualquer pessoa que possa ter entrado em contacto com elas, segundo a especialista.<\/p>\n<p style=\"text-align: justify;\">\u201cAquilo em que realmente temos de nos focar \u00e9 no acompanhamento dos casos sintom\u00e1ticos\u201d, disse Van Kerkhove. \u201cSe consegu\u00edssemos acompanhar todos os casos sintom\u00e1ticos, isol\u00e1-los, seguir os seus contactos e coloc\u00e1-los em quarentena, reduzir\u00edamos drasticamente\u201d o foco de cont\u00e1gio do surto viral, disse a especialista da OMS.<\/p>\n<p style=\"text-align: justify;\"><strong>Fonte: Revista Executive Digest<\/strong><\/p>\n","protected":false},"excerpt":{"rendered":"<p>Pacientes infectados com a Covid-19, que n\u00e3o apresentam sintomas, n\u00e3o est\u00e3o a contribuir para a propaga\u00e7\u00e3o do v\u00edrus. O alerta foi dado pela Organiza\u00e7\u00e3o Mundial da Sa\u00fade (OMS), esta segunda-feira (8), lan\u00e7ando d\u00favidas sobre as preocupa\u00e7\u00f5es de alguns investigadores, de que o v\u00edrus possa ser dif\u00edcil de conter devido a casos assintom\u00e1ticos. \u201cA partir dos &hellip;<\/p>\n","protected":false},"author":2,"featured_media":20745,"comment_status":"open","ping_status":"open","sticky":false,"template":"","format":"standard","meta":{"content-type":"","rop_custom_images_group":[],"rop_custom_messages_group":[],"rop_publish_now":"initial","rop_publish_now_accounts":{"facebook_2648258775420054_1618374048415101":""},"rop_publish_now_history":[],"rop_publish_now_status":"pending","footnotes":"","_jetpack_memberships_contains_paid_content":false},"categories":[113,384],"tags":[4557,2947,4558],"yoast_head":"<!-- This site is optimized with the Yoast SEO plugin v22.3 - https:\/\/yoast.com\/wordpress\/plugins\/seo\/ -->\n<title>Nova revela\u00e7\u00e3o da OMS \u00e9 bomb\u00e1stica: Pacientes assintom\u00e1ticos n\u00e3o contribuem para a propaga\u00e7\u00e3o do v\u00edrus<\/title>\n<meta name=\"robots\" content=\"index, follow, max-snippet:-1, max-image-preview:large, max-video-preview:-1\" \/>\n<link rel=\"canonical\" href=\"https:\/\/portalnpm.com\/index.php\/2020\/06\/08\/nova-revelacao-da-oms-e-bombastica-pacientes-assintomaticos-nao-contribuem-para-a-propagacao-do-virus\/\" \/>\n<meta property=\"og:locale\" content=\"pt_BR\" \/>\n<meta property=\"og:type\" content=\"article\" \/>\n<meta property=\"og:title\" content=\"Nova revela\u00e7\u00e3o da OMS \u00e9 bomb\u00e1stica: Pacientes assintom\u00e1ticos n\u00e3o contribuem para a propaga\u00e7\u00e3o do v\u00edrus\" \/>\n<meta property=\"og:description\" content=\"Pacientes infectados com a Covid-19, que n\u00e3o apresentam sintomas, n\u00e3o est\u00e3o a contribuir para a propaga\u00e7\u00e3o do v\u00edrus. O alerta foi dado pela Organiza\u00e7\u00e3o Mundial da Sa\u00fade (OMS), esta segunda-feira (8), lan\u00e7ando d\u00favidas sobre as preocupa\u00e7\u00f5es de alguns investigadores, de que o v\u00edrus possa ser dif\u00edcil de conter devido a casos assintom\u00e1ticos. \u201cA partir dos &hellip;\" \/>\n<meta property=\"og:url\" content=\"https:\/\/portalnpm.com\/index.php\/2020\/06\/08\/nova-revelacao-da-oms-e-bombastica-pacientes-assintomaticos-nao-contribuem-para-a-propagacao-do-virus\/\" \/>\n<meta property=\"og:site_name\" content=\"Portal NPM\" \/>\n<meta property=\"article:published_time\" content=\"2020-06-09T00:22:24+00:00\" \/>\n<meta name=\"author\" content=\"Genival Barbosa\" \/>\n<meta name=\"twitter:card\" content=\"summary_large_image\" \/>\n<meta name=\"twitter:label1\" content=\"Escrito por\" \/>\n\t<meta name=\"twitter:data1\" content=\"Genival Barbosa\" \/>\n\t<meta name=\"twitter:label2\" content=\"Est. tempo de leitura\" \/>\n\t<meta name=\"twitter:data2\" content=\"1 minuto\" \/>\n<script type=\"application\/ld+json\" class=\"yoast-schema-graph\">{\"@context\":\"https:\/\/schema.org\",\"@graph\":[{\"@type\":\"WebPage\",\"@id\":\"https:\/\/portalnpm.com\/index.php\/2020\/06\/08\/nova-revelacao-da-oms-e-bombastica-pacientes-assintomaticos-nao-contribuem-para-a-propagacao-do-virus\/\",\"url\":\"https:\/\/portalnpm.com\/index.php\/2020\/06\/08\/nova-revelacao-da-oms-e-bombastica-pacientes-assintomaticos-nao-contribuem-para-a-propagacao-do-virus\/\",\"name\":\"Nova revela\u00e7\u00e3o da OMS \u00e9 bomb\u00e1stica: Pacientes assintom\u00e1ticos n\u00e3o contribuem para a propaga\u00e7\u00e3o do v\u00edrus\",\"isPartOf\":{\"@id\":\"https:\/\/portalnpm.com\/#website\"},\"primaryImageOfPage\":{\"@id\":\"https:\/\/portalnpm.com\/index.php\/2020\/06\/08\/nova-revelacao-da-oms-e-bombastica-pacientes-assintomaticos-nao-contribuem-para-a-propagacao-do-virus\/#primaryimage\"},\"image\":{\"@id\":\"https:\/\/portalnpm.com\/index.php\/2020\/06\/08\/nova-revelacao-da-oms-e-bombastica-pacientes-assintomaticos-nao-contribuem-para-a-propagacao-do-virus\/#primaryimage\"},\"thumbnailUrl\":\"\",\"datePublished\":\"2020-06-09T00:22:24+00:00\",\"dateModified\":\"2020-06-09T00:22:24+00:00\",\"author\":{\"@id\":\"https:\/\/portalnpm.com\/#\/schema\/person\/49313e563cfdefcc167f1ee4c017c294\"},\"breadcrumb\":{\"@id\":\"https:\/\/portalnpm.com\/index.php\/2020\/06\/08\/nova-revelacao-da-oms-e-bombastica-pacientes-assintomaticos-nao-contribuem-para-a-propagacao-do-virus\/#breadcrumb\"},\"inLanguage\":\"pt-BR\",\"potentialAction\":[{\"@type\":\"ReadAction\",\"target\":[\"https:\/\/portalnpm.com\/index.php\/2020\/06\/08\/nova-revelacao-da-oms-e-bombastica-pacientes-assintomaticos-nao-contribuem-para-a-propagacao-do-virus\/\"]}]},{\"@type\":\"ImageObject\",\"inLanguage\":\"pt-BR\",\"@id\":\"https:\/\/portalnpm.com\/index.php\/2020\/06\/08\/nova-revelacao-da-oms-e-bombastica-pacientes-assintomaticos-nao-contribuem-para-a-propagacao-do-virus\/#primaryimage\",\"url\":\"\",\"contentUrl\":\"\"},{\"@type\":\"BreadcrumbList\",\"@id\":\"https:\/\/portalnpm.com\/index.php\/2020\/06\/08\/nova-revelacao-da-oms-e-bombastica-pacientes-assintomaticos-nao-contribuem-para-a-propagacao-do-virus\/#breadcrumb\",\"itemListElement\":[{\"@type\":\"ListItem\",\"position\":1,\"name\":\"In\u00edcio\",\"item\":\"https:\/\/portalnpm.com\/\"},{\"@type\":\"ListItem\",\"position\":2,\"name\":\"Nova revela\u00e7\u00e3o da OMS \u00e9 bomb\u00e1stica: Pacientes assintom\u00e1ticos n\u00e3o contribuem para a propaga\u00e7\u00e3o do v\u00edrus\"}]},{\"@type\":\"WebSite\",\"@id\":\"https:\/\/portalnpm.com\/#website\",\"url\":\"https:\/\/portalnpm.com\/\",\"name\":\"Portal NPM\",\"description\":\"Not\u00edcias em Primeira M\u00e3o\",\"potentialAction\":[{\"@type\":\"SearchAction\",\"target\":{\"@type\":\"EntryPoint\",\"urlTemplate\":\"https:\/\/portalnpm.com\/?s={search_term_string}\"},\"query-input\":\"required name=search_term_string\"}],\"inLanguage\":\"pt-BR\"},{\"@type\":\"Person\",\"@id\":\"https:\/\/portalnpm.com\/#\/schema\/person\/49313e563cfdefcc167f1ee4c017c294\",\"name\":\"Genival Barbosa\",\"image\":{\"@type\":\"ImageObject\",\"inLanguage\":\"pt-BR\",\"@id\":\"https:\/\/portalnpm.com\/#\/schema\/person\/image\/\",\"url\":\"https:\/\/portalnpm.com\/wp-content\/uploads\/2024\/02\/avatar_user_2_1707743258-96x96.jpeg\",\"contentUrl\":\"https:\/\/portalnpm.com\/wp-content\/uploads\/2024\/02\/avatar_user_2_1707743258-96x96.jpeg\",\"caption\":\"Genival Barbosa\"},\"url\":\"https:\/\/portalnpm.com\/index.php\/author\/genival\/\"}]}<\/script>\n<!-- \/ Yoast SEO plugin. -->","yoast_head_json":{"title":"Nova revela\u00e7\u00e3o da OMS \u00e9 bomb\u00e1stica: Pacientes assintom\u00e1ticos n\u00e3o contribuem para a propaga\u00e7\u00e3o do v\u00edrus","robots":{"index":"index","follow":"follow","max-snippet":"max-snippet:-1","max-image-preview":"max-image-preview:large","max-video-preview":"max-video-preview:-1"},"canonical":"https:\/\/portalnpm.com\/index.php\/2020\/06\/08\/nova-revelacao-da-oms-e-bombastica-pacientes-assintomaticos-nao-contribuem-para-a-propagacao-do-virus\/","og_locale":"pt_BR","og_type":"article","og_title":"Nova revela\u00e7\u00e3o da OMS \u00e9 bomb\u00e1stica: Pacientes assintom\u00e1ticos n\u00e3o contribuem para a propaga\u00e7\u00e3o do v\u00edrus","og_description":"Pacientes infectados com a Covid-19, que n\u00e3o apresentam sintomas, n\u00e3o est\u00e3o a contribuir para a propaga\u00e7\u00e3o do v\u00edrus. O alerta foi dado pela Organiza\u00e7\u00e3o Mundial da Sa\u00fade (OMS), esta segunda-feira (8), lan\u00e7ando d\u00favidas sobre as preocupa\u00e7\u00f5es de alguns investigadores, de que o v\u00edrus possa ser dif\u00edcil de conter devido a casos assintom\u00e1ticos. \u201cA partir dos &hellip;","og_url":"https:\/\/portalnpm.com\/index.php\/2020\/06\/08\/nova-revelacao-da-oms-e-bombastica-pacientes-assintomaticos-nao-contribuem-para-a-propagacao-do-virus\/","og_site_name":"Portal NPM","article_published_time":"2020-06-09T00:22:24+00:00","author":"Genival Barbosa","twitter_card":"summary_large_image","twitter_misc":{"Escrito por":"Genival Barbosa","Est. tempo de leitura":"1 minuto"},"schema":{"@context":"https:\/\/schema.org","@graph":[{"@type":"WebPage","@id":"https:\/\/portalnpm.com\/index.php\/2020\/06\/08\/nova-revelacao-da-oms-e-bombastica-pacientes-assintomaticos-nao-contribuem-para-a-propagacao-do-virus\/","url":"https:\/\/portalnpm.com\/index.php\/2020\/06\/08\/nova-revelacao-da-oms-e-bombastica-pacientes-assintomaticos-nao-contribuem-para-a-propagacao-do-virus\/","name":"Nova revela\u00e7\u00e3o da OMS \u00e9 bomb\u00e1stica: Pacientes assintom\u00e1ticos n\u00e3o contribuem para a propaga\u00e7\u00e3o do v\u00edrus","isPartOf":{"@id":"https:\/\/portalnpm.com\/#website"},"primaryImageOfPage":{"@id":"https:\/\/portalnpm.com\/index.php\/2020\/06\/08\/nova-revelacao-da-oms-e-bombastica-pacientes-assintomaticos-nao-contribuem-para-a-propagacao-do-virus\/#primaryimage"},"image":{"@id":"https:\/\/portalnpm.com\/index.php\/2020\/06\/08\/nova-revelacao-da-oms-e-bombastica-pacientes-assintomaticos-nao-contribuem-para-a-propagacao-do-virus\/#primaryimage"},"thumbnailUrl":"","datePublished":"2020-06-09T00:22:24+00:00","dateModified":"2020-06-09T00:22:24+00:00","author":{"@id":"https:\/\/portalnpm.com\/#\/schema\/person\/49313e563cfdefcc167f1ee4c017c294"},"breadcrumb":{"@id":"https:\/\/portalnpm.com\/index.php\/2020\/06\/08\/nova-revelacao-da-oms-e-bombastica-pacientes-assintomaticos-nao-contribuem-para-a-propagacao-do-virus\/#breadcrumb"},"inLanguage":"pt-BR","potentialAction":[{"@type":"ReadAction","target":["https:\/\/portalnpm.com\/index.php\/2020\/06\/08\/nova-revelacao-da-oms-e-bombastica-pacientes-assintomaticos-nao-contribuem-para-a-propagacao-do-virus\/"]}]},{"@type":"ImageObject","inLanguage":"pt-BR","@id":"https:\/\/portalnpm.com\/index.php\/2020\/06\/08\/nova-revelacao-da-oms-e-bombastica-pacientes-assintomaticos-nao-contribuem-para-a-propagacao-do-virus\/#primaryimage","url":"","contentUrl":""},{"@type":"BreadcrumbList","@id":"https:\/\/portalnpm.com\/index.php\/2020\/06\/08\/nova-revelacao-da-oms-e-bombastica-pacientes-assintomaticos-nao-contribuem-para-a-propagacao-do-virus\/#breadcrumb","itemListElement":[{"@type":"ListItem","position":1,"name":"In\u00edcio","item":"https:\/\/portalnpm.com\/"},{"@type":"ListItem","position":2,"name":"Nova revela\u00e7\u00e3o da OMS \u00e9 bomb\u00e1stica: Pacientes assintom\u00e1ticos n\u00e3o contribuem para a propaga\u00e7\u00e3o do v\u00edrus"}]},{"@type":"WebSite","@id":"https:\/\/portalnpm.com\/#website","url":"https:\/\/portalnpm.com\/","name":"Portal NPM","description":"Not\u00edcias em Primeira M\u00e3o","potentialAction":[{"@type":"SearchAction","target":{"@type":"EntryPoint","urlTemplate":"https:\/\/portalnpm.com\/?s={search_term_string}"},"query-input":"required name=search_term_string"}],"inLanguage":"pt-BR"},{"@type":"Person","@id":"https:\/\/portalnpm.com\/#\/schema\/person\/49313e563cfdefcc167f1ee4c017c294","name":"Genival Barbosa","image":{"@type":"ImageObject","inLanguage":"pt-BR","@id":"https:\/\/portalnpm.com\/#\/schema\/person\/image\/","url":"https:\/\/portalnpm.com\/wp-content\/uploads\/2024\/02\/avatar_user_2_1707743258-96x96.jpeg","contentUrl":"https:\/\/portalnpm.com\/wp-content\/uploads\/2024\/02\/avatar_user_2_1707743258-96x96.jpeg","caption":"Genival Barbosa"},"url":"https:\/\/portalnpm.com\/index.php\/author\/genival\/"}]}},"jetpack_sharing_enabled":true,"jetpack_featured_media_url":"","_links":{"self":[{"href":"https:\/\/portalnpm.com\/index.php\/wp-json\/wp\/v2\/posts\/53065"}],"collection":[{"href":"https:\/\/portalnpm.com\/index.php\/wp-json\/wp\/v2\/posts"}],"about":[{"href":"https:\/\/portalnpm.com\/index.php\/wp-json\/wp\/v2\/types\/post"}],"author":[{"embeddable":true,"href":"https:\/\/portalnpm.com\/index.php\/wp-json\/wp\/v2\/users\/2"}],"replies":[{"embeddable":true,"href":"https:\/\/portalnpm.com\/index.php\/wp-json\/wp\/v2\/comments?post=53065"}],"version-history":[{"count":0,"href":"https:\/\/portalnpm.com\/index.php\/wp-json\/wp\/v2\/posts\/53065\/revisions"}],"wp:featuredmedia":[{"embeddable":true,"href":"https:\/\/portalnpm.com\/index.php\/wp-json\/"}],"wp:attachment":[{"href":"https:\/\/portalnpm.com\/index.php\/wp-json\/wp\/v2\/media?parent=53065"}],"wp:term":[{"taxonomy":"category","embeddable":true,"href":"https:\/\/portalnpm.com\/index.php\/wp-json\/wp\/v2\/categories?post=53065"},{"taxonomy":"post_tag","embeddable":true,"href":"https:\/\/portalnpm.com\/index.php\/wp-json\/wp\/v2\/tags?post=53065"}],"curies":[{"name":"wp","href":"https:\/\/api.w.org\/{rel}","templated":true}]}}