{"id":53090,"date":"2020-06-09T18:20:19","date_gmt":"2020-06-09T21:20:19","guid":{"rendered":"https:\/\/portalnpm.com\/index.php\/2020\/06\/09\/recuperados-da-covid-19-apresentam-sequelas-no-pulmao-mesmo-apos-meses-da-cura\/"},"modified":"2020-06-09T18:20:19","modified_gmt":"2020-06-09T21:20:19","slug":"recuperados-da-covid-19-apresentam-sequelas-no-pulmao-mesmo-apos-meses-da-cura","status":"publish","type":"post","link":"https:\/\/portalnpm.com\/index.php\/2020\/06\/09\/recuperados-da-covid-19-apresentam-sequelas-no-pulmao-mesmo-apos-meses-da-cura\/","title":{"rendered":"Recuperados da covid-19 apresentam sequelas no pulm\u00e3o mesmo ap\u00f3s meses da cura"},"content":{"rendered":"<p style=\"text-align: justify;\">Exames de pacientes que desenvolveram pneumonia ao ser contaminados pelo novo coronavirus, mostram que mesmo ap\u00f3s meses que se recuperaram da doen\u00e7a, ainda apresentam algum tipo de sequela em seus exames de acordo com o pneumologista Jos\u00e9 Rodrigues Pereira, da BP- A Benefic\u00eancia Portuguesa de S\u00e3o Paulo<\/p>\n<p style=\"text-align: justify;\">\n<p style=\"text-align: justify;\">&#8220;As altera\u00e7\u00f5es tomogr\u00e1ficas demoram cerca de dois meses para recuperar. O que eu posso dizer \u00e9 que dos pacientes que tiveram pneumonia viral, 100% ainda t\u00eam alguma inflama\u00e7\u00e3o residual ap\u00f3s um m\u00eas&#8221;, relata.<\/p>\n<p style=\"text-align: justify;\">O especialista faz essa afirma\u00e7\u00e3o com base no acompanhamento de cerca de cem pessoas que est\u00e3o em processo de recupera\u00e7\u00e3o da covid-19. Segundo ele, esse \u00e9 um contingente significativo se comparado aos estudos j\u00e1 feitos sobre o tema.<\/p>\n<p style=\"text-align: justify;\"><strong>Fibrose pulmonar<\/strong><\/p>\n<p style=\"text-align: justify;\">As inflama\u00e7\u00f5es podem evoluir para uma fibrose pulmonar, uma doen\u00e7a cr\u00f4nica causada pelas cicatrizes que ficam no pulm\u00e3o ap\u00f3s les\u00f5es. Nesse caso, os danos podem ser irrepar\u00e1veis e gerar disfun\u00e7\u00e3o pulmonar.<\/p>\n<p style=\"text-align: justify;\">Os sintomas s\u00e3o tosse seca e falta de ar que persistem mesmo ap\u00f3s o paciente apresentar melhoras no quadro cl\u00ednico da covid-19.<\/p>\n<p style=\"text-align: justify;\"><strong>Fisioterapia respirat\u00f3ria<\/strong><\/p>\n<p style=\"text-align: justify;\">Para os pacientes que desenvolvem fibrose pulmonar, a fisioterapia respirat\u00f3ria \u00e9 indicada, pois fortalece a musculatura como um todo e favorecer a expans\u00e3o pulmonar, porque toda cicatriz causa uma retra\u00e7\u00e3o, explica o m\u00e9dico.<\/p>\n<p style=\"text-align: justify;\">Muitos precisam de fisioterapia respirat\u00f3ria e motora, pois reclamam de fraqueza no corpo. &#8220;Tem muita gente que chega para mim e diz que est\u00e1 se sentindo fraca, isso faz parte do processo de recupera\u00e7\u00e3o, pode durar semanas, talvez meses, e est\u00e1 sendo investigado&#8221;, ressalta.<\/p>\n<p style=\"text-align: justify;\">De acordo com ele, as t\u00e9cnicas incluem alguns exerc\u00edcios simples com os bra\u00e7os &#8211; como estender, levantar e descer &#8211; inspira\u00e7\u00e3o e expira\u00e7\u00e3o profunda (sugar e soltar o ar). Essas atividades atingem diretamente o pulm\u00e3o e a caixa tor\u00e1xica, que auxilia toda a mec\u00e2nica ventilat\u00f3ria do organismo.<\/p>\n<p style=\"text-align: justify;\"><strong>*Com informa\u00e7\u00f5es do Portal R7<\/strong><\/p>\n","protected":false},"excerpt":{"rendered":"<p>Exames de pacientes que desenvolveram pneumonia ao ser contaminados pelo novo coronavirus, mostram que mesmo ap\u00f3s meses que se recuperaram da doen\u00e7a, ainda apresentam algum tipo de sequela em seus exames de acordo com o pneumologista Jos\u00e9 Rodrigues Pereira, da BP- A Benefic\u00eancia Portuguesa de S\u00e3o Paulo &#8220;As altera\u00e7\u00f5es tomogr\u00e1ficas demoram cerca de dois meses &hellip;<\/p>\n","protected":false},"author":2,"featured_media":53091,"comment_status":"open","ping_status":"open","sticky":false,"template":"","format":"standard","meta":{"content-type":"","rop_custom_images_group":[],"rop_custom_messages_group":[],"rop_publish_now":"initial","rop_publish_now_accounts":{"facebook_2648258775420054_1618374048415101":""},"rop_publish_now_history":[],"rop_publish_now_status":"pending","footnotes":"","_jetpack_memberships_contains_paid_content":false},"categories":[384],"tags":[1288,1113,3745,3073],"yoast_head":"<!-- This site is optimized with the Yoast SEO plugin v22.3 - https:\/\/yoast.com\/wordpress\/plugins\/seo\/ -->\n<title>Recuperados da covid-19 apresentam sequelas no pulm\u00e3o mesmo ap\u00f3s meses da cura<\/title>\n<meta name=\"robots\" content=\"index, follow, max-snippet:-1, max-image-preview:large, max-video-preview:-1\" \/>\n<link rel=\"canonical\" href=\"https:\/\/portalnpm.com\/index.php\/2020\/06\/09\/recuperados-da-covid-19-apresentam-sequelas-no-pulmao-mesmo-apos-meses-da-cura\/\" \/>\n<meta property=\"og:locale\" content=\"pt_BR\" \/>\n<meta property=\"og:type\" content=\"article\" \/>\n<meta property=\"og:title\" content=\"Recuperados da covid-19 apresentam sequelas no pulm\u00e3o mesmo ap\u00f3s meses da cura\" \/>\n<meta property=\"og:description\" content=\"Exames de pacientes que desenvolveram pneumonia ao ser contaminados pelo novo coronavirus, mostram que mesmo ap\u00f3s meses que se recuperaram da doen\u00e7a, ainda apresentam algum tipo de sequela em seus exames de acordo com o pneumologista Jos\u00e9 Rodrigues Pereira, da BP- A Benefic\u00eancia Portuguesa de S\u00e3o Paulo &#8220;As altera\u00e7\u00f5es tomogr\u00e1ficas demoram cerca de dois meses &hellip;\" \/>\n<meta property=\"og:url\" content=\"https:\/\/portalnpm.com\/index.php\/2020\/06\/09\/recuperados-da-covid-19-apresentam-sequelas-no-pulmao-mesmo-apos-meses-da-cura\/\" \/>\n<meta property=\"og:site_name\" content=\"Portal NPM\" \/>\n<meta property=\"article:published_time\" content=\"2020-06-09T21:20:19+00:00\" \/>\n<meta property=\"og:image\" content=\"https:\/\/portalnpm.com\/wp-content\/uploads\/2024\/01\/318c9b20-9040-0137-f19c-6231c35b6685-minified.jpg\" \/>\n\t<meta property=\"og:image:width\" content=\"900\" \/>\n\t<meta property=\"og:image:height\" content=\"596\" \/>\n\t<meta property=\"og:image:type\" content=\"image\/jpeg\" \/>\n<meta name=\"author\" content=\"Genival Barbosa\" \/>\n<meta name=\"twitter:card\" content=\"summary_large_image\" \/>\n<meta name=\"twitter:label1\" content=\"Escrito por\" \/>\n\t<meta name=\"twitter:data1\" content=\"Genival Barbosa\" \/>\n\t<meta name=\"twitter:label2\" content=\"Est. tempo de leitura\" \/>\n\t<meta name=\"twitter:data2\" content=\"2 minutos\" \/>\n<script type=\"application\/ld+json\" class=\"yoast-schema-graph\">{\"@context\":\"https:\/\/schema.org\",\"@graph\":[{\"@type\":\"WebPage\",\"@id\":\"https:\/\/portalnpm.com\/index.php\/2020\/06\/09\/recuperados-da-covid-19-apresentam-sequelas-no-pulmao-mesmo-apos-meses-da-cura\/\",\"url\":\"https:\/\/portalnpm.com\/index.php\/2020\/06\/09\/recuperados-da-covid-19-apresentam-sequelas-no-pulmao-mesmo-apos-meses-da-cura\/\",\"name\":\"Recuperados da covid-19 apresentam sequelas no pulm\u00e3o mesmo ap\u00f3s meses da cura\",\"isPartOf\":{\"@id\":\"https:\/\/portalnpm.com\/#website\"},\"primaryImageOfPage\":{\"@id\":\"https:\/\/portalnpm.com\/index.php\/2020\/06\/09\/recuperados-da-covid-19-apresentam-sequelas-no-pulmao-mesmo-apos-meses-da-cura\/#primaryimage\"},\"image\":{\"@id\":\"https:\/\/portalnpm.com\/index.php\/2020\/06\/09\/recuperados-da-covid-19-apresentam-sequelas-no-pulmao-mesmo-apos-meses-da-cura\/#primaryimage\"},\"thumbnailUrl\":\"https:\/\/portalnpm.com\/wp-content\/uploads\/2024\/01\/318c9b20-9040-0137-f19c-6231c35b6685-minified.jpg\",\"datePublished\":\"2020-06-09T21:20:19+00:00\",\"dateModified\":\"2020-06-09T21:20:19+00:00\",\"author\":{\"@id\":\"https:\/\/portalnpm.com\/#\/schema\/person\/49313e563cfdefcc167f1ee4c017c294\"},\"breadcrumb\":{\"@id\":\"https:\/\/portalnpm.com\/index.php\/2020\/06\/09\/recuperados-da-covid-19-apresentam-sequelas-no-pulmao-mesmo-apos-meses-da-cura\/#breadcrumb\"},\"inLanguage\":\"pt-BR\",\"potentialAction\":[{\"@type\":\"ReadAction\",\"target\":[\"https:\/\/portalnpm.com\/index.php\/2020\/06\/09\/recuperados-da-covid-19-apresentam-sequelas-no-pulmao-mesmo-apos-meses-da-cura\/\"]}]},{\"@type\":\"ImageObject\",\"inLanguage\":\"pt-BR\",\"@id\":\"https:\/\/portalnpm.com\/index.php\/2020\/06\/09\/recuperados-da-covid-19-apresentam-sequelas-no-pulmao-mesmo-apos-meses-da-cura\/#primaryimage\",\"url\":\"https:\/\/portalnpm.com\/wp-content\/uploads\/2024\/01\/318c9b20-9040-0137-f19c-6231c35b6685-minified.jpg\",\"contentUrl\":\"https:\/\/portalnpm.com\/wp-content\/uploads\/2024\/01\/318c9b20-9040-0137-f19c-6231c35b6685-minified.jpg\",\"width\":900,\"height\":596},{\"@type\":\"BreadcrumbList\",\"@id\":\"https:\/\/portalnpm.com\/index.php\/2020\/06\/09\/recuperados-da-covid-19-apresentam-sequelas-no-pulmao-mesmo-apos-meses-da-cura\/#breadcrumb\",\"itemListElement\":[{\"@type\":\"ListItem\",\"position\":1,\"name\":\"In\u00edcio\",\"item\":\"https:\/\/portalnpm.com\/\"},{\"@type\":\"ListItem\",\"position\":2,\"name\":\"Recuperados da covid-19 apresentam sequelas no pulm\u00e3o mesmo ap\u00f3s meses da cura\"}]},{\"@type\":\"WebSite\",\"@id\":\"https:\/\/portalnpm.com\/#website\",\"url\":\"https:\/\/portalnpm.com\/\",\"name\":\"Portal NPM\",\"description\":\"Not\u00edcias em Primeira M\u00e3o\",\"potentialAction\":[{\"@type\":\"SearchAction\",\"target\":{\"@type\":\"EntryPoint\",\"urlTemplate\":\"https:\/\/portalnpm.com\/?s={search_term_string}\"},\"query-input\":\"required name=search_term_string\"}],\"inLanguage\":\"pt-BR\"},{\"@type\":\"Person\",\"@id\":\"https:\/\/portalnpm.com\/#\/schema\/person\/49313e563cfdefcc167f1ee4c017c294\",\"name\":\"Genival Barbosa\",\"image\":{\"@type\":\"ImageObject\",\"inLanguage\":\"pt-BR\",\"@id\":\"https:\/\/portalnpm.com\/#\/schema\/person\/image\/\",\"url\":\"https:\/\/portalnpm.com\/wp-content\/uploads\/2024\/02\/avatar_user_2_1707743258-96x96.jpeg\",\"contentUrl\":\"https:\/\/portalnpm.com\/wp-content\/uploads\/2024\/02\/avatar_user_2_1707743258-96x96.jpeg\",\"caption\":\"Genival Barbosa\"},\"url\":\"https:\/\/portalnpm.com\/index.php\/author\/genival\/\"}]}<\/script>\n<!-- \/ Yoast SEO plugin. -->","yoast_head_json":{"title":"Recuperados da covid-19 apresentam sequelas no pulm\u00e3o mesmo ap\u00f3s meses da cura","robots":{"index":"index","follow":"follow","max-snippet":"max-snippet:-1","max-image-preview":"max-image-preview:large","max-video-preview":"max-video-preview:-1"},"canonical":"https:\/\/portalnpm.com\/index.php\/2020\/06\/09\/recuperados-da-covid-19-apresentam-sequelas-no-pulmao-mesmo-apos-meses-da-cura\/","og_locale":"pt_BR","og_type":"article","og_title":"Recuperados da covid-19 apresentam sequelas no pulm\u00e3o mesmo ap\u00f3s meses da cura","og_description":"Exames de pacientes que desenvolveram pneumonia ao ser contaminados pelo novo coronavirus, mostram que mesmo ap\u00f3s meses que se recuperaram da doen\u00e7a, ainda apresentam algum tipo de sequela em seus exames de acordo com o pneumologista Jos\u00e9 Rodrigues Pereira, da BP- A Benefic\u00eancia Portuguesa de S\u00e3o Paulo &#8220;As altera\u00e7\u00f5es tomogr\u00e1ficas demoram cerca de dois meses &hellip;","og_url":"https:\/\/portalnpm.com\/index.php\/2020\/06\/09\/recuperados-da-covid-19-apresentam-sequelas-no-pulmao-mesmo-apos-meses-da-cura\/","og_site_name":"Portal NPM","article_published_time":"2020-06-09T21:20:19+00:00","og_image":[{"width":900,"height":596,"url":"https:\/\/portalnpm.com\/wp-content\/uploads\/2024\/01\/318c9b20-9040-0137-f19c-6231c35b6685-minified.jpg","type":"image\/jpeg"}],"author":"Genival Barbosa","twitter_card":"summary_large_image","twitter_misc":{"Escrito por":"Genival Barbosa","Est. tempo de leitura":"2 minutos"},"schema":{"@context":"https:\/\/schema.org","@graph":[{"@type":"WebPage","@id":"https:\/\/portalnpm.com\/index.php\/2020\/06\/09\/recuperados-da-covid-19-apresentam-sequelas-no-pulmao-mesmo-apos-meses-da-cura\/","url":"https:\/\/portalnpm.com\/index.php\/2020\/06\/09\/recuperados-da-covid-19-apresentam-sequelas-no-pulmao-mesmo-apos-meses-da-cura\/","name":"Recuperados da covid-19 apresentam sequelas no pulm\u00e3o mesmo ap\u00f3s meses da cura","isPartOf":{"@id":"https:\/\/portalnpm.com\/#website"},"primaryImageOfPage":{"@id":"https:\/\/portalnpm.com\/index.php\/2020\/06\/09\/recuperados-da-covid-19-apresentam-sequelas-no-pulmao-mesmo-apos-meses-da-cura\/#primaryimage"},"image":{"@id":"https:\/\/portalnpm.com\/index.php\/2020\/06\/09\/recuperados-da-covid-19-apresentam-sequelas-no-pulmao-mesmo-apos-meses-da-cura\/#primaryimage"},"thumbnailUrl":"https:\/\/portalnpm.com\/wp-content\/uploads\/2024\/01\/318c9b20-9040-0137-f19c-6231c35b6685-minified.jpg","datePublished":"2020-06-09T21:20:19+00:00","dateModified":"2020-06-09T21:20:19+00:00","author":{"@id":"https:\/\/portalnpm.com\/#\/schema\/person\/49313e563cfdefcc167f1ee4c017c294"},"breadcrumb":{"@id":"https:\/\/portalnpm.com\/index.php\/2020\/06\/09\/recuperados-da-covid-19-apresentam-sequelas-no-pulmao-mesmo-apos-meses-da-cura\/#breadcrumb"},"inLanguage":"pt-BR","potentialAction":[{"@type":"ReadAction","target":["https:\/\/portalnpm.com\/index.php\/2020\/06\/09\/recuperados-da-covid-19-apresentam-sequelas-no-pulmao-mesmo-apos-meses-da-cura\/"]}]},{"@type":"ImageObject","inLanguage":"pt-BR","@id":"https:\/\/portalnpm.com\/index.php\/2020\/06\/09\/recuperados-da-covid-19-apresentam-sequelas-no-pulmao-mesmo-apos-meses-da-cura\/#primaryimage","url":"https:\/\/portalnpm.com\/wp-content\/uploads\/2024\/01\/318c9b20-9040-0137-f19c-6231c35b6685-minified.jpg","contentUrl":"https:\/\/portalnpm.com\/wp-content\/uploads\/2024\/01\/318c9b20-9040-0137-f19c-6231c35b6685-minified.jpg","width":900,"height":596},{"@type":"BreadcrumbList","@id":"https:\/\/portalnpm.com\/index.php\/2020\/06\/09\/recuperados-da-covid-19-apresentam-sequelas-no-pulmao-mesmo-apos-meses-da-cura\/#breadcrumb","itemListElement":[{"@type":"ListItem","position":1,"name":"In\u00edcio","item":"https:\/\/portalnpm.com\/"},{"@type":"ListItem","position":2,"name":"Recuperados da covid-19 apresentam sequelas no pulm\u00e3o mesmo ap\u00f3s meses da cura"}]},{"@type":"WebSite","@id":"https:\/\/portalnpm.com\/#website","url":"https:\/\/portalnpm.com\/","name":"Portal NPM","description":"Not\u00edcias em Primeira M\u00e3o","potentialAction":[{"@type":"SearchAction","target":{"@type":"EntryPoint","urlTemplate":"https:\/\/portalnpm.com\/?s={search_term_string}"},"query-input":"required name=search_term_string"}],"inLanguage":"pt-BR"},{"@type":"Person","@id":"https:\/\/portalnpm.com\/#\/schema\/person\/49313e563cfdefcc167f1ee4c017c294","name":"Genival Barbosa","image":{"@type":"ImageObject","inLanguage":"pt-BR","@id":"https:\/\/portalnpm.com\/#\/schema\/person\/image\/","url":"https:\/\/portalnpm.com\/wp-content\/uploads\/2024\/02\/avatar_user_2_1707743258-96x96.jpeg","contentUrl":"https:\/\/portalnpm.com\/wp-content\/uploads\/2024\/02\/avatar_user_2_1707743258-96x96.jpeg","caption":"Genival Barbosa"},"url":"https:\/\/portalnpm.com\/index.php\/author\/genival\/"}]}},"jetpack_sharing_enabled":true,"jetpack_featured_media_url":"https:\/\/portalnpm.com\/wp-content\/uploads\/2024\/01\/318c9b20-9040-0137-f19c-6231c35b6685-minified.jpg","_links":{"self":[{"href":"https:\/\/portalnpm.com\/index.php\/wp-json\/wp\/v2\/posts\/53090"}],"collection":[{"href":"https:\/\/portalnpm.com\/index.php\/wp-json\/wp\/v2\/posts"}],"about":[{"href":"https:\/\/portalnpm.com\/index.php\/wp-json\/wp\/v2\/types\/post"}],"author":[{"embeddable":true,"href":"https:\/\/portalnpm.com\/index.php\/wp-json\/wp\/v2\/users\/2"}],"replies":[{"embeddable":true,"href":"https:\/\/portalnpm.com\/index.php\/wp-json\/wp\/v2\/comments?post=53090"}],"version-history":[{"count":0,"href":"https:\/\/portalnpm.com\/index.php\/wp-json\/wp\/v2\/posts\/53090\/revisions"}],"wp:featuredmedia":[{"embeddable":true,"href":"https:\/\/portalnpm.com\/index.php\/wp-json\/wp\/v2\/media\/53091"}],"wp:attachment":[{"href":"https:\/\/portalnpm.com\/index.php\/wp-json\/wp\/v2\/media?parent=53090"}],"wp:term":[{"taxonomy":"category","embeddable":true,"href":"https:\/\/portalnpm.com\/index.php\/wp-json\/wp\/v2\/categories?post=53090"},{"taxonomy":"post_tag","embeddable":true,"href":"https:\/\/portalnpm.com\/index.php\/wp-json\/wp\/v2\/tags?post=53090"}],"curies":[{"name":"wp","href":"https:\/\/api.w.org\/{rel}","templated":true}]}}